{"id":139152,"date":"2026-09-05T17:10:25","date_gmt":"2026-09-05T21:10:25","guid":{"rendered":"https:\/\/lasprimeras.com.do\/?p=139152"},"modified":"2026-09-05T17:10:28","modified_gmt":"2026-09-05T21:10:28","slug":"camara-de-cuentas-y-oea-firman-acuerdo-para-fortalecer-sistemas-antisoborno-y-transparencia","status":"publish","type":"post","link":"https:\/\/lasprimeras.com.do\/index.php\/2026\/09\/05\/camara-de-cuentas-y-oea-firman-acuerdo-para-fortalecer-sistemas-antisoborno-y-transparencia\/","title":{"rendered":"C\u00e1mara de Cuentas y OEA firman acuerdo para fortalecer sistemas antisoborno y transparencia"},"content":{"rendered":"\n<p class=\"wp-block-paragraph\">La C\u00e1mara de Cuentas de la Rep\u00fablica Dominicana (CCRD) y la Secretar\u00eda General de la Organizaci\u00f3n de los Estados Americanos (OEA) firmaron un acuerdo de cooperaci\u00f3n para fortalecer los mecanismos de transparencia, integridad y prevenci\u00f3n del soborno dentro del \u00f3rgano fiscalizador dominicano.<\/p>\n\n\n\n<p class=\"wp-block-paragraph\">El convenio fue suscrito en la sede de la OEA, en Washington, D. C., por la presidenta de la C\u00e1mara de Cuentas, Emma Polanco Melo, y el secretario general del organismo internacional, Albert R. Ramdin.<\/p>\n\n\n\n<p class=\"wp-block-paragraph\">Como parte del acuerdo, la OEA brindar\u00e1 asistencia t\u00e9cnica para realizar un diagn\u00f3stico institucional y capacitar al personal de la C\u00e1mara de Cuentas en la norma ISO 37001 sobre Sistemas de Gesti\u00f3n Antisoborno.<\/p>\n\n\n\n<p class=\"wp-block-paragraph\">Este est\u00e1ndar internacional establece mecanismos para prevenir, detectar y responder ante posibles pr\u00e1cticas de soborno dentro de las organizaciones, mediante la implementaci\u00f3n de pol\u00edticas, controles y procedimientos especializados.<\/p>\n\n\n\n<p class=\"wp-block-paragraph\">Polanco Melo calific\u00f3 el acuerdo como un paso importante dentro del proceso de transformaci\u00f3n que desarrolla la instituci\u00f3n.<\/p>\n\n\n\n<p class=\"wp-block-paragraph\">\u201cEl acuerdo que hoy suscribimos con la Secretar\u00eda General de la OEA representa un hito en nuestra transformaci\u00f3n y se centra espec\u00edficamente en el fortalecimiento de nuestro sistema de gesti\u00f3n antisoborno\u201d, expres\u00f3.<\/p>\n\n\n\n<p class=\"wp-block-paragraph\">La presidenta de la C\u00e1mara de Cuentas se\u00f1al\u00f3 que la cooperaci\u00f3n internacional y el intercambio de buenas pr\u00e1cticas forman parte de los esfuerzos del actual Pleno para modernizar la instituci\u00f3n, elevar los est\u00e1ndares de fiscalizaci\u00f3n y fortalecer la confianza p\u00fablica.<\/p>\n\n\n\n<p class=\"wp-block-paragraph\">De su lado, Ramdin resalt\u00f3 el papel de las instituciones responsables de fiscalizar el uso de los recursos p\u00fablicos dentro de los sistemas democr\u00e1ticos.<\/p>\n\n\n\n<p class=\"wp-block-paragraph\">\u201cUna de las instituciones m\u00e1s importantes dentro de un sistema democr\u00e1tico es la encargada de realizar auditor\u00edas, fiscalizar el gasto y garantizar la rendici\u00f3n de cuentas\u201d, afirm\u00f3.<\/p>\n\n\n\n<p class=\"wp-block-paragraph\">El secretario general de la OEA sostuvo que el convenio busca contribuir al fortalecimiento de la transparencia, la integridad, la rendici\u00f3n de cuentas y la gobernanza.<\/p>\n\n\n\n<p class=\"wp-block-paragraph\">En virtud del acuerdo, la OEA ser\u00e1 responsable de implementar el plan de capacitaci\u00f3n y diagn\u00f3stico, adem\u00e1s de asignar personal especializado para brindar acompa\u00f1amiento t\u00e9cnico durante el proceso.<\/p>\n\n\n\n<p class=\"wp-block-paragraph\">La cooperaci\u00f3n se suma a otras iniciativas desarrolladas entre Rep\u00fablica Dominicana y la OEA en materia de transparencia y prevenci\u00f3n de la corrupci\u00f3n, entre ellas el Programa Interamericano de Datos Abiertos para Prevenir y Combatir la Corrupci\u00f3n (PIDA) y el Mecanismo de Seguimiento de la Implementaci\u00f3n de la Convenci\u00f3n Interamericana contra la Corrupci\u00f3n (MESICIC).<\/p>\n\n\n\n<p class=\"wp-block-paragraph\">Como parte de su agenda en Washington, Polanco Melo tambi\u00e9n sostuvo un encuentro con representantes de la U.S. Government Accountability Office (GAO), instituci\u00f3n superior de auditor\u00eda de Estados Unidos, para explorar posibles mecanismos de cooperaci\u00f3n, asistencia e intercambio t\u00e9cnico en materia de auditor\u00eda y fiscalizaci\u00f3n.<\/p>\n\n\n\n<p class=\"wp-block-paragraph\">La C\u00e1mara de Cuentas indic\u00f3 que estos acercamientos forman parte de su estrategia de cooperaci\u00f3n internacional para incorporar conocimientos, experiencias y buenas pr\u00e1cticas al proceso de modernizaci\u00f3n del \u00f3rgano encargado del control externo de los recursos p\u00fablicos en Rep\u00fablica Dominicana.<\/p>\n\n\n\n<p class=\"wp-block-paragraph\"><\/p>\n","protected":false},"excerpt":{"rendered":"<p>La C\u00e1mara de Cuentas de la Rep\u00fablica Dominicana (CCRD) y la Secretar\u00eda General de la Organizaci\u00f3n de los Estados Americanos (OEA) firmaron un acuerdo de cooperaci\u00f3n para fortalecer los mecanismos&hellip;<\/p>\n","protected":false},"author":3,"featured_media":139153,"comment_status":"open","ping_status":"open","sticky":false,"template":"","format":"standard","meta":{"content-type":"","_jetpack_newsletter_access":"","_jetpack_dont_email_post_to_subs":false,"_jetpack_newsletter_tier_id":0,"_jetpack_memberships_contains_paywalled_content":false,"_jetpack_feature_clip_id":0,"_jetpack_memberships_contains_paid_content":false,"footnotes":"","jetpack_post_was_ever_published":false},"categories":[35],"tags":[340,36318,3583],"class_list":["post-139152","post","type-post","status-publish","format-standard","has-post-thumbnail","hentry","category-nacionales","tag-camara-de-cuentas","tag-ccrd","tag-oea"],"jetpack-related-posts":[{"id":101489,"url":"https:\/\/lasprimeras.com.do\/index.php\/2025\/06\/22\/jce-firma-acuerdo-con-la-oea-y-otro-con-ifes-para-el-plan-estrategico-2024-2028\/","url_meta":{"origin":139152,"position":0},"title":"JCE firma acuerdo con la OEA y otro con IFES para el Plan Estrat\u00e9gico 2024-2028","author":"Nelson Feliz","date":"22 de junio de 2025","format":false,"excerpt":"JCE firma acuerdo con la OEA para la norma ISO Antisoborno y otro con IFES para el Plan Estrat\u00e9gico 2024-2028 Una comisi\u00f3n de la Junta Central Electoral (JCE), encabezada por su presidente, Rom\u00e1n Andr\u00e9s J\u00e1quez Liranzo e integrada por la miembro titular del Pleno Hirayda Marcelle Fern\u00e1ndez Guzm\u00e1n y por\u2026","rel":"","context":"En \u00abNACIONALES\u00bb","block_context":{"text":"NACIONALES","link":"https:\/\/lasprimeras.com.do\/index.php\/category\/nacionales\/"},"img":{"alt_text":"","src":"https:\/\/i0.wp.com\/lasprimeras.com.do\/wp-content\/uploads\/2025\/06\/jce.jpg?resize=350%2C200&ssl=1","width":350,"height":200,"srcset":"https:\/\/i0.wp.com\/lasprimeras.com.do\/wp-content\/uploads\/2025\/06\/jce.jpg?resize=350%2C200&ssl=1 1x, https:\/\/i0.wp.com\/lasprimeras.com.do\/wp-content\/uploads\/2025\/06\/jce.jpg?resize=525%2C300&ssl=1 1.5x, https:\/\/i0.wp.com\/lasprimeras.com.do\/wp-content\/uploads\/2025\/06\/jce.jpg?resize=700%2C400&ssl=1 2x"},"classes":[]},{"id":101251,"url":"https:\/\/lasprimeras.com.do\/index.php\/2025\/06\/17\/jce-firmara-acuerdo-con-la-oea-de-cara-a-implementar-norma-iso-antisoborno\/","url_meta":{"origin":139152,"position":1},"title":"JCE firmar\u00e1 acuerdo con la OEA de cara a implementar norma ISO Antisoborno","author":"Nelson Feliz","date":"17 de junio de 2025","format":false,"excerpt":"Una misi\u00f3n de la Junta Central Electoral se reunir\u00e1 este viernes con el nuevo secretario general de la Organizaci\u00f3n de Estados Americanos (OEA), Albert Ramdin, con la finalidad de firmar un acuerdo de entendimiento que tiene por objeto establecer un marco regulatorio con respecto a la implementaci\u00f3n de la norma\u2026","rel":"","context":"En \u00abNACIONALES\u00bb","block_context":{"text":"NACIONALES","link":"https:\/\/lasprimeras.com.do\/index.php\/category\/nacionales\/"},"img":{"alt_text":"","src":"https:\/\/i0.wp.com\/lasprimeras.com.do\/wp-content\/uploads\/2025\/02\/Fachada-JCE.jpg?resize=350%2C200&ssl=1","width":350,"height":200,"srcset":"https:\/\/i0.wp.com\/lasprimeras.com.do\/wp-content\/uploads\/2025\/02\/Fachada-JCE.jpg?resize=350%2C200&ssl=1 1x, https:\/\/i0.wp.com\/lasprimeras.com.do\/wp-content\/uploads\/2025\/02\/Fachada-JCE.jpg?resize=525%2C300&ssl=1 1.5x, https:\/\/i0.wp.com\/lasprimeras.com.do\/wp-content\/uploads\/2025\/02\/Fachada-JCE.jpg?resize=700%2C400&ssl=1 2x"},"classes":[]},{"id":52682,"url":"https:\/\/lasprimeras.com.do\/index.php\/2023\/06\/12\/jce-y-la-oea-firman-convenio-de-cooperacion-tecnica-de-cara-al-proximo-proceso-electoral\/","url_meta":{"origin":139152,"position":2},"title":"JCE y la OEA firman convenio de cooperaci\u00f3n t\u00e9cnica de cara al pr\u00f3ximo proceso electoral","author":"prenxa100","date":"12 de junio de 2023","format":false,"excerpt":"Consultor\u00edas de IFES y Capel ya est\u00e1n en marcha. La Junta Central Electoral (JCE) y la Organizaci\u00f3n de Estados Americanos (OEA) firmaron un acuerdo marco de cooperaci\u00f3n t\u00e9cnica que permitir\u00e1 desarrollar mecanismos de colaboraci\u00f3n en materia electoral de cara a los procesos electorales que desarrollar\u00e1 la Rep\u00fablica Dominicana el a\u00f1o\u2026","rel":"","context":"En \u00abNACIONALES\u00bb","block_context":{"text":"NACIONALES","link":"https:\/\/lasprimeras.com.do\/index.php\/category\/nacionales\/"},"img":{"alt_text":"","src":"https:\/\/i0.wp.com\/lasprimeras.com.do\/wp-content\/uploads\/2023\/06\/jce-y-la-oea-firman-convenio-de-cooperacion-tecnica-de-cara-al-proximo-proceso-electoral.jpg?resize=350%2C200&ssl=1","width":350,"height":200,"srcset":"https:\/\/i0.wp.com\/lasprimeras.com.do\/wp-content\/uploads\/2023\/06\/jce-y-la-oea-firman-convenio-de-cooperacion-tecnica-de-cara-al-proximo-proceso-electoral.jpg?resize=350%2C200&ssl=1 1x, https:\/\/i0.wp.com\/lasprimeras.com.do\/wp-content\/uploads\/2023\/06\/jce-y-la-oea-firman-convenio-de-cooperacion-tecnica-de-cara-al-proximo-proceso-electoral.jpg?resize=525%2C300&ssl=1 1.5x, https:\/\/i0.wp.com\/lasprimeras.com.do\/wp-content\/uploads\/2023\/06\/jce-y-la-oea-firman-convenio-de-cooperacion-tecnica-de-cara-al-proximo-proceso-electoral.jpg?resize=700%2C400&ssl=1 2x, https:\/\/i0.wp.com\/lasprimeras.com.do\/wp-content\/uploads\/2023\/06\/jce-y-la-oea-firman-convenio-de-cooperacion-tecnica-de-cara-al-proximo-proceso-electoral.jpg?resize=1050%2C600&ssl=1 3x, https:\/\/i0.wp.com\/lasprimeras.com.do\/wp-content\/uploads\/2023\/06\/jce-y-la-oea-firman-convenio-de-cooperacion-tecnica-de-cara-al-proximo-proceso-electoral.jpg?resize=1400%2C800&ssl=1 4x"},"classes":[]},{"id":74175,"url":"https:\/\/lasprimeras.com.do\/index.php\/2024\/01\/19\/oea-y-jce-firman-acuerdo-para-la-observacion-electoral-de-elecciones-dominicanas\/","url_meta":{"origin":139152,"position":3},"title":"OEA y JCE firman acuerdo para la observaci\u00f3n electoral de elecciones dominicanas","author":"Nelson Feliz","date":"19 de enero de 2024","format":false,"excerpt":"Washington, Estados Unidos. - La Junta Central Electoral (JCE) y la Organizaci\u00f3n de los Estados Americanos (OEA) firmaron un acuerdo que contempla el procedimiento para la Misi\u00f3n de Observadores que el organismo internacional enviar\u00e1 para las elecciones que celebrar\u00e1 Rep\u00fablica Dominicana en este 2024.\u00a0 En el acuerdo, firmado por el\u2026","rel":"","context":"En \u00abPORTADA\u00bb","block_context":{"text":"PORTADA","link":"https:\/\/lasprimeras.com.do\/index.php\/category\/portada\/"},"img":{"alt_text":"OEA y JCE firman acuerdo para la observaci\u00f3n electoral de elecciones dominicanas","src":"https:\/\/i0.wp.com\/lasprimeras.com.do\/wp-content\/uploads\/2024\/01\/acuerdo-1.jpg?resize=350%2C200&ssl=1","width":350,"height":200,"srcset":"https:\/\/i0.wp.com\/lasprimeras.com.do\/wp-content\/uploads\/2024\/01\/acuerdo-1.jpg?resize=350%2C200&ssl=1 1x, https:\/\/i0.wp.com\/lasprimeras.com.do\/wp-content\/uploads\/2024\/01\/acuerdo-1.jpg?resize=525%2C300&ssl=1 1.5x, https:\/\/i0.wp.com\/lasprimeras.com.do\/wp-content\/uploads\/2024\/01\/acuerdo-1.jpg?resize=700%2C400&ssl=1 2x"},"classes":[]},{"id":125615,"url":"https:\/\/lasprimeras.com.do\/index.php\/2026\/03\/24\/jce-agota-primera-fase-para-implementar-norma-iso-antisoborno\/","url_meta":{"origin":139152,"position":4},"title":"JCE agota primera fase para implementar norma ISO antisoborno","author":"Nelson Feliz","date":"24 de marzo de 2026","format":false,"excerpt":"La Junta Central Electoral (JCE) concluy\u00f3 con la primera fase de implementaci\u00f3n del Sistema de Gesti\u00f3n Antisoborno (SGAS) tras completar cinco jornadas de capacitaci\u00f3n y sensibilizaci\u00f3n dirigidas a sus directivos y colaboradores. Con estas sesiones sobre la norma ISO 37001:2025, la instituci\u00f3n reafirma su compromiso con la integridad y la\u2026","rel":"","context":"En \u00abNACIONALES\u00bb","block_context":{"text":"NACIONALES","link":"https:\/\/lasprimeras.com.do\/index.php\/category\/nacionales\/"},"img":{"alt_text":"","src":"https:\/\/i0.wp.com\/lasprimeras.com.do\/wp-content\/uploads\/2026\/03\/Anti-06.jpg?resize=350%2C200&ssl=1","width":350,"height":200,"srcset":"https:\/\/i0.wp.com\/lasprimeras.com.do\/wp-content\/uploads\/2026\/03\/Anti-06.jpg?resize=350%2C200&ssl=1 1x, https:\/\/i0.wp.com\/lasprimeras.com.do\/wp-content\/uploads\/2026\/03\/Anti-06.jpg?resize=525%2C300&ssl=1 1.5x, https:\/\/i0.wp.com\/lasprimeras.com.do\/wp-content\/uploads\/2026\/03\/Anti-06.jpg?resize=700%2C400&ssl=1 2x"},"classes":[]},{"id":131541,"url":"https:\/\/lasprimeras.com.do\/index.php\/2026\/05\/22\/ricardo-de-los-santos-y-secretario-de-la-oea-acuerdan-cooperacion-regional-frente-a-drogas-sinteticas\/","url_meta":{"origin":139152,"position":5},"title":"Ricardo de los Santos y secretario de la OEA acuerdan cooperaci\u00f3n regional frente a drogas sint\u00e9ticas","author":"Nelson Feliz","date":"22 de mayo de 2026","format":false,"excerpt":"El presidente del Senado de la Rep\u00fablica, Ricardo de los Santos, sostuvo una reuni\u00f3n con el secretario general de la Organizaci\u00f3n de los Estados Americanos, Albert Ramdin, en la que abordaron mecanismos de cooperaci\u00f3n regional para enfrentar las amenazas derivadas del auge de las drogas sint\u00e9ticas y las nuevas sustancias\u2026","rel":"","context":"En \u00abNACIONALES\u00bb","block_context":{"text":"NACIONALES","link":"https:\/\/lasprimeras.com.do\/index.php\/category\/nacionales\/"},"img":{"alt_text":"","src":"https:\/\/i0.wp.com\/lasprimeras.com.do\/wp-content\/uploads\/2026\/05\/IMG-20260522-WA0173-scaled.jpg?resize=350%2C200&ssl=1","width":350,"height":200,"srcset":"https:\/\/i0.wp.com\/lasprimeras.com.do\/wp-content\/uploads\/2026\/05\/IMG-20260522-WA0173-scaled.jpg?resize=350%2C200&ssl=1 1x, https:\/\/i0.wp.com\/lasprimeras.com.do\/wp-content\/uploads\/2026\/05\/IMG-20260522-WA0173-scaled.jpg?resize=525%2C300&ssl=1 1.5x, https:\/\/i0.wp.com\/lasprimeras.com.do\/wp-content\/uploads\/2026\/05\/IMG-20260522-WA0173-scaled.jpg?resize=700%2C400&ssl=1 2x, https:\/\/i0.wp.com\/lasprimeras.com.do\/wp-content\/uploads\/2026\/05\/IMG-20260522-WA0173-scaled.jpg?resize=1050%2C600&ssl=1 3x, https:\/\/i0.wp.com\/lasprimeras.com.do\/wp-content\/uploads\/2026\/05\/IMG-20260522-WA0173-scaled.jpg?resize=1400%2C800&ssl=1 4x"},"classes":[]}],"jetpack_sharing_enabled":true,"jetpack_featured_media_url":"https:\/\/lasprimeras.com.do\/wp-content\/uploads\/2026\/09\/WhatsApp-Image-2026-09-05-at-3.24.21-PM.webp","_links":{"self":[{"href":"https:\/\/lasprimeras.com.do\/index.php\/wp-json\/wp\/v2\/posts\/139152","targetHints":{"allow":["GET"]}}],"collection":[{"href":"https:\/\/lasprimeras.com.do\/index.php\/wp-json\/wp\/v2\/posts"}],"about":[{"href":"https:\/\/lasprimeras.com.do\/index.php\/wp-json\/wp\/v2\/types\/post"}],"author":[{"embeddable":true,"href":"https:\/\/lasprimeras.com.do\/index.php\/wp-json\/wp\/v2\/users\/3"}],"replies":[{"embeddable":true,"href":"https:\/\/lasprimeras.com.do\/index.php\/wp-json\/wp\/v2\/comments?post=139152"}],"version-history":[{"count":1,"href":"https:\/\/lasprimeras.com.do\/index.php\/wp-json\/wp\/v2\/posts\/139152\/revisions"}],"predecessor-version":[{"id":139154,"href":"https:\/\/lasprimeras.com.do\/index.php\/wp-json\/wp\/v2\/posts\/139152\/revisions\/139154"}],"wp:featuredmedia":[{"embeddable":true,"href":"https:\/\/lasprimeras.com.do\/index.php\/wp-json\/wp\/v2\/media\/139153"}],"wp:attachment":[{"href":"https:\/\/lasprimeras.com.do\/index.php\/wp-json\/wp\/v2\/media?parent=139152"}],"wp:term":[{"taxonomy":"category","embeddable":true,"href":"https:\/\/lasprimeras.com.do\/index.php\/wp-json\/wp\/v2\/categories?post=139152"},{"taxonomy":"post_tag","embeddable":true,"href":"https:\/\/lasprimeras.com.do\/index.php\/wp-json\/wp\/v2\/tags?post=139152"}],"curies":[{"name":"wp","href":"https:\/\/api.w.org\/{rel}","templated":true}]}}