{"id":139155,"date":"2026-09-05T17:21:35","date_gmt":"2026-09-05T21:21:35","guid":{"rendered":"https:\/\/lasprimeras.com.do\/?p=139155"},"modified":"2026-09-05T17:21:51","modified_gmt":"2026-09-05T21:21:51","slug":"ataque-con-drones-atribuido-a-guerrilla-del-eln-deja-3-militares-muertos-en-el-noreste-de-colombia","status":"publish","type":"post","link":"https:\/\/lasprimeras.com.do\/index.php\/2026\/09\/05\/ataque-con-drones-atribuido-a-guerrilla-del-eln-deja-3-militares-muertos-en-el-noreste-de-colombia\/","title":{"rendered":"Ataque con drones atribuido a guerrilla del ELN deja 3 militares muertos en el noreste de Colombia"},"content":{"rendered":"\n<p class=\"wp-block-paragraph\">BOGOT\u00c1 (AP) \u2014 Un ataque con explosivos lanzados desde drones y posterior combate en un recinto militar en el noreste de Colombia deja hasta el momento tres uniformados muertos y cuatro heridos, inform\u00f3 el s\u00e1bado el Ej\u00e9rcito.<\/p>\n\n\n\n<p class=\"wp-block-paragraph\">Las autoridades atribuyeron el hecho a la guerrilla del Ej\u00e9rcito de Liberaci\u00f3n Nacional (ELN).<\/p>\n\n\n\n<p class=\"wp-block-paragraph\">El ataque se produjo la noche del viernes en la unidad militar del municipio de Oca\u00f1a, en el departamento del Norte de Santander, fronterizo con Venezuela.<br>Dos soldados murieron en el acto y otro falleci\u00f3 pese a recibir atenci\u00f3n m\u00e9dica, se\u00f1al\u00f3 la instituci\u00f3n militar en el \u00faltimo reporte en la red social X.<\/p>\n\n\n\n<p class=\"wp-block-paragraph\">El presidente Abelardo de la Espriella conden\u00f3 la agresi\u00f3n y en un mensaje publicado en X dijo que \u201cpor cada polic\u00eda o soldado que asesinen, haremos caer sobre los criminales todo el peso y toda la fuerza leg\u00edtima del Estado\u201d.<\/p>\n\n\n\n<p class=\"wp-block-paragraph\">El hecho inici\u00f3 con el impacto de explosivos lanzados desde drones al interior de la guarnici\u00f3n, tras lo cual se produjo un combate en el exterior, mientras un pelot\u00f3n buscaba asegurar el per\u00edmetro, precis\u00f3 el informe militar.<\/p>\n\n\n\n<p class=\"wp-block-paragraph\">El Ministerio de Defensa inform\u00f3 que se ha desplegado un operativo en la zona para proteger a la poblaci\u00f3n y advirti\u00f3 que aplicar\u00e1 una nueva estrategia para el Catatumbo que acabe con \u201cla maquinaria criminal del ELN\u201d.<\/p>\n\n\n\n<p class=\"wp-block-paragraph\">La regi\u00f3n del Catatumbo abarca parte de los departamentos del Norte de Santander y del C\u00e9sar.<\/p>\n\n\n\n<p class=\"wp-block-paragraph\">Ah\u00ed operan el ELN, alzado en armas desde 1964, y facciones disidentes de la extinta guerrilla Fuerzas Armadas Revolucionarias de Colombia (FARC) que no se acogieron a un acuerdo de paz firmado hace una d\u00e9cada.<\/p>\n\n\n\n<p class=\"wp-block-paragraph\">Ambos grupos ilegales se disputan el control de esa estrat\u00e9gica regi\u00f3n que conecta con la porosa frontera con Venezuela y es una de las principales \u00e1reas productoras de coca de Colombia.<\/p>\n\n\n\n<p class=\"wp-block-paragraph\">La presencia de las estructuras ilegales afecta a sus poblaciones que afrontan una persistente violencia ha denunciado la Defensor\u00eda del Pueblo.<\/p>\n","protected":false},"excerpt":{"rendered":"<p>BOGOT\u00c1 (AP) \u2014 Un ataque con explosivos lanzados desde drones y posterior combate en un recinto militar en el noreste de Colombia deja hasta el momento tres uniformados muertos y&hellip;<\/p>\n","protected":false},"author":10,"featured_media":139156,"comment_status":"open","ping_status":"open","sticky":false,"template":"","format":"standard","meta":{"content-type":"","_jetpack_newsletter_access":"","_jetpack_dont_email_post_to_subs":false,"_jetpack_newsletter_tier_id":0,"_jetpack_memberships_contains_paywalled_content":false,"_jetpack_feature_clip_id":0,"_jetpack_memberships_contains_paid_content":false,"footnotes":"","jetpack_post_was_ever_published":false},"categories":[16289],"tags":[34163,36320,36319,283,686,36321],"class_list":["post-139155","post","type-post","status-publish","format-standard","has-post-thumbnail","hentry","category-internacionales","tag-abelardo-de-la-espriella","tag-ataque-con-drones","tag-guerrilla-del-eln","tag-militares","tag-muertos","tag-noreste-de-colombia"],"jetpack-related-posts":[{"id":93078,"url":"https:\/\/lasprimeras.com.do\/index.php\/2025\/01\/24\/presidente-de-colombia-declara-estado-de-conmocion-en-el-noreste-del-pais-ante-violencia\/","url_meta":{"origin":139155,"position":0},"title":"Presidente de Colombia declara \u201cestado de conmoci\u00f3n\u201d en el noreste del pa\u00eds ante violencia","author":"Nelson Feliz","date":"24 de enero de 2025","format":false,"excerpt":"POR ASTRID SU\u00c1REZ BOGOT\u00c1 (AP) \u2014 El presidente colombiano Gustavo Petro declar\u00f3 el viernes el \u201cestado de conmoci\u00f3n\u201d en el noreste del pa\u00eds, una figura que le da facultades extraordinarias legislativas y la posibilidad de restringir algunos derechos con la que busca atender una reciente escalada de violencia en una\u2026","rel":"","context":"En \u00abINTERNACIONALES\u00bb","block_context":{"text":"INTERNACIONALES","link":"https:\/\/lasprimeras.com.do\/index.php\/category\/sin-categoria\/internacionales\/"},"img":{"alt_text":"Ej\u00e9rcito de Liberaci\u00f3n Nacional","src":"https:\/\/i0.wp.com\/lasprimeras.com.do\/wp-content\/uploads\/2025\/01\/Ejercito-de-Liberacion-Nacional.jpg?resize=350%2C200&ssl=1","width":350,"height":200,"srcset":"https:\/\/i0.wp.com\/lasprimeras.com.do\/wp-content\/uploads\/2025\/01\/Ejercito-de-Liberacion-Nacional.jpg?resize=350%2C200&ssl=1 1x, https:\/\/i0.wp.com\/lasprimeras.com.do\/wp-content\/uploads\/2025\/01\/Ejercito-de-Liberacion-Nacional.jpg?resize=525%2C300&ssl=1 1.5x, https:\/\/i0.wp.com\/lasprimeras.com.do\/wp-content\/uploads\/2025\/01\/Ejercito-de-Liberacion-Nacional.jpg?resize=700%2C400&ssl=1 2x"},"classes":[]},{"id":96185,"url":"https:\/\/lasprimeras.com.do\/index.php\/2025\/03\/26\/hrw-documenta-asesinatos-selectivos-contra-poblacion-al-noreste-de-colombia-por-disputa-de-armados\/","url_meta":{"origin":139155,"position":1},"title":"HRW documenta asesinatos selectivos contra poblaci\u00f3n al noreste de Colombia por disputa de armados","author":"Nelson Feliz","date":"26 de marzo de 2025","format":false,"excerpt":"POR ASTRID SU\u00c1REZ BOGOT\u00c1 (AP) \u2014 Dos grupos ilegales enemigos que se enfrentan desde enero en el noreste de Colombia cometieron m\u00faltiples violaciones de derechos humanos, entre ellas, asesinatos selectivos en las que varias de las v\u00edctimas fueron civiles, advirti\u00f3 el mi\u00e9rcoles la organizaci\u00f3n internacional Human Rights Watch. En enero,\u2026","rel":"","context":"En \u00abINTERNACIONALES\u00bb","block_context":{"text":"INTERNACIONALES","link":"https:\/\/lasprimeras.com.do\/index.php\/category\/sin-categoria\/internacionales\/"},"img":{"alt_text":"","src":"https:\/\/i0.wp.com\/lasprimeras.com.do\/wp-content\/uploads\/2025\/03\/grupos-ilegales.jpg?resize=350%2C200&ssl=1","width":350,"height":200,"srcset":"https:\/\/i0.wp.com\/lasprimeras.com.do\/wp-content\/uploads\/2025\/03\/grupos-ilegales.jpg?resize=350%2C200&ssl=1 1x, https:\/\/i0.wp.com\/lasprimeras.com.do\/wp-content\/uploads\/2025\/03\/grupos-ilegales.jpg?resize=525%2C300&ssl=1 1.5x, https:\/\/i0.wp.com\/lasprimeras.com.do\/wp-content\/uploads\/2025\/03\/grupos-ilegales.jpg?resize=700%2C400&ssl=1 2x"},"classes":[]},{"id":56727,"url":"https:\/\/lasprimeras.com.do\/index.php\/2023\/08\/04\/gobierno-y-guerrilla-eln-inician-acuerdo-de-un-cese-al-fuego\/","url_meta":{"origin":139155,"position":2},"title":"Gobierno y guerrilla ELN inician acuerdo de un cese al fuego","author":"Nelson Feliz","date":"4 de agosto de 2023","format":false,"excerpt":"El cese al fuego bilateral arranc\u00f3 a las cero horas de este jueves con gran expectativa y esperanza en el pa\u00eds, ya que ser\u00e1 el m\u00e1s largo pactado con la guerrilla. El Gobierno colombiano y la guerrilla del Ej\u00e9rcito de Liberaci\u00f3n Nacional (ELN) dieron este jueves dos pasos fundamentales hacia\u2026","rel":"","context":"En \u00abSin categor\u00eda\u00bb","block_context":{"text":"Sin categor\u00eda","link":"https:\/\/lasprimeras.com.do\/index.php\/category\/sin-categoria\/"},"img":{"alt_text":"","src":"https:\/\/i0.wp.com\/lasprimeras.com.do\/wp-content\/uploads\/2023\/08\/guerrilla.jpg?resize=350%2C200&ssl=1","width":350,"height":200,"srcset":"https:\/\/i0.wp.com\/lasprimeras.com.do\/wp-content\/uploads\/2023\/08\/guerrilla.jpg?resize=350%2C200&ssl=1 1x, https:\/\/i0.wp.com\/lasprimeras.com.do\/wp-content\/uploads\/2023\/08\/guerrilla.jpg?resize=525%2C300&ssl=1 1.5x, https:\/\/i0.wp.com\/lasprimeras.com.do\/wp-content\/uploads\/2023\/08\/guerrilla.jpg?resize=700%2C400&ssl=1 2x"},"classes":[]},{"id":59436,"url":"https:\/\/lasprimeras.com.do\/index.php\/2023\/09\/04\/alerta-en-cauca-por-graves-enfrentamientos-entre-guerrillas-de-colombia\/","url_meta":{"origin":139155,"position":3},"title":"Alerta en Cauca por graves enfrentamientos entre guerrillas de Colombia","author":"Nelson Feliz","date":"4 de septiembre de 2023","format":false,"excerpt":"La Defensor\u00eda del Pueblo de Colombia ha emitido una alerta temprana para varios municipios de Cauca y Valle del Cauca por enfrentamientos entre la guerrilla del Ej\u00e9rcito de Liberaci\u00f3n Nacional (ELN) y la guerrilla Segunda Marquetalia, por un lado, y el Estado Mayor Central de las Fuerzas Armadas Revolucionarias de\u2026","rel":"","context":"En \u00abSin categor\u00eda\u00bb","block_context":{"text":"Sin categor\u00eda","link":"https:\/\/lasprimeras.com.do\/index.php\/category\/sin-categoria\/"},"img":{"alt_text":"","src":"https:\/\/i0.wp.com\/lasprimeras.com.do\/wp-content\/uploads\/2023\/09\/guerrillas.jpg?resize=350%2C200&ssl=1","width":350,"height":200,"srcset":"https:\/\/i0.wp.com\/lasprimeras.com.do\/wp-content\/uploads\/2023\/09\/guerrillas.jpg?resize=350%2C200&ssl=1 1x, https:\/\/i0.wp.com\/lasprimeras.com.do\/wp-content\/uploads\/2023\/09\/guerrillas.jpg?resize=525%2C300&ssl=1 1.5x, https:\/\/i0.wp.com\/lasprimeras.com.do\/wp-content\/uploads\/2023\/09\/guerrillas.jpg?resize=700%2C400&ssl=1 2x, https:\/\/i0.wp.com\/lasprimeras.com.do\/wp-content\/uploads\/2023\/09\/guerrillas.jpg?resize=1050%2C600&ssl=1 3x"},"classes":[]},{"id":96637,"url":"https:\/\/lasprimeras.com.do\/index.php\/2025\/04\/05\/colombia-inicia-destruccion-de-armamento-de-grupo-ilegal-pero-aun-esta-lejos-la-prometida-paz-total\/","url_meta":{"origin":139155,"position":4},"title":"Colombia inicia destrucci\u00f3n de armamento de grupo ilegal, pero a\u00fan est\u00e1 lejos la prometida paz total","author":"Nelson Feliz","date":"5 de abril de 2025","format":false,"excerpt":"POR ASTRID SU\u00c1REZ PASTO, Colombia (AP) \u2014 El gobierno del izquierdista Gustavo Petro busca lograr con una facci\u00f3n guerrillera en el suroeste de Colombia lo que no ha conseguido con la guerrilla activa m\u00e1s antigua del pa\u00eds: el inicio del proceso de entrega y destrucci\u00f3n de armamento, y el tr\u00e1nsito\u2026","rel":"","context":"En \u00abINTERNACIONALES\u00bb","block_context":{"text":"INTERNACIONALES","link":"https:\/\/lasprimeras.com.do\/index.php\/category\/sin-categoria\/internacionales\/"},"img":{"alt_text":"","src":"https:\/\/i0.wp.com\/lasprimeras.com.do\/wp-content\/uploads\/2025\/04\/colombia.jpg?resize=350%2C200&ssl=1","width":350,"height":200,"srcset":"https:\/\/i0.wp.com\/lasprimeras.com.do\/wp-content\/uploads\/2025\/04\/colombia.jpg?resize=350%2C200&ssl=1 1x, https:\/\/i0.wp.com\/lasprimeras.com.do\/wp-content\/uploads\/2025\/04\/colombia.jpg?resize=525%2C300&ssl=1 1.5x, https:\/\/i0.wp.com\/lasprimeras.com.do\/wp-content\/uploads\/2025\/04\/colombia.jpg?resize=700%2C400&ssl=1 2x"},"classes":[]},{"id":131829,"url":"https:\/\/lasprimeras.com.do\/index.php\/2026\/05\/25\/miedo-de-mirar-al-cielo-drones-con-explosivos-tensan-la-recta-final-de-las-elecciones-en-colombia\/","url_meta":{"origin":139155,"position":5},"title":"Miedo de mirar al cielo: drones con explosivos tensan la recta final de las elecciones en Colombia","author":"Nelson Feliz","date":"25 de mayo de 2026","format":false,"excerpt":"POR ASTRID SU\u00c1REZ JAMUND\u00cd, Colombia (AP) \u2014 Gladys Mar\u00edn s\u00f3lo tiene que cruzar la calle para llegar a la escuela donde el pr\u00f3ximo domingo funcionar\u00e1n los puestos de votaci\u00f3n del peque\u00f1o poblado colombiano en el que vive, pero a\u00fan no sabe si lo har\u00e1. El miedo por su seguridad podr\u00eda\u2026","rel":"","context":"En \u00abINTERNACIONALES\u00bb","block_context":{"text":"INTERNACIONALES","link":"https:\/\/lasprimeras.com.do\/index.php\/category\/sin-categoria\/internacionales\/"},"img":{"alt_text":"","src":"https:\/\/i0.wp.com\/lasprimeras.com.do\/wp-content\/uploads\/2026\/05\/elecciones-1.jpg?resize=350%2C200&ssl=1","width":350,"height":200,"srcset":"https:\/\/i0.wp.com\/lasprimeras.com.do\/wp-content\/uploads\/2026\/05\/elecciones-1.jpg?resize=350%2C200&ssl=1 1x, https:\/\/i0.wp.com\/lasprimeras.com.do\/wp-content\/uploads\/2026\/05\/elecciones-1.jpg?resize=525%2C300&ssl=1 1.5x, https:\/\/i0.wp.com\/lasprimeras.com.do\/wp-content\/uploads\/2026\/05\/elecciones-1.jpg?resize=700%2C400&ssl=1 2x"},"classes":[]}],"jetpack_sharing_enabled":true,"jetpack_featured_media_url":"https:\/\/lasprimeras.com.do\/wp-content\/uploads\/2026\/09\/Abelardo-de-la-Espriella-1.jpg","_links":{"self":[{"href":"https:\/\/lasprimeras.com.do\/index.php\/wp-json\/wp\/v2\/posts\/139155","targetHints":{"allow":["GET"]}}],"collection":[{"href":"https:\/\/lasprimeras.com.do\/index.php\/wp-json\/wp\/v2\/posts"}],"about":[{"href":"https:\/\/lasprimeras.com.do\/index.php\/wp-json\/wp\/v2\/types\/post"}],"author":[{"embeddable":true,"href":"https:\/\/lasprimeras.com.do\/index.php\/wp-json\/wp\/v2\/users\/10"}],"replies":[{"embeddable":true,"href":"https:\/\/lasprimeras.com.do\/index.php\/wp-json\/wp\/v2\/comments?post=139155"}],"version-history":[{"count":1,"href":"https:\/\/lasprimeras.com.do\/index.php\/wp-json\/wp\/v2\/posts\/139155\/revisions"}],"predecessor-version":[{"id":139157,"href":"https:\/\/lasprimeras.com.do\/index.php\/wp-json\/wp\/v2\/posts\/139155\/revisions\/139157"}],"wp:featuredmedia":[{"embeddable":true,"href":"https:\/\/lasprimeras.com.do\/index.php\/wp-json\/wp\/v2\/media\/139156"}],"wp:attachment":[{"href":"https:\/\/lasprimeras.com.do\/index.php\/wp-json\/wp\/v2\/media?parent=139155"}],"wp:term":[{"taxonomy":"category","embeddable":true,"href":"https:\/\/lasprimeras.com.do\/index.php\/wp-json\/wp\/v2\/categories?post=139155"},{"taxonomy":"post_tag","embeddable":true,"href":"https:\/\/lasprimeras.com.do\/index.php\/wp-json\/wp\/v2\/tags?post=139155"}],"curies":[{"name":"wp","href":"https:\/\/api.w.org\/{rel}","templated":true}]}}