{"id":139159,"date":"2026-09-05T17:39:24","date_gmt":"2026-09-05T21:39:24","guid":{"rendered":"https:\/\/lasprimeras.com.do\/?p=139159"},"modified":"2026-09-05T17:39:28","modified_gmt":"2026-09-05T21:39:28","slug":"rescatistas-en-nepal-sacan-vivas-a-2-personas-de-entre-los-escombros-a-10-dias-de-las-inundaciones","status":"publish","type":"post","link":"https:\/\/lasprimeras.com.do\/index.php\/2026\/09\/05\/rescatistas-en-nepal-sacan-vivas-a-2-personas-de-entre-los-escombros-a-10-dias-de-las-inundaciones\/","title":{"rendered":"Rescatistas en Nepal sacan vivas a 2 personas de entre los escombros a 10 d\u00edas de las inundaciones"},"content":{"rendered":"\n<p class=\"wp-block-paragraph\">POR SHRISTI KAFLE and SHEIKH SAALIQ<\/p>\n\n\n\n<p class=\"wp-block-paragraph\">KATMAND\u00da, Nepal (AP) \u2014 Los rescatistas sacaron con vida el s\u00e1bado a un ciudadano chino y a una mujer en dos operaciones separadas 10 d\u00edas despu\u00e9s de las devastadoras inundaciones que azotaron Nepal, mientras los equipos continuaban buscando a miles de personas que siguen desaparecidas.<\/p>\n\n\n\n<p class=\"wp-block-paragraph\">El hombre fue rescatado en un t\u00fanel, seg\u00fan una publicaci\u00f3n de la oficina del primer ministro del pa\u00eds en redes sociales, lo que eleva a tres el total de trabajadores rescatados con vida del proyecto hidroel\u00e9ctrico Trishuli. Dos trabajadores nepal\u00edes fueron rescatados el viernes.<\/p>\n\n\n\n<p class=\"wp-block-paragraph\">El Ej\u00e9rcito de Nepal inform\u00f3 que un equipo conjunto de rescate integrado por personal militar nepal\u00ed y expertos surcoreanos en desastres rescat\u00f3 al hombre de un t\u00fanel de 225 metros (unos 740 pies) y que est\u00e1 siendo sometido a una evaluaci\u00f3n m\u00e9dica.<\/p>\n\n\n\n<p class=\"wp-block-paragraph\">En unas im\u00e1genes se pudo ver c\u00f3mo era evacuado en helic\u00f3ptero, con un m\u00e9dico militar monitore\u00e1ndolo durante el vuelo.<\/p>\n\n\n\n<p class=\"wp-block-paragraph\">Una foto difundida por la televisora estatal china CCTV mostr\u00f3 a dos rescatistas cargando al hombre en el exterior del t\u00fanel.<\/p>\n\n\n\n<p class=\"wp-block-paragraph\">CCTV comparti\u00f3 un audio del hombre hablando con un oficial, en el que cuenta que gritaba cada vez que ve\u00eda las luces de los equipos de rescate, pero que ellos no pod\u00edan escucharlo.<\/p>\n\n\n\n<p class=\"wp-block-paragraph\">\u201cCuando me rescataron hoy, cuando me enfocaron (con la luz), no pod\u00eda creerlo\u201d, dijo.<\/p>\n\n\n\n<p class=\"wp-block-paragraph\">El hombre fue llevado a un hospital y se encontraba estable, seg\u00fan CCTV.<\/p>\n\n\n\n<p class=\"wp-block-paragraph\">Los esfuerzos de rescate se centran cada vez m\u00e1s en 12 proyectos hidroel\u00e9ctricos en todo el pa\u00eds, donde hay unos 900 trabajadores desaparecidos y se cree que alrededor de 500 estar\u00edan atrapados en varios t\u00faneles, apuntaron las autoridades.<\/p>\n\n\n\n<p class=\"wp-block-paragraph\">Equipos especializados de rescate de India, China, Corea del Sur y Estados Unidos han estado buscando entre escombros, estructuras da\u00f1adas y t\u00faneles en esos proyectos, con la esperanza de encontrar sobrevivientes.<\/p>\n\n\n\n<p class=\"wp-block-paragraph\">En la localidad de Nuwakot, afectada por la crecida, una mujer fue rescatada con vida de una casa, dijo el s\u00e1bado el portavoz del ej\u00e9rcito de Nepal. Las autoridades se\u00f1alaron que estaba siendo trasladada por aire a la capital, Katmand\u00fa, para recibir tratamiento.<\/p>\n\n\n\n<p class=\"wp-block-paragraph\">Las im\u00e1genes difundidas por el ej\u00e9rcito de Nepal mostraron a los rescatistas encontrando a la mujer cubierta de lodo en el interior de una casa da\u00f1ada. Le dieron agua embotellada antes de ponerla a salvo, envuelta en una manta gris.<\/p>\n\n\n\n<p class=\"wp-block-paragraph\">Al menos 1.300 personas perdieron la vida en las inundaciones del 26 de agosto, que probablemente fueron causadas por el colapso de un glaciar, y m\u00e1s de 5.000 siguen desaparecidas, de acuerdo con la agencia de gesti\u00f3n de desastres de Nepal.<\/p>\n\n\n\n<p class=\"wp-block-paragraph\">Saaliq inform\u00f3 desde Nueva Delhi. La periodista de The Associated Press Kanis Leung en Hong Kong contribuy\u00f3 a este despacho.<\/p>\n","protected":false},"excerpt":{"rendered":"<p>POR SHRISTI KAFLE and SHEIKH SAALIQ KATMAND\u00da, Nepal (AP) \u2014 Los rescatistas sacaron con vida el s\u00e1bado a un ciudadano chino y a una mujer en dos operaciones separadas 10&hellip;<\/p>\n","protected":false},"author":10,"featured_media":139160,"comment_status":"open","ping_status":"open","sticky":false,"template":"","format":"standard","meta":{"content-type":"","_jetpack_newsletter_access":"","_jetpack_dont_email_post_to_subs":false,"_jetpack_newsletter_tier_id":0,"_jetpack_memberships_contains_paywalled_content":false,"_jetpack_feature_clip_id":0,"_jetpack_memberships_contains_paid_content":false,"footnotes":"","jetpack_post_was_ever_published":false},"categories":[16289],"tags":[4810,1516,23458,412,7327,9942,36322],"class_list":["post-139159","post","type-post","status-publish","format-standard","has-post-thumbnail","hentry","category-internacionales","tag-escombros","tag-inundaciones","tag-nepal","tag-personas","tag-rescatistas","tag-sacan","tag-vivas"],"jetpack-related-posts":[{"id":139010,"url":"https:\/\/lasprimeras.com.do\/index.php\/2026\/09\/04\/rescatan-a-2-trabajadores-de-tunel-de-central-hidroelectrica-9-dias-despues-de-inundaciones-en-nepal\/","url_meta":{"origin":139159,"position":0},"title":"Rescatan a 2 trabajadores de t\u00fanel de central hidroel\u00e9ctrica 9 d\u00edas despu\u00e9s de inundaciones en Nepal","author":"Nelson Feliz","date":"4 de septiembre de 2026","format":false,"excerpt":"POR\u00a0\u00a0SHRISTI KAFLE\u00a0and\u00a0SHEIKH SAALIQ KATMAND\u00da, Nepal (AP) \u2014 Los rescatistas en Nepal extrajeron con vida el viernes a dos trabajadores de un t\u00fanel hidroel\u00e9ctrico, lo que aument\u00f3 las esperanzas de llegar a decenas de operarios m\u00e1s que se cree est\u00e1n atrapados nueve d\u00edas despu\u00e9s de que unas letales inundaciones arrasaron pueblos\u2026","rel":"","context":"En \u00abLA VOZ DE LA DIASPORA\u00bb","block_context":{"text":"LA VOZ DE LA DIASPORA","link":"https:\/\/lasprimeras.com.do\/index.php\/category\/la-voz-de-la-diaspora\/"},"img":{"alt_text":"","src":"https:\/\/i0.wp.com\/lasprimeras.com.do\/wp-content\/uploads\/2026\/09\/descarga-8.webp?resize=350%2C200&ssl=1","width":350,"height":200,"srcset":"https:\/\/i0.wp.com\/lasprimeras.com.do\/wp-content\/uploads\/2026\/09\/descarga-8.webp?resize=350%2C200&ssl=1 1x, https:\/\/i0.wp.com\/lasprimeras.com.do\/wp-content\/uploads\/2026\/09\/descarga-8.webp?resize=525%2C300&ssl=1 1.5x, https:\/\/i0.wp.com\/lasprimeras.com.do\/wp-content\/uploads\/2026\/09\/descarga-8.webp?resize=700%2C400&ssl=1 2x, https:\/\/i0.wp.com\/lasprimeras.com.do\/wp-content\/uploads\/2026\/09\/descarga-8.webp?resize=1050%2C600&ssl=1 3x, https:\/\/i0.wp.com\/lasprimeras.com.do\/wp-content\/uploads\/2026\/09\/descarga-8.webp?resize=1400%2C800&ssl=1 4x"},"classes":[]},{"id":138459,"url":"https:\/\/lasprimeras.com.do\/index.php\/2026\/08\/29\/los-supervivientes-de-las-inundaciones-entre-nepal-y-china-llegan-a-zonas-seguras\/","url_meta":{"origin":139159,"position":1},"title":"Los supervivientes de las inundaciones entre Nepal y China llegan a zonas seguras","author":"Nelson Feliz","date":"29 de agosto de 2026","format":false,"excerpt":"Familiares esperan noticias de casi 3.000 desaparecidos. Por VICTORIA MILKO y SHRISTI KAFLE NUWAKOT, Nepal (AP) \u2014 Mientras las labores de rescate en las comunidades sepultadas por las catastr\u00f3ficas inundaciones repentinas a lo largo de la frontera entre Nepal y China entraban en su cuarto d\u00eda el s\u00e1bado, las autoridades\u2026","rel":"","context":"En \u00abINTERNACIONALES\u00bb","block_context":{"text":"INTERNACIONALES","link":"https:\/\/lasprimeras.com.do\/index.php\/category\/sin-categoria\/internacionales\/"},"img":{"alt_text":"","src":"https:\/\/i0.wp.com\/lasprimeras.com.do\/wp-content\/uploads\/2026\/08\/nepal-4.jpg?resize=350%2C200&ssl=1","width":350,"height":200,"srcset":"https:\/\/i0.wp.com\/lasprimeras.com.do\/wp-content\/uploads\/2026\/08\/nepal-4.jpg?resize=350%2C200&ssl=1 1x, https:\/\/i0.wp.com\/lasprimeras.com.do\/wp-content\/uploads\/2026\/08\/nepal-4.jpg?resize=525%2C300&ssl=1 1.5x, https:\/\/i0.wp.com\/lasprimeras.com.do\/wp-content\/uploads\/2026\/08\/nepal-4.jpg?resize=700%2C400&ssl=1 2x"},"classes":[]},{"id":138431,"url":"https:\/\/lasprimeras.com.do\/index.php\/2026\/08\/28\/sube-cifra-de-muertos-de-inundacion-en-frontera-entre-nepal-y-china-sigue-rescate-de-sobrevivientes\/","url_meta":{"origin":139159,"position":2},"title":"Sube cifra de muertos de inundaci\u00f3n en frontera entre Nepal y China; sigue rescate de sobrevivientes","author":"Nelson Feliz","date":"28 de agosto de 2026","format":false,"excerpt":"POR NIRANJAN SHRESTHA and SHRISTI KAFLE KATMAND\u00da, Nepal (AP) \u2014 Los rescatistas sacaron el viernes a sobrevivientes cubiertos de un lodo marr\u00f3n oscuro y helic\u00f3pteros trasladaron a personas varadas a zonas seguras al tiempo que Nepal y China se apresuraban a responder a las catastr\u00f3ficas inundaciones repentinas que se han\u2026","rel":"","context":"En \u00abINTERNACIONALES\u00bb","block_context":{"text":"INTERNACIONALES","link":"https:\/\/lasprimeras.com.do\/index.php\/category\/sin-categoria\/internacionales\/"},"img":{"alt_text":"","src":"https:\/\/i0.wp.com\/lasprimeras.com.do\/wp-content\/uploads\/2026\/08\/NEPAL-2.jpg?resize=350%2C200&ssl=1","width":350,"height":200,"srcset":"https:\/\/i0.wp.com\/lasprimeras.com.do\/wp-content\/uploads\/2026\/08\/NEPAL-2.jpg?resize=350%2C200&ssl=1 1x, https:\/\/i0.wp.com\/lasprimeras.com.do\/wp-content\/uploads\/2026\/08\/NEPAL-2.jpg?resize=525%2C300&ssl=1 1.5x, https:\/\/i0.wp.com\/lasprimeras.com.do\/wp-content\/uploads\/2026\/08\/NEPAL-2.jpg?resize=700%2C400&ssl=1 2x"},"classes":[]},{"id":138631,"url":"https:\/\/lasprimeras.com.do\/index.php\/2026\/08\/31\/superan-los-950-los-muertos-por-las-inundaciones-en-nepal-y-china\/","url_meta":{"origin":139159,"position":3},"title":"Superan los 950 los muertos por las inundaciones en Nepal y China","author":"Nelson Feliz","date":"31 de agosto de 2026","format":false,"excerpt":"Se teme que cientos de personas est\u00e9n atrapadas en t\u00faneles de centrales hidroel\u00e9ctricas. Por SHRISTI KAFLE y HUIZHONG WU KATMAND\u00da, Nepal (AP) \u2014 Los equipos de rescate se apresuraron el lunes para liberar a cientos de trabajadores que se cree que est\u00e1n atrapados en t\u00faneles de centrales hidroel\u00e9ctricas que quedaron\u2026","rel":"","context":"En \u00abINTERNACIONALES\u00bb","block_context":{"text":"INTERNACIONALES","link":"https:\/\/lasprimeras.com.do\/index.php\/category\/sin-categoria\/internacionales\/"},"img":{"alt_text":"","src":"https:\/\/i0.wp.com\/lasprimeras.com.do\/wp-content\/uploads\/2026\/08\/NEPAL-7.jpg?resize=350%2C200&ssl=1","width":350,"height":200,"srcset":"https:\/\/i0.wp.com\/lasprimeras.com.do\/wp-content\/uploads\/2026\/08\/NEPAL-7.jpg?resize=350%2C200&ssl=1 1x, https:\/\/i0.wp.com\/lasprimeras.com.do\/wp-content\/uploads\/2026\/08\/NEPAL-7.jpg?resize=525%2C300&ssl=1 1.5x, https:\/\/i0.wp.com\/lasprimeras.com.do\/wp-content\/uploads\/2026\/08\/NEPAL-7.jpg?resize=700%2C400&ssl=1 2x"},"classes":[]},{"id":138327,"url":"https:\/\/lasprimeras.com.do\/index.php\/2026\/08\/27\/las-catastroficas-inundaciones-dejan-mas-de-390-muertos-en-nepal-y-el-tibet-y-mas-de-1-400-desaparecidos\/","url_meta":{"origin":139159,"position":4},"title":"Las catastr\u00f3ficas inundaciones dejan m\u00e1s de 390 muertos en Nepal y el T\u00edbet, y m\u00e1s de 1.400 desaparecidos","author":"Nelson Feliz","date":"27 de agosto de 2026","format":false,"excerpt":"Por NIRANJAN SHRESTHA y SHRISTI KAFLE DEVIGHAT, Nepal (AP) \u2014 Equipos de rescate y helic\u00f3pteros militares buscaron el jueves a cientos de personas desaparecidas a lo largo de la frontera monta\u00f1osa entre Nepal y China, donde un torrente mortal de agua y lodo de varios pisos de altura arras\u00f3 las\u2026","rel":"","context":"En \u00abINTERNACIONALES\u00bb","block_context":{"text":"INTERNACIONALES","link":"https:\/\/lasprimeras.com.do\/index.php\/category\/sin-categoria\/internacionales\/"},"img":{"alt_text":"","src":"https:\/\/i0.wp.com\/lasprimeras.com.do\/wp-content\/uploads\/2026\/08\/Nepal-1.jpg?resize=350%2C200&ssl=1","width":350,"height":200,"srcset":"https:\/\/i0.wp.com\/lasprimeras.com.do\/wp-content\/uploads\/2026\/08\/Nepal-1.jpg?resize=350%2C200&ssl=1 1x, https:\/\/i0.wp.com\/lasprimeras.com.do\/wp-content\/uploads\/2026\/08\/Nepal-1.jpg?resize=525%2C300&ssl=1 1.5x, https:\/\/i0.wp.com\/lasprimeras.com.do\/wp-content\/uploads\/2026\/08\/Nepal-1.jpg?resize=700%2C400&ssl=1 2x"},"classes":[]},{"id":68869,"url":"https:\/\/lasprimeras.com.do\/index.php\/2023\/11\/28\/rescatan-con-exito-a-41-trabajadores-atrapados-por-17-dias-en-un-tunel-en-la-india\/","url_meta":{"origin":139159,"position":5},"title":"Rescatan con \u00e9xito a 41 trabajadores atrapados por 17 d\u00edas en un t\u00fanel en la India","author":"Nelson Feliz","date":"28 de noviembre de 2023","format":false,"excerpt":"Los trabajadores fueron recibidos uno por uno por los triunfales equipos de rescate y algunos familiares, mostr\u00f3 en directo la televisi\u00f3n delh\u00ed NDTV. Nueva Delhi, EFE.-. Los equipos de rescate lograron este martes sacar con \u00e9xito a los 41 trabajadores que quedaron atrapados hace 17 d\u00edas en un t\u00fanel en\u2026","rel":"","context":"En \u00abSin categor\u00eda\u00bb","block_context":{"text":"Sin categor\u00eda","link":"https:\/\/lasprimeras.com.do\/index.php\/category\/sin-categoria\/"},"img":{"alt_text":"Esta fotograf\u00eda proporcionada por el Departamento de Informaci\u00f3n y Relaciones P\u00fablicas del estado de Uttarakhand muestra a Pushkar Singh Dhami, a la derecha, ministro principal del estado de Uttarakhand, saludando a un trabajador rescatado del lugar de un t\u00fanel de carretera en construcci\u00f3n que se derrumb\u00f3 en Silkyara, en el norte.AP","src":"https:\/\/i0.wp.com\/lasprimeras.com.do\/wp-content\/uploads\/2023\/11\/ATRAPADOS.jpeg?resize=350%2C200&ssl=1","width":350,"height":200,"srcset":"https:\/\/i0.wp.com\/lasprimeras.com.do\/wp-content\/uploads\/2023\/11\/ATRAPADOS.jpeg?resize=350%2C200&ssl=1 1x, https:\/\/i0.wp.com\/lasprimeras.com.do\/wp-content\/uploads\/2023\/11\/ATRAPADOS.jpeg?resize=525%2C300&ssl=1 1.5x, https:\/\/i0.wp.com\/lasprimeras.com.do\/wp-content\/uploads\/2023\/11\/ATRAPADOS.jpeg?resize=700%2C400&ssl=1 2x"},"classes":[]}],"jetpack_sharing_enabled":true,"jetpack_featured_media_url":"https:\/\/lasprimeras.com.do\/wp-content\/uploads\/2026\/09\/Rescatistas.jpg","_links":{"self":[{"href":"https:\/\/lasprimeras.com.do\/index.php\/wp-json\/wp\/v2\/posts\/139159","targetHints":{"allow":["GET"]}}],"collection":[{"href":"https:\/\/lasprimeras.com.do\/index.php\/wp-json\/wp\/v2\/posts"}],"about":[{"href":"https:\/\/lasprimeras.com.do\/index.php\/wp-json\/wp\/v2\/types\/post"}],"author":[{"embeddable":true,"href":"https:\/\/lasprimeras.com.do\/index.php\/wp-json\/wp\/v2\/users\/10"}],"replies":[{"embeddable":true,"href":"https:\/\/lasprimeras.com.do\/index.php\/wp-json\/wp\/v2\/comments?post=139159"}],"version-history":[{"count":1,"href":"https:\/\/lasprimeras.com.do\/index.php\/wp-json\/wp\/v2\/posts\/139159\/revisions"}],"predecessor-version":[{"id":139161,"href":"https:\/\/lasprimeras.com.do\/index.php\/wp-json\/wp\/v2\/posts\/139159\/revisions\/139161"}],"wp:featuredmedia":[{"embeddable":true,"href":"https:\/\/lasprimeras.com.do\/index.php\/wp-json\/wp\/v2\/media\/139160"}],"wp:attachment":[{"href":"https:\/\/lasprimeras.com.do\/index.php\/wp-json\/wp\/v2\/media?parent=139159"}],"wp:term":[{"taxonomy":"category","embeddable":true,"href":"https:\/\/lasprimeras.com.do\/index.php\/wp-json\/wp\/v2\/categories?post=139159"},{"taxonomy":"post_tag","embeddable":true,"href":"https:\/\/lasprimeras.com.do\/index.php\/wp-json\/wp\/v2\/tags?post=139159"}],"curies":[{"name":"wp","href":"https:\/\/api.w.org\/{rel}","templated":true}]}}