{"id":139177,"date":"2026-09-05T20:56:38","date_gmt":"2026-09-06T00:56:38","guid":{"rendered":"https:\/\/lasprimeras.com.do\/?p=139177"},"modified":"2026-09-05T20:57:21","modified_gmt":"2026-09-06T00:57:21","slug":"victor-manuel-terrero-celebra-doble-triunfo-historico-de-la-mujer-dominicana","status":"publish","type":"post","link":"https:\/\/lasprimeras.com.do\/index.php\/2026\/09\/05\/victor-manuel-terrero-celebra-doble-triunfo-historico-de-la-mujer-dominicana\/","title":{"rendered":"V\u00edctor Manuel Terrero celebra doble triunfo hist\u00f3rico de la mujer dominicana"},"content":{"rendered":"\n<p class=\"wp-block-paragraph\"><strong>&#8220;Marileidy y Joheirry encarnan el verdadero orgullo de nuestra patria&#8221;<\/strong><\/p>\n\n\n\n<p class=\"wp-block-paragraph\"><strong>SANTO DOMINGO. \u2013<\/strong> El miembro del Comit\u00e9 Central del Partido de la Liberaci\u00f3n Dominicana (PLD), doctor V\u00edctor Manuel Terrero, calific\u00f3 hoy como un acontecimiento sin precedentes y de profundo orgullo nacional el doble triunfo internacional alcanzado por la atleta Marileidy Paulino en Bruselas y la joven Joheirry Morla, reci\u00e9n coronada Miss Mundo 2026.<\/p>\n\n\n\n<p class=\"wp-block-paragraph\">&#8220;Estamos viviendo un momento extraordinario donde la mujer dominicana vuelve a demostrarle al mundo que cuando se le brindan oportunidades, disciplina y apoyo, no tiene l\u00edmites. Lo que han hecho Marileidy y Joheirry no solo eleva nuestra bandera, sino que llena de esperanza e inspiraci\u00f3n a millones de j\u00f3venes en cada rinc\u00f3n de nuestra Rep\u00fablica Dominicana&#8221;, declar\u00f3 entusiasmado el doctor Terrero.<\/p>\n\n\n\n<p class=\"wp-block-paragraph\"><strong>Haza\u00f1a en la pista y r\u00e9cord hist\u00f3rico<\/strong><\/p>\n\n\n\n<p class=\"wp-block-paragraph\">El dirigente pol\u00edtico extendi\u00f3 una calurosa felicitaci\u00f3n a la campeona ol\u00edmpica Marileidy Paulino, conocida cari\u00f1osamente como la \u00abGacela de Nizao\u00bb, quien conquist\u00f3 por cuarta ocasi\u00f3n consecutiva el t\u00edtulo de la prestigiosa serie mundial de los 400 metros planos en Bruselas.<\/p>\n\n\n\n<p class=\"wp-block-paragraph\">Paulino cronometr\u00f3 un impresionante tiempo de 48.64 segundos, superando con una ventaja de 56 cent\u00e9simas a su m\u00e1s cercana rival, la noruega Henriette J\u00e6ger.<\/p>\n\n\n\n<p class=\"wp-block-paragraph\">Con esta marca, Paulino estableci\u00f3 el \u00abMeeting Record\u00bb, logrando el mejor tiempo jam\u00e1s registrado en esta prueba en la historia de la competencia en Bruselas.<\/p>\n\n\n\n<p class=\"wp-block-paragraph\">&#8220;Marileidy ya no solo corre por medallas; corre para escribir su nombre con letras de oro en la historia universal del atletismo&#8221;, afirm\u00f3 Terrero.<\/p>\n\n\n\n<p class=\"wp-block-paragraph\"><strong>Belleza con prop\u00f3sito tras 44 a\u00f1os de espera<\/strong><\/p>\n\n\n\n<p class=\"wp-block-paragraph\">Asimismo, el doctor Terrero aplaudi\u00f3 el hist\u00f3rico triunfo de Joheirry Morla, quien se alz\u00f3 con la corona de Miss Mundo 2026, convirti\u00e9ndose en la segunda dominicana en alcanzar este importante t\u00edtulo tras 44 a\u00f1os de espera para el pa\u00eds.<\/p>\n\n\n\n<p class=\"wp-block-paragraph\">Morla cautiv\u00f3 al jurado internacional con un discurso enfocado en la educaci\u00f3n, el servicio comunitario y la belleza con prop\u00f3sito.<\/p>\n\n\n\n<p class=\"wp-block-paragraph\">&#8220;Joheirry representa de manera id\u00f3nea los valores de la mujer criolla: solidaria, inteligente, educada y con una profunda vocaci\u00f3n de servicio. Su triunfo es una bofetada a los estereotipos y un recordatorio de que nuestras mujeres brillan por su intelecto y su gran coraz\u00f3n&#8221;, enfatiz\u00f3 el miembro del Comit\u00e9 Central del PLD.<\/p>\n\n\n\n<p class=\"wp-block-paragraph\">Finalmente, el doctor V\u00edctor Manuel Terrero hizo un llamado a las instituciones p\u00fablicas y privadas a seguir invirtiendo de manera decidida en el deporte, la cultura y la educaci\u00f3n de la juventud dominicana, asegurando que estos logros demuestran que el talento local es el activo m\u00e1s valioso que posee la naci\u00f3n.<\/p>\n","protected":false},"excerpt":{"rendered":"<p>&#8220;Marileidy y Joheirry encarnan el verdadero orgullo de nuestra patria&#8221; SANTO DOMINGO. \u2013 El miembro del Comit\u00e9 Central del Partido de la Liberaci\u00f3n Dominicana (PLD), doctor V\u00edctor Manuel Terrero, calific\u00f3&hellip;<\/p>\n","protected":false},"author":10,"featured_media":139178,"comment_status":"open","ping_status":"open","sticky":false,"template":"","format":"standard","meta":{"content-type":"","_jetpack_newsletter_access":"","_jetpack_dont_email_post_to_subs":false,"_jetpack_newsletter_tier_id":0,"_jetpack_memberships_contains_paywalled_content":false,"_jetpack_feature_clip_id":0,"_jetpack_memberships_contains_paid_content":false,"footnotes":"","jetpack_post_was_ever_published":false},"categories":[25],"tags":[1304,36328,2745,36327,3317,30994,3617],"class_list":["post-139177","post","type-post","status-publish","format-standard","has-post-thumbnail","hentry","category-portada","tag-celebra","tag-doble-triunfo","tag-historico","tag-joheirry-morla","tag-marileidy-paulino","tag-mujer-dominicana","tag-victor-manuel-terrero"],"jetpack-related-posts":[{"id":106170,"url":"https:\/\/lasprimeras.com.do\/index.php\/2025\/08\/11\/victor-terrero-felicita-a-jennifer-ventura-miss-universo-rd-2025-por-su-triunfo-y-orgullo-barahonero\/","url_meta":{"origin":139177,"position":0},"title":"V\u00edctor Terrero felicita a Jennifer Ventura, Miss Universo RD 2025, por su triunfo y orgullo barahonero","author":"Nelson Feliz","date":"11 de agosto de 2025","format":false,"excerpt":"El exdiputado y miembro del Comit\u00e9 Central del Partido de la Liberaci\u00f3n Dominicana (PLD), doctor V\u00edctor Manuel Terrero, felicit\u00f3 a la joven Jennifer Ventura por alzarse con la corona de Miss Universo Rep\u00fablica Dominicana 2025, destacando su orgullo por ver a una representante de Barahona brillar en un escenario nacional.\u2026","rel":"","context":"En \u00abPOLITICA\u00bb","block_context":{"text":"POLITICA","link":"https:\/\/lasprimeras.com.do\/index.php\/category\/politica\/"},"img":{"alt_text":"V\u00edctor Terrero y Jennifer Ventura","src":"https:\/\/i0.wp.com\/lasprimeras.com.do\/wp-content\/uploads\/2025\/08\/Victor-Terrero-y-Jennifer-Ventura.jpg?resize=350%2C200&ssl=1","width":350,"height":200,"srcset":"https:\/\/i0.wp.com\/lasprimeras.com.do\/wp-content\/uploads\/2025\/08\/Victor-Terrero-y-Jennifer-Ventura.jpg?resize=350%2C200&ssl=1 1x, https:\/\/i0.wp.com\/lasprimeras.com.do\/wp-content\/uploads\/2025\/08\/Victor-Terrero-y-Jennifer-Ventura.jpg?resize=525%2C300&ssl=1 1.5x"},"classes":[]},{"id":136637,"url":"https:\/\/lasprimeras.com.do\/index.php\/2026\/08\/06\/marileidy-paulino-tras-ganar-oro-corri-para-que-mi-pais-se-la-gozara\/","url_meta":{"origin":139177,"position":1},"title":"Marileidy Paulino tras ganar oro: &#8220;Corr\u00ed para que mi pa\u00eds se la gozara&#8221;","author":"Nelson Feliz","date":"6 de agosto de 2026","format":false,"excerpt":"La campeona ol\u00edmpica dedic\u00f3 su actuaci\u00f3n al pueblo dominicano, luego de conquistar el oro con un r\u00e9cord para la competencia de 48.94 segundos. La todo terreno Marileidy Paulino\u00a0asegur\u00f3 la noche de este mi\u00e9rcoles que la\u00a0medalla de oro\u00a0conquistada en los 400 metros planos de los\u00a0XXV Juegos Centroamericanos\u00a0y del Caribe Santo Domingo\u2026","rel":"","context":"En \u00abDEPORTES\u00bb","block_context":{"text":"DEPORTES","link":"https:\/\/lasprimeras.com.do\/index.php\/category\/deportes\/"},"img":{"alt_text":"Marileidy Paulino","src":"https:\/\/i0.wp.com\/lasprimeras.com.do\/wp-content\/uploads\/2025\/10\/Marileidy-Paulino.jpg?resize=350%2C200&ssl=1","width":350,"height":200,"srcset":"https:\/\/i0.wp.com\/lasprimeras.com.do\/wp-content\/uploads\/2025\/10\/Marileidy-Paulino.jpg?resize=350%2C200&ssl=1 1x, https:\/\/i0.wp.com\/lasprimeras.com.do\/wp-content\/uploads\/2025\/10\/Marileidy-Paulino.jpg?resize=525%2C300&ssl=1 1.5x, https:\/\/i0.wp.com\/lasprimeras.com.do\/wp-content\/uploads\/2025\/10\/Marileidy-Paulino.jpg?resize=700%2C400&ssl=1 2x, https:\/\/i0.wp.com\/lasprimeras.com.do\/wp-content\/uploads\/2025\/10\/Marileidy-Paulino.jpg?resize=1050%2C600&ssl=1 3x"},"classes":[]},{"id":133571,"url":"https:\/\/lasprimeras.com.do\/index.php\/2026\/06\/28\/marileidy-paulino-vuela-en-paris-a-ritmo-de-record-de-48-48\/","url_meta":{"origin":139177,"position":2},"title":"Marileidy Paulino vuela en Par\u00eds a ritmo de r\u00e9cord de 48.48","author":"Nelson Feliz","date":"28 de junio de 2026","format":false,"excerpt":"Marileidy Paulino par\u00f3 el crono en 48.48, un tiempo muy superior al de la checa Lurdes Gloria Manuel, segunda con 49.37, marca personal, y la jamaicana Stacey Ann, tercera con 49.51. Doha (Catar), EFE - La dominicana Marileidy Paulino logr\u00f3 este domingo la victoria en los 400 metros de la\u2026","rel":"","context":"En \u00abDEPORTES\u00bb","block_context":{"text":"DEPORTES","link":"https:\/\/lasprimeras.com.do\/index.php\/category\/deportes\/"},"img":{"alt_text":"Marileydi Paulino","src":"https:\/\/i0.wp.com\/lasprimeras.com.do\/wp-content\/uploads\/2026\/06\/Marileydi-Paulino.jpeg?resize=350%2C200&ssl=1","width":350,"height":200,"srcset":"https:\/\/i0.wp.com\/lasprimeras.com.do\/wp-content\/uploads\/2026\/06\/Marileydi-Paulino.jpeg?resize=350%2C200&ssl=1 1x, https:\/\/i0.wp.com\/lasprimeras.com.do\/wp-content\/uploads\/2026\/06\/Marileydi-Paulino.jpeg?resize=525%2C300&ssl=1 1.5x, https:\/\/i0.wp.com\/lasprimeras.com.do\/wp-content\/uploads\/2026\/06\/Marileydi-Paulino.jpeg?resize=700%2C400&ssl=1 2x, https:\/\/i0.wp.com\/lasprimeras.com.do\/wp-content\/uploads\/2026\/06\/Marileydi-Paulino.jpeg?resize=1050%2C600&ssl=1 3x"},"classes":[]},{"id":58544,"url":"https:\/\/lasprimeras.com.do\/index.php\/2023\/08\/24\/marileidy-paulino-agradece-al-presidente-abinader-su-apoyo-al-deporte-dominicano\/","url_meta":{"origin":139177,"position":3},"title":"Marileidy Paulino agradece al presidente Abinader su apoyo al deporte dominicano","author":"Nelson Feliz","date":"24 de agosto de 2023","format":false,"excerpt":"La atleta manifest\u00f3 su agradecimiento v\u00eda un intercambio de Twitter luego que el mandatario la felicitara por su triunfo en el Mundial de Atletismo. La campeona del mundo en los 400 metros planos en atletismo, Marileidy Paulino, agradeci\u00f3 al presidente Luis Abinader por el apoyo al deporte dominicano que ha\u2026","rel":"","context":"En \u00abSin categor\u00eda\u00bb","block_context":{"text":"Sin categor\u00eda","link":"https:\/\/lasprimeras.com.do\/index.php\/category\/sin-categoria\/"},"img":{"alt_text":"Marileidy Paulino","src":"https:\/\/i0.wp.com\/lasprimeras.com.do\/wp-content\/uploads\/2023\/08\/Marileidy-Paulino-1-1.jpg?resize=350%2C200&ssl=1","width":350,"height":200,"srcset":"https:\/\/i0.wp.com\/lasprimeras.com.do\/wp-content\/uploads\/2023\/08\/Marileidy-Paulino-1-1.jpg?resize=350%2C200&ssl=1 1x, https:\/\/i0.wp.com\/lasprimeras.com.do\/wp-content\/uploads\/2023\/08\/Marileidy-Paulino-1-1.jpg?resize=525%2C300&ssl=1 1.5x, https:\/\/i0.wp.com\/lasprimeras.com.do\/wp-content\/uploads\/2023\/08\/Marileidy-Paulino-1-1.jpg?resize=700%2C400&ssl=1 2x"},"classes":[]},{"id":111718,"url":"https:\/\/lasprimeras.com.do\/index.php\/2025\/10\/12\/velocista-dominicana-marileidy-paulino-se-destaca-en-carrera-nueva-york\/","url_meta":{"origin":139177,"position":4},"title":"Velocista dominicana Marileidy Paulino se destaca en carrera Nueva York","author":"Nelson Feliz","date":"12 de octubre de 2025","format":false,"excerpt":"Santo Domingo, PL.- Medios de comunicaci\u00f3n dominicanos destacaron el nuevo triunfo de la velocista Marileidy Paulino, quien cerr\u00f3 su temporada 2025 con una victoria en los 400 metros planos del Athlos NYC 2025, celebrado en el Icahn Stadium, en Nueva York. Peri\u00f3dicos, portales digitales y noticieros televisivos coincidieron en resaltar\u2026","rel":"","context":"En \u00abDEPORTES\u00bb","block_context":{"text":"DEPORTES","link":"https:\/\/lasprimeras.com.do\/index.php\/category\/deportes\/"},"img":{"alt_text":"Marileidy Paulino","src":"https:\/\/i0.wp.com\/lasprimeras.com.do\/wp-content\/uploads\/2025\/10\/Marileidy-Paulino.jpg?resize=350%2C200&ssl=1","width":350,"height":200,"srcset":"https:\/\/i0.wp.com\/lasprimeras.com.do\/wp-content\/uploads\/2025\/10\/Marileidy-Paulino.jpg?resize=350%2C200&ssl=1 1x, https:\/\/i0.wp.com\/lasprimeras.com.do\/wp-content\/uploads\/2025\/10\/Marileidy-Paulino.jpg?resize=525%2C300&ssl=1 1.5x, https:\/\/i0.wp.com\/lasprimeras.com.do\/wp-content\/uploads\/2025\/10\/Marileidy-Paulino.jpg?resize=700%2C400&ssl=1 2x, https:\/\/i0.wp.com\/lasprimeras.com.do\/wp-content\/uploads\/2025\/10\/Marileidy-Paulino.jpg?resize=1050%2C600&ssl=1 3x"},"classes":[]},{"id":126751,"url":"https:\/\/lasprimeras.com.do\/index.php\/2026\/04\/05\/victor-manuel-terrero-felicita-a-los-periodistas-dominicanos-en-su-dia-destaca-su-rol-en-la-democracia\/","url_meta":{"origin":139177,"position":5},"title":"V\u00edctor Manuel Terrero felicita a los periodistas dominicanos en su d\u00eda; destaca su rol en la democracia","author":"Nelson Feliz","date":"5 de abril de 2026","format":false,"excerpt":"El miembro del Comit\u00e9 Central del Partido de la Liberaci\u00f3n Dominicana (PLD), doctor V\u00edctor Manuel Terrero, extendi\u00f3 hoy un caluroso mensaje de felicitaci\u00f3n a todos los periodistas dominicanos, al conmemorarse este domingo 5 de abril el\u00a0D\u00eda Nacional del Periodista. Terrero manifest\u00f3 su reconocimiento a los hombres y mujeres que ejercen\u2026","rel":"","context":"En \u00abPOLITICA\u00bb","block_context":{"text":"POLITICA","link":"https:\/\/lasprimeras.com.do\/index.php\/category\/politica\/"},"img":{"alt_text":"","src":"https:\/\/i0.wp.com\/lasprimeras.com.do\/wp-content\/uploads\/2026\/04\/Dia-del-periodista.jpg?resize=350%2C200&ssl=1","width":350,"height":200,"srcset":"https:\/\/i0.wp.com\/lasprimeras.com.do\/wp-content\/uploads\/2026\/04\/Dia-del-periodista.jpg?resize=350%2C200&ssl=1 1x, https:\/\/i0.wp.com\/lasprimeras.com.do\/wp-content\/uploads\/2026\/04\/Dia-del-periodista.jpg?resize=525%2C300&ssl=1 1.5x, https:\/\/i0.wp.com\/lasprimeras.com.do\/wp-content\/uploads\/2026\/04\/Dia-del-periodista.jpg?resize=700%2C400&ssl=1 2x"},"classes":[]}],"jetpack_sharing_enabled":true,"jetpack_featured_media_url":"https:\/\/lasprimeras.com.do\/wp-content\/uploads\/2026\/09\/Marileidy-Paulino-y-Joheirry-Morla.jpg","_links":{"self":[{"href":"https:\/\/lasprimeras.com.do\/index.php\/wp-json\/wp\/v2\/posts\/139177","targetHints":{"allow":["GET"]}}],"collection":[{"href":"https:\/\/lasprimeras.com.do\/index.php\/wp-json\/wp\/v2\/posts"}],"about":[{"href":"https:\/\/lasprimeras.com.do\/index.php\/wp-json\/wp\/v2\/types\/post"}],"author":[{"embeddable":true,"href":"https:\/\/lasprimeras.com.do\/index.php\/wp-json\/wp\/v2\/users\/10"}],"replies":[{"embeddable":true,"href":"https:\/\/lasprimeras.com.do\/index.php\/wp-json\/wp\/v2\/comments?post=139177"}],"version-history":[{"count":1,"href":"https:\/\/lasprimeras.com.do\/index.php\/wp-json\/wp\/v2\/posts\/139177\/revisions"}],"predecessor-version":[{"id":139179,"href":"https:\/\/lasprimeras.com.do\/index.php\/wp-json\/wp\/v2\/posts\/139177\/revisions\/139179"}],"wp:featuredmedia":[{"embeddable":true,"href":"https:\/\/lasprimeras.com.do\/index.php\/wp-json\/wp\/v2\/media\/139178"}],"wp:attachment":[{"href":"https:\/\/lasprimeras.com.do\/index.php\/wp-json\/wp\/v2\/media?parent=139177"}],"wp:term":[{"taxonomy":"category","embeddable":true,"href":"https:\/\/lasprimeras.com.do\/index.php\/wp-json\/wp\/v2\/categories?post=139177"},{"taxonomy":"post_tag","embeddable":true,"href":"https:\/\/lasprimeras.com.do\/index.php\/wp-json\/wp\/v2\/tags?post=139177"}],"curies":[{"name":"wp","href":"https:\/\/api.w.org\/{rel}","templated":true}]}}