{"id":139186,"date":"2026-09-05T22:51:29","date_gmt":"2026-09-06T02:51:29","guid":{"rendered":"https:\/\/lasprimeras.com.do\/?p=139186"},"modified":"2026-09-05T22:51:31","modified_gmt":"2026-09-06T02:51:31","slug":"sntp-sde-en-coordinacion-con-cipesa-realiza-jornada-de-vacunacion","status":"publish","type":"post","link":"https:\/\/lasprimeras.com.do\/index.php\/2026\/09\/05\/sntp-sde-en-coordinacion-con-cipesa-realiza-jornada-de-vacunacion\/","title":{"rendered":"SNTP-SDE en coordinaci\u00f3n con CIPESA realiza jornada de vacunaci\u00f3n"},"content":{"rendered":"\n<p class=\"wp-block-paragraph\"><strong>En la jornada efectuada en la Iglesia Paz y Bien se aplicaron las vacunas contra el T\u00e9tano, Dipteria, Hepatitis y Neumococo.<\/strong><\/p>\n\n\n\n<p class=\"wp-block-paragraph\"><strong>SANTO DOMINGO ESTE<\/strong>. \u2013 El Sindicato Nacional de Trabajadores de la Prensa (SNTP) Filial Santo Domingo Este, en coordinaci\u00f3n con el C\u00edrculo de Periodistas de la Salud (CIPESA), realiz\u00f3 este s\u00e1bado una importante jornada de vacunaci\u00f3n dirigida a la poblaci\u00f3n general y a los profesionales de la comunicaci\u00f3n.<\/p>\n\n\n\n<p class=\"wp-block-paragraph\">\u200bLa doctora A\u00edda Luc\u00eda Vargas, directora del Programa Ampliado de Inmunizaciones (PAI), ofreci\u00f3 declaraciones durante la apertura de la actividad e hizo un llamado vehemente a los ciudadanos para que aprovechen esta cobertura preventiva gratuita.<\/p>\n\n\n\n<figure class=\"wp-block-image size-full\"><img decoding=\"async\" width=\"994\" height=\"940\" src=\"https:\/\/lasprimeras.com.do\/wp-content\/uploads\/2026\/09\/DRA.jpg\" alt=\"\" class=\"wp-image-139188\" srcset=\"https:\/\/lasprimeras.com.do\/wp-content\/uploads\/2026\/09\/DRA.jpg 994w, https:\/\/lasprimeras.com.do\/wp-content\/uploads\/2026\/09\/DRA-300x284.jpg 300w, https:\/\/lasprimeras.com.do\/wp-content\/uploads\/2026\/09\/DRA-768x726.jpg 768w\" sizes=\"(max-width: 994px) 100vw, 994px\" \/><\/figure>\n\n\n\n<p class=\"wp-block-paragraph\">La profesional de la salud inst\u00f3 a las familias de la zona y sectores aleda\u00f1os a acudir masivamente a inmunizarse para mantener al d\u00eda su esquema vaccinal.<\/p>\n\n\n\n<p class=\"wp-block-paragraph\">\u200bEl operativo se llev\u00f3 a cabo en el parqueo de la Parroquia Paz y Bien, ubicada en la avenida Sabana Larga, casi esquina avenida Las Am\u00e9ricas, en un horario de 8:00 de la ma\u00f1ana a 2:00 de la tarde.<\/p>\n\n\n\n<p class=\"wp-block-paragraph\">\u200bDurante la jornada, un equipo especializado del \u00e1rea de salud aplic\u00f3 las siguientes vacunas.<\/p>\n\n\n\n<p class=\"wp-block-paragraph\">Neumococo: Protecci\u00f3n contra neumon\u00edas graves, meningitis y bacteriemias.<\/p>\n\n\n\n<p class=\"wp-block-paragraph\">\u200bT\u00e9tanos y Difteria (Td): Prevenci\u00f3n contra infecciones bacterianas de alta peligrosidad.<\/p>\n\n\n\n<p class=\"wp-block-paragraph\">\u200bHepatitis B: Inmunizaci\u00f3n para prevenir da\u00f1os cr\u00f3nicos en el h\u00edgado y cirrosis.<\/p>\n\n\n\n<p class=\"wp-block-paragraph\">El secretario general de la filial SNTP-SDE, periodista Dar\u00edo Ma\u00f1on agradeci\u00f3 al ministerio de Salud P\u00fablica, a trav\u00e9s del Programa Ampliado de Inmunizaciones (PAI) hacer posible \u00e9sta jornada para beneficio de los periodistas,comunicadores y trabajadores de la prensa y sus familiares.<\/p>\n\n\n\n<p class=\"wp-block-paragraph\">De igual forma tambi\u00e9n agradeci\u00f3 al C\u00edrculo de Periodistas de la Salud (CIPESA) y a su presidenta, la doctora Carol Martinez por hacer posible el referido operativo.<\/p>\n\n\n\n<p class=\"wp-block-paragraph\">La jornada fue coordinada a trav\u00e9s de CIPESA por el encargado de salud de la filial SNTP-SDE, periodista Efrain Vargas<\/p>\n\n\n\n<p class=\"wp-block-paragraph\">\u200bEsta alianza estrat\u00e9gica entre el SNTP-SDE, CIPESA y las autoridades de salud reafirma el compromiso de los gremios period\u00edsticos con el bienestar integral, no solo de sus agremiados, sino de toda la comunidad circundante.<\/p>\n","protected":false},"excerpt":{"rendered":"<p>En la jornada efectuada en la Iglesia Paz y Bien se aplicaron las vacunas contra el T\u00e9tano, Dipteria, Hepatitis y Neumococo. SANTO DOMINGO ESTE. \u2013 El Sindicato Nacional de Trabajadores&hellip;<\/p>\n","protected":false},"author":10,"featured_media":139187,"comment_status":"open","ping_status":"open","sticky":false,"template":"","format":"standard","meta":{"content-type":"","_jetpack_newsletter_access":"","_jetpack_dont_email_post_to_subs":false,"_jetpack_newsletter_tier_id":0,"_jetpack_memberships_contains_paywalled_content":false,"_jetpack_feature_clip_id":0,"_jetpack_memberships_contains_paid_content":false,"footnotes":"","jetpack_post_was_ever_published":false},"categories":[16558],"tags":[272,36332,7279,36334,36335,9478,6162,36333,7916],"class_list":["post-139186","post","type-post","status-publish","format-standard","has-post-thumbnail","hentry","category-salud","tag-cipesa","tag-dipteria","tag-hepatitis","tag-iglesia-paz-y-bien","tag-jornada-de-vacunacion","tag-neumococo","tag-sntp-sde","tag-tetano","tag-vacunas"],"jetpack-related-posts":[{"id":119819,"url":"https:\/\/lasprimeras.com.do\/index.php\/2026\/01\/18\/el-sntp-filial-sde-celebra-almuerzo-de-confraternidad\/","url_meta":{"origin":139186,"position":0},"title":"El SNTP filial SDE celebra Almuerzo de Confraternidad","author":"Nelson Feliz","date":"18 de enero de 2026","format":false,"excerpt":"Dar\u00edo Ma\u00f1\u00f3n","rel":"","context":"En \u00abNACIONALES\u00bb","block_context":{"text":"NACIONALES","link":"https:\/\/lasprimeras.com.do\/index.php\/category\/nacionales\/"},"img":{"alt_text":"Dar\u00edo Ma\u00f1\u00f3n","src":"https:\/\/i0.wp.com\/lasprimeras.com.do\/wp-content\/uploads\/2026\/01\/Dario-Manon.jpg?resize=350%2C200&ssl=1","width":350,"height":200,"srcset":"https:\/\/i0.wp.com\/lasprimeras.com.do\/wp-content\/uploads\/2026\/01\/Dario-Manon.jpg?resize=350%2C200&ssl=1 1x, https:\/\/i0.wp.com\/lasprimeras.com.do\/wp-content\/uploads\/2026\/01\/Dario-Manon.jpg?resize=525%2C300&ssl=1 1.5x, https:\/\/i0.wp.com\/lasprimeras.com.do\/wp-content\/uploads\/2026\/01\/Dario-Manon.jpg?resize=700%2C400&ssl=1 2x"},"classes":[]},{"id":48632,"url":"https:\/\/lasprimeras.com.do\/index.php\/2023\/05\/02\/cipesa-realizara-tercera-caminata-de-periodistas-por-la-salud\/","url_meta":{"origin":139186,"position":1},"title":"Cipesa realizar\u00e1 tercera caminata de periodistas por la salud","author":"prenxa100","date":"2 de mayo de 2023","format":false,"excerpt":"Santo Domingo, RD. - El C\u00edrculo de Periodistas de la Salud (Cipesa) realizar\u00e1 el s\u00e1bado 6 de mayo la tercera Caminata de Periodistas por la Salud con el objetivo de motivar a esos profesionales a realizar actividades f\u00edsicas. La caminata, que este a\u00f1o est\u00e1 enfocada al 75 aniversario de la\u2026","rel":"","context":"En \u00abNACIONALES\u00bb","block_context":{"text":"NACIONALES","link":"https:\/\/lasprimeras.com.do\/index.php\/category\/nacionales\/"},"img":{"alt_text":"","src":"","width":0,"height":0},"classes":[]},{"id":89679,"url":"https:\/\/lasprimeras.com.do\/index.php\/2024\/10\/02\/candidato-a-presidencia-de-cipesa-presenta-para-elecciones-de-este-sabado-5-de-octubre\/","url_meta":{"origin":139186,"position":2},"title":"Candidato a presidencia de Cipesa presenta para elecciones de este s\u00e1bado 5 de octubre","author":"Paola Castillo","date":"2 de octubre de 2024","format":false,"excerpt":"SANTO DOMINGO. - El candidato a la presidencia del C\u00edrculo de Periodistas de la Salud (Cipesa), Jos\u00e9 Rom\u00e1n Din\u00ed, present\u00f3 su plancha Unidad y Avance para las elecciones de este s\u00e1bado 5 de octubre, integrada por un grupo de profesionales comprometidos con el fortalecimiento y crecimiento del gremio. Acompa\u00f1an a\u2026","rel":"","context":"En \u00abNACIONALES\u00bb","block_context":{"text":"NACIONALES","link":"https:\/\/lasprimeras.com.do\/index.php\/category\/nacionales\/"},"img":{"alt_text":"","src":"https:\/\/i0.wp.com\/lasprimeras.com.do\/wp-content\/uploads\/2024\/10\/cipesa.jpeg?resize=350%2C200&ssl=1","width":350,"height":200,"srcset":"https:\/\/i0.wp.com\/lasprimeras.com.do\/wp-content\/uploads\/2024\/10\/cipesa.jpeg?resize=350%2C200&ssl=1 1x, https:\/\/i0.wp.com\/lasprimeras.com.do\/wp-content\/uploads\/2024\/10\/cipesa.jpeg?resize=525%2C300&ssl=1 1.5x, https:\/\/i0.wp.com\/lasprimeras.com.do\/wp-content\/uploads\/2024\/10\/cipesa.jpeg?resize=700%2C400&ssl=1 2x, https:\/\/i0.wp.com\/lasprimeras.com.do\/wp-content\/uploads\/2024\/10\/cipesa.jpeg?resize=1050%2C600&ssl=1 3x, https:\/\/i0.wp.com\/lasprimeras.com.do\/wp-content\/uploads\/2024\/10\/cipesa.jpeg?resize=1400%2C800&ssl=1 4x"},"classes":[]},{"id":127257,"url":"https:\/\/lasprimeras.com.do\/index.php\/2026\/04\/09\/cdp-distingue-a-destacadas-integrantes-de-cipesa\/","url_meta":{"origin":139186,"position":3},"title":"CDP distingue a destacadas integrantes de CIPESA","author":"Nelson Feliz","date":"9 de abril de 2026","format":false,"excerpt":"CDP entrega reconocimiento a la prensa celebrada en el Teatro Nacional. El Colegio Dominicano de Periodistas, seccional Distrito Nacional (CDP-DN), reconoci\u00f3 a 40 periodistas durante la tercera Gala de Reconocimiento a la Prensa, celebrada en la Sala A\u00edda Bonnelly del Teatro Nacional Eduardo Brito, en el marco de las actividades\u2026","rel":"","context":"En \u00abENTRETENIMIENTO\u00bb","block_context":{"text":"ENTRETENIMIENTO","link":"https:\/\/lasprimeras.com.do\/index.php\/category\/entretenimiento\/"},"img":{"alt_text":"","src":"https:\/\/i0.wp.com\/lasprimeras.com.do\/wp-content\/uploads\/2026\/04\/cdp.jpg?resize=350%2C200&ssl=1","width":350,"height":200,"srcset":"https:\/\/i0.wp.com\/lasprimeras.com.do\/wp-content\/uploads\/2026\/04\/cdp.jpg?resize=350%2C200&ssl=1 1x, https:\/\/i0.wp.com\/lasprimeras.com.do\/wp-content\/uploads\/2026\/04\/cdp.jpg?resize=525%2C300&ssl=1 1.5x, https:\/\/i0.wp.com\/lasprimeras.com.do\/wp-content\/uploads\/2026\/04\/cdp.jpg?resize=700%2C400&ssl=1 2x"},"classes":[]},{"id":77622,"url":"https:\/\/lasprimeras.com.do\/index.php\/2024\/02\/23\/cmd-clama-campana-sobre-vacunar-sarampion\/","url_meta":{"origin":139186,"position":4},"title":"CMD clama campa\u00f1a sobre vacunar sarampi\u00f3n","author":"BIMARY DE JES\u00daS Matos","date":"23 de febrero de 2024","format":false,"excerpt":"Santo Domingo.-El pa\u00eds tiene la necesidad de que sea desplegada una mayor difusi\u00f3n informativa entorno a eventuales brotes de sarampi\u00f3n, una enfermedad infectocontagiosa que se previene por vacunas. El tema fue tratado por el doctor Waldo Ariel Suero, presidente del Colegio M\u00e9dico Dominicano (CMD). En ese orden, pidi\u00f3 al Ministerio\u2026","rel":"","context":"En \u00abPORTADA\u00bb","block_context":{"text":"PORTADA","link":"https:\/\/lasprimeras.com.do\/index.php\/category\/portada\/"},"img":{"alt_text":"","src":"https:\/\/i0.wp.com\/lasprimeras.com.do\/wp-content\/uploads\/2024\/02\/6_El-Pais_23_2Ap01.webp?resize=350%2C200&ssl=1","width":350,"height":200,"srcset":"https:\/\/i0.wp.com\/lasprimeras.com.do\/wp-content\/uploads\/2024\/02\/6_El-Pais_23_2Ap01.webp?resize=350%2C200&ssl=1 1x, https:\/\/i0.wp.com\/lasprimeras.com.do\/wp-content\/uploads\/2024\/02\/6_El-Pais_23_2Ap01.webp?resize=525%2C300&ssl=1 1.5x, https:\/\/i0.wp.com\/lasprimeras.com.do\/wp-content\/uploads\/2024\/02\/6_El-Pais_23_2Ap01.webp?resize=700%2C400&ssl=1 2x"},"classes":[]},{"id":113798,"url":"https:\/\/lasprimeras.com.do\/index.php\/2025\/11\/05\/ministro-de-salud-anuncia-jornada-nacional-de-vacunacion-contra-la-influenza\/","url_meta":{"origin":139186,"position":5},"title":"Ministro de Salud anuncia Jornada Nacional de Vacunaci\u00f3n contra la influenza","author":"Nelson Feliz","date":"5 de noviembre de 2025","format":false,"excerpt":"Priorizar\u00e1n vacunaci\u00f3n a embarazadas, menores de tres a\u00f1os, adultos mayores y personas con condiciones de salud delicadas. El ministro de Salud, V\u00edctor Atallah, anunci\u00f3 el inicio de la jornada nacional de vacunaci\u00f3n contra la influenza A (H1N1), A (H3N2) y tipo B, con el objetivo de reducir la circulaci\u00f3n de\u2026","rel":"","context":"En \u00abSin categor\u00eda\u00bb","block_context":{"text":"Sin categor\u00eda","link":"https:\/\/lasprimeras.com.do\/index.php\/category\/sin-categoria\/"},"img":{"alt_text":"","src":"https:\/\/i0.wp.com\/lasprimeras.com.do\/wp-content\/uploads\/2025\/11\/Victor-Atallah.jpg?resize=350%2C200&ssl=1","width":350,"height":200,"srcset":"https:\/\/i0.wp.com\/lasprimeras.com.do\/wp-content\/uploads\/2025\/11\/Victor-Atallah.jpg?resize=350%2C200&ssl=1 1x, https:\/\/i0.wp.com\/lasprimeras.com.do\/wp-content\/uploads\/2025\/11\/Victor-Atallah.jpg?resize=525%2C300&ssl=1 1.5x, https:\/\/i0.wp.com\/lasprimeras.com.do\/wp-content\/uploads\/2025\/11\/Victor-Atallah.jpg?resize=700%2C400&ssl=1 2x"},"classes":[]}],"jetpack_sharing_enabled":true,"jetpack_featured_media_url":"https:\/\/lasprimeras.com.do\/wp-content\/uploads\/2026\/09\/SNTP-1.jpg","_links":{"self":[{"href":"https:\/\/lasprimeras.com.do\/index.php\/wp-json\/wp\/v2\/posts\/139186","targetHints":{"allow":["GET"]}}],"collection":[{"href":"https:\/\/lasprimeras.com.do\/index.php\/wp-json\/wp\/v2\/posts"}],"about":[{"href":"https:\/\/lasprimeras.com.do\/index.php\/wp-json\/wp\/v2\/types\/post"}],"author":[{"embeddable":true,"href":"https:\/\/lasprimeras.com.do\/index.php\/wp-json\/wp\/v2\/users\/10"}],"replies":[{"embeddable":true,"href":"https:\/\/lasprimeras.com.do\/index.php\/wp-json\/wp\/v2\/comments?post=139186"}],"version-history":[{"count":1,"href":"https:\/\/lasprimeras.com.do\/index.php\/wp-json\/wp\/v2\/posts\/139186\/revisions"}],"predecessor-version":[{"id":139189,"href":"https:\/\/lasprimeras.com.do\/index.php\/wp-json\/wp\/v2\/posts\/139186\/revisions\/139189"}],"wp:featuredmedia":[{"embeddable":true,"href":"https:\/\/lasprimeras.com.do\/index.php\/wp-json\/wp\/v2\/media\/139187"}],"wp:attachment":[{"href":"https:\/\/lasprimeras.com.do\/index.php\/wp-json\/wp\/v2\/media?parent=139186"}],"wp:term":[{"taxonomy":"category","embeddable":true,"href":"https:\/\/lasprimeras.com.do\/index.php\/wp-json\/wp\/v2\/categories?post=139186"},{"taxonomy":"post_tag","embeddable":true,"href":"https:\/\/lasprimeras.com.do\/index.php\/wp-json\/wp\/v2\/tags?post=139186"}],"curies":[{"name":"wp","href":"https:\/\/api.w.org\/{rel}","templated":true}]}}