{"id":139193,"date":"2026-09-05T23:37:27","date_gmt":"2026-09-06T03:37:27","guid":{"rendered":"https:\/\/lasprimeras.com.do\/?p=139193"},"modified":"2026-09-05T23:37:32","modified_gmt":"2026-09-06T03:37:32","slug":"director-de-la-pn-pone-en-marcha-de-la-ruta-azul","status":"publish","type":"post","link":"https:\/\/lasprimeras.com.do\/index.php\/2026\/09\/05\/director-de-la-pn-pone-en-marcha-de-la-ruta-azul\/","title":{"rendered":"Director de la PN pone en marcha de la Ruta Azul"},"content":{"rendered":"\n<p class=\"wp-block-paragraph\"><strong>\u201cLa seguridad p\u00fablica y ciudadana se construye caminando al lado de la gente.\u201d<\/strong><\/p>\n\n\n\n<p class=\"wp-block-paragraph\"><strong>SANTO DOMINGO &#8211;<\/strong> El director de la Polic\u00eda Nacional, mayor general Ernesto Rodr\u00edguez Garc\u00eda, puso en marcha de la \u201cRuta Azul\u201d y exhort\u00f3 a los hombres y mujeres que integran este nuevo servicio a vestir el uniforme con orgullo y desempe\u00f1ar sus funciones con cortes\u00eda, disciplina, responsabilidad y vocaci\u00f3n preventiva.<\/p>\n\n\n<div class=\"wp-block-image\">\n<figure class=\"alignleft size-full is-resized\"><img decoding=\"async\" width=\"1000\" height=\"666\" src=\"https:\/\/lasprimeras.com.do\/wp-content\/uploads\/2026\/09\/linea-azul-2.jpg\" alt=\"\" class=\"wp-image-139195\" style=\"aspect-ratio:1.501522873254727;width:388px;height:auto\" srcset=\"https:\/\/lasprimeras.com.do\/wp-content\/uploads\/2026\/09\/linea-azul-2.jpg 1000w, https:\/\/lasprimeras.com.do\/wp-content\/uploads\/2026\/09\/linea-azul-2-300x200.jpg 300w, https:\/\/lasprimeras.com.do\/wp-content\/uploads\/2026\/09\/linea-azul-2-767x511.jpg 767w\" sizes=\"(max-width: 1000px) 100vw, 1000px\" \/><\/figure>\n<\/div>\n\n\n<p class=\"wp-block-paragraph\">Asimismo, les llam\u00f3 a actuar con estricto respeto a la Constituci\u00f3n de la Rep\u00fablica, los derechos humanos y la dignidad de las personas, como verdaderos guardianes del Estado de derecho.<\/p>\n\n\n\n<p class=\"wp-block-paragraph\">La Ruta Azul representa una presencia policial m\u00e1s cercana, visible y planificada, orientada a brindar tranquilidad, fortalecer la convivencia pac\u00edfica y proteger a todos los ciudadanos y visitantes.<\/p>\n","protected":false},"excerpt":{"rendered":"<p>\u201cLa seguridad p\u00fablica y ciudadana se construye caminando al lado de la gente.\u201d SANTO DOMINGO &#8211; El director de la Polic\u00eda Nacional, mayor general Ernesto Rodr\u00edguez Garc\u00eda, puso en marcha&hellip;<\/p>\n","protected":false},"author":10,"featured_media":139194,"comment_status":"open","ping_status":"open","sticky":false,"template":"","format":"standard","meta":{"content-type":"","_jetpack_newsletter_access":"","_jetpack_dont_email_post_to_subs":false,"_jetpack_newsletter_tier_id":0,"_jetpack_memberships_contains_paywalled_content":false,"_jetpack_feature_clip_id":0,"_jetpack_memberships_contains_paid_content":false,"footnotes":"","jetpack_post_was_ever_published":false},"categories":[3057],"tags":[22939,36336,36337],"class_list":["post-139193","post","type-post","status-publish","format-standard","has-post-thumbnail","hentry","category-militares","tag-director-de-la-pn","tag-pone-en-marcha","tag-ruta-azul"],"jetpack-related-posts":[{"id":89842,"url":"https:\/\/lasprimeras.com.do\/index.php\/2024\/10\/06\/unet-respalda-operativos-de-digesett-e-intrant-y-retencion-de-vehiculos-piratas\/","url_meta":{"origin":139193,"position":0},"title":"UNET respalda operativos de DIGESETT e INTRANT y retenci\u00f3n de &#8220;veh\u00edculos piratas&#8221;","author":"Nelson Feliz","date":"6 de octubre de 2024","format":false,"excerpt":"La Uni\u00f3n Nacional de Empresas del Transporte (UNET) respald\u00f3 los operativos puestos en marcha por la Direcci\u00f3n General de Seguridad de Tr\u00e1nsito y Transporte Terrestre (DIGESETT) y el Instituto Nacional de Transporte Terrestre (INTRANT), cuyos agentes e inspectores han retenidos decenas de \"carros y guag\u00fcitas piratas\" que han invadido rutas\u2026","rel":"","context":"En \u00abNACIONALES\u00bb","block_context":{"text":"NACIONALES","link":"https:\/\/lasprimeras.com.do\/index.php\/category\/nacionales\/"},"img":{"alt_text":"Reynaldo P\u00e9rez S\u00e1nchez","src":"https:\/\/i0.wp.com\/lasprimeras.com.do\/wp-content\/uploads\/2024\/10\/Reynaldo-Perez-Sanchez-1.jpg?resize=350%2C200&ssl=1","width":350,"height":200,"srcset":"https:\/\/i0.wp.com\/lasprimeras.com.do\/wp-content\/uploads\/2024\/10\/Reynaldo-Perez-Sanchez-1.jpg?resize=350%2C200&ssl=1 1x, https:\/\/i0.wp.com\/lasprimeras.com.do\/wp-content\/uploads\/2024\/10\/Reynaldo-Perez-Sanchez-1.jpg?resize=525%2C300&ssl=1 1.5x, https:\/\/i0.wp.com\/lasprimeras.com.do\/wp-content\/uploads\/2024\/10\/Reynaldo-Perez-Sanchez-1.jpg?resize=700%2C400&ssl=1 2x"},"classes":[]},{"id":62212,"url":"https:\/\/lasprimeras.com.do\/index.php\/2023\/10\/03\/dncd-pone-en-marcha-programa-la-ruta-de-la-prevencion\/","url_meta":{"origin":139193,"position":1},"title":"DNCD pone en marcha programa \u201cLa Ruta de la Prevenci\u00f3n\u201d","author":"Nelson Feliz","date":"3 de octubre de 2023","format":false,"excerpt":"Por Martin Restituyo La Direcci\u00f3n Nacional de Control de Drogas (DNCD) y profesores del Distrito Escolar 15-02, del Ministerio de Educaci\u00f3n, dejaron iniciado el programa \u201cLa Ruta de la Prevenci\u00f3n\u201d, iniciativa que busca orientar a ni\u00f1os, ni\u00f1as, adolescentes y j\u00f3venes, sobre las secuelas y el grave da\u00f1o que provoca el\u2026","rel":"","context":"En \u00abMILITARES\u00bb","block_context":{"text":"MILITARES","link":"https:\/\/lasprimeras.com.do\/index.php\/category\/militares\/"},"img":{"alt_text":"DNCD","src":"https:\/\/i0.wp.com\/lasprimeras.com.do\/wp-content\/uploads\/2023\/10\/DNCD-3.jpg?resize=350%2C200&ssl=1","width":350,"height":200,"srcset":"https:\/\/i0.wp.com\/lasprimeras.com.do\/wp-content\/uploads\/2023\/10\/DNCD-3.jpg?resize=350%2C200&ssl=1 1x, https:\/\/i0.wp.com\/lasprimeras.com.do\/wp-content\/uploads\/2023\/10\/DNCD-3.jpg?resize=525%2C300&ssl=1 1.5x, https:\/\/i0.wp.com\/lasprimeras.com.do\/wp-content\/uploads\/2023\/10\/DNCD-3.jpg?resize=700%2C400&ssl=1 2x"},"classes":[]},{"id":92202,"url":"https:\/\/lasprimeras.com.do\/index.php\/2025\/01\/01\/defensor-del-pueblo-reconoce-a-comedores-economicos-por-compromiso-con-los-derechos-de-la-poblacion\/","url_meta":{"origin":139193,"position":2},"title":"Defensor del Pueblo reconoce a Comedores Econ\u00f3micos por compromiso con los derechos de la poblaci\u00f3n","author":"Nelson Feliz","date":"1 de enero de 2025","format":false,"excerpt":"La instituci\u00f3n de ayuda social se mantuvo dando asistencia alimentaria a todos los asistentes a las actividades realizadas en el marco de la Ruta de los Derechos que se celebr\u00f3 en todo el pa\u00eds. El Defensor del Pueblo reconoci\u00f3 a Comedores Econ\u00f3micos del Estado Dominicano (CEED), en la persona de\u2026","rel":"","context":"En \u00abNACIONALES\u00bb","block_context":{"text":"NACIONALES","link":"https:\/\/lasprimeras.com.do\/index.php\/category\/nacionales\/"},"img":{"alt_text":"","src":"https:\/\/i0.wp.com\/lasprimeras.com.do\/wp-content\/uploads\/2025\/01\/defensor.jpg?resize=350%2C200&ssl=1","width":350,"height":200,"srcset":"https:\/\/i0.wp.com\/lasprimeras.com.do\/wp-content\/uploads\/2025\/01\/defensor.jpg?resize=350%2C200&ssl=1 1x, https:\/\/i0.wp.com\/lasprimeras.com.do\/wp-content\/uploads\/2025\/01\/defensor.jpg?resize=525%2C300&ssl=1 1.5x, https:\/\/i0.wp.com\/lasprimeras.com.do\/wp-content\/uploads\/2025\/01\/defensor.jpg?resize=700%2C400&ssl=1 2x"},"classes":[]},{"id":130776,"url":"https:\/\/lasprimeras.com.do\/index.php\/2026\/05\/16\/la-policia-de-londres-se-prepara-para-un-dia-ajetreado-con-2-marchas-y-una-final-de-futbol\/","url_meta":{"origin":139193,"position":3},"title":"La polic\u00eda de Londres se prepara para un d\u00eda ajetreado con 2 marchas y una final de f\u00fatbol","author":"Nelson Feliz","date":"16 de mayo de 2026","format":false,"excerpt":"POR PAN PYLAS LONDRES (AP) \u2014 La polic\u00eda patrullaba las calles de Londres mientras miles de personas llegaron a la capital del Reino Unido el s\u00e1bado para participar en dos grandes manifestaciones, y miles de aficionados al f\u00fatbol se congregaron para la final de la Copa de la Liga inglesa\u2026","rel":"","context":"En \u00abINTERNACIONALES\u00bb","block_context":{"text":"INTERNACIONALES","link":"https:\/\/lasprimeras.com.do\/index.php\/category\/sin-categoria\/internacionales\/"},"img":{"alt_text":"","src":"https:\/\/i0.wp.com\/lasprimeras.com.do\/wp-content\/uploads\/2026\/05\/Marcha.jpg?resize=350%2C200&ssl=1","width":350,"height":200,"srcset":"https:\/\/i0.wp.com\/lasprimeras.com.do\/wp-content\/uploads\/2026\/05\/Marcha.jpg?resize=350%2C200&ssl=1 1x, https:\/\/i0.wp.com\/lasprimeras.com.do\/wp-content\/uploads\/2026\/05\/Marcha.jpg?resize=525%2C300&ssl=1 1.5x, https:\/\/i0.wp.com\/lasprimeras.com.do\/wp-content\/uploads\/2026\/05\/Marcha.jpg?resize=700%2C400&ssl=1 2x"},"classes":[]},{"id":62160,"url":"https:\/\/lasprimeras.com.do\/index.php\/2023\/10\/03\/la-mision-multinacional-en-haiti-debe-incluir-medidas-para-proteger-derechos-humanos\/","url_meta":{"origin":139193,"position":4},"title":"La misi\u00f3n multinacional en Hait\u00ed debe incluir medidas para proteger derechos humanos","author":"Nelson Feliz","date":"3 de octubre de 2023","format":false,"excerpt":"El presidente de Kenia, William Ruto, subray\u00f3 hoy que el nuevo dispositivo debe dejar una huella diferente en la historia de las intervenciones internacionales en Hait\u00ed. Amnist\u00eda Internacional (AI) pidi\u00f3 este martes al Consejo de Seguridad de las Naciones Unidas que el despliegue de la misi\u00f3n multinacional liderada por Kenia\u2026","rel":"","context":"En \u00abSin categor\u00eda\u00bb","block_context":{"text":"Sin categor\u00eda","link":"https:\/\/lasprimeras.com.do\/index.php\/category\/sin-categoria\/"},"img":{"alt_text":"Miembros armados de la pandilla","src":"https:\/\/i0.wp.com\/lasprimeras.com.do\/wp-content\/uploads\/2023\/10\/Miembros-armados-de-la-pandilla.jpeg?resize=350%2C200&ssl=1","width":350,"height":200,"srcset":"https:\/\/i0.wp.com\/lasprimeras.com.do\/wp-content\/uploads\/2023\/10\/Miembros-armados-de-la-pandilla.jpeg?resize=350%2C200&ssl=1 1x, https:\/\/i0.wp.com\/lasprimeras.com.do\/wp-content\/uploads\/2023\/10\/Miembros-armados-de-la-pandilla.jpeg?resize=525%2C300&ssl=1 1.5x, https:\/\/i0.wp.com\/lasprimeras.com.do\/wp-content\/uploads\/2023\/10\/Miembros-armados-de-la-pandilla.jpeg?resize=700%2C400&ssl=1 2x"},"classes":[]},{"id":53560,"url":"https:\/\/lasprimeras.com.do\/index.php\/2023\/06\/28\/el-ayuntamiento-de-santo-domingo-este-anuncia-ruta-y-frecuencia-de-la-nueva-flotilla-de-camiones\/","url_meta":{"origin":139193,"position":5},"title":"El Ayuntamiento de Santo Domingo Este anuncia ruta y frecuencia de la nueva flotilla de camiones","author":"Nelson Feliz","date":"28 de junio de 2023","format":false,"excerpt":"El PROGRAMA GARANTIZAR\u00c1 A LOS MUNICIPES QUE PODR\u00c1N SACAR LOS DESPERDICIOS EN LOS D\u00cdAS ESTABLECIDOS PARA DE INMEDIATO SER RECOGIDOS. Por Martin Restituyo A partir del pr\u00f3ximo lunes la recogida de desechos s\u00f3lidos en la Circunscripci\u00f3n 1 de Santo Domingo Este se realizar\u00e1 mediante la aplicaci\u00f3n del programa de ruta\u2026","rel":"","context":"En \u00abNACIONALES\u00bb","block_context":{"text":"NACIONALES","link":"https:\/\/lasprimeras.com.do\/index.php\/category\/nacionales\/"},"img":{"alt_text":"Ayuntamiento Santo Domingo Este","src":"https:\/\/i0.wp.com\/lasprimeras.com.do\/wp-content\/uploads\/2023\/06\/Camiones-ASDE-1.jpg?resize=350%2C200&ssl=1","width":350,"height":200,"srcset":"https:\/\/i0.wp.com\/lasprimeras.com.do\/wp-content\/uploads\/2023\/06\/Camiones-ASDE-1.jpg?resize=350%2C200&ssl=1 1x, https:\/\/i0.wp.com\/lasprimeras.com.do\/wp-content\/uploads\/2023\/06\/Camiones-ASDE-1.jpg?resize=525%2C300&ssl=1 1.5x, https:\/\/i0.wp.com\/lasprimeras.com.do\/wp-content\/uploads\/2023\/06\/Camiones-ASDE-1.jpg?resize=700%2C400&ssl=1 2x"},"classes":[]}],"jetpack_sharing_enabled":true,"jetpack_featured_media_url":"https:\/\/lasprimeras.com.do\/wp-content\/uploads\/2026\/09\/linea-azul-1.jpg","_links":{"self":[{"href":"https:\/\/lasprimeras.com.do\/index.php\/wp-json\/wp\/v2\/posts\/139193","targetHints":{"allow":["GET"]}}],"collection":[{"href":"https:\/\/lasprimeras.com.do\/index.php\/wp-json\/wp\/v2\/posts"}],"about":[{"href":"https:\/\/lasprimeras.com.do\/index.php\/wp-json\/wp\/v2\/types\/post"}],"author":[{"embeddable":true,"href":"https:\/\/lasprimeras.com.do\/index.php\/wp-json\/wp\/v2\/users\/10"}],"replies":[{"embeddable":true,"href":"https:\/\/lasprimeras.com.do\/index.php\/wp-json\/wp\/v2\/comments?post=139193"}],"version-history":[{"count":1,"href":"https:\/\/lasprimeras.com.do\/index.php\/wp-json\/wp\/v2\/posts\/139193\/revisions"}],"predecessor-version":[{"id":139196,"href":"https:\/\/lasprimeras.com.do\/index.php\/wp-json\/wp\/v2\/posts\/139193\/revisions\/139196"}],"wp:featuredmedia":[{"embeddable":true,"href":"https:\/\/lasprimeras.com.do\/index.php\/wp-json\/wp\/v2\/media\/139194"}],"wp:attachment":[{"href":"https:\/\/lasprimeras.com.do\/index.php\/wp-json\/wp\/v2\/media?parent=139193"}],"wp:term":[{"taxonomy":"category","embeddable":true,"href":"https:\/\/lasprimeras.com.do\/index.php\/wp-json\/wp\/v2\/categories?post=139193"},{"taxonomy":"post_tag","embeddable":true,"href":"https:\/\/lasprimeras.com.do\/index.php\/wp-json\/wp\/v2\/tags?post=139193"}],"curies":[{"name":"wp","href":"https:\/\/api.w.org\/{rel}","templated":true}]}}