{"id":139197,"date":"2026-09-06T00:00:24","date_gmt":"2026-09-06T04:00:24","guid":{"rendered":"https:\/\/lasprimeras.com.do\/?p=139197"},"modified":"2026-09-06T00:00:26","modified_gmt":"2026-09-06T04:00:26","slug":"joven-muere-tras-impactar-con-poste-electrico-en-la-victoria","status":"publish","type":"post","link":"https:\/\/lasprimeras.com.do\/index.php\/2026\/09\/06\/joven-muere-tras-impactar-con-poste-electrico-en-la-victoria\/","title":{"rendered":"Joven muere tras impactar con poste el\u00e9ctrico en La Victoria"},"content":{"rendered":"\n<p class=\"wp-block-paragraph\">Por Abd\u00edas Estrella<\/p>\n\n\n\n<p class=\"wp-block-paragraph\">Santo Domingo Norte, RD.-. Un joven de aproximadamente 26 a\u00f1os de edad, identificado de manera preliminar como Yeral, perdi\u00f3 la vida la noche de este s\u00e1bado tras impactar la motocicleta que conduc\u00eda contra un poste del tendido el\u00e9ctrico en el municipio de La Victoria, provincia Santo Domingo Norte.<\/p>\n\n\n\n<p class=\"wp-block-paragraph\">El hecho ocurri\u00f3 a las 8:20 p.m. en el paraje El Bamb\u00fa, a unos 300 metros de la bomba de combustible Eco Petr\u00f3leo, en la carretera La Victoria.<\/p>\n\n\n\n<p class=\"wp-block-paragraph\">Seg\u00fan las versiones de testigos en el lugar, el joven era perseguido por agentes de la Direcci\u00f3n General de Seguridad de Tr\u00e1nsito y Transporte Terrestre (Digesett) y una camioneta de la Polic\u00eda Nacional al momento del accidente.<\/p>\n\n\n\n<p class=\"wp-block-paragraph\">El occiso se desplazaba en una motocicleta marca Suzuki AX 100, color negro.<\/p>\n\n\n\n<p class=\"wp-block-paragraph\">En el lugar se registr\u00f3 un conflicto entre un reportero del periodico digital lasprimeras.com.do y un cabo de la DIGESETT, quien prohibi\u00f3 realizar la recopilaci\u00f3n de informaci\u00f3n de los hechos donde muri\u00f3 el joven.<\/p>\n\n\n\n<p class=\"wp-block-paragraph\">El agente actu\u00f3 de forma violenta y agresiva, alegando que era ilegal cuestionar en la escena d\u00f3nde ocurri\u00f3 el lamentable accidente.<\/p>\n\n\n\n<p class=\"wp-block-paragraph\">Al lugar se presentaron unidades de la Polic\u00eda Nacional, la Cruz Roja Dominicana, el Sistema de Emergencia 9-1-1 y del Instituto Nacional de Ciencias Forenses (INACIF), pero el joven ya no presentaba signos vitales.<\/p>\n\n\n\n<p class=\"wp-block-paragraph\">Las autoridades correspondientes realizaron el levantamiento del cad\u00e1ver y las investigaciones de lugar. Hasta el momento no se ha ofrecido una versi\u00f3n oficial sobre las circunstancias de la persecuci\u00f3n.<\/p>\n\n\n\n<figure class=\"wp-block-video\"><video height=\"850\" style=\"aspect-ratio: 478 \/ 850;\" width=\"478\" controls src=\"https:\/\/lasprimeras.com.do\/wp-content\/uploads\/2026\/09\/WhatsApp-Video-2026-09-05-at-11.21.09-PM-1.mp4\"><\/video><\/figure>\n\n\n\n<figure class=\"wp-block-video\"><video height=\"478\" style=\"aspect-ratio: 848 \/ 478;\" width=\"848\" controls src=\"https:\/\/lasprimeras.com.do\/wp-content\/uploads\/2026\/09\/WhatsApp-Video-2026-09-05-at-11.21.09-PM.mp4\"><\/video><\/figure>\n","protected":false},"excerpt":{"rendered":"<p>Por Abd\u00edas Estrella Santo Domingo Norte, RD.-. Un joven de aproximadamente 26 a\u00f1os de edad, identificado de manera preliminar como Yeral, perdi\u00f3 la vida la noche de este s\u00e1bado tras&hellip;<\/p>\n","protected":false},"author":10,"featured_media":139198,"comment_status":"open","ping_status":"open","sticky":false,"template":"","format":"standard","meta":{"content-type":"","_jetpack_newsletter_access":"","_jetpack_dont_email_post_to_subs":false,"_jetpack_newsletter_tier_id":0,"_jetpack_memberships_contains_paywalled_content":false,"_jetpack_feature_clip_id":0,"_jetpack_memberships_contains_paid_content":false,"footnotes":"","jetpack_post_was_ever_published":false},"categories":[25],"tags":[3901,36338,3316,36339],"class_list":["post-139197","post","type-post","status-publish","format-standard","has-post-thumbnail","hentry","category-portada","tag-impactar","tag-joven-muere","tag-la-victoria","tag-poste-electrico"],"jetpack-related-posts":[{"id":53337,"url":"https:\/\/lasprimeras.com.do\/index.php\/2023\/06\/25\/jovenes-pierden-la-vida-al-impactar-jeepeta-con-un-poste-del-tendido-electico-en-santana-bani\/","url_meta":{"origin":139197,"position":0},"title":"J\u00f3venes pierden la vida al impactar Jeepeta con un poste del tendido electico en Santana, Bani","author":"Nelson Feliz","date":"25 de junio de 2023","format":false,"excerpt":"Tres j\u00f3venes perdieron la vida tr\u00e1gicamente la madrugada de este domingo cu\u00e1ndo la Jeepeta en que se desplazaban choc\u00f3 con un poste del tendido el\u00e9ctrico ubicado en la Calle Marginal que conduce al del distrito municipal de Santana y al municipio de Nizao. Se trata de una Ford Explorer 2013\u2026","rel":"","context":"En \u00abNACIONALES\u00bb","block_context":{"text":"NACIONALES","link":"https:\/\/lasprimeras.com.do\/index.php\/category\/nacionales\/"},"img":{"alt_text":"Tres j\u00f3venes perdieron la vida tr\u00e1gicamente","src":"https:\/\/i0.wp.com\/lasprimeras.com.do\/wp-content\/uploads\/2023\/06\/Mueren.jpg?resize=350%2C200&ssl=1","width":350,"height":200,"srcset":"https:\/\/i0.wp.com\/lasprimeras.com.do\/wp-content\/uploads\/2023\/06\/Mueren.jpg?resize=350%2C200&ssl=1 1x, https:\/\/i0.wp.com\/lasprimeras.com.do\/wp-content\/uploads\/2023\/06\/Mueren.jpg?resize=525%2C300&ssl=1 1.5x, https:\/\/i0.wp.com\/lasprimeras.com.do\/wp-content\/uploads\/2023\/06\/Mueren.jpg?resize=700%2C400&ssl=1 2x, https:\/\/i0.wp.com\/lasprimeras.com.do\/wp-content\/uploads\/2023\/06\/Mueren.jpg?resize=1050%2C600&ssl=1 3x"},"classes":[]},{"id":112224,"url":"https:\/\/lasprimeras.com.do\/index.php\/2025\/10\/19\/joven-muere-tras-chocar-motocicleta-con-camioneta-en-carretera-hato-mayor-el-valle\/","url_meta":{"origin":139197,"position":1},"title":"Joven muere tras chocar motocicleta con camioneta en carretera Hato Mayor\u2013El Valle","author":"Nelson Feliz","date":"19 de octubre de 2025","format":false,"excerpt":"Un joven de 28 a\u00f1os perdi\u00f3 la vida la tarde de ayer s\u00e1bado tras impactar la motocicleta que conduc\u00eda con una camioneta en la carretera Hato Mayor\u2013El Valle, a la altura del kil\u00f3metro 23, pr\u00f3ximo a Sabana de la Mar. La v\u00edctima fue identificada como Jhonatan Santana Santana, dominicano y\u2026","rel":"","context":"En \u00abSin categor\u00eda\u00bb","block_context":{"text":"Sin categor\u00eda","link":"https:\/\/lasprimeras.com.do\/index.php\/category\/sin-categoria\/"},"img":{"alt_text":"","src":"https:\/\/i0.wp.com\/lasprimeras.com.do\/wp-content\/uploads\/2025\/10\/moto.jpg?resize=350%2C200&ssl=1","width":350,"height":200,"srcset":"https:\/\/i0.wp.com\/lasprimeras.com.do\/wp-content\/uploads\/2025\/10\/moto.jpg?resize=350%2C200&ssl=1 1x, https:\/\/i0.wp.com\/lasprimeras.com.do\/wp-content\/uploads\/2025\/10\/moto.jpg?resize=525%2C300&ssl=1 1.5x, https:\/\/i0.wp.com\/lasprimeras.com.do\/wp-content\/uploads\/2025\/10\/moto.jpg?resize=700%2C400&ssl=1 2x"},"classes":[]},{"id":131049,"url":"https:\/\/lasprimeras.com.do\/index.php\/2026\/05\/18\/edeeste-invierte-us245-mil-en-redes-y-alumbrado-de-la-victoria\/","url_meta":{"origin":139197,"position":2},"title":"Edeeste invierte US$245 mil en redes y alumbrado de La Victoria","author":"Nelson Feliz","date":"18 de mayo de 2026","format":false,"excerpt":"La Empresa Distribuidora de Electricidad del Este (Edeeste) informa que actualmente ejecuta un importante proyecto de inversi\u00f3n valorado en alrededor de 245 mil d\u00f3lares, orientado al fortalecimiento de la infraestructura el\u00e9ctrica y la mejora del servicio en varios sectores del distrito municipal de La Victoria, municipio Santo Domingo Norte. Edeeste\u2026","rel":"","context":"En \u00abECONOM\u00cdA\u00bb","block_context":{"text":"ECONOM\u00cdA","link":"https:\/\/lasprimeras.com.do\/index.php\/category\/economia\/"},"img":{"alt_text":"Edeeste","src":"https:\/\/i0.wp.com\/lasprimeras.com.do\/wp-content\/uploads\/2026\/05\/Edeeste-1.jpg?resize=350%2C200&ssl=1","width":350,"height":200,"srcset":"https:\/\/i0.wp.com\/lasprimeras.com.do\/wp-content\/uploads\/2026\/05\/Edeeste-1.jpg?resize=350%2C200&ssl=1 1x, https:\/\/i0.wp.com\/lasprimeras.com.do\/wp-content\/uploads\/2026\/05\/Edeeste-1.jpg?resize=525%2C300&ssl=1 1.5x, https:\/\/i0.wp.com\/lasprimeras.com.do\/wp-content\/uploads\/2026\/05\/Edeeste-1.jpg?resize=700%2C400&ssl=1 2x"},"classes":[]},{"id":52320,"url":"https:\/\/lasprimeras.com.do\/index.php\/2023\/06\/09\/policia-asesina-pareja-sentimental-este-madrugada-en-la-victoria\/","url_meta":{"origin":139197,"position":3},"title":"Miembro de la FARD asesina pareja sentimental este madrugada en La Victoria","author":"prenxa100","date":"9 de junio de 2023","format":false,"excerpt":"El miembro de la Fuerza A\u00e9rea de la Rep\u00fablica Dominicana, (FARD), Genaro Vargas Martinez de 39 a\u00f1os, mat\u00f3 a su pareja sentimental la madrugada de este viernes de un disparo en la cabeza supuestamente por celos, en el sector de La Ca\u00f1a de La Victoria municipio Santo Domingo Norte. Se\u2026","rel":"","context":"En \u00abNACIONALES\u00bb","block_context":{"text":"NACIONALES","link":"https:\/\/lasprimeras.com.do\/index.php\/category\/nacionales\/"},"img":{"alt_text":"","src":"https:\/\/i0.wp.com\/atento.com.do\/wp-content\/uploads\/2023\/06\/Genaro-Vargas-576x1024.jpg?resize=350%2C200&ssl=1","width":350,"height":200,"srcset":"https:\/\/i0.wp.com\/atento.com.do\/wp-content\/uploads\/2023\/06\/Genaro-Vargas-576x1024.jpg?resize=350%2C200&ssl=1 1x, https:\/\/i0.wp.com\/atento.com.do\/wp-content\/uploads\/2023\/06\/Genaro-Vargas-576x1024.jpg?resize=525%2C300&ssl=1 1.5x"},"classes":[]},{"id":58584,"url":"https:\/\/lasprimeras.com.do\/index.php\/2023\/08\/25\/junior-martinez-impulsara-proyectos-para-mejorar-el-transito-en-santo-domingo-norte\/","url_meta":{"origin":139197,"position":4},"title":"Junior Mart\u00ednez impulsar\u00e1 proyectos para mejorar el tr\u00e1nsito en Santo Domingo Norte","author":"Nelson Feliz","date":"25 de agosto de 2023","format":false,"excerpt":"El precandidato ha diputado por el Partido Revolucionario Moderno (PRM), Junior Mart\u00ednez, asegur\u00f3 que tiene como prioridad impulsar proyectos que garanticen el ordenamiento del tr\u00e1nsito vehicular en Santo Domingo Norte, afirmando que esto puede ser el plan piloto para aplicarlo en el resto de la provincia y el Distrito Nacional.\u2026","rel":"","context":"En \u00abSin categor\u00eda\u00bb","block_context":{"text":"Sin categor\u00eda","link":"https:\/\/lasprimeras.com.do\/index.php\/category\/sin-categoria\/"},"img":{"alt_text":"Junior Mart\u00ednez","src":"https:\/\/i0.wp.com\/lasprimeras.com.do\/wp-content\/uploads\/2023\/08\/Junior-Martinez.jpg?resize=350%2C200&ssl=1","width":350,"height":200,"srcset":"https:\/\/i0.wp.com\/lasprimeras.com.do\/wp-content\/uploads\/2023\/08\/Junior-Martinez.jpg?resize=350%2C200&ssl=1 1x, https:\/\/i0.wp.com\/lasprimeras.com.do\/wp-content\/uploads\/2023\/08\/Junior-Martinez.jpg?resize=525%2C300&ssl=1 1.5x, https:\/\/i0.wp.com\/lasprimeras.com.do\/wp-content\/uploads\/2023\/08\/Junior-Martinez.jpg?resize=700%2C400&ssl=1 2x"},"classes":[]},{"id":118315,"url":"https:\/\/lasprimeras.com.do\/index.php\/2025\/12\/26\/conmocion-en-los-guandules-joven-de-19-anos-es-asesinada-a-tiros-en-plena-via-publica\/","url_meta":{"origin":139197,"position":5},"title":"Conmoci\u00f3n en Los Guandules: Joven de 19 a\u00f1os es asesinada a tiros en plena v\u00eda p\u00fablica","author":"Nelson Feliz","date":"26 de diciembre de 2025","format":false,"excerpt":"La violencia golpe\u00f3 la madrugada de este viernes al sector Los Guandules, en el Distrito Nacional, donde una joven de 19 a\u00f1os perdi\u00f3 la vida tras recibir un impacto de bala mientras se desplazaba en una motocicleta. La v\u00edctima fue identificada por las autoridades como Perla Jokasta Santos Pacheco. Su\u2026","rel":"","context":"En \u00abNACIONALES\u00bb","block_context":{"text":"NACIONALES","link":"https:\/\/lasprimeras.com.do\/index.php\/category\/nacionales\/"},"img":{"alt_text":"Perla Jokasta Santos Pacheco","src":"https:\/\/i0.wp.com\/lasprimeras.com.do\/wp-content\/uploads\/2025\/12\/Perla-Jokasta-Santos-Pacheco.jpg?resize=350%2C200&ssl=1","width":350,"height":200,"srcset":"https:\/\/i0.wp.com\/lasprimeras.com.do\/wp-content\/uploads\/2025\/12\/Perla-Jokasta-Santos-Pacheco.jpg?resize=350%2C200&ssl=1 1x, https:\/\/i0.wp.com\/lasprimeras.com.do\/wp-content\/uploads\/2025\/12\/Perla-Jokasta-Santos-Pacheco.jpg?resize=525%2C300&ssl=1 1.5x"},"classes":[]}],"jetpack_sharing_enabled":true,"jetpack_featured_media_url":"https:\/\/lasprimeras.com.do\/wp-content\/uploads\/2026\/09\/Accidente-La-Victoria.jpg","_links":{"self":[{"href":"https:\/\/lasprimeras.com.do\/index.php\/wp-json\/wp\/v2\/posts\/139197","targetHints":{"allow":["GET"]}}],"collection":[{"href":"https:\/\/lasprimeras.com.do\/index.php\/wp-json\/wp\/v2\/posts"}],"about":[{"href":"https:\/\/lasprimeras.com.do\/index.php\/wp-json\/wp\/v2\/types\/post"}],"author":[{"embeddable":true,"href":"https:\/\/lasprimeras.com.do\/index.php\/wp-json\/wp\/v2\/users\/10"}],"replies":[{"embeddable":true,"href":"https:\/\/lasprimeras.com.do\/index.php\/wp-json\/wp\/v2\/comments?post=139197"}],"version-history":[{"count":1,"href":"https:\/\/lasprimeras.com.do\/index.php\/wp-json\/wp\/v2\/posts\/139197\/revisions"}],"predecessor-version":[{"id":139201,"href":"https:\/\/lasprimeras.com.do\/index.php\/wp-json\/wp\/v2\/posts\/139197\/revisions\/139201"}],"wp:featuredmedia":[{"embeddable":true,"href":"https:\/\/lasprimeras.com.do\/index.php\/wp-json\/wp\/v2\/media\/139198"}],"wp:attachment":[{"href":"https:\/\/lasprimeras.com.do\/index.php\/wp-json\/wp\/v2\/media?parent=139197"}],"wp:term":[{"taxonomy":"category","embeddable":true,"href":"https:\/\/lasprimeras.com.do\/index.php\/wp-json\/wp\/v2\/categories?post=139197"},{"taxonomy":"post_tag","embeddable":true,"href":"https:\/\/lasprimeras.com.do\/index.php\/wp-json\/wp\/v2\/tags?post=139197"}],"curies":[{"name":"wp","href":"https:\/\/api.w.org\/{rel}","templated":true}]}}