{"id":139205,"date":"2026-09-06T00:22:53","date_gmt":"2026-09-06T04:22:53","guid":{"rendered":"https:\/\/lasprimeras.com.do\/?p=139205"},"modified":"2026-09-06T00:22:54","modified_gmt":"2026-09-06T04:22:54","slug":"hombre-muere-tras-recibir-estocada-durante-supuesta-rina-en-pantoja","status":"publish","type":"post","link":"https:\/\/lasprimeras.com.do\/index.php\/2026\/09\/06\/hombre-muere-tras-recibir-estocada-durante-supuesta-rina-en-pantoja\/","title":{"rendered":"Hombre muere tras recibir estocada durante supuesta ri\u00f1a en Pantoja"},"content":{"rendered":"\n<p class=\"wp-block-paragraph\"><strong>Williams de Jes\u00fas, de 32 a\u00f1os, muri\u00f3 tras sufrir una herida punzopenetrante en el t\u00f3rax durante un altercado ocurrido la noche de este s\u00e1bado en Pantoja, Santo Domingo Oeste.<\/strong><\/p>\n\n\n\n<p class=\"wp-block-paragraph\">Por Jos\u00e9 Pimentel<\/p>\n\n\n\n<p class=\"wp-block-paragraph\">Los Alcarrizos, Santo Domingo Oeste.\u2014 Un hombre muri\u00f3 la noche de este s\u00e1bado tras recibir una estocada en el t\u00f3rax durante una supuesta ri\u00f1a registrada pasadas las 8:00 de la noche en el distrito municipal de Pantoja.<\/p>\n\n\n\n<p class=\"wp-block-paragraph\">La v\u00edctima fue identificada como Williams de Jes\u00fas, de 32 a\u00f1os, quien fue trasladado en estado cr\u00edtico por una unidad del Sistema Nacional de Atenci\u00f3n a Emergencias y Seguridad 9-1-1 hasta la sala de emergencias del hospital Dr. Vinicio Calventi.<\/p>\n\n\n\n<p class=\"wp-block-paragraph\">Familiares, amigos y vecinos reclamaron justicia durante el velatorio del joven, quien muri\u00f3 de un balazo en el sector La Altagracia. La Polic\u00eda investiga el hecho.<\/p>\n\n\n\n<p class=\"wp-block-paragraph\">Seg\u00fan informaciones preliminares, De Jes\u00fas presentaba una herida punzopenetrante en el t\u00f3rax, presuntamente ocasionada durante el altercado.<\/p>\n\n\n\n<p class=\"wp-block-paragraph\">El hecho fue notificado a la Polic\u00eda Nacional por las autoridades de seguridad del centro de salud, que iniciaron las diligencias correspondientes para establecer c\u00f3mo ocurri\u00f3 la ri\u00f1a, identificar a los involucrados y determinar responsabilidades.<\/p>\n\n\n\n<p class=\"wp-block-paragraph\">El cuerpo de la v\u00edctima fue trasladado a la morgue del referido hospital, mientras las autoridades profundizan las investigaciones en torno al caso.<\/p>\n","protected":false},"excerpt":{"rendered":"<p>Williams de Jes\u00fas, de 32 a\u00f1os, muri\u00f3 tras sufrir una herida punzopenetrante en el t\u00f3rax durante un altercado ocurrido la noche de este s\u00e1bado en Pantoja, Santo Domingo Oeste. Por&hellip;<\/p>\n","protected":false},"author":10,"featured_media":72673,"comment_status":"open","ping_status":"open","sticky":false,"template":"","format":"standard","meta":{"content-type":"","_jetpack_newsletter_access":"","_jetpack_dont_email_post_to_subs":false,"_jetpack_newsletter_tier_id":0,"_jetpack_memberships_contains_paywalled_content":false,"_jetpack_feature_clip_id":0,"_jetpack_memberships_contains_paid_content":false,"footnotes":"","jetpack_post_was_ever_published":false},"categories":[35],"tags":[1125,36342,66,8820,860,36343],"class_list":["post-139205","post","type-post","status-publish","format-standard","has-post-thumbnail","hentry","category-nacionales","tag-estocada","tag-hombre-muere","tag-los-alcarrizos","tag-pantoja","tag-santo-domingo-oeste","tag-supuesta-rina"],"jetpack-related-posts":[{"id":110812,"url":"https:\/\/lasprimeras.com.do\/index.php\/2025\/10\/01\/persiguen-hombre-que-lanzo-una-adolescente-desde-un-tercer-piso-en-pantoja\/","url_meta":{"origin":139205,"position":0},"title":"Persiguen hombre que lanz\u00f3 una adolescente desde un tercer piso en Pantoja","author":"Nelson Feliz","date":"1 de octubre de 2025","format":false,"excerpt":"La adolescente fue lanzada supuestamente por Jacinto Jes\u00fas L\u00f3pez, tras presunta violaci\u00f3n sexual. Una adolescente de 15 a\u00f1os result\u00f3 herida tras ser lanzada por un hombre desde el balc\u00f3n del tercer piso de una vivienda ubicada en el distrito municipal Pantoja, municipio Santo Domingo Oeste, la noche del martes 30\u2026","rel":"","context":"En \u00abMILITARES\u00bb","block_context":{"text":"MILITARES","link":"https:\/\/lasprimeras.com.do\/index.php\/category\/militares\/"},"img":{"alt_text":"","src":"https:\/\/i0.wp.com\/lasprimeras.com.do\/wp-content\/uploads\/2025\/08\/Diego-Pesqueira.jpeg?resize=350%2C200&ssl=1","width":350,"height":200,"srcset":"https:\/\/i0.wp.com\/lasprimeras.com.do\/wp-content\/uploads\/2025\/08\/Diego-Pesqueira.jpeg?resize=350%2C200&ssl=1 1x, https:\/\/i0.wp.com\/lasprimeras.com.do\/wp-content\/uploads\/2025\/08\/Diego-Pesqueira.jpeg?resize=525%2C300&ssl=1 1.5x, https:\/\/i0.wp.com\/lasprimeras.com.do\/wp-content\/uploads\/2025\/08\/Diego-Pesqueira.jpeg?resize=700%2C400&ssl=1 2x"},"classes":[]},{"id":72672,"url":"https:\/\/lasprimeras.com.do\/index.php\/2024\/01\/02\/hombre-muere-apunalado-durante-rina-en-higuey\/","url_meta":{"origin":139205,"position":1},"title":"Hombre muere apu\u00f1alado durante ri\u00f1a en Hig\u00fcey","author":"Nelson Feliz","date":"2 de enero de 2024","format":false,"excerpt":"El fallecido fue identificado como Carlos Manuel Rijo, de 38 a\u00f1os de edad. Un hombre de 38 a\u00f1os muri\u00f3 hoy apu\u00f1alado en una presunta ri\u00f1a ocurrida en la calle Ar\u00e9valo Cede\u00f1o del sector El Molino, en esta ciudad de Hig\u00fcey, provincia La Altagracia. El fallecido fue identificado como Carlos Manuel\u2026","rel":"","context":"En \u00abNACIONALES\u00bb","block_context":{"text":"NACIONALES","link":"https:\/\/lasprimeras.com.do\/index.php\/category\/nacionales\/"},"img":{"alt_text":"Carlos Manuel Rijo, de 38 a\u00f1os de edad, muri\u00f3 apu\u00f1alado durante una ri\u00f1a.","src":"https:\/\/i0.wp.com\/lasprimeras.com.do\/wp-content\/uploads\/2024\/01\/cuchillo.jpg?resize=350%2C200&ssl=1","width":350,"height":200,"srcset":"https:\/\/i0.wp.com\/lasprimeras.com.do\/wp-content\/uploads\/2024\/01\/cuchillo.jpg?resize=350%2C200&ssl=1 1x, https:\/\/i0.wp.com\/lasprimeras.com.do\/wp-content\/uploads\/2024\/01\/cuchillo.jpg?resize=525%2C300&ssl=1 1.5x, https:\/\/i0.wp.com\/lasprimeras.com.do\/wp-content\/uploads\/2024\/01\/cuchillo.jpg?resize=700%2C400&ssl=1 2x"},"classes":[]},{"id":57555,"url":"https:\/\/lasprimeras.com.do\/index.php\/2023\/08\/13\/en-barahona-reportan-un-hombre-muerto-y-varios-heridos-en-diferentes-hechos\/","url_meta":{"origin":139205,"position":2},"title":"En Barahona reportan un hombre muerto y varios heridos en diferentes hechos\u00a0","author":"Nelson Feliz","date":"13 de agosto de 2023","format":false,"excerpt":"Fu\u00e9 ingresado a la 4:50 de la madrugada en la Emergencia del Hospital Regional Jaime Mota, el cuerpo sin vida del nombrado Juan Carlos Cruz Alc\u00e1ntara de 29 a\u00f1o de edad, qui\u00e9n resid\u00eda en el barrio las flores de esta ciudad de Barahona. Seg\u00fan los m\u00e9dicos de turno del centro\u2026","rel":"","context":"En \u00abNACIONALES\u00bb","block_context":{"text":"NACIONALES","link":"https:\/\/lasprimeras.com.do\/index.php\/category\/nacionales\/"},"img":{"alt_text":"Hospital Jaime Mota","src":"https:\/\/i0.wp.com\/lasprimeras.com.do\/wp-content\/uploads\/2023\/08\/Hospital-Jaime-Mota.jpg?resize=350%2C200&ssl=1","width":350,"height":200,"srcset":"https:\/\/i0.wp.com\/lasprimeras.com.do\/wp-content\/uploads\/2023\/08\/Hospital-Jaime-Mota.jpg?resize=350%2C200&ssl=1 1x, https:\/\/i0.wp.com\/lasprimeras.com.do\/wp-content\/uploads\/2023\/08\/Hospital-Jaime-Mota.jpg?resize=525%2C300&ssl=1 1.5x, https:\/\/i0.wp.com\/lasprimeras.com.do\/wp-content\/uploads\/2023\/08\/Hospital-Jaime-Mota.jpg?resize=700%2C400&ssl=1 2x"},"classes":[]},{"id":84587,"url":"https:\/\/lasprimeras.com.do\/index.php\/2024\/06\/11\/numero-de-feminicidios-se-eleva-a-24-en-lo-que-va-de-ano\/","url_meta":{"origin":139205,"position":3},"title":"N\u00famero de feminicidios se eleva a 24 en lo que va de a\u00f1o","author":"Nelson Feliz","date":"11 de junio de 2024","format":false,"excerpt":"Los m\u00e1s recientes ocurrieron la noche del domingo, durante hechos por separado, en los que dos mujeres fallecieron a manos de sus parejas sentimentales. MELANIE CUEVAS Durante los primeros cinco meses y lo que va de junio, en total 162 d\u00edas, se han registrado al menos 24 feminicidios, llenando de\u2026","rel":"","context":"En \u00abNACIONALES\u00bb","block_context":{"text":"NACIONALES","link":"https:\/\/lasprimeras.com.do\/index.php\/category\/nacionales\/"},"img":{"alt_text":"","src":"https:\/\/i0.wp.com\/lasprimeras.com.do\/wp-content\/uploads\/2023\/09\/feminicidios.jpg?resize=350%2C200&ssl=1","width":350,"height":200,"srcset":"https:\/\/i0.wp.com\/lasprimeras.com.do\/wp-content\/uploads\/2023\/09\/feminicidios.jpg?resize=350%2C200&ssl=1 1x, https:\/\/i0.wp.com\/lasprimeras.com.do\/wp-content\/uploads\/2023\/09\/feminicidios.jpg?resize=525%2C300&ssl=1 1.5x, https:\/\/i0.wp.com\/lasprimeras.com.do\/wp-content\/uploads\/2023\/09\/feminicidios.jpg?resize=700%2C400&ssl=1 2x"},"classes":[]},{"id":124542,"url":"https:\/\/lasprimeras.com.do\/index.php\/2026\/03\/13\/secretario-general-del-pld-inaugura-este-sabado-nuevos-locales-en-los-alcarrizos-y-pantoja\/","url_meta":{"origin":139205,"position":4},"title":"Secretario General del PLD inaugura este s\u00e1bado nuevos locales en Los Alcarrizos y Pantoja","author":"Nelson Feliz","date":"13 de marzo de 2026","format":false,"excerpt":"El PLD dejar\u00e1 en funcionamiento sus locales en el municipio Los Alcarrizos y el distrito municipal Pantoja. Johnny Pujols, Sec. Gral., encabezar\u00e1` sendos actos El Partido de la Liberaci\u00f3n Dominicana (PLD), program\u00f3 para este s\u00e1bado sendos actos inaugurales de locales de esa organizaci\u00f3n en el municipio Los Alcarrizos y en\u2026","rel":"","context":"En \u00abPOLITICA\u00bb","block_context":{"text":"POLITICA","link":"https:\/\/lasprimeras.com.do\/index.php\/category\/politica\/"},"img":{"alt_text":"Jhonny Pujols","src":"https:\/\/i0.wp.com\/lasprimeras.com.do\/wp-content\/uploads\/2026\/03\/Jhonny-Pujols.jpg?resize=350%2C200&ssl=1","width":350,"height":200,"srcset":"https:\/\/i0.wp.com\/lasprimeras.com.do\/wp-content\/uploads\/2026\/03\/Jhonny-Pujols.jpg?resize=350%2C200&ssl=1 1x, https:\/\/i0.wp.com\/lasprimeras.com.do\/wp-content\/uploads\/2026\/03\/Jhonny-Pujols.jpg?resize=525%2C300&ssl=1 1.5x, https:\/\/i0.wp.com\/lasprimeras.com.do\/wp-content\/uploads\/2026\/03\/Jhonny-Pujols.jpg?resize=700%2C400&ssl=1 2x"},"classes":[]},{"id":53774,"url":"https:\/\/lasprimeras.com.do\/index.php\/2023\/07\/01\/el-alcalde-de-pantoja-fidel-de-los-santos-acompana-pre-candidatos-a-regidores-del-prm\/","url_meta":{"origin":139205,"position":5},"title":"El alcalde de Pantoja, Fidel de los Santos acompa\u00f1a pre-candidatos a regidores del PRM","author":"Nelson Feliz","date":"1 de julio de 2023","format":false,"excerpt":"Con el apoyo mutuo de Fidel de los Santos alcalde de Pantoja y de todos los aspirantes a regidor se evidencia la unidad y el fortalecimiento del Partido Revolucionario Moderno en el Distrito Municipal de Pantoja Santo Domingo Oeste. Esa unidad se ha puesto de manifiesto entre las diferentes postulaciones\u2026","rel":"","context":"En \u00abPORTADA\u00bb","block_context":{"text":"PORTADA","link":"https:\/\/lasprimeras.com.do\/index.php\/category\/portada\/"},"img":{"alt_text":"Elma Cornelio pre-candidata a regidora por Pantoja","src":"https:\/\/i0.wp.com\/lasprimeras.com.do\/wp-content\/uploads\/2023\/07\/Elma-Cornelio-pre-candidata-a-regidora-por-Pantoja.jpg?resize=350%2C200&ssl=1","width":350,"height":200,"srcset":"https:\/\/i0.wp.com\/lasprimeras.com.do\/wp-content\/uploads\/2023\/07\/Elma-Cornelio-pre-candidata-a-regidora-por-Pantoja.jpg?resize=350%2C200&ssl=1 1x, https:\/\/i0.wp.com\/lasprimeras.com.do\/wp-content\/uploads\/2023\/07\/Elma-Cornelio-pre-candidata-a-regidora-por-Pantoja.jpg?resize=525%2C300&ssl=1 1.5x, https:\/\/i0.wp.com\/lasprimeras.com.do\/wp-content\/uploads\/2023\/07\/Elma-Cornelio-pre-candidata-a-regidora-por-Pantoja.jpg?resize=700%2C400&ssl=1 2x"},"classes":[]}],"jetpack_sharing_enabled":true,"jetpack_featured_media_url":"https:\/\/lasprimeras.com.do\/wp-content\/uploads\/2024\/01\/cuchillo.jpg","_links":{"self":[{"href":"https:\/\/lasprimeras.com.do\/index.php\/wp-json\/wp\/v2\/posts\/139205","targetHints":{"allow":["GET"]}}],"collection":[{"href":"https:\/\/lasprimeras.com.do\/index.php\/wp-json\/wp\/v2\/posts"}],"about":[{"href":"https:\/\/lasprimeras.com.do\/index.php\/wp-json\/wp\/v2\/types\/post"}],"author":[{"embeddable":true,"href":"https:\/\/lasprimeras.com.do\/index.php\/wp-json\/wp\/v2\/users\/10"}],"replies":[{"embeddable":true,"href":"https:\/\/lasprimeras.com.do\/index.php\/wp-json\/wp\/v2\/comments?post=139205"}],"version-history":[{"count":1,"href":"https:\/\/lasprimeras.com.do\/index.php\/wp-json\/wp\/v2\/posts\/139205\/revisions"}],"predecessor-version":[{"id":139206,"href":"https:\/\/lasprimeras.com.do\/index.php\/wp-json\/wp\/v2\/posts\/139205\/revisions\/139206"}],"wp:featuredmedia":[{"embeddable":true,"href":"https:\/\/lasprimeras.com.do\/index.php\/wp-json\/wp\/v2\/media\/72673"}],"wp:attachment":[{"href":"https:\/\/lasprimeras.com.do\/index.php\/wp-json\/wp\/v2\/media?parent=139205"}],"wp:term":[{"taxonomy":"category","embeddable":true,"href":"https:\/\/lasprimeras.com.do\/index.php\/wp-json\/wp\/v2\/categories?post=139205"},{"taxonomy":"post_tag","embeddable":true,"href":"https:\/\/lasprimeras.com.do\/index.php\/wp-json\/wp\/v2\/tags?post=139205"}],"curies":[{"name":"wp","href":"https:\/\/api.w.org\/{rel}","templated":true}]}}