{"id":139207,"date":"2026-09-06T00:30:08","date_gmt":"2026-09-06T04:30:08","guid":{"rendered":"https:\/\/lasprimeras.com.do\/?p=139207"},"modified":"2026-09-06T00:33:42","modified_gmt":"2026-09-06T04:33:42","slug":"la-vicepresidenta-felicita-a-joheirry-mola-tras-hacer-historia-como-miss-mundo-2026","status":"publish","type":"post","link":"https:\/\/lasprimeras.com.do\/index.php\/2026\/09\/06\/la-vicepresidenta-felicita-a-joheirry-mola-tras-hacer-historia-como-miss-mundo-2026\/","title":{"rendered":"La vicepresidenta felicita a Joheirry Mola tras hacer historia como Miss Mundo 2026"},"content":{"rendered":"\n<p class=\"wp-block-paragraph\"><strong>Raquel Pe\u00f1a destac\u00f3 la preparaci\u00f3n y determinaci\u00f3n de la nueva reina, as\u00ed como el trabajo de Diany Mota y su hija Diana en la formaci\u00f3n de las representantes dominicanas<\/strong><\/p>\n\n\n\n<p class=\"wp-block-paragraph\"><strong>Santo Domingo.- <\/strong>La vicepresidenta de la Rep\u00fablica, Raquel Pe\u00f1a, felicit\u00f3 a Joheirry Mola tras su coronaci\u00f3n como Miss Mundo 2026, convirti\u00e9ndose en la segunda dominicana en conquistar el prestigioso t\u00edtulo internacional.<\/p>\n\n\n\n<p class=\"wp-block-paragraph\">A trav\u00e9s de un mensaje publicado en sus redes sociales, Pe\u00f1a destac\u00f3 la preparaci\u00f3n y determinaci\u00f3n de la joven reina, recordando el encuentro que ambas sostuvieron cuando Mola tuvo la oportunidad de visitarla en su despacho.<\/p>\n\n\n\n<p class=\"wp-block-paragraph\">\u201cConoc\u00ed a una joven preparada y determinada a alcanzar su sue\u00f1o\u201d, expres\u00f3 la vicepresidenta al resaltar el camino recorrido por la representante dominicana hasta alcanzar la corona de Miss Mundo.<\/p>\n\n\n\n<p class=\"wp-block-paragraph\">Pe\u00f1a tambi\u00e9n aprovech\u00f3 la ocasi\u00f3n para reconocer el trabajo de Diany Mota y su hija Diana, a quienes atribuy\u00f3 una importante labor en la formaci\u00f3n y acompa\u00f1amiento de las representantes dominicanas en los cert\u00e1menes internacionales, especialmente durante el proceso de Joheirry rumbo a Miss Mundo.<\/p>\n\n\n\n<p class=\"wp-block-paragraph\">\u201c\u00a1Enhorabuena, Joheirry! Todos celebramos contigo este momento\u201d, manifest\u00f3 la vicepresidenta, sum\u00e1ndose a las felicitaciones por el triunfo de la nueva soberana de la belleza mundial.<\/p>\n","protected":false},"excerpt":{"rendered":"<p>Raquel Pe\u00f1a destac\u00f3 la preparaci\u00f3n y determinaci\u00f3n de la nueva reina, as\u00ed como el trabajo de Diany Mota y su hija Diana en la formaci\u00f3n de las representantes dominicanas Santo&hellip;<\/p>\n","protected":false},"author":10,"featured_media":139208,"comment_status":"open","ping_status":"open","sticky":false,"template":"","format":"standard","meta":{"content-type":"","_jetpack_newsletter_access":"","_jetpack_dont_email_post_to_subs":false,"_jetpack_newsletter_tier_id":0,"_jetpack_memberships_contains_paywalled_content":false,"_jetpack_feature_clip_id":0,"_jetpack_memberships_contains_paid_content":false,"footnotes":"","jetpack_post_was_ever_published":false},"categories":[84],"tags":[1315,960,36340,36344,36341,2873],"class_list":["post-139207","post","type-post","status-publish","format-standard","has-post-thumbnail","hentry","category-entretenimiento","tag-felicita","tag-historia","tag-joheirry-mola","tag-la-vicepresidenta","tag-miss-mundo-2026","tag-raquel-pena"],"jetpack-related-posts":[{"id":139202,"url":"https:\/\/lasprimeras.com.do\/index.php\/2026\/09\/05\/joheirry-mola-conquista-miss-mundo-2026\/","url_meta":{"origin":139207,"position":0},"title":"Joheirry Mola conquista Miss Mundo 2026","author":"Nelson Feliz","date":"5 de septiembre de 2026","format":false,"excerpt":"Con 24 a\u00f1os y un t\u00edtulo en Administraci\u00f3n de Empresas, la joven docente rompi\u00f3 los moldes de la pasarela tradicional al llevar su proyecto de alfabetizaci\u00f3n infantil al escenario global Por Anibelca Mart\u00ednez Santo Domingo.- Al otro lado del planeta, en la Plaza 2 de Abril de la ciudad costera\u2026","rel":"","context":"En \u00abENTRETENIMIENTO\u00bb","block_context":{"text":"ENTRETENIMIENTO","link":"https:\/\/lasprimeras.com.do\/index.php\/category\/entretenimiento\/"},"img":{"alt_text":"","src":"https:\/\/i0.wp.com\/lasprimeras.com.do\/wp-content\/uploads\/2026\/09\/Mola.jpg?resize=350%2C200&ssl=1","width":350,"height":200,"srcset":"https:\/\/i0.wp.com\/lasprimeras.com.do\/wp-content\/uploads\/2026\/09\/Mola.jpg?resize=350%2C200&ssl=1 1x, https:\/\/i0.wp.com\/lasprimeras.com.do\/wp-content\/uploads\/2026\/09\/Mola.jpg?resize=525%2C300&ssl=1 1.5x, https:\/\/i0.wp.com\/lasprimeras.com.do\/wp-content\/uploads\/2026\/09\/Mola.jpg?resize=700%2C400&ssl=1 2x"},"classes":[]},{"id":139120,"url":"https:\/\/lasprimeras.com.do\/index.php\/2026\/09\/05\/tras-44-anos-republica-dominicana-vuelve-a-conquistar-la-corona-de-miss-mundo\/","url_meta":{"origin":139207,"position":1},"title":"Tras 44 a\u00f1os, Rep\u00fablica Dominicana vuelve a conquistar la corona de Miss Mundo","author":"BIMARY DE JES\u00daS Matos","date":"5 de septiembre de 2026","format":false,"excerpt":"Cuarenta y cuatro a\u00f1os despu\u00e9s de que Mariasela \u00c1lvarez hiciera historia al convertirse en la primera dominicana en ganar la corona de Miss Mundo, Rep\u00fablica Dominicana vuelve a celebrar un triunfo hist\u00f3rico en el certamen internacional. La dominicana Joheirry Mola se alz\u00f3 con la corona de Miss Mundo 2026, convirti\u00e9ndose\u2026","rel":"","context":"En \u00abENTRETENIMIENTO\u00bb","block_context":{"text":"ENTRETENIMIENTO","link":"https:\/\/lasprimeras.com.do\/index.php\/category\/entretenimiento\/"},"img":{"alt_text":"","src":"https:\/\/i0.wp.com\/lasprimeras.com.do\/wp-content\/uploads\/2026\/09\/republica-dominicana-gana-corona-de-miss-mundo-44-anos-despues-44b33a7c-focus-0.18-0.56-896-504-1.jpg?resize=350%2C200&ssl=1","width":350,"height":200,"srcset":"https:\/\/i0.wp.com\/lasprimeras.com.do\/wp-content\/uploads\/2026\/09\/republica-dominicana-gana-corona-de-miss-mundo-44-anos-despues-44b33a7c-focus-0.18-0.56-896-504-1.jpg?resize=350%2C200&ssl=1 1x, https:\/\/i0.wp.com\/lasprimeras.com.do\/wp-content\/uploads\/2026\/09\/republica-dominicana-gana-corona-de-miss-mundo-44-anos-despues-44b33a7c-focus-0.18-0.56-896-504-1.jpg?resize=525%2C300&ssl=1 1.5x, https:\/\/i0.wp.com\/lasprimeras.com.do\/wp-content\/uploads\/2026\/09\/republica-dominicana-gana-corona-de-miss-mundo-44-anos-despues-44b33a7c-focus-0.18-0.56-896-504-1.jpg?resize=700%2C400&ssl=1 2x"},"classes":[]},{"id":139177,"url":"https:\/\/lasprimeras.com.do\/index.php\/2026\/09\/05\/victor-manuel-terrero-celebra-doble-triunfo-historico-de-la-mujer-dominicana\/","url_meta":{"origin":139207,"position":2},"title":"V\u00edctor Manuel Terrero celebra doble triunfo hist\u00f3rico de la mujer dominicana","author":"Nelson Feliz","date":"5 de septiembre de 2026","format":false,"excerpt":"\"Marileidy y Joheirry encarnan el verdadero orgullo de nuestra patria\" SANTO DOMINGO. \u2013 El miembro del Comit\u00e9 Central del Partido de la Liberaci\u00f3n Dominicana (PLD), doctor V\u00edctor Manuel Terrero, calific\u00f3 hoy como un acontecimiento sin precedentes y de profundo orgullo nacional el doble triunfo internacional alcanzado por la atleta Marileidy\u2026","rel":"","context":"En \u00abPORTADA\u00bb","block_context":{"text":"PORTADA","link":"https:\/\/lasprimeras.com.do\/index.php\/category\/portada\/"},"img":{"alt_text":"Marileidy Paulino y Joheirry Morla","src":"https:\/\/i0.wp.com\/lasprimeras.com.do\/wp-content\/uploads\/2026\/09\/Marileidy-Paulino-y-Joheirry-Morla.jpg?resize=350%2C200&ssl=1","width":350,"height":200,"srcset":"https:\/\/i0.wp.com\/lasprimeras.com.do\/wp-content\/uploads\/2026\/09\/Marileidy-Paulino-y-Joheirry-Morla.jpg?resize=350%2C200&ssl=1 1x, https:\/\/i0.wp.com\/lasprimeras.com.do\/wp-content\/uploads\/2026\/09\/Marileidy-Paulino-y-Joheirry-Morla.jpg?resize=525%2C300&ssl=1 1.5x, https:\/\/i0.wp.com\/lasprimeras.com.do\/wp-content\/uploads\/2026\/09\/Marileidy-Paulino-y-Joheirry-Morla.jpg?resize=700%2C400&ssl=1 2x"},"classes":[]},{"id":135663,"url":"https:\/\/lasprimeras.com.do\/index.php\/2026\/07\/26\/competencia-preliminar-del-miss-republica-dominicana-marca-emocionante-antesala-a-la-gala-de-coronacion\/","url_meta":{"origin":139207,"position":3},"title":"Competencia Preliminar del Miss Rep\u00fablica Dominicana marca emocionante antesala a la Gala de Coronaci\u00f3n","author":"Nelson Feliz","date":"26 de julio de 2026","format":false,"excerpt":"Santo Domingo, RD. - La atm\u00f3sfera de emoci\u00f3n y expectativa alcanz\u00f3 su punto m\u00e1s alto durante la Competencia Preliminar del concurso nacional de belleza Miss Rep\u00fablica Dominicana, evento que reuni\u00f3 a una multitud entusiasta y dej\u00f3 claro que la carrera por la corona est\u00e1 m\u00e1s competitiva que nunca. La conducci\u00f3n\u2026","rel":"","context":"En \u00abENTRETENIMIENTO\u00bb","block_context":{"text":"ENTRETENIMIENTO","link":"https:\/\/lasprimeras.com.do\/index.php\/category\/entretenimiento\/"},"img":{"alt_text":"","src":"https:\/\/i0.wp.com\/lasprimeras.com.do\/wp-content\/uploads\/2026\/07\/Trajes-de-Bano-Trajes-de-Gala.jpg?resize=350%2C200&ssl=1","width":350,"height":200,"srcset":"https:\/\/i0.wp.com\/lasprimeras.com.do\/wp-content\/uploads\/2026\/07\/Trajes-de-Bano-Trajes-de-Gala.jpg?resize=350%2C200&ssl=1 1x, https:\/\/i0.wp.com\/lasprimeras.com.do\/wp-content\/uploads\/2026\/07\/Trajes-de-Bano-Trajes-de-Gala.jpg?resize=525%2C300&ssl=1 1.5x, https:\/\/i0.wp.com\/lasprimeras.com.do\/wp-content\/uploads\/2026\/07\/Trajes-de-Bano-Trajes-de-Gala.jpg?resize=700%2C400&ssl=1 2x"},"classes":[]},{"id":110059,"url":"https:\/\/lasprimeras.com.do\/index.php\/2025\/09\/25\/raquel-pena-participa-en-la-presentacion-del-comite-organizador-de-los-juegos-centroamericanos-y-del-caribe-2026\/","url_meta":{"origin":139207,"position":4},"title":"Raquel Pe\u00f1a participa en la presentaci\u00f3n del Comit\u00e9 Organizador de los Juegos Centroamericanos y del Caribe 2026","author":"Nelson Feliz","date":"25 de septiembre de 2025","format":false,"excerpt":"La vicepresidenta resalt\u00f3 la inversi\u00f3n hist\u00f3rica en infraestructura deportiva y el compromiso del Gobierno con una edici\u00f3n que consolidar\u00e1 a la Rep\u00fablica Dominicana como referente regional. El Comit\u00e9 Organizador de los Juegos Centroamericanos y del Caribe Santo Domingo 2026 (COSADO) present\u00f3 este martes la edici\u00f3n n\u00famero XXV del evento deportivo\u2026","rel":"","context":"En \u00abDEPORTES\u00bb","block_context":{"text":"DEPORTES","link":"https:\/\/lasprimeras.com.do\/index.php\/category\/deportes\/"},"img":{"alt_text":"","src":"https:\/\/i0.wp.com\/lasprimeras.com.do\/wp-content\/uploads\/2025\/09\/Raquel-Pena-2.jpg?resize=350%2C200&ssl=1","width":350,"height":200,"srcset":"https:\/\/i0.wp.com\/lasprimeras.com.do\/wp-content\/uploads\/2025\/09\/Raquel-Pena-2.jpg?resize=350%2C200&ssl=1 1x, https:\/\/i0.wp.com\/lasprimeras.com.do\/wp-content\/uploads\/2025\/09\/Raquel-Pena-2.jpg?resize=525%2C300&ssl=1 1.5x, https:\/\/i0.wp.com\/lasprimeras.com.do\/wp-content\/uploads\/2025\/09\/Raquel-Pena-2.jpg?resize=700%2C400&ssl=1 2x"},"classes":[]},{"id":139076,"url":"https:\/\/lasprimeras.com.do\/index.php\/2026\/09\/04\/raquel-pena-destaca-el-mercado-de-valores-como-aliado-para-impulsar-la-inversion-y-el-desarrollo-del-pais\/","url_meta":{"origin":139207,"position":5},"title":"Raquel Pe\u00f1a destaca el mercado de valores como aliado para impulsar la inversi\u00f3n y el desarrollo del pa\u00eds","author":"Nelson Feliz","date":"4 de septiembre de 2026","format":false,"excerpt":"Pe\u00f1a ofreci\u00f3 estas declaraciones durante la inauguraci\u00f3n de la IV Expo Mercado de Valores 2026. Santo Domingo.- La vicepresidenta de la Rep\u00fablica, Raquel Pe\u00f1a, inaugur\u00f3 este viernes la IV Expo Mercado de Valores 2026, una iniciativa de la Superintendencia del Mercado de Valores (SIMV) que acerca a los dominicanos a\u2026","rel":"","context":"En \u00abPORTADA\u00bb","block_context":{"text":"PORTADA","link":"https:\/\/lasprimeras.com.do\/index.php\/category\/portada\/"},"img":{"alt_text":"Raquel Pe\u00f1a","src":"https:\/\/i0.wp.com\/lasprimeras.com.do\/wp-content\/uploads\/2026\/09\/Raquel-Pena.jpg?resize=350%2C200&ssl=1","width":350,"height":200,"srcset":"https:\/\/i0.wp.com\/lasprimeras.com.do\/wp-content\/uploads\/2026\/09\/Raquel-Pena.jpg?resize=350%2C200&ssl=1 1x, https:\/\/i0.wp.com\/lasprimeras.com.do\/wp-content\/uploads\/2026\/09\/Raquel-Pena.jpg?resize=525%2C300&ssl=1 1.5x, https:\/\/i0.wp.com\/lasprimeras.com.do\/wp-content\/uploads\/2026\/09\/Raquel-Pena.jpg?resize=700%2C400&ssl=1 2x"},"classes":[]}],"jetpack_sharing_enabled":true,"jetpack_featured_media_url":"https:\/\/lasprimeras.com.do\/wp-content\/uploads\/2026\/09\/Raquel-Pena-felicito-a-Joheirry-Mola-1.jpg","_links":{"self":[{"href":"https:\/\/lasprimeras.com.do\/index.php\/wp-json\/wp\/v2\/posts\/139207","targetHints":{"allow":["GET"]}}],"collection":[{"href":"https:\/\/lasprimeras.com.do\/index.php\/wp-json\/wp\/v2\/posts"}],"about":[{"href":"https:\/\/lasprimeras.com.do\/index.php\/wp-json\/wp\/v2\/types\/post"}],"author":[{"embeddable":true,"href":"https:\/\/lasprimeras.com.do\/index.php\/wp-json\/wp\/v2\/users\/10"}],"replies":[{"embeddable":true,"href":"https:\/\/lasprimeras.com.do\/index.php\/wp-json\/wp\/v2\/comments?post=139207"}],"version-history":[{"count":1,"href":"https:\/\/lasprimeras.com.do\/index.php\/wp-json\/wp\/v2\/posts\/139207\/revisions"}],"predecessor-version":[{"id":139209,"href":"https:\/\/lasprimeras.com.do\/index.php\/wp-json\/wp\/v2\/posts\/139207\/revisions\/139209"}],"wp:featuredmedia":[{"embeddable":true,"href":"https:\/\/lasprimeras.com.do\/index.php\/wp-json\/wp\/v2\/media\/139208"}],"wp:attachment":[{"href":"https:\/\/lasprimeras.com.do\/index.php\/wp-json\/wp\/v2\/media?parent=139207"}],"wp:term":[{"taxonomy":"category","embeddable":true,"href":"https:\/\/lasprimeras.com.do\/index.php\/wp-json\/wp\/v2\/categories?post=139207"},{"taxonomy":"post_tag","embeddable":true,"href":"https:\/\/lasprimeras.com.do\/index.php\/wp-json\/wp\/v2\/tags?post=139207"}],"curies":[{"name":"wp","href":"https:\/\/api.w.org\/{rel}","templated":true}]}}