{"id":139211,"date":"2026-09-05T15:00:00","date_gmt":"2026-09-05T19:00:00","guid":{"rendered":"https:\/\/lasprimeras.com.do\/?p=139211"},"modified":"2026-09-06T00:46:23","modified_gmt":"2026-09-06T04:46:23","slug":"marileidy-paulino-suma-su-cuarto-diamante-en-bruselas","status":"publish","type":"post","link":"https:\/\/lasprimeras.com.do\/index.php\/2026\/09\/05\/marileidy-paulino-suma-su-cuarto-diamante-en-bruselas\/","title":{"rendered":"Marileidy Paulino suma su cuarto diamante en Bruselas"},"content":{"rendered":"\n<p class=\"wp-block-paragraph\"><strong>La gacela dominicana se convierte en la primera mujer con cuatro coronas de Diamond League; recorre los 400 metros en 48.64 segundos<\/strong><\/p>\n\n\n\n<p class=\"wp-block-paragraph\"><strong>BRUSELAS, B\u00e9lgica.<\/strong> \u2014 Marileidy Paulino volvi\u00f3 a la cima en el momento que m\u00e1s importaba. La velocista dominicana conquist\u00f3 este s\u00e1bado su cuarto t\u00edtulo de la Liga Diamante en los 400 metros, al imponerse en la gran final disputada en el Estadio Rey Balduino de Bruselas con un tiempo de 48.64 segundos, registro que adem\u00e1s estableci\u00f3 un nuevo r\u00e9cord del mitin.<\/p>\n\n\n\n<p class=\"wp-block-paragraph\">Paulino confirm\u00f3 as\u00ed su condici\u00f3n de una de las grandes figuras del atletismo mundial y recuper\u00f3 una corona que hab\u00eda perdido en 2025.<\/p>\n\n\n\n<p class=\"wp-block-paragraph\">La campeona ol\u00edmpica cruz\u00f3 la meta por delante de la noruega Henriette J\u00e6ger, quien termin\u00f3 segunda con 49.20 segundos, mientras que la jamaicana Nickisha Pryce ocup\u00f3 la tercera posici\u00f3n con 49.36.<\/p>\n\n\n\n<p class=\"wp-block-paragraph\">Una corona que vuelve a manos dominicanas<\/p>\n\n\n\n<p class=\"wp-block-paragraph\">El triunfo representa el cuarto gran trofeo de Paulino en la principal serie anual del atletismo mundial.<\/p>\n\n\n\n<p class=\"wp-block-paragraph\">La dominicana hab\u00eda conquistado las finales de 2022, 2023 y 2024, antes de terminar segunda en 2025, cuando la barein\u00ed Salwa Eid Naser se qued\u00f3 con el t\u00edtulo.<\/p>\n\n\n\n<p class=\"wp-block-paragraph\">Aquella derrota puso fin a una racha de tres coronas consecutivas.<\/p>\n\n\n\n<p class=\"wp-block-paragraph\">Un a\u00f1o despu\u00e9s, Paulino regres\u00f3 a Bruselas con la misi\u00f3n de recuperar el trono y cumpli\u00f3 con autoridad.<\/p>\n\n\n\n<p class=\"wp-block-paragraph\">Antes de la final, la dominicana llegaba como l\u00edder de la clasificaci\u00f3n de los 400 metros y con cinco victorias en las reuniones de la Diamond League durante la temporada. Su mejor registro del a\u00f1o era de 48.48 segundos, conseguido en Par\u00eds.<\/p>\n\n\n\n<p class=\"wp-block-paragraph\">48.64 segundos para volver a escribir la historia<\/p>\n\n\n\n<p class=\"wp-block-paragraph\">El cron\u00f3metro volvi\u00f3 a convertirse en aliado de la dominicana.<\/p>\n\n\n\n<p class=\"wp-block-paragraph\">48.64 segundos fue suficiente para quedarse con la victoria y, al mismo tiempo, borrar el anterior r\u00e9cord del mitin.<\/p>\n\n\n\n<p class=\"wp-block-paragraph\">La actuaci\u00f3n representa otra demostraci\u00f3n de la extraordinaria consistencia de Paulino en una temporada en la que ha sido protagonista permanente del circuito.<\/p>\n\n\n\n<p class=\"wp-block-paragraph\">En julio, la atleta dominicana tambi\u00e9n hab\u00eda ganado los 400 metros de la parada de Londres con 48.97 segundos, superando precisamente a J\u00e6ger, quien termin\u00f3 segunda con 49.15.<\/p>\n\n\n\n<p class=\"wp-block-paragraph\">Ahora, en la final de Bruselas, volvi\u00f3 a imponerse ante la noruega y ampli\u00f3 su colecci\u00f3n de triunfos.<\/p>\n\n\n\n<p class=\"wp-block-paragraph\">La revancha despu\u00e9s de 2025<\/p>\n\n\n\n<p class=\"wp-block-paragraph\">El t\u00edtulo tiene un significado especial para Paulino.<\/p>\n\n\n\n<p class=\"wp-block-paragraph\">En la final de 2025, la dominicana perdi\u00f3 la corona ante Salwa Eid Naser, quien se impuso con 48.70 segundos frente a los 49.23 de Paulino.<\/p>\n\n\n\n<p class=\"wp-block-paragraph\">Aquella carrera interrumpi\u00f3 el dominio que la quisqueyana hab\u00eda ejercido durante tres a\u00f1os consecutivos.<\/p>\n\n\n\n<p class=\"wp-block-paragraph\">La respuesta lleg\u00f3 en 2026.<\/p>\n\n\n\n<p class=\"wp-block-paragraph\">Paulino domin\u00f3 buena parte del circuito, asegur\u00f3 su presencia en la final con anticipaci\u00f3n y lleg\u00f3 a Bruselas como una de las principales favoritas para recuperar el trofeo.<\/p>\n\n\n\n<p class=\"wp-block-paragraph\">Y no dej\u00f3 espacio para la sorpresa.<\/p>\n\n\n\n<p class=\"wp-block-paragraph\">Un legado que sigue creciendo<\/p>\n\n\n\n<p class=\"wp-block-paragraph\">El cuarto t\u00edtulo de Diamond League se suma a una carrera que ya incluye campeonatos ol\u00edmpicos, t\u00edtulos mundiales, r\u00e9cords y numerosas victorias internacionales.<\/p>\n\n\n\n<p class=\"wp-block-paragraph\">Su mejor registro personal en los 400 metros contin\u00faa siendo 47.98 segundos, logrado en el Campeonato Mundial de Atletismo de Tokio 2025, donde termin\u00f3 como subcampeona detr\u00e1s de la estadounidense Sydney McLaughlin-Levrone.<\/p>\n\n\n\n<p class=\"wp-block-paragraph\">Paulino tambi\u00e9n ha establecido una presencia dominante en el circuito. Antes de esta final acumulaba 27 victorias en la Diamond League desde su debut en 2021: 24 en las distintas reuniones y tres t\u00edtulos en las finales.<\/p>\n\n\n\n<p class=\"wp-block-paragraph\">La victoria de Bruselas eleva nuevamente su nombre entre las grandes especialistas de todos los tiempos en la vuelta completa.<\/p>\n","protected":false},"excerpt":{"rendered":"<p>La gacela dominicana se convierte en la primera mujer con cuatro coronas de Diamond League; recorre los 400 metros en 48.64 segundos BRUSELAS, B\u00e9lgica. \u2014 Marileidy Paulino volvi\u00f3 a la&hellip;<\/p>\n","protected":false},"author":10,"featured_media":139212,"comment_status":"open","ping_status":"open","sticky":false,"template":"","format":"standard","meta":{"content-type":"","_jetpack_newsletter_access":"","_jetpack_dont_email_post_to_subs":false,"_jetpack_newsletter_tier_id":0,"_jetpack_memberships_contains_paywalled_content":false,"_jetpack_feature_clip_id":0,"_jetpack_memberships_contains_paid_content":false,"footnotes":"","jetpack_post_was_ever_published":false},"categories":[25],"tags":[3317],"class_list":["post-139211","post","type-post","status-publish","format-standard","has-post-thumbnail","hentry","category-portada","tag-marileidy-paulino"],"jetpack-related-posts":[{"id":88259,"url":"https:\/\/lasprimeras.com.do\/index.php\/2024\/08\/25\/que-es-la-liga-diamante-en-la-que-correra-marileidy-paulino-este-domingo\/","url_meta":{"origin":139211,"position":0},"title":"\u00bfQu\u00e9 es la Liga Diamante en la que correr\u00e1 Marileidy Paulino este domingo?","author":"Nelson Feliz","date":"25 de agosto de 2024","format":false,"excerpt":"Marileidy Paulino correr\u00e1 este domingo en la Liga Diamante luego de coronarse campeona de los 400 metros planos en los Juegos Ol\u00edmpicos de Par\u00eds 2024. Pero, \u00bfQu\u00e9 es la Liga Diamante?. La Liga Diamante es un evento anual de atletismo que se inici\u00f3 en 2010, remplazando a la denominada Golden\u2026","rel":"","context":"En \u00abSin categor\u00eda\u00bb","block_context":{"text":"Sin categor\u00eda","link":"https:\/\/lasprimeras.com.do\/index.php\/category\/sin-categoria\/"},"img":{"alt_text":"Marileidy Paulino","src":"https:\/\/i0.wp.com\/lasprimeras.com.do\/wp-content\/uploads\/2024\/08\/Marileidy-Paulino-1.jpeg?resize=350%2C200&ssl=1","width":350,"height":200,"srcset":"https:\/\/i0.wp.com\/lasprimeras.com.do\/wp-content\/uploads\/2024\/08\/Marileidy-Paulino-1.jpeg?resize=350%2C200&ssl=1 1x, https:\/\/i0.wp.com\/lasprimeras.com.do\/wp-content\/uploads\/2024\/08\/Marileidy-Paulino-1.jpeg?resize=525%2C300&ssl=1 1.5x, https:\/\/i0.wp.com\/lasprimeras.com.do\/wp-content\/uploads\/2024\/08\/Marileidy-Paulino-1.jpeg?resize=700%2C400&ssl=1 2x"},"classes":[]},{"id":89154,"url":"https:\/\/lasprimeras.com.do\/index.php\/2024\/09\/18\/senado-aprueba-resolucion-reconoce-atleta-marileidy-paulino-orgullo-nacional\/","url_meta":{"origin":139211,"position":1},"title":"Senado aprueba resoluci\u00f3n reconoce atleta Marileidy Paulino Orgullo Nacional","author":"Nelson Feliz","date":"18 de septiembre de 2024","format":false,"excerpt":"El Senado de la Rep\u00fablica aprob\u00f3 este mi\u00e9rcoles en \u00fanica lectura el proyecto de resoluci\u00f3n que reconoce y declara Orgullo Nacional a la atleta Marileidy Paulino, por su participaci\u00f3n en los Juegos Ol\u00edmpicos de Par\u00eds en el 2024, donde gan\u00f3 la medalla de oro en los 400 metros planos. Las\u2026","rel":"","context":"En \u00abSin categor\u00eda\u00bb","block_context":{"text":"Sin categor\u00eda","link":"https:\/\/lasprimeras.com.do\/index.php\/category\/sin-categoria\/"},"img":{"alt_text":"Marileidy Paulino, de Rep\u00fablica Dominicana, tras ganar la final femenina de 400 metros durante el Campeonato Mundial de Atletismo en Budapest, Hungr\u00eda, el mi\u00e9rcoles 23 de agosto de 2023. (AP, DAVID J. PHILLIP)","src":"https:\/\/i0.wp.com\/lasprimeras.com.do\/wp-content\/uploads\/2023\/08\/Marileidy-Paulino-2.jpg?resize=350%2C200&ssl=1","width":350,"height":200,"srcset":"https:\/\/i0.wp.com\/lasprimeras.com.do\/wp-content\/uploads\/2023\/08\/Marileidy-Paulino-2.jpg?resize=350%2C200&ssl=1 1x, https:\/\/i0.wp.com\/lasprimeras.com.do\/wp-content\/uploads\/2023\/08\/Marileidy-Paulino-2.jpg?resize=525%2C300&ssl=1 1.5x, https:\/\/i0.wp.com\/lasprimeras.com.do\/wp-content\/uploads\/2023\/08\/Marileidy-Paulino-2.jpg?resize=700%2C400&ssl=1 2x"},"classes":[]},{"id":139030,"url":"https:\/\/lasprimeras.com.do\/index.php\/2026\/09\/04\/marileidy-paulino-va-por-cuarto-titulo-en-liga-diamante\/","url_meta":{"origin":139211,"position":2},"title":"Marileidy Paulino va por cuarto t\u00edtulo en Liga Diamante","author":"Nelson Feliz","date":"4 de septiembre de 2026","format":false,"excerpt":"La velocista dominicana busca este s\u00e1bado su cuarta corona en el cierre de la Liga Diamante. Horario. La carrera de los 400 metros lisos est\u00e1 pautada para las 2:40 p.m. Por Bienvenido Carmona Jr. Santo Domingo.-El Memorial Van Damme de Bruselas ser\u00e1 este fin de semana el escenario de la\u2026","rel":"","context":"En \u00abDEPORTES\u00bb","block_context":{"text":"DEPORTES","link":"https:\/\/lasprimeras.com.do\/index.php\/category\/deportes\/"},"img":{"alt_text":"","src":"https:\/\/i0.wp.com\/lasprimeras.com.do\/wp-content\/uploads\/2026\/09\/21_D_4_1p01-768x901-1.jpg?resize=350%2C200&ssl=1","width":350,"height":200,"srcset":"https:\/\/i0.wp.com\/lasprimeras.com.do\/wp-content\/uploads\/2026\/09\/21_D_4_1p01-768x901-1.jpg?resize=350%2C200&ssl=1 1x, https:\/\/i0.wp.com\/lasprimeras.com.do\/wp-content\/uploads\/2026\/09\/21_D_4_1p01-768x901-1.jpg?resize=525%2C300&ssl=1 1.5x, https:\/\/i0.wp.com\/lasprimeras.com.do\/wp-content\/uploads\/2026\/09\/21_D_4_1p01-768x901-1.jpg?resize=700%2C400&ssl=1 2x"},"classes":[]},{"id":139177,"url":"https:\/\/lasprimeras.com.do\/index.php\/2026\/09\/05\/victor-manuel-terrero-celebra-doble-triunfo-historico-de-la-mujer-dominicana\/","url_meta":{"origin":139211,"position":3},"title":"V\u00edctor Manuel Terrero celebra doble triunfo hist\u00f3rico de la mujer dominicana","author":"Nelson Feliz","date":"5 de septiembre de 2026","format":false,"excerpt":"\"Marileidy y Joheirry encarnan el verdadero orgullo de nuestra patria\" SANTO DOMINGO. \u2013 El miembro del Comit\u00e9 Central del Partido de la Liberaci\u00f3n Dominicana (PLD), doctor V\u00edctor Manuel Terrero, calific\u00f3 hoy como un acontecimiento sin precedentes y de profundo orgullo nacional el doble triunfo internacional alcanzado por la atleta Marileidy\u2026","rel":"","context":"En \u00abPORTADA\u00bb","block_context":{"text":"PORTADA","link":"https:\/\/lasprimeras.com.do\/index.php\/category\/portada\/"},"img":{"alt_text":"Marileidy Paulino y Joheirry Morla","src":"https:\/\/i0.wp.com\/lasprimeras.com.do\/wp-content\/uploads\/2026\/09\/Marileidy-Paulino-y-Joheirry-Morla.jpg?resize=350%2C200&ssl=1","width":350,"height":200,"srcset":"https:\/\/i0.wp.com\/lasprimeras.com.do\/wp-content\/uploads\/2026\/09\/Marileidy-Paulino-y-Joheirry-Morla.jpg?resize=350%2C200&ssl=1 1x, https:\/\/i0.wp.com\/lasprimeras.com.do\/wp-content\/uploads\/2026\/09\/Marileidy-Paulino-y-Joheirry-Morla.jpg?resize=525%2C300&ssl=1 1.5x, https:\/\/i0.wp.com\/lasprimeras.com.do\/wp-content\/uploads\/2026\/09\/Marileidy-Paulino-y-Joheirry-Morla.jpg?resize=700%2C400&ssl=1 2x"},"classes":[]},{"id":60679,"url":"https:\/\/lasprimeras.com.do\/index.php\/2023\/09\/17\/marileidy-paulino-arrasa-en-los-400-metros-de-la-liga-de-diamante-en-eugene\/","url_meta":{"origin":139211,"position":4},"title":"Marileidy Paulino arrasa en los 400 metros de la Liga de Diamante en Eugene","author":"Nelson Feliz","date":"17 de septiembre de 2023","format":false,"excerpt":"Marileidy ya cumpli\u00f3 con los pron\u00f3sticos que la se\u00f1alaban como favorita en Budapest para lograr su primer oro individual en un Campeonato del Mundo. La dominicana Marileidy Paulino, flamante campeona mundial en los 400 metros planos, logr\u00f3 el domingo un rotundo triunfo en la final de la Liga de Diamante\u2026","rel":"","context":"En \u00abSin categor\u00eda\u00bb","block_context":{"text":"Sin categor\u00eda","link":"https:\/\/lasprimeras.com.do\/index.php\/category\/sin-categoria\/"},"img":{"alt_text":"Marileidy Paulino","src":"https:\/\/i0.wp.com\/lasprimeras.com.do\/wp-content\/uploads\/2023\/09\/Marileidy-Paulino-1.jpeg?resize=350%2C200&ssl=1","width":350,"height":200,"srcset":"https:\/\/i0.wp.com\/lasprimeras.com.do\/wp-content\/uploads\/2023\/09\/Marileidy-Paulino-1.jpeg?resize=350%2C200&ssl=1 1x, https:\/\/i0.wp.com\/lasprimeras.com.do\/wp-content\/uploads\/2023\/09\/Marileidy-Paulino-1.jpeg?resize=525%2C300&ssl=1 1.5x, https:\/\/i0.wp.com\/lasprimeras.com.do\/wp-content\/uploads\/2023\/09\/Marileidy-Paulino-1.jpeg?resize=700%2C400&ssl=1 2x"},"classes":[]},{"id":88275,"url":"https:\/\/lasprimeras.com.do\/index.php\/2024\/08\/25\/la-velocista-marileidy-paulino-gana-primer-lugar-en-la-liga-diamante\/","url_meta":{"origin":139211,"position":5},"title":"La velocista Marileidy Paulino gana primer lugar en la Liga Diamante","author":"Nelson Feliz","date":"25 de agosto de 2024","format":false,"excerpt":"La velocista dominicana Marileidy Paulino gan\u00f3 este domingo el primer lugar en la actual temporada de la Liga Diamante, que una serie anual de competiciones de atletismo de \u00e9lite que comprende quince de las m\u00e1s populares disciplinas de este deporte. La atleta de Nizao Marileidy Paulino gan\u00f3 el primer lugar\u2026","rel":"","context":"En \u00abPORTADA\u00bb","block_context":{"text":"PORTADA","link":"https:\/\/lasprimeras.com.do\/index.php\/category\/portada\/"},"img":{"alt_text":"Marileidy Paulino durante su participaci\u00f3n en Liga Diamante","src":"https:\/\/i0.wp.com\/lasprimeras.com.do\/wp-content\/uploads\/2024\/08\/Marileidy-Paulino-durante-su-participacion-en-Liga-Diamante.jpg?resize=350%2C200&ssl=1","width":350,"height":200,"srcset":"https:\/\/i0.wp.com\/lasprimeras.com.do\/wp-content\/uploads\/2024\/08\/Marileidy-Paulino-durante-su-participacion-en-Liga-Diamante.jpg?resize=350%2C200&ssl=1 1x, https:\/\/i0.wp.com\/lasprimeras.com.do\/wp-content\/uploads\/2024\/08\/Marileidy-Paulino-durante-su-participacion-en-Liga-Diamante.jpg?resize=525%2C300&ssl=1 1.5x, https:\/\/i0.wp.com\/lasprimeras.com.do\/wp-content\/uploads\/2024\/08\/Marileidy-Paulino-durante-su-participacion-en-Liga-Diamante.jpg?resize=700%2C400&ssl=1 2x"},"classes":[]}],"jetpack_sharing_enabled":true,"jetpack_featured_media_url":"https:\/\/lasprimeras.com.do\/wp-content\/uploads\/2026\/09\/Marileidy-Paulino.jpg","_links":{"self":[{"href":"https:\/\/lasprimeras.com.do\/index.php\/wp-json\/wp\/v2\/posts\/139211","targetHints":{"allow":["GET"]}}],"collection":[{"href":"https:\/\/lasprimeras.com.do\/index.php\/wp-json\/wp\/v2\/posts"}],"about":[{"href":"https:\/\/lasprimeras.com.do\/index.php\/wp-json\/wp\/v2\/types\/post"}],"author":[{"embeddable":true,"href":"https:\/\/lasprimeras.com.do\/index.php\/wp-json\/wp\/v2\/users\/10"}],"replies":[{"embeddable":true,"href":"https:\/\/lasprimeras.com.do\/index.php\/wp-json\/wp\/v2\/comments?post=139211"}],"version-history":[{"count":1,"href":"https:\/\/lasprimeras.com.do\/index.php\/wp-json\/wp\/v2\/posts\/139211\/revisions"}],"predecessor-version":[{"id":139213,"href":"https:\/\/lasprimeras.com.do\/index.php\/wp-json\/wp\/v2\/posts\/139211\/revisions\/139213"}],"wp:featuredmedia":[{"embeddable":true,"href":"https:\/\/lasprimeras.com.do\/index.php\/wp-json\/wp\/v2\/media\/139212"}],"wp:attachment":[{"href":"https:\/\/lasprimeras.com.do\/index.php\/wp-json\/wp\/v2\/media?parent=139211"}],"wp:term":[{"taxonomy":"category","embeddable":true,"href":"https:\/\/lasprimeras.com.do\/index.php\/wp-json\/wp\/v2\/categories?post=139211"},{"taxonomy":"post_tag","embeddable":true,"href":"https:\/\/lasprimeras.com.do\/index.php\/wp-json\/wp\/v2\/tags?post=139211"}],"curies":[{"name":"wp","href":"https:\/\/api.w.org\/{rel}","templated":true}]}}