{"id":139228,"date":"2026-09-06T09:25:50","date_gmt":"2026-09-06T13:25:50","guid":{"rendered":"https:\/\/lasprimeras.com.do\/?p=139228"},"modified":"2026-09-06T09:25:51","modified_gmt":"2026-09-06T13:25:51","slug":"gobierno-inicia-construccion-de-14-5-kilometros-de-verja-perimetral-fronteriza-en-jimani","status":"publish","type":"post","link":"https:\/\/lasprimeras.com.do\/index.php\/2026\/09\/06\/gobierno-inicia-construccion-de-14-5-kilometros-de-verja-perimetral-fronteriza-en-jimani\/","title":{"rendered":"Gobierno inicia construcci\u00f3n de 14.5 kil\u00f3metros de verja perimetral fronteriza en Jiman\u00ed"},"content":{"rendered":"\n<p class=\"wp-block-paragraph\">Santo Domingo.-El Ministerio de Defensa anunci\u00f3 el inicio de las obras de 14.5 kil\u00f3metros correspondientes a la segunda etapa de la verja perimetral fronteriza en Jiman\u00ed, provincia Independencia.<\/p>\n\n\n\n<p class=\"wp-block-paragraph\">Seg\u00fan anunciaron, la nueva obra tendr\u00e1 caracter\u00edsticas similares a los tramos ya construidos de la verja perimetral e incluir\u00e1 seis torres de vigilancia, 35 alcantarillas y una altura total de 13 pies, adem\u00e1s de calles de patrullaje con un ancho conjunto de siete metros, distribuidas a ambos lados de la estructura.<\/p>\n\n\n\n<p class=\"wp-block-paragraph\">Indicaron que estas facilidades permitir\u00e1n incrementar la vigilancia, mejorar la movilidad de las unidades militares y facilitar una respuesta m\u00e1s r\u00e1pida y efectiva ante cualquier situaci\u00f3n que pueda afectar la seguridad en esta parte de la frontera.<\/p>\n\n\n\n<p class=\"wp-block-paragraph\">Sobre la obra, se\u00f1alaron que esta adquiere particular relevancia estrat\u00e9gica por su ubicaci\u00f3n en la Hoya de Enriquillo, frente al lago Azuey o lago del Fondo, un espacio que durante d\u00e9cadas represent\u00f3 importantes desaf\u00edos para las autoridades debido a los intentos de trasiego irregular de mercanc\u00edas y otras actividades il\u00edcitas.<\/p>\n\n\n\n<p class=\"wp-block-paragraph\">Al referirse a este nuevo tramo, el ministro Fern\u00e1ndez Onofre destac\u00f3 que esta infraestructura forma parte de \u201cFrontera Fuerte\u201d, estrategia integral desarrollada por disposici\u00f3n del presidente Luis Abinader para fortalecer la seguridad, la infraestructura y el desarrollo de la zona lim\u00edtrofe.<\/p>\n\n\n\n<p class=\"wp-block-paragraph\">El plan articula presencia militar, infraestructura, tecnolog\u00eda, vigilancia, movilidad y coordinaci\u00f3n interinstitucional, con el objetivo de garantizar un control efectivo y permanente del territorio nacional y generar mejores condiciones para las comunidades fronterizas.<\/p>\n\n\n\n<p class=\"wp-block-paragraph\">Al mismo tiempo, aseveraron que la importancia de la obra tambi\u00e9n est\u00e1 vinculada con el papel econ\u00f3mico y comercial de Jiman\u00ed, donde opera uno de los principales mercados binacionales y el paso fronterizo con mayor flujo de transporte pesado, camiones y contenedores.<\/p>\n\n\n\n<p class=\"wp-block-paragraph\">En ese sentido, la nueva infraestructura permitir\u00e1 reforzar el combate contra el contrabando y otras actividades il\u00edcitas, al tiempo que contribuir\u00e1 a un intercambio comercial m\u00e1s organizado, seguro y dentro del marco de las leyes dominicanas, protegiendo adem\u00e1s a productores, comerciantes, trabajadores y residentes de las comunidades fronterizas.<\/p>\n\n\n\n<p class=\"wp-block-paragraph\">En la actividad estuvo presente una delegaci\u00f3n del Observatorio de Pol\u00edticas Migratorias (OPM), encabezada por su presidente ejecutivo, el director del List\u00edn Diario, Miguel Franjul, junto al presidente del Instituto Duartiano, Wilson G\u00f3mez Ram\u00edrez, y otros miembros del organismo. Su participaci\u00f3n les permiti\u00f3 observar directamente las acciones que desarrolla el Gobierno dominicano para fortalecer el control territorial, la seguridad fronteriza y la aplicaci\u00f3n de las pol\u00edticas migratorias dentro del marco de la Constituci\u00f3n y las leyes.<\/p>\n\n\n\n<p class=\"wp-block-paragraph\">El inicio de los trabajos fue encabezado por el ministro de Defensa, teniente general Carlos Antonio Fern\u00e1ndez Onofre, ERD, acompa\u00f1ado por otros altos mandos y funcionarios de la zona.<\/p>\n\n\n\n<p class=\"wp-block-paragraph\"><\/p>\n","protected":false},"excerpt":{"rendered":"<p>Santo Domingo.-El Ministerio de Defensa anunci\u00f3 el inicio de las obras de 14.5 kil\u00f3metros correspondientes a la segunda etapa de la verja perimetral fronteriza en Jiman\u00ed, provincia Independencia. Seg\u00fan anunciaron,&hellip;<\/p>\n","protected":false},"author":3,"featured_media":139229,"comment_status":"open","ping_status":"open","sticky":false,"template":"","format":"standard","meta":{"content-type":"","_jetpack_newsletter_access":"","_jetpack_dont_email_post_to_subs":false,"_jetpack_newsletter_tier_id":0,"_jetpack_memberships_contains_paywalled_content":false,"_jetpack_feature_clip_id":0,"_jetpack_memberships_contains_paid_content":false,"footnotes":"","jetpack_post_was_ever_published":false},"categories":[35],"tags":[74,171,22968],"class_list":["post-139228","post","type-post","status-publish","format-standard","has-post-thumbnail","hentry","category-nacionales","tag-frontera","tag-gobierno","tag-ministerio-de-defensa-de-rd"],"jetpack-related-posts":[{"id":139148,"url":"https:\/\/lasprimeras.com.do\/index.php\/2026\/09\/05\/gobierno-inicia-construccion-de-14-5-kilometros-de-verja-fronteriza-en-jimani\/","url_meta":{"origin":139228,"position":0},"title":"Gobierno inicia construcci\u00f3n de 14.5 kil\u00f3metros de verja fronteriza en Jiman\u00ed","author":"BIMARY DE JES\u00daS Matos","date":"5 de septiembre de 2026","format":false,"excerpt":"Santo Domingo.\u2013 El Gobierno inici\u00f3 la construcci\u00f3n de 14.5 kil\u00f3metros de la segunda etapa de la verja perimetral fronteriza en Jiman\u00ed, provincia Independencia, una obra que busca reforzar el control territorial y la seguridad en la frontera con Hait\u00ed. Los trabajos son ejecutados a trav\u00e9s del Ministerio de Defensa (MIDE)\u2026","rel":"","context":"En \u00abNACIONALES\u00bb","block_context":{"text":"NACIONALES","link":"https:\/\/lasprimeras.com.do\/index.php\/category\/nacionales\/"},"img":{"alt_text":"","src":"https:\/\/lasprimeras.com.do\/wp-content\/uploads\/2026\/09\/WhatsApp-Image-2026-09-05-at-1.35.04-PM.avif","width":350,"height":200,"srcset":"https:\/\/lasprimeras.com.do\/wp-content\/uploads\/2026\/09\/WhatsApp-Image-2026-09-05-at-1.35.04-PM.avif 1x, https:\/\/lasprimeras.com.do\/wp-content\/uploads\/2026\/09\/WhatsApp-Image-2026-09-05-at-1.35.04-PM.avif 1.5x, https:\/\/lasprimeras.com.do\/wp-content\/uploads\/2026\/09\/WhatsApp-Image-2026-09-05-at-1.35.04-PM.avif 2x"},"classes":[]},{"id":77956,"url":"https:\/\/lasprimeras.com.do\/index.php\/2024\/02\/27\/abinader-anuncia-estan-practicamente-concluidas-las-cuatro-fases-de-la-verja-fronteriza-con-haiti\/","url_meta":{"origin":139228,"position":1},"title":"Abinader anuncia est\u00e1n pr\u00e1cticamente concluidas las cuatro fases de la verja fronteriza con Hait\u00ed","author":"Nelson Feliz","date":"27 de febrero de 2024","format":false,"excerpt":"El mandatario dijo que entregar\u00e1 la verja en Dajab\u00f3n, Jiman\u00ed, y Pedernales en las pr\u00f3ximas semanas. En su discurso de rendici\u00f3n de cuentas, el presidente Luis Abinader inform\u00f3 este martes que ya est\u00e1n pr\u00e1cticamente terminadas las cuatro fases de la verja fronteriza con Hait\u00ed. El mandatario manifest\u00f3 que ya se\u2026","rel":"","context":"En \u00abECONOM\u00cdA\u00bb","block_context":{"text":"ECONOM\u00cdA","link":"https:\/\/lasprimeras.com.do\/index.php\/category\/economia\/"},"img":{"alt_text":"verja fronteriza","src":"https:\/\/i0.wp.com\/lasprimeras.com.do\/wp-content\/uploads\/2024\/02\/verja-fronteriza.jpg?resize=350%2C200&ssl=1","width":350,"height":200,"srcset":"https:\/\/i0.wp.com\/lasprimeras.com.do\/wp-content\/uploads\/2024\/02\/verja-fronteriza.jpg?resize=350%2C200&ssl=1 1x, https:\/\/i0.wp.com\/lasprimeras.com.do\/wp-content\/uploads\/2024\/02\/verja-fronteriza.jpg?resize=525%2C300&ssl=1 1.5x, https:\/\/i0.wp.com\/lasprimeras.com.do\/wp-content\/uploads\/2024\/02\/verja-fronteriza.jpg?resize=700%2C400&ssl=1 2x"},"classes":[]},{"id":94301,"url":"https:\/\/lasprimeras.com.do\/index.php\/2025\/02\/27\/abinader-destaca-avance-en-la-construccion-de-la-verja-perimetral-y-la-seguridad-fronteriza\/","url_meta":{"origin":139228,"position":2},"title":"Abinader destaca avance en la construcci\u00f3n de la verja perimetral y la seguridad fronteriza","author":"Nelson Feliz","date":"27 de febrero de 2025","format":false,"excerpt":"Modernizaci\u00f3n de Fuerzas Armadas y fortalecimiento de seguridad fronteriza por Abinader. En su discurso de rendici\u00f3n de cuentas pronunciado este jueves ante la Asamblea Nacional, el presidente Luis Abinader destac\u00f3 que la construcci\u00f3n de la verja perimetral en la frontera dominicana con Hait\u00ed ha avanzado en un 90 %, con\u2026","rel":"","context":"En \u00abNACIONALES\u00bb","block_context":{"text":"NACIONALES","link":"https:\/\/lasprimeras.com.do\/index.php\/category\/nacionales\/"},"img":{"alt_text":"","src":"https:\/\/i0.wp.com\/lasprimeras.com.do\/wp-content\/uploads\/2025\/02\/muro.jpg?resize=350%2C200&ssl=1","width":350,"height":200,"srcset":"https:\/\/i0.wp.com\/lasprimeras.com.do\/wp-content\/uploads\/2025\/02\/muro.jpg?resize=350%2C200&ssl=1 1x, https:\/\/i0.wp.com\/lasprimeras.com.do\/wp-content\/uploads\/2025\/02\/muro.jpg?resize=525%2C300&ssl=1 1.5x, https:\/\/i0.wp.com\/lasprimeras.com.do\/wp-content\/uploads\/2025\/02\/muro.jpg?resize=700%2C400&ssl=1 2x"},"classes":[]},{"id":101478,"url":"https:\/\/lasprimeras.com.do\/index.php\/2025\/06\/20\/gobierno-da-primer-palazo-para-iniciar-segunda-fase-de-la-verja-perimetral-fronteriza-en-dajabon\/","url_meta":{"origin":139228,"position":3},"title":"Gobierno da primer palazo para iniciar segunda fase de la verja perimetral fronteriza en Dajab\u00f3n","author":"Nelson Feliz","date":"20 de junio de 2025","format":false,"excerpt":"Los ministro de la Presidencia y de Defensa, Jos\u00e9 Ignacio Paliza y teniente general Carlos Antonio Fern\u00e1ndez Onofre, encabezaron el acto simb\u00f3lico del primer palazo que marca el inicio de la construcci\u00f3n de la segunda fase de la verja perimetral fronteriza inteligente, como parte del plan estrat\u00e9gico del Gobierno dominicano\u2026","rel":"","context":"En \u00abNACIONALES\u00bb","block_context":{"text":"NACIONALES","link":"https:\/\/lasprimeras.com.do\/index.php\/category\/nacionales\/"},"img":{"alt_text":"","src":"https:\/\/i0.wp.com\/lasprimeras.com.do\/wp-content\/uploads\/2025\/06\/gob.jpg?resize=350%2C200&ssl=1","width":350,"height":200,"srcset":"https:\/\/i0.wp.com\/lasprimeras.com.do\/wp-content\/uploads\/2025\/06\/gob.jpg?resize=350%2C200&ssl=1 1x, https:\/\/i0.wp.com\/lasprimeras.com.do\/wp-content\/uploads\/2025\/06\/gob.jpg?resize=525%2C300&ssl=1 1.5x, https:\/\/i0.wp.com\/lasprimeras.com.do\/wp-content\/uploads\/2025\/06\/gob.jpg?resize=700%2C400&ssl=1 2x"},"classes":[]},{"id":77951,"url":"https:\/\/lasprimeras.com.do\/index.php\/2024\/02\/27\/verja-fronteriza-esta-practicamente-terminada-segun-abinader\/","url_meta":{"origin":139228,"position":4},"title":"Verja fronteriza est\u00e1 &#8220;pr\u00e1cticamente terminada&#8221;, seg\u00fan Abinader","author":"BIMARY DE JES\u00daS Matos","date":"27 de febrero de 2024","format":false,"excerpt":"Santo Domingo.- El presidente Luis Abinader afirm\u00f3 que el muro divisorio entre la Rep\u00fablica Dominicana y Hait\u00ed es una de las obras m\u00e1s importantes y que cambiar\u00e1 para siempre a la naci\u00f3n. Seg\u00fan el mandatario en las provincias fronterizas con el territorio haitiano se ha reducido en m\u00e1s de un\u2026","rel":"","context":"En \u00abPORTADA\u00bb","block_context":{"text":"PORTADA","link":"https:\/\/lasprimeras.com.do\/index.php\/category\/portada\/"},"img":{"alt_text":"","src":"https:\/\/i0.wp.com\/lasprimeras.com.do\/wp-content\/uploads\/2024\/02\/6437de0b5716f.jpeg?resize=350%2C200&ssl=1","width":350,"height":200,"srcset":"https:\/\/i0.wp.com\/lasprimeras.com.do\/wp-content\/uploads\/2024\/02\/6437de0b5716f.jpeg?resize=350%2C200&ssl=1 1x, https:\/\/i0.wp.com\/lasprimeras.com.do\/wp-content\/uploads\/2024\/02\/6437de0b5716f.jpeg?resize=525%2C300&ssl=1 1.5x, https:\/\/i0.wp.com\/lasprimeras.com.do\/wp-content\/uploads\/2024\/02\/6437de0b5716f.jpeg?resize=700%2C400&ssl=1 2x"},"classes":[]},{"id":64364,"url":"https:\/\/lasprimeras.com.do\/index.php\/2023\/10\/19\/abinader-inaugura-primer-tramo-de-la-verja-perimetral-inteligente-en-elias-pina\/","url_meta":{"origin":139228,"position":5},"title":"Abinader inaugura primer tramo de la verja perimetral inteligente en El\u00edas Pi\u00f1a","author":"Nelson Feliz","date":"19 de octubre de 2023","format":false,"excerpt":"Mandatario reitera verja permitir\u00e1 control eficiente del comercio bilateral y flujo migratorio, el combate del narcotr\u00e1fico y crimen organizado. El presidente Luis Abinader inaugur\u00f3 el primer tramo de la verja perimetral inteligente en la provincia fronteriza de El\u00edas Pi\u00f1a, reiterando que la frontera ya no ser\u00e1 nunca la misma. \u201cHemos\u2026","rel":"","context":"En \u00abNACIONALES\u00bb","block_context":{"text":"NACIONALES","link":"https:\/\/lasprimeras.com.do\/index.php\/category\/nacionales\/"},"img":{"alt_text":"Luis Abinader","src":"https:\/\/i0.wp.com\/lasprimeras.com.do\/wp-content\/uploads\/2023\/10\/Luis-Abinader-Verja.jpg?resize=350%2C200&ssl=1","width":350,"height":200,"srcset":"https:\/\/i0.wp.com\/lasprimeras.com.do\/wp-content\/uploads\/2023\/10\/Luis-Abinader-Verja.jpg?resize=350%2C200&ssl=1 1x, https:\/\/i0.wp.com\/lasprimeras.com.do\/wp-content\/uploads\/2023\/10\/Luis-Abinader-Verja.jpg?resize=525%2C300&ssl=1 1.5x, https:\/\/i0.wp.com\/lasprimeras.com.do\/wp-content\/uploads\/2023\/10\/Luis-Abinader-Verja.jpg?resize=700%2C400&ssl=1 2x"},"classes":[]}],"jetpack_sharing_enabled":true,"jetpack_featured_media_url":"https:\/\/lasprimeras.com.do\/wp-content\/uploads\/2026\/09\/gobierno-construira-145-km-de-verja-fronteriza-en-jimani-2d9a7c55-focus-0-0-896-504.jpg","_links":{"self":[{"href":"https:\/\/lasprimeras.com.do\/index.php\/wp-json\/wp\/v2\/posts\/139228","targetHints":{"allow":["GET"]}}],"collection":[{"href":"https:\/\/lasprimeras.com.do\/index.php\/wp-json\/wp\/v2\/posts"}],"about":[{"href":"https:\/\/lasprimeras.com.do\/index.php\/wp-json\/wp\/v2\/types\/post"}],"author":[{"embeddable":true,"href":"https:\/\/lasprimeras.com.do\/index.php\/wp-json\/wp\/v2\/users\/3"}],"replies":[{"embeddable":true,"href":"https:\/\/lasprimeras.com.do\/index.php\/wp-json\/wp\/v2\/comments?post=139228"}],"version-history":[{"count":1,"href":"https:\/\/lasprimeras.com.do\/index.php\/wp-json\/wp\/v2\/posts\/139228\/revisions"}],"predecessor-version":[{"id":139230,"href":"https:\/\/lasprimeras.com.do\/index.php\/wp-json\/wp\/v2\/posts\/139228\/revisions\/139230"}],"wp:featuredmedia":[{"embeddable":true,"href":"https:\/\/lasprimeras.com.do\/index.php\/wp-json\/wp\/v2\/media\/139229"}],"wp:attachment":[{"href":"https:\/\/lasprimeras.com.do\/index.php\/wp-json\/wp\/v2\/media?parent=139228"}],"wp:term":[{"taxonomy":"category","embeddable":true,"href":"https:\/\/lasprimeras.com.do\/index.php\/wp-json\/wp\/v2\/categories?post=139228"},{"taxonomy":"post_tag","embeddable":true,"href":"https:\/\/lasprimeras.com.do\/index.php\/wp-json\/wp\/v2\/tags?post=139228"}],"curies":[{"name":"wp","href":"https:\/\/api.w.org\/{rel}","templated":true}]}}