{"id":139238,"date":"2026-09-06T11:34:48","date_gmt":"2026-09-06T15:34:48","guid":{"rendered":"https:\/\/lasprimeras.com.do\/?p=139238"},"modified":"2026-09-06T11:34:49","modified_gmt":"2026-09-06T15:34:49","slug":"tetris-amenaza-con-acciones-contra-la-casa-blanca-por-su-videojuego-construye-el-muro","status":"publish","type":"post","link":"https:\/\/lasprimeras.com.do\/index.php\/2026\/09\/06\/tetris-amenaza-con-acciones-contra-la-casa-blanca-por-su-videojuego-construye-el-muro\/","title":{"rendered":"Tetris amenaza con acciones contra la Casa Blanca por su videojuego Construye el Muro"},"content":{"rendered":"\n<p class=\"wp-block-paragraph\"><strong>La compa\u00f1\u00eda, con sede en Haw\u00e1i y Nevada, agreg\u00f3 que cree &#8220;en el poder de unir a la gente, no de dividirla&#8221; y envi\u00f3 un mensaje de &#8220;amor&#8221; a sus seguidores<\/strong><\/p>\n\n\n\n<p class=\"wp-block-paragraph\">Por Luis De Jes\u00fas<\/p>\n\n\n\n<p class=\"wp-block-paragraph\">La compa\u00f1\u00eda estadounidense Tetris neg\u00f3 el viernes haber participado en la creaci\u00f3n de un videojuego lanzado por la Casa Blanca para construir un muro fronterizo que emula la mec\u00e1nica de su popular juego, y advirti\u00f3 de posibles acciones legales.<\/p>\n\n\n\n<p class=\"wp-block-paragraph\">\u201cTetris Company no particip\u00f3 en la creaci\u00f3n de \u2018Build the Wall\u2019 (\u2018Construye el muro\u2019). Por cierto: nos tomamos muy en serio las infracciones de derechos de autor\u201d, afirm\u00f3 la empresa en redes sociales.<\/p>\n\n\n\n<p class=\"wp-block-paragraph\">La compa\u00f1\u00eda, con sede en Haw\u00e1i y Nevada, agreg\u00f3 que cree \u201cen el poder de unir a la gente, no de dividirla\u201d y envi\u00f3 un mensaje de \u201camor\u201d a sus seguidores en todo el mundo.<\/p>\n\n\n\n<p class=\"wp-block-paragraph\">El pronunciamiento de Tetris se produce tras el lanzamiento, el jueves, por parte de la Casa Blanca, de la p\u00e1gina web \u2018Arcade\u2019, que re\u00fane cinco videojuegos de est\u00e9tica retro inspirados en algunas de las pol\u00edticas promovidas por el presidente estadounidense, Donald Trump.<\/p>\n\n\n\n<p class=\"wp-block-paragraph\">Entre ellos figura \u2018Build the Wall\u2019, una versi\u00f3n inspirada en Tetris en la que el jugador debe levantar un muro para \u201cproteger la frontera de la horda que se aproxima\u201d, seg\u00fan la descripci\u00f3n oficial.<\/p>\n\n\n\n<figure class=\"wp-block-image size-full\"><img decoding=\"async\" width=\"546\" height=\"830\" src=\"https:\/\/lasprimeras.com.do\/wp-content\/uploads\/2026\/09\/JUEG-1.jpg\" alt=\"\" class=\"wp-image-139240\" srcset=\"https:\/\/lasprimeras.com.do\/wp-content\/uploads\/2026\/09\/JUEG-1.jpg 546w, https:\/\/lasprimeras.com.do\/wp-content\/uploads\/2026\/09\/JUEG-1-197x300.jpg 197w\" sizes=\"(max-width: 546px) 100vw, 546px\" \/><\/figure>\n\n\n\n<p class=\"wp-block-paragraph\">La plataforma tambi\u00e9n incluye \u2018Rio Run\u2019, basado en la mec\u00e1nica del tradicional juego \u2018Snake\u2019 (\u2018Serpiente\u2019), que propone patrullar la frontera a lo largo del r\u00edo Grande y detener a personas que intentan cruzar.<\/p>\n\n\n\n<p class=\"wp-block-paragraph\">La Casa Blanca explic\u00f3 al portal The Washington Examiner que la iniciativa busca \u201ctrasladar la agenda de Trump a un formato interactivo\u201d y que pretende \u201ccontar la historia de sus logros\u201d de una manera que conecte con los estadounidenses.<\/p>\n\n\n\n<p class=\"wp-block-paragraph\">Fuente eldiariony.com<\/p>\n","protected":false},"excerpt":{"rendered":"<p>La compa\u00f1\u00eda, con sede en Haw\u00e1i y Nevada, agreg\u00f3 que cree &#8220;en el poder de unir a la gente, no de dividirla&#8221; y envi\u00f3 un mensaje de &#8220;amor&#8221; a sus&hellip;<\/p>\n","protected":false},"author":10,"featured_media":139239,"comment_status":"open","ping_status":"open","sticky":false,"template":"","format":"standard","meta":{"content-type":"","_jetpack_newsletter_access":"","_jetpack_dont_email_post_to_subs":false,"_jetpack_newsletter_tier_id":0,"_jetpack_memberships_contains_paywalled_content":false,"_jetpack_feature_clip_id":0,"_jetpack_memberships_contains_paid_content":false,"footnotes":"","jetpack_post_was_ever_published":false},"categories":[23746],"tags":[205,434,1720,36352,10897,36351],"class_list":["post-139238","post","type-post","status-publish","format-standard","has-post-thumbnail","hentry","category-tecnologia","tag-acciones","tag-amenaza","tag-casa-blanca","tag-construye-el-muro","tag-tetris","tag-videojuego"],"jetpack-related-posts":[{"id":72920,"url":"https:\/\/lasprimeras.com.do\/index.php\/2024\/01\/04\/un-jugador-de-13-anos-se-convierte-en-el-primero-en-vencer-al-imbatible-tetris-rompiendolo\/","url_meta":{"origin":139238,"position":0},"title":"Un jugador de 13 a\u00f1os se convierte en el primero en vencer al &#8216;imbatible&#8217; Tetris, rompi\u00e9ndolo","author":"Nelson Feliz","date":"4 de enero de 2024","format":false,"excerpt":"POR DAVID HAMILTON SAN FRANCISCO (AP) \u2014 El videojuego de bloques que caen Tetris encontr\u00f3 su rival en Willis Gibson, de 13 a\u00f1os, quien se convirti\u00f3 en el primer jugador en \u201cvencer\u201d oficialmente la versi\u00f3n original del juego de Nintendo, rompi\u00e9ndola. T\u00e9cnicamente, Willis, tambi\u00e9n conocido como \"scuti azul\" en el\u2026","rel":"","context":"En \u00abSin categor\u00eda\u00bb","block_context":{"text":"Sin categor\u00eda","link":"https:\/\/lasprimeras.com.do\/index.php\/category\/sin-categoria\/"},"img":{"alt_text":"videojuego de bloques que caen Tetris","src":"https:\/\/i0.wp.com\/lasprimeras.com.do\/wp-content\/uploads\/2024\/01\/videojuego-de-bloques-que-caen-Tetris.jpg?resize=350%2C200&ssl=1","width":350,"height":200,"srcset":"https:\/\/i0.wp.com\/lasprimeras.com.do\/wp-content\/uploads\/2024\/01\/videojuego-de-bloques-que-caen-Tetris.jpg?resize=350%2C200&ssl=1 1x, https:\/\/i0.wp.com\/lasprimeras.com.do\/wp-content\/uploads\/2024\/01\/videojuego-de-bloques-que-caen-Tetris.jpg?resize=525%2C300&ssl=1 1.5x, https:\/\/i0.wp.com\/lasprimeras.com.do\/wp-content\/uploads\/2024\/01\/videojuego-de-bloques-que-caen-Tetris.jpg?resize=700%2C400&ssl=1 2x"},"classes":[]},{"id":57345,"url":"https:\/\/lasprimeras.com.do\/index.php\/2023\/08\/11\/declaran-a-hawai-en-estado-de-catastrofe-ante-incendios-forestales\/","url_meta":{"origin":139238,"position":1},"title":"Declaran a Haw\u00e1i en estado de cat\u00e1strofe ante incendios forestales","author":"Nelson Feliz","date":"11 de agosto de 2023","format":false,"excerpt":"Los incendios forestales en la costa oeste de Maui, alimentados por los fuertes vientos de un hurac\u00e1n que pasaba hacia el sur, estallaron el martes. El presidente de Estados Unidos, Joe Biden, declar\u00f3 el jueves el estado de cat\u00e1strofe natural para Haw\u00e1i, donde los voraces incendios forestales han destruido la\u2026","rel":"","context":"En \u00abSin categor\u00eda\u00bb","block_context":{"text":"Sin categor\u00eda","link":"https:\/\/lasprimeras.com.do\/index.php\/category\/sin-categoria\/"},"img":{"alt_text":"Restos de viviendas y autos calcinados tras un incendio en Lahaina, Hawai, el 10 de agosto de 2023. RICK BOWMER","src":"https:\/\/i0.wp.com\/lasprimeras.com.do\/wp-content\/uploads\/2023\/08\/incendios-forestales.jpeg?resize=350%2C200&ssl=1","width":350,"height":200,"srcset":"https:\/\/i0.wp.com\/lasprimeras.com.do\/wp-content\/uploads\/2023\/08\/incendios-forestales.jpeg?resize=350%2C200&ssl=1 1x, https:\/\/i0.wp.com\/lasprimeras.com.do\/wp-content\/uploads\/2023\/08\/incendios-forestales.jpeg?resize=525%2C300&ssl=1 1.5x, https:\/\/i0.wp.com\/lasprimeras.com.do\/wp-content\/uploads\/2023\/08\/incendios-forestales.jpeg?resize=700%2C400&ssl=1 2x"},"classes":[]},{"id":90994,"url":"https:\/\/lasprimeras.com.do\/index.php\/2024\/11\/05\/trump-anticipa-a-sus-seguidores-una-gran-victoria-en-esta-jornada-electoral\/","url_meta":{"origin":139238,"position":2},"title":"Trump anticipa a sus seguidores una &#8220;gran victoria&#8221; en esta jornada electoral","author":"Nelson Feliz","date":"5 de noviembre de 2024","format":false,"excerpt":"West Palm Beach (EE.UU.), (EFE).- El expresidente Donald Trump dijo en un mensaje en video a sus simpatizantes que la noche de este martes tendr\u00e1 \u201cuna gran victoria\u201d e invit\u00f3 a acompa\u00f1arlo para conocer los resultados de los comicios electorales. El exmandatario (2017-2021) y candidato republicano envi\u00f3 el mensaje en\u2026","rel":"","context":"En \u00abINTERNACIONALES\u00bb","block_context":{"text":"INTERNACIONALES","link":"https:\/\/lasprimeras.com.do\/index.php\/category\/sin-categoria\/internacionales\/"},"img":{"alt_text":"Donald Trump","src":"https:\/\/i0.wp.com\/lasprimeras.com.do\/wp-content\/uploads\/2024\/08\/Donald-Trump-1-1.jpg?resize=350%2C200&ssl=1","width":350,"height":200,"srcset":"https:\/\/i0.wp.com\/lasprimeras.com.do\/wp-content\/uploads\/2024\/08\/Donald-Trump-1-1.jpg?resize=350%2C200&ssl=1 1x, https:\/\/i0.wp.com\/lasprimeras.com.do\/wp-content\/uploads\/2024\/08\/Donald-Trump-1-1.jpg?resize=525%2C300&ssl=1 1.5x"},"classes":[]},{"id":49740,"url":"https:\/\/lasprimeras.com.do\/index.php\/2023\/05\/14\/comunitarios-marcharon-en-contra-del-muro-que-se-construye-en-la-autopista-san-isidro\/","url_meta":{"origin":139238,"position":3},"title":"Comunitarios marcharon en contra del muro que se construye en la Autopista San Isidro","author":"prenxa100","date":"14 de mayo de 2023","format":false,"excerpt":"Santo Domingo, Este, RD.-. Comunitarios y comerciantes que habitan en los alrededores de la avenida Coronel Rafael Tomas Hern\u00e1ndez o Autopista San Isidro marcharon este domingo en rechaz\u00f3 del muro que est\u00e1 construyendo el Ministerio de Obras P\u00fablicas (MOPC) en el medio de la v\u00eda, con la intenci\u00f3n\u00a0de reducir los\u2026","rel":"","context":"En \u00abNACIONALES\u00bb","block_context":{"text":"NACIONALES","link":"https:\/\/lasprimeras.com.do\/index.php\/category\/nacionales\/"},"img":{"alt_text":"","src":"https:\/\/i0.wp.com\/atento.com.do\/wp-content\/uploads\/2023\/05\/muro-1-1024x684.jpg?resize=350%2C200&ssl=1","width":350,"height":200,"srcset":"https:\/\/i0.wp.com\/atento.com.do\/wp-content\/uploads\/2023\/05\/muro-1-1024x684.jpg?resize=350%2C200&ssl=1 1x, https:\/\/i0.wp.com\/atento.com.do\/wp-content\/uploads\/2023\/05\/muro-1-1024x684.jpg?resize=525%2C300&ssl=1 1.5x, https:\/\/i0.wp.com\/atento.com.do\/wp-content\/uploads\/2023\/05\/muro-1-1024x684.jpg?resize=700%2C400&ssl=1 2x"},"classes":[]},{"id":57517,"url":"https:\/\/lasprimeras.com.do\/index.php\/2023\/08\/13\/los-muertos-en-maui-suman-93-y-las-autoridades-alertan-de-que-lo-peor-esta-por-venir\/","url_meta":{"origin":139238,"position":4},"title":"Los muertos en Maui suman 93 y las autoridades alertan de que lo peor est\u00e1 por venir","author":"Nelson Feliz","date":"13 de agosto de 2023","format":false,"excerpt":"Los incendios que han asolado la isla de Maui durante la \u00faltima semana han dejado ya 93 muertos, seg\u00fan las \u00faltimas cifras publicadas este domingo por las autoridades, que han alertado de que el proceso de b\u00fasqueda de fallecidos est\u00e1 en su etapa inicial y que lo peor est\u00e1 por\u2026","rel":"","context":"En \u00abSin categor\u00eda\u00bb","block_context":{"text":"Sin categor\u00eda","link":"https:\/\/lasprimeras.com.do\/index.php\/category\/sin-categoria\/"},"img":{"alt_text":"muertos","src":"https:\/\/i0.wp.com\/lasprimeras.com.do\/wp-content\/uploads\/2023\/08\/muertos.jpg?resize=350%2C200&ssl=1","width":350,"height":200,"srcset":"https:\/\/i0.wp.com\/lasprimeras.com.do\/wp-content\/uploads\/2023\/08\/muertos.jpg?resize=350%2C200&ssl=1 1x, https:\/\/i0.wp.com\/lasprimeras.com.do\/wp-content\/uploads\/2023\/08\/muertos.jpg?resize=525%2C300&ssl=1 1.5x, https:\/\/i0.wp.com\/lasprimeras.com.do\/wp-content\/uploads\/2023\/08\/muertos.jpg?resize=700%2C400&ssl=1 2x, https:\/\/i0.wp.com\/lasprimeras.com.do\/wp-content\/uploads\/2023\/08\/muertos.jpg?resize=1050%2C600&ssl=1 3x, https:\/\/i0.wp.com\/lasprimeras.com.do\/wp-content\/uploads\/2023\/08\/muertos.jpg?resize=1400%2C800&ssl=1 4x"},"classes":[]},{"id":57883,"url":"https:\/\/lasprimeras.com.do\/index.php\/2023\/08\/17\/hawai-el-numero-de-muertos-por-los-incendios-asciende-a-110\/","url_meta":{"origin":139238,"position":5},"title":"HAWAI: El n\u00famero de muertos por los incendios asciende a 110","author":"Nelson Feliz","date":"17 de agosto de 2023","format":false,"excerpt":"El gobernador de Haw\u00e1i (EEUU), Josh Green ha informado en una rueda de prensa de que el n\u00famero de fallecidos por los incendios en la isla hawaiana de Maui han ascendido a 110, seg\u00fan ha informado la cadena CNN, y se espera que esta cifra siga aumentando mientras avanzan las\u2026","rel":"","context":"En \u00abSin categor\u00eda\u00bb","block_context":{"text":"Sin categor\u00eda","link":"https:\/\/lasprimeras.com.do\/index.php\/category\/sin-categoria\/"},"img":{"alt_text":"incendios","src":"https:\/\/i0.wp.com\/lasprimeras.com.do\/wp-content\/uploads\/2023\/08\/incendios-1.jpeg?resize=350%2C200&ssl=1","width":350,"height":200,"srcset":"https:\/\/i0.wp.com\/lasprimeras.com.do\/wp-content\/uploads\/2023\/08\/incendios-1.jpeg?resize=350%2C200&ssl=1 1x, https:\/\/i0.wp.com\/lasprimeras.com.do\/wp-content\/uploads\/2023\/08\/incendios-1.jpeg?resize=525%2C300&ssl=1 1.5x, https:\/\/i0.wp.com\/lasprimeras.com.do\/wp-content\/uploads\/2023\/08\/incendios-1.jpeg?resize=700%2C400&ssl=1 2x"},"classes":[]}],"jetpack_sharing_enabled":true,"jetpack_featured_media_url":"https:\/\/lasprimeras.com.do\/wp-content\/uploads\/2026\/09\/JUEG.jpg","_links":{"self":[{"href":"https:\/\/lasprimeras.com.do\/index.php\/wp-json\/wp\/v2\/posts\/139238","targetHints":{"allow":["GET"]}}],"collection":[{"href":"https:\/\/lasprimeras.com.do\/index.php\/wp-json\/wp\/v2\/posts"}],"about":[{"href":"https:\/\/lasprimeras.com.do\/index.php\/wp-json\/wp\/v2\/types\/post"}],"author":[{"embeddable":true,"href":"https:\/\/lasprimeras.com.do\/index.php\/wp-json\/wp\/v2\/users\/10"}],"replies":[{"embeddable":true,"href":"https:\/\/lasprimeras.com.do\/index.php\/wp-json\/wp\/v2\/comments?post=139238"}],"version-history":[{"count":1,"href":"https:\/\/lasprimeras.com.do\/index.php\/wp-json\/wp\/v2\/posts\/139238\/revisions"}],"predecessor-version":[{"id":139241,"href":"https:\/\/lasprimeras.com.do\/index.php\/wp-json\/wp\/v2\/posts\/139238\/revisions\/139241"}],"wp:featuredmedia":[{"embeddable":true,"href":"https:\/\/lasprimeras.com.do\/index.php\/wp-json\/wp\/v2\/media\/139239"}],"wp:attachment":[{"href":"https:\/\/lasprimeras.com.do\/index.php\/wp-json\/wp\/v2\/media?parent=139238"}],"wp:term":[{"taxonomy":"category","embeddable":true,"href":"https:\/\/lasprimeras.com.do\/index.php\/wp-json\/wp\/v2\/categories?post=139238"},{"taxonomy":"post_tag","embeddable":true,"href":"https:\/\/lasprimeras.com.do\/index.php\/wp-json\/wp\/v2\/tags?post=139238"}],"curies":[{"name":"wp","href":"https:\/\/api.w.org\/{rel}","templated":true}]}}