{"id":139242,"date":"2026-09-06T11:47:44","date_gmt":"2026-09-06T15:47:44","guid":{"rendered":"https:\/\/lasprimeras.com.do\/?p=139242"},"modified":"2026-09-06T11:48:00","modified_gmt":"2026-09-06T15:48:00","slug":"se-desploma-parte-del-techo-del-kennedy-center-y-piden-cerrar-el-recinto-para-renovarlo","status":"publish","type":"post","link":"https:\/\/lasprimeras.com.do\/index.php\/2026\/09\/06\/se-desploma-parte-del-techo-del-kennedy-center-y-piden-cerrar-el-recinto-para-renovarlo\/","title":{"rendered":"Se desploma parte del techo del Kennedy Center y piden cerrar el recinto para renovarlo"},"content":{"rendered":"\n<p class=\"wp-block-paragraph\"><strong>Im\u00e1genes divulgadas por el propio recinto muestran un agujero en el techo del vest\u00edbulo y restos de material sobre la alfombra roja de uno de los pasillos<\/strong><\/p>\n\n\n\n<p class=\"wp-block-paragraph\">Por Luis De Jes\u00fas<\/p>\n\n\n\n<p class=\"wp-block-paragraph\">Un tramo del techo del vest\u00edbulo principal del Kennedy Center se desprendi\u00f3 el viernes por la noche durante una tormenta en Washington, sin causar heridos, en momentos en que el recinto enfrenta una disputa judicial por los planes de renovaci\u00f3n impulsados por el presidente Donald Trump.<\/p>\n\n\n\n<p class=\"wp-block-paragraph\">Roma Daravi, vicepresidenta de relaciones p\u00fablicas del Kennedy Center, confirm\u00f3 el incidente a The Associated Press y sostuvo que el da\u00f1o evidencia la necesidad de cerrar temporalmente el hist\u00f3rico centro cultural para ejecutar trabajos de restauraci\u00f3n.<\/p>\n\n\n\n<p class=\"wp-block-paragraph\">Im\u00e1genes divulgadas por el propio recinto muestran un agujero en el techo del vest\u00edbulo y restos de material sobre la alfombra roja de uno de los pasillos que comunica las tres principales salas del complejo.<\/p>\n\n\n\n<p class=\"wp-block-paragraph\">Daravi atribuy\u00f3 el deterioro a d\u00e9cadas de falta de mantenimiento bajo la administraci\u00f3n anterior y defendi\u00f3 la necesidad de avanzar con el proyecto de renovaci\u00f3n.<\/p>\n\n\n\n<p class=\"wp-block-paragraph\">La junta directiva del Kennedy Center, actualmente alineada con Trump, pretende cerrar el complejo durante dos a\u00f1os para ejecutar obras estimadas en $250 millones de d\u00f3lares.<\/p>\n\n\n\n<figure class=\"wp-block-image size-full\"><img decoding=\"async\" width=\"607\" height=\"849\" src=\"https:\/\/lasprimeras.com.do\/wp-content\/uploads\/2026\/09\/Kennedy-Center-1.jpg\" alt=\"\" class=\"wp-image-139244\" srcset=\"https:\/\/lasprimeras.com.do\/wp-content\/uploads\/2026\/09\/Kennedy-Center-1.jpg 607w, https:\/\/lasprimeras.com.do\/wp-content\/uploads\/2026\/09\/Kennedy-Center-1-214x300.jpg 214w\" sizes=\"(max-width: 607px) 100vw, 607px\" \/><\/figure>\n\n\n\n<p class=\"wp-block-paragraph\">El proyecto forma parte de una transformaci\u00f3n m\u00e1s amplia promovida por Trump en Washington, que tambi\u00e9n incluye la construcci\u00f3n de un sal\u00f3n de baile en la Casa Blanca, un arco monumental cerca del Cementerio Nacional de Arlington y modificaciones en un campo de golf ubicado junto al r\u00edo Potomac.<\/p>\n\n\n\n<p class=\"wp-block-paragraph\">Disputa por el nombre de Trump<\/p>\n\n\n\n<p class=\"wp-block-paragraph\">La renovaci\u00f3n del Kennedy Center est\u00e1 vinculada adem\u00e1s con la controvertida decisi\u00f3n de incorporar el nombre de Trump a la fachada del edificio, construido en homenaje al expresidente John F. Kennedy.<\/p>\n\n\n\n<p class=\"wp-block-paragraph\">En mayo, el juez federal Christopher Cooper determin\u00f3 que la incorporaci\u00f3n del nombre de Trump hab\u00eda sido ilegal y orden\u00f3 retirarlo. Tambi\u00e9n bloque\u00f3 los planes de cerrar el centro para realizar las obras.<\/p>\n\n\n\n<p class=\"wp-block-paragraph\">El caso volvi\u00f3 a quedar bajo consideraci\u00f3n del magistrado despu\u00e9s de que la junta del Kennedy Center votara en agosto para restablecer el nombre de Trump en la fachada.<\/p>\n\n\n\n<p class=\"wp-block-paragraph\">La nueva inscripci\u00f3n hace referencia al recinto como el \u201cCentro John F. Kennedy para las Artes Esc\u00e9nicas restaurado y renovado por el presidente Donald J. Trump\u201d.<\/p>\n\n\n\n<p class=\"wp-block-paragraph\">Abogados del Departamento de Justicia han sostenido que las contribuciones privadas destinadas a financiar la renovaci\u00f3n podr\u00edan disminuir si el nombre de Trump no permanece en el edificio.<\/p>\n\n\n\n<p class=\"wp-block-paragraph\">M\u00e1s cambios en el Kennedy Center<\/p>\n\n\n\n<p class=\"wp-block-paragraph\">Los cambios promovidos en el centro cultural tambi\u00e9n han generado cr\u00edticas. La semana pasada fue retirada del exterior del complejo la escultura Blue, una obra del fallecido artista Joel Shapiro que permanec\u00eda all\u00ed desde 2019.<\/p>\n\n\n\n<p class=\"wp-block-paragraph\">El Kennedy Center no explic\u00f3 las razones de la retirada, aunque expres\u00f3 su reconocimiento por haber sido custodio de la pieza durante los \u00faltimos a\u00f1os.<\/p>\n\n\n\n<p class=\"wp-block-paragraph\">Grace Terpstra, fundadora de Keep the KC, un grupo comunitario contrario al cierre del recinto, cuestion\u00f3 que el desprendimiento del techo pueda utilizarse para justificar el cierre total del complejo.<\/p>\n\n\n\n<p class=\"wp-block-paragraph\">Dijo a AP que teme que la junta presente el incidente como evidencia de problemas estructurales m\u00e1s amplios para respaldar el proyecto de renovaci\u00f3n.<\/p>\n\n\n\n<p class=\"wp-block-paragraph\">Fuente eldiariony.com<\/p>\n","protected":false},"excerpt":{"rendered":"<p>Im\u00e1genes divulgadas por el propio recinto muestran un agujero en el techo del vest\u00edbulo y restos de material sobre la alfombra roja de uno de los pasillos Por Luis De&hellip;<\/p>\n","protected":false},"author":10,"featured_media":139243,"comment_status":"open","ping_status":"open","sticky":false,"template":"","format":"standard","meta":{"content-type":"","_jetpack_newsletter_access":"","_jetpack_dont_email_post_to_subs":false,"_jetpack_newsletter_tier_id":0,"_jetpack_memberships_contains_paywalled_content":false,"_jetpack_feature_clip_id":0,"_jetpack_memberships_contains_paid_content":false,"footnotes":"","jetpack_post_was_ever_published":false},"categories":[16289],"tags":[36354,36353],"class_list":["post-139242","post","type-post","status-publish","format-standard","has-post-thumbnail","hentry","category-internacionales","tag-cerrar-recinto-para-renovarlo","tag-se-desploma-techo-del-kennedy-center"],"jetpack-related-posts":[{"id":133373,"url":"https:\/\/lasprimeras.com.do\/index.php\/2026\/06\/13\/el-nombre-de-trump-ya-no-esta-en-la-fachada-del-centro-kennedy-dice-funcionario-del-recinto\/","url_meta":{"origin":139242,"position":0},"title":"El nombre de Trump ya no est\u00e1 en la fachada del Centro Kennedy, dice funcionario del recinto","author":"Nelson Feliz","date":"13 de junio de 2026","format":false,"excerpt":"POR STEVEN SLOAN WASHINGTON (AP) \u2014 El tel\u00f3n quiz\u00e1 haya empezado a caer para el presidente Donald Trump en el Centro Kennedy, pero por ahora, la lona sigue puesta. Matt Floca, director ejecutivo y de operaciones del recinto de artes esc\u00e9nicas, dijo el s\u00e1bado a un tribunal federal que la\u2026","rel":"","context":"En \u00abINTERNACIONALES\u00bb","block_context":{"text":"INTERNACIONALES","link":"https:\/\/lasprimeras.com.do\/index.php\/category\/sin-categoria\/internacionales\/"},"img":{"alt_text":"Centro Kennedy","src":"https:\/\/i0.wp.com\/lasprimeras.com.do\/wp-content\/uploads\/2026\/06\/Centro-Kennedy.jpg?resize=350%2C200&ssl=1","width":350,"height":200,"srcset":"https:\/\/i0.wp.com\/lasprimeras.com.do\/wp-content\/uploads\/2026\/06\/Centro-Kennedy.jpg?resize=350%2C200&ssl=1 1x, https:\/\/i0.wp.com\/lasprimeras.com.do\/wp-content\/uploads\/2026\/06\/Centro-Kennedy.jpg?resize=525%2C300&ssl=1 1.5x, https:\/\/i0.wp.com\/lasprimeras.com.do\/wp-content\/uploads\/2026\/06\/Centro-Kennedy.jpg?resize=700%2C400&ssl=1 2x"},"classes":[]},{"id":95395,"url":"https:\/\/lasprimeras.com.do\/index.php\/2025\/03\/13\/una-explosion-en-ducto-de-mantenimiento-en-la-universidad-texas-tech-provoca-fuegos-y-cancela-clases\/","url_meta":{"origin":139242,"position":1},"title":"Una explosi\u00f3n en ducto de mantenimiento en la Universidad Texas Tech provoca fuegos y cancela clases","author":"Nelson Feliz","date":"13 de marzo de 2025","format":false,"excerpt":"LUBBOCK, Texas (AP) \u2014 Una explosi\u00f3n dentro de un pozo de mantenimiento en el campus de la Universidad Tecnol\u00f3gica de Texas en Lubbock provoc\u00f3 incendios y cortes de energ\u00eda, lo que llev\u00f3 a los responsables de la escuela a emitir \u00f3rdenes de evacuaci\u00f3n para varios edificios y cancelar las clases\u2026","rel":"","context":"En \u00abINTERNACIONALES\u00bb","block_context":{"text":"INTERNACIONALES","link":"https:\/\/lasprimeras.com.do\/index.php\/category\/sin-categoria\/internacionales\/"},"img":{"alt_text":"","src":"https:\/\/i0.wp.com\/lasprimeras.com.do\/wp-content\/uploads\/2025\/03\/explosion.png?resize=350%2C200&ssl=1","width":350,"height":200,"srcset":"https:\/\/i0.wp.com\/lasprimeras.com.do\/wp-content\/uploads\/2025\/03\/explosion.png?resize=350%2C200&ssl=1 1x, https:\/\/i0.wp.com\/lasprimeras.com.do\/wp-content\/uploads\/2025\/03\/explosion.png?resize=525%2C300&ssl=1 1.5x, https:\/\/i0.wp.com\/lasprimeras.com.do\/wp-content\/uploads\/2025\/03\/explosion.png?resize=700%2C400&ssl=1 2x"},"classes":[]},{"id":118521,"url":"https:\/\/lasprimeras.com.do\/index.php\/2025\/12\/30\/cambio-de-nombre-del-centro-kennedy-provoca-nueva-ola-de-cancelaciones-de-artistas\/","url_meta":{"origin":139242,"position":2},"title":"Cambio de nombre del Centro Kennedy provoca nueva ola de cancelaciones de artistas","author":"Nelson Feliz","date":"30 de diciembre de 2025","format":false,"excerpt":"POR MEG KINNARD M\u00e1s artistas han cancelado sus presentaciones programadas en el Centro Kennedy despu\u00e9s de que se le agreg\u00f3 el nombre del presidente Donald Trump al recinto. El grupo de jazz The Cookers se retir\u00f3 de un concierto planeado para la v\u00edspera de A\u00f1o Nuevo, lo que llev\u00f3 al\u2026","rel":"","context":"En \u00abENTRETENIMIENTO\u00bb","block_context":{"text":"ENTRETENIMIENTO","link":"https:\/\/lasprimeras.com.do\/index.php\/category\/entretenimiento\/"},"img":{"alt_text":"Centro Kennedy","src":"https:\/\/i0.wp.com\/lasprimeras.com.do\/wp-content\/uploads\/2025\/12\/Centro-Kennedy.jpg?resize=350%2C200&ssl=1","width":350,"height":200,"srcset":"https:\/\/i0.wp.com\/lasprimeras.com.do\/wp-content\/uploads\/2025\/12\/Centro-Kennedy.jpg?resize=350%2C200&ssl=1 1x, https:\/\/i0.wp.com\/lasprimeras.com.do\/wp-content\/uploads\/2025\/12\/Centro-Kennedy.jpg?resize=525%2C300&ssl=1 1.5x, https:\/\/i0.wp.com\/lasprimeras.com.do\/wp-content\/uploads\/2025\/12\/Centro-Kennedy.jpg?resize=700%2C400&ssl=1 2x"},"classes":[]},{"id":96799,"url":"https:\/\/lasprimeras.com.do\/index.php\/2025\/04\/08\/la-discoteca-jet-set-que-hizo-historia-cada-lunes-por-la-noche\/","url_meta":{"origin":139242,"position":3},"title":"La discoteca Jet Set que hizo historia cada lunes por la noche","author":"Nelson Feliz","date":"8 de abril de 2025","format":false,"excerpt":"El recinto se ha convertido en centro de una tragedia, tras desplomarse su techo durante una fiesta con el merenguero Rubby P\u00e9rez. Durante 52 a\u00f1os, la discoteca Jet Set -cuyo techo se derrumb\u00f3 anoche- ha sido mucho m\u00e1s que un centro nocturno en la capital dominicana. Se convirti\u00f3 en una\u2026","rel":"","context":"En \u00abENTRETENIMIENTO\u00bb","block_context":{"text":"ENTRETENIMIENTO","link":"https:\/\/lasprimeras.com.do\/index.php\/category\/entretenimiento\/"},"img":{"alt_text":"La emblem\u00e1tica pista de baile de la discoteca Jet Set","src":"https:\/\/i0.wp.com\/lasprimeras.com.do\/wp-content\/uploads\/2025\/04\/La-emblematica-pista-de-baile-de-la-discoteca-Jet-Set.jpg?resize=350%2C200&ssl=1","width":350,"height":200,"srcset":"https:\/\/i0.wp.com\/lasprimeras.com.do\/wp-content\/uploads\/2025\/04\/La-emblematica-pista-de-baile-de-la-discoteca-Jet-Set.jpg?resize=350%2C200&ssl=1 1x, https:\/\/i0.wp.com\/lasprimeras.com.do\/wp-content\/uploads\/2025\/04\/La-emblematica-pista-de-baile-de-la-discoteca-Jet-Set.jpg?resize=525%2C300&ssl=1 1.5x, https:\/\/i0.wp.com\/lasprimeras.com.do\/wp-content\/uploads\/2025\/04\/La-emblematica-pista-de-baile-de-la-discoteca-Jet-Set.jpg?resize=700%2C400&ssl=1 2x"},"classes":[]},{"id":114419,"url":"https:\/\/lasprimeras.com.do\/index.php\/2025\/11\/13\/ministro-kelvin-cruz-inicia-construccion-de-11-techados-multiusos-en-sde\/","url_meta":{"origin":139242,"position":4},"title":"Ministro Kelvin Cruz inicia construcci\u00f3n de 11 techados multiusos en SDE","author":"Nelson Feliz","date":"13 de noviembre de 2025","format":false,"excerpt":"El ministro de Deportes, Kelvin Cruz, inici\u00f3 este mi\u00e9rcoles los trabajos para la construcci\u00f3n y remozamiento de techados en 11 clubes del municipio Santo Domingo Este, con una inversi\u00f3n total superior a los 300 millones de pesos. La masiva mejora de la infraestructura deportiva del municipio m\u00e1s poblado del pa\u00eds\u2026","rel":"","context":"En \u00abDEPORTES\u00bb","block_context":{"text":"DEPORTES","link":"https:\/\/lasprimeras.com.do\/index.php\/category\/deportes\/"},"img":{"alt_text":"","src":"https:\/\/i0.wp.com\/lasprimeras.com.do\/wp-content\/uploads\/2025\/11\/Kelvin-Cruz-1.jpg?resize=350%2C200&ssl=1","width":350,"height":200,"srcset":"https:\/\/i0.wp.com\/lasprimeras.com.do\/wp-content\/uploads\/2025\/11\/Kelvin-Cruz-1.jpg?resize=350%2C200&ssl=1 1x, https:\/\/i0.wp.com\/lasprimeras.com.do\/wp-content\/uploads\/2025\/11\/Kelvin-Cruz-1.jpg?resize=525%2C300&ssl=1 1.5x, https:\/\/i0.wp.com\/lasprimeras.com.do\/wp-content\/uploads\/2025\/11\/Kelvin-Cruz-1.jpg?resize=700%2C400&ssl=1 2x"},"classes":[]},{"id":137287,"url":"https:\/\/lasprimeras.com.do\/index.php\/2026\/08\/14\/luis-medrano-recomienda-a-ramon-orlando-trasladar-su-concierto-a-la-arena-banreservas\/","url_meta":{"origin":139242,"position":5},"title":"Luis Medrano recomienda a Ram\u00f3n Orlando trasladar su concierto a la Arena Banreservas","author":"Nelson Feliz","date":"14 de agosto de 2026","format":false,"excerpt":"El empresario art\u00edstico sostuvo que el renovado recinto permitir\u00eda concentrar el espect\u00e1culo en un espacio cerrado y con condiciones m\u00e1s controladas para el p\u00fablico y la producci\u00f3n. SANTO DOMINGO - El empresario art\u00edstico Luis Medrano le recomend\u00f3 al maestro Ram\u00f3n Orlando trasladar el concierto con el que celebrar\u00e1 sus 50\u2026","rel":"","context":"En \u00abENTRETENIMIENTO\u00bb","block_context":{"text":"ENTRETENIMIENTO","link":"https:\/\/lasprimeras.com.do\/index.php\/category\/entretenimiento\/"},"img":{"alt_text":"","src":"https:\/\/i0.wp.com\/lasprimeras.com.do\/wp-content\/uploads\/2026\/08\/Ramon-Orlando.jpg?resize=350%2C200&ssl=1","width":350,"height":200,"srcset":"https:\/\/i0.wp.com\/lasprimeras.com.do\/wp-content\/uploads\/2026\/08\/Ramon-Orlando.jpg?resize=350%2C200&ssl=1 1x, https:\/\/i0.wp.com\/lasprimeras.com.do\/wp-content\/uploads\/2026\/08\/Ramon-Orlando.jpg?resize=525%2C300&ssl=1 1.5x, https:\/\/i0.wp.com\/lasprimeras.com.do\/wp-content\/uploads\/2026\/08\/Ramon-Orlando.jpg?resize=700%2C400&ssl=1 2x"},"classes":[]}],"jetpack_sharing_enabled":true,"jetpack_featured_media_url":"https:\/\/lasprimeras.com.do\/wp-content\/uploads\/2026\/09\/Kennedy-Center.jpg","_links":{"self":[{"href":"https:\/\/lasprimeras.com.do\/index.php\/wp-json\/wp\/v2\/posts\/139242","targetHints":{"allow":["GET"]}}],"collection":[{"href":"https:\/\/lasprimeras.com.do\/index.php\/wp-json\/wp\/v2\/posts"}],"about":[{"href":"https:\/\/lasprimeras.com.do\/index.php\/wp-json\/wp\/v2\/types\/post"}],"author":[{"embeddable":true,"href":"https:\/\/lasprimeras.com.do\/index.php\/wp-json\/wp\/v2\/users\/10"}],"replies":[{"embeddable":true,"href":"https:\/\/lasprimeras.com.do\/index.php\/wp-json\/wp\/v2\/comments?post=139242"}],"version-history":[{"count":1,"href":"https:\/\/lasprimeras.com.do\/index.php\/wp-json\/wp\/v2\/posts\/139242\/revisions"}],"predecessor-version":[{"id":139245,"href":"https:\/\/lasprimeras.com.do\/index.php\/wp-json\/wp\/v2\/posts\/139242\/revisions\/139245"}],"wp:featuredmedia":[{"embeddable":true,"href":"https:\/\/lasprimeras.com.do\/index.php\/wp-json\/wp\/v2\/media\/139243"}],"wp:attachment":[{"href":"https:\/\/lasprimeras.com.do\/index.php\/wp-json\/wp\/v2\/media?parent=139242"}],"wp:term":[{"taxonomy":"category","embeddable":true,"href":"https:\/\/lasprimeras.com.do\/index.php\/wp-json\/wp\/v2\/categories?post=139242"},{"taxonomy":"post_tag","embeddable":true,"href":"https:\/\/lasprimeras.com.do\/index.php\/wp-json\/wp\/v2\/tags?post=139242"}],"curies":[{"name":"wp","href":"https:\/\/api.w.org\/{rel}","templated":true}]}}