{"id":139252,"date":"2026-09-06T16:03:49","date_gmt":"2026-09-06T20:03:49","guid":{"rendered":"https:\/\/lasprimeras.com.do\/?p=139252"},"modified":"2026-09-06T16:03:51","modified_gmt":"2026-09-06T20:03:51","slug":"juan-garrigo-responde-a-cuestionamientos-por-su-apellido-soy-nieto-de-hipolito-e-hijo-orgulloso-de-carolina","status":"publish","type":"post","link":"https:\/\/lasprimeras.com.do\/index.php\/2026\/09\/06\/juan-garrigo-responde-a-cuestionamientos-por-su-apellido-soy-nieto-de-hipolito-e-hijo-orgulloso-de-carolina\/","title":{"rendered":"Juan Garrig\u00f3 responde a cuestionamientos por su apellido: \u201cSoy nieto de Hip\u00f3lito e hijo orgulloso de Carolina\u201d"},"content":{"rendered":"\n<p class=\"wp-block-paragraph\">Juan Garrig\u00f3 respondi\u00f3 este domingo a quienes, seg\u00fan afirm\u00f3, han intentado descalificarlo por su apellido, al pronunciar su discurso durante su toma de posesi\u00f3n como secretario general del Partido Revolucionario Moderno (PRM).<\/p>\n\n\n\n<p class=\"wp-block-paragraph\">Garrig\u00f3 reivindic\u00f3 p\u00fablicamente sus v\u00ednculos familiares con el expresidente Hip\u00f3lito Mej\u00eda y con Carolina Mej\u00eda, al asegurar que pertenecer a esa familia representa para \u00e9l una responsabilidad de actuar correctamente en la vida pol\u00edtica.<\/p>\n\n\n\n<p class=\"wp-block-paragraph\">\u201cY ustedes saben que hay quienes han pretendido descalificarme por mi apellido. Y d\u00e9jenme decirles algo: como buen dominicano, mi principal orgullo es mi familia\u201d, expres\u00f3. El dirigente pol\u00edtico continu\u00f3 destacando a sus padres, hermanos, abuelos, esposa e hija, antes de referirse directamente a su parentesco con dos importantes figuras del PRM.<\/p>\n\n\n\n<p class=\"wp-block-paragraph\">\u201cYo soy el nieto de Hip\u00f3lito Mej\u00eda y el hijo orgulloso de Carolina Mej\u00eda\u201d, proclam\u00f3. Garrig\u00f3 sostuvo que lejos de considerar esos v\u00ednculos familiares como algo de lo que deba distanciarse, los asume como una responsabilidad. \u201cY lo digo con orgullo. Ser su nieto y su hijo es una obligaci\u00f3n moral de hacer las cosas bien\u201d, manifest\u00f3.<\/p>\n","protected":false},"excerpt":{"rendered":"<p>Juan Garrig\u00f3 respondi\u00f3 este domingo a quienes, seg\u00fan afirm\u00f3, han intentado descalificarlo por su apellido, al pronunciar su discurso durante su toma de posesi\u00f3n como secretario general del Partido Revolucionario&hellip;<\/p>\n","protected":false},"author":3,"featured_media":139253,"comment_status":"open","ping_status":"open","sticky":false,"template":"","format":"standard","meta":{"content-type":"","_jetpack_newsletter_access":"","_jetpack_dont_email_post_to_subs":false,"_jetpack_newsletter_tier_id":0,"_jetpack_memberships_contains_paywalled_content":false,"_jetpack_feature_clip_id":0,"_jetpack_memberships_contains_paid_content":false,"footnotes":"","jetpack_post_was_ever_published":false},"categories":[16559],"tags":[187,7361,35640,31],"class_list":["post-139252","post","type-post","status-publish","format-standard","has-post-thumbnail","hentry","category-politica","tag-carolina-mejia","tag-hipolito-mejia-2","tag-juan-garrigo","tag-prm"],"jetpack-related-posts":[{"id":135391,"url":"https:\/\/lasprimeras.com.do\/index.php\/2026\/07\/23\/hipolito-mejia-senala-fallas-en-vigilancia-fitosanitaria-tras-suspension-de-exportaciones-de-mango-a-ee-uu\/","url_meta":{"origin":139252,"position":0},"title":"Hip\u00f3lito Mej\u00eda se\u00f1ala fallas en vigilancia fitosanitaria tras suspensi\u00f3n de exportaciones de mango a EE. UU.","author":"Nelson Feliz","date":"23 de julio de 2026","format":false,"excerpt":"SANTO DOMINGO.\u2013 El expresidente de la Rep\u00fablica Dominicana, Ing. Hip\u00f3lito Mej\u00eda afirm\u00f3 este mi\u00e9rcoles que la suspensi\u00f3n de las exportaciones de mango hacia Estados Unidos, tras detectarse la presencia de la mosca del Mediterr\u00e1neo, podr\u00eda estar relacionada con deficiencias en los mecanismos de vigilancia fitosanitaria. El exmandatario sostuvo que la\u2026","rel":"","context":"En \u00abPOLITICA\u00bb","block_context":{"text":"POLITICA","link":"https:\/\/lasprimeras.com.do\/index.php\/category\/politica\/"},"img":{"alt_text":"","src":"https:\/\/i0.wp.com\/lasprimeras.com.do\/wp-content\/uploads\/2026\/07\/WhatsApp-Image-2025-08-24-at-11.50.30-AM.jpeg?resize=350%2C200&ssl=1","width":350,"height":200,"srcset":"https:\/\/i0.wp.com\/lasprimeras.com.do\/wp-content\/uploads\/2026\/07\/WhatsApp-Image-2025-08-24-at-11.50.30-AM.jpeg?resize=350%2C200&ssl=1 1x, https:\/\/i0.wp.com\/lasprimeras.com.do\/wp-content\/uploads\/2026\/07\/WhatsApp-Image-2025-08-24-at-11.50.30-AM.jpeg?resize=525%2C300&ssl=1 1.5x, https:\/\/i0.wp.com\/lasprimeras.com.do\/wp-content\/uploads\/2026\/07\/WhatsApp-Image-2025-08-24-at-11.50.30-AM.jpeg?resize=700%2C400&ssl=1 2x, https:\/\/i0.wp.com\/lasprimeras.com.do\/wp-content\/uploads\/2026\/07\/WhatsApp-Image-2025-08-24-at-11.50.30-AM.jpeg?resize=1050%2C600&ssl=1 3x, https:\/\/i0.wp.com\/lasprimeras.com.do\/wp-content\/uploads\/2026\/07\/WhatsApp-Image-2025-08-24-at-11.50.30-AM.jpeg?resize=1400%2C800&ssl=1 4x"},"classes":[]},{"id":138968,"url":"https:\/\/lasprimeras.com.do\/index.php\/2026\/09\/03\/juan-garrigo-renuncia-a-sus-funciones-gubernamentalesse-concentra-en-fortalecer-el-prm\/","url_meta":{"origin":139252,"position":1},"title":"Juan Garrig\u00f3 renuncia a sus funciones gubernamentales;se concentra en fortalecer el PRM","author":"Nelson Feliz","date":"3 de septiembre de 2026","format":false,"excerpt":"El electo secretario general renuncia a sus funciones en el Gobierno para dedicarse plenamente al fortalecimiento, la unidad y la modernizaci\u00f3n del partido SANTO DOMINGO.\u2013 Juan Garrig\u00f3 Mej\u00eda present\u00f3 formalmente su renuncia al cargo de viceministro de Gesti\u00f3n Social y Comunitaria, con el prop\u00f3sito de dedicarse plenamente a las responsabilidades\u2026","rel":"","context":"En \u00abPORTADA\u00bb","block_context":{"text":"PORTADA","link":"https:\/\/lasprimeras.com.do\/index.php\/category\/portada\/"},"img":{"alt_text":"Juan Garrig\u00f3","src":"https:\/\/i0.wp.com\/lasprimeras.com.do\/wp-content\/uploads\/2026\/09\/Juan-Garrigo.jpg?resize=350%2C200&ssl=1","width":350,"height":200,"srcset":"https:\/\/i0.wp.com\/lasprimeras.com.do\/wp-content\/uploads\/2026\/09\/Juan-Garrigo.jpg?resize=350%2C200&ssl=1 1x, https:\/\/i0.wp.com\/lasprimeras.com.do\/wp-content\/uploads\/2026\/09\/Juan-Garrigo.jpg?resize=525%2C300&ssl=1 1.5x, https:\/\/i0.wp.com\/lasprimeras.com.do\/wp-content\/uploads\/2026\/09\/Juan-Garrigo.jpg?resize=700%2C400&ssl=1 2x, https:\/\/i0.wp.com\/lasprimeras.com.do\/wp-content\/uploads\/2026\/09\/Juan-Garrigo.jpg?resize=1050%2C600&ssl=1 3x"},"classes":[]},{"id":122240,"url":"https:\/\/lasprimeras.com.do\/index.php\/2026\/02\/15\/hipolito-mejia-minimiza-apoyo-a-collado-y-asegura-perdera-mucho-a-poco-de-carolina\/","url_meta":{"origin":139252,"position":2},"title":"Hip\u00f3lito Mej\u00eda minimiza apoyo a Collado y asegura perder\u00e1 mucho a poco de Carolina","author":"Nelson Feliz","date":"15 de febrero de 2026","format":false,"excerpt":"El expresidente Hip\u00f3lito Mej\u00eda asegur\u00f3 hoy que su hija, Carolina Mej\u00eda, derrotar\u00e1 \u201cmucho a poco\u201d al aspirante presidencial David Collado, a quien defini\u00f3 como su m\u00e1s cercano contrincante en la carrera por la nominaci\u00f3n presidencial del Partido Revolucionario Moderno (PRM). En su declaraci\u00f3n, el veterano pol\u00edtico se fue m\u00e1s lejos\u2026","rel":"","context":"En \u00abPOLITICA\u00bb","block_context":{"text":"POLITICA","link":"https:\/\/lasprimeras.com.do\/index.php\/category\/politica\/"},"img":{"alt_text":"Hip\u00f3lito Mej\u00eda","src":"https:\/\/i0.wp.com\/lasprimeras.com.do\/wp-content\/uploads\/2026\/02\/Hipolito-Mejia.jpg?resize=350%2C200&ssl=1","width":350,"height":200,"srcset":"https:\/\/i0.wp.com\/lasprimeras.com.do\/wp-content\/uploads\/2026\/02\/Hipolito-Mejia.jpg?resize=350%2C200&ssl=1 1x, https:\/\/i0.wp.com\/lasprimeras.com.do\/wp-content\/uploads\/2026\/02\/Hipolito-Mejia.jpg?resize=525%2C300&ssl=1 1.5x, https:\/\/i0.wp.com\/lasprimeras.com.do\/wp-content\/uploads\/2026\/02\/Hipolito-Mejia.jpg?resize=700%2C400&ssl=1 2x"},"classes":[]},{"id":130652,"url":"https:\/\/lasprimeras.com.do\/index.php\/2026\/05\/15\/diputados-frank-ramirez-de-san-juan-y-miledys-cuevas-de-san-cristobal-cierran-fila-con-carolina\/","url_meta":{"origin":139252,"position":3},"title":"Diputados Frank Ram\u00edrez de San Juan y Miledys Cuevas de San Crist\u00f3bal cierran fila con Carolina","author":"Nelson Feliz","date":"15 de mayo de 2026","format":false,"excerpt":"El diputado del Partido Revolucionario Moderno (PRM) por la provincia San Juan, Frank Ram\u00edrez y la diputada por la provincia de San Crist\u00f3bal, Miledys Cuevas, manifestaron su apoyo al proyecto presidencial de Carolina Mej\u00eda, enfatizando su compromiso con la dirigente pol\u00edtica y la estructura que la respalda en todo el\u2026","rel":"","context":"En \u00abPOLITICA\u00bb","block_context":{"text":"POLITICA","link":"https:\/\/lasprimeras.com.do\/index.php\/category\/politica\/"},"img":{"alt_text":"","src":"https:\/\/i0.wp.com\/lasprimeras.com.do\/wp-content\/uploads\/2026\/05\/IMG-20260515-WA0651.jpg?resize=350%2C200&ssl=1","width":350,"height":200,"srcset":"https:\/\/i0.wp.com\/lasprimeras.com.do\/wp-content\/uploads\/2026\/05\/IMG-20260515-WA0651.jpg?resize=350%2C200&ssl=1 1x, https:\/\/i0.wp.com\/lasprimeras.com.do\/wp-content\/uploads\/2026\/05\/IMG-20260515-WA0651.jpg?resize=525%2C300&ssl=1 1.5x, https:\/\/i0.wp.com\/lasprimeras.com.do\/wp-content\/uploads\/2026\/05\/IMG-20260515-WA0651.jpg?resize=700%2C400&ssl=1 2x, https:\/\/i0.wp.com\/lasprimeras.com.do\/wp-content\/uploads\/2026\/05\/IMG-20260515-WA0651.jpg?resize=1050%2C600&ssl=1 3x"},"classes":[]},{"id":136904,"url":"https:\/\/lasprimeras.com.do\/index.php\/2026\/08\/09\/hoy-se-conmemora-el-22-aniversario-del-fallecimiento-jacinto-bienvenido-peynado-garrigosa\/","url_meta":{"origin":139252,"position":4},"title":"Hoy se conmemora el 22 aniversario del fallecimiento Jacinto Bienvenido Peynado Garrigosa","author":"Nelson Feliz","date":"9 de agosto de 2026","format":false,"excerpt":"Jacinto Bienvenido Peynado Garrigosa naci\u00f3 el 9 de marzo de 1941 en el Distrito Nacional. Era hijo de Enrique Peynado Soler y Miguelina Olimpia Garrigosa Thormann; por v\u00eda paterna era nieto de Jacinto Peynado y Peynado, quien fue presidente de la Rep\u00fablica entre 1938 y 1940, tambi\u00e9n fue biznieto del\u2026","rel":"","context":"En \u00abHISTORIA\u00bb","block_context":{"text":"HISTORIA","link":"https:\/\/lasprimeras.com.do\/index.php\/category\/historia\/"},"img":{"alt_text":"","src":"https:\/\/i0.wp.com\/lasprimeras.com.do\/wp-content\/uploads\/2026\/08\/jacinto-peynado-1.jpg?resize=350%2C200&ssl=1","width":350,"height":200,"srcset":"https:\/\/i0.wp.com\/lasprimeras.com.do\/wp-content\/uploads\/2026\/08\/jacinto-peynado-1.jpg?resize=350%2C200&ssl=1 1x, https:\/\/i0.wp.com\/lasprimeras.com.do\/wp-content\/uploads\/2026\/08\/jacinto-peynado-1.jpg?resize=525%2C300&ssl=1 1.5x"},"classes":[]},{"id":56411,"url":"https:\/\/lasprimeras.com.do\/index.php\/2023\/07\/31\/alcaldia-del-dn-inaugura-parque-villa-juana-en-homenaje-a-leo-corporan\/","url_meta":{"origin":139252,"position":5},"title":"Alcald\u00eda del DN inaugura parque Villa Juana en homenaje a Leo Corpor\u00e1n","author":"Nelson Feliz","date":"31 de julio de 2023","format":false,"excerpt":"El parque que ahora cuenta con \u00e1rea infantil y de gimnasio se realiz\u00f3 con una inversi\u00f3n de RD$5 millones. La alcaldesa del Distrito Nacional, Carolina Mej\u00eda, rindi\u00f3 un homenaje al cronista deportivo Leo Corpor\u00e1n al colocar su nombre en la placa del nuevo parque Villa Juana, que por a\u00f1os la\u2026","rel":"","context":"En \u00abNACIONALES\u00bb","block_context":{"text":"NACIONALES","link":"https:\/\/lasprimeras.com.do\/index.php\/category\/nacionales\/"},"img":{"alt_text":"Carolina Mejia","src":"https:\/\/i0.wp.com\/lasprimeras.com.do\/wp-content\/uploads\/2023\/07\/Carolina-Mejia-1.jpg?resize=350%2C200&ssl=1","width":350,"height":200,"srcset":"https:\/\/i0.wp.com\/lasprimeras.com.do\/wp-content\/uploads\/2023\/07\/Carolina-Mejia-1.jpg?resize=350%2C200&ssl=1 1x, https:\/\/i0.wp.com\/lasprimeras.com.do\/wp-content\/uploads\/2023\/07\/Carolina-Mejia-1.jpg?resize=525%2C300&ssl=1 1.5x, https:\/\/i0.wp.com\/lasprimeras.com.do\/wp-content\/uploads\/2023\/07\/Carolina-Mejia-1.jpg?resize=700%2C400&ssl=1 2x"},"classes":[]}],"jetpack_sharing_enabled":true,"jetpack_featured_media_url":"https:\/\/lasprimeras.com.do\/wp-content\/uploads\/2026\/09\/jaun.jpg","_links":{"self":[{"href":"https:\/\/lasprimeras.com.do\/index.php\/wp-json\/wp\/v2\/posts\/139252","targetHints":{"allow":["GET"]}}],"collection":[{"href":"https:\/\/lasprimeras.com.do\/index.php\/wp-json\/wp\/v2\/posts"}],"about":[{"href":"https:\/\/lasprimeras.com.do\/index.php\/wp-json\/wp\/v2\/types\/post"}],"author":[{"embeddable":true,"href":"https:\/\/lasprimeras.com.do\/index.php\/wp-json\/wp\/v2\/users\/3"}],"replies":[{"embeddable":true,"href":"https:\/\/lasprimeras.com.do\/index.php\/wp-json\/wp\/v2\/comments?post=139252"}],"version-history":[{"count":1,"href":"https:\/\/lasprimeras.com.do\/index.php\/wp-json\/wp\/v2\/posts\/139252\/revisions"}],"predecessor-version":[{"id":139254,"href":"https:\/\/lasprimeras.com.do\/index.php\/wp-json\/wp\/v2\/posts\/139252\/revisions\/139254"}],"wp:featuredmedia":[{"embeddable":true,"href":"https:\/\/lasprimeras.com.do\/index.php\/wp-json\/wp\/v2\/media\/139253"}],"wp:attachment":[{"href":"https:\/\/lasprimeras.com.do\/index.php\/wp-json\/wp\/v2\/media?parent=139252"}],"wp:term":[{"taxonomy":"category","embeddable":true,"href":"https:\/\/lasprimeras.com.do\/index.php\/wp-json\/wp\/v2\/categories?post=139252"},{"taxonomy":"post_tag","embeddable":true,"href":"https:\/\/lasprimeras.com.do\/index.php\/wp-json\/wp\/v2\/tags?post=139252"}],"curies":[{"name":"wp","href":"https:\/\/api.w.org\/{rel}","templated":true}]}}