{"id":48451,"date":"2023-05-01T11:33:31","date_gmt":"2023-05-01T15:33:31","guid":{"rendered":"https:\/\/atento.com.do\/?p=48451"},"modified":"2023-05-01T11:33:31","modified_gmt":"2023-05-01T15:33:31","slug":"vincho-castillo-rompe-alianza-politica-con-leonel-fernandez","status":"publish","type":"post","link":"https:\/\/lasprimeras.com.do\/index.php\/2023\/05\/01\/vincho-castillo-rompe-alianza-politica-con-leonel-fernandez\/","title":{"rendered":"Vincho Castillo rompe alianza pol\u00edtica con Leonel Fern\u00e1ndez"},"content":{"rendered":"\n<p>SANTO DOMINGO.-El presidente de la Fuerza Nacional Progresista, Dr. Marino Vinicio -Vincho- Castillo anunci\u00f3 que no participar\u00e1 aliada con la Fuerza del Pueblo en las elecciones municipales, congresionales y presidenciales del pr\u00f3ximo a\u00f1o.<\/p>\n\n\n\n<p>Castillo, explic\u00f3 que el tipo de alianza que Fern\u00e1ndez se ha propuesto con sus antiguos compa\u00f1eros es una emboscada, una trampa mortal, para manchar su paso a la historia, de por qu\u00e9 se apartaba del PRD, y no temi\u00f3 acudir a la primera prueba electoral en 1978, donde algunos estimaron como \u201cun rid\u00edculo\u201d los 18,000 votos que obtuvo.<\/p>\n\n\n\n<p>\u201cCon ese valor inmenso que ten\u00eda se fue a su primera prueba electoral. Ese partido que fue la esperanza nacional desgraciadamente lo van destruyendo las inconductas de una c\u00fapula que hoy est\u00e1 sentada, y por sentar en el banquillo de los acusados\u201d, sentenci\u00f3 el otrora candidato a senador del PLD en el 1994.<\/p>\n\n\n\n<p>Para dejar claro su rompimiento con el Dr. Fern\u00e1ndez, el presidente de la FNP record\u00f3 un episodio de sus relaciones con el extinto ex presidente Joaqu\u00edn Balaguer: \u201cno presidente yo no quiero terminar peleando para siempre con usted, hemos sido amigos desde el 1961, usted anda con gente con la que no voy ni de aqu\u00ed a la esquina, s\u00e9 que si estoy ah\u00ed, voy a re\u00f1ir con ellos, ah\u00ed est\u00e1n muchos de sus amigos, que yo no apruebo; d\u00e9jeme solo, d\u00e9jeme a parte\u201d.<\/p>\n\n\n\n<p>Fuente Paso a Paso<\/p>\n","protected":false},"excerpt":{"rendered":"<p>SANTO DOMINGO.-El presidente de la Fuerza Nacional Progresista, Dr. Marino Vinicio -Vincho- Castillo anunci\u00f3 que no participar\u00e1 aliada con la Fuerza del Pueblo en las elecciones municipales, congresionales y presidenciales&hellip;<\/p>\n","protected":false},"author":1,"featured_media":48452,"comment_status":"open","ping_status":"open","sticky":false,"template":"","format":"standard","meta":{"content-type":"","jetpack_post_was_ever_published":false,"_jetpack_newsletter_access":"","_jetpack_dont_email_post_to_subs":false,"_jetpack_newsletter_tier_id":0,"_jetpack_memberships_contains_paywalled_content":false,"_jetpack_memberships_contains_paid_content":false,"footnotes":""},"categories":[25],"tags":[50,51,52,53,54],"class_list":["post-48451","post","type-post","status-publish","format-standard","has-post-thumbnail","hentry","category-portada","tag-alianza","tag-leonel-fernandez","tag-politica-2","tag-rompe","tag-vincho-castillo"],"jetpack_featured_media_url":"","jetpack-related-posts":[{"id":78503,"url":"https:\/\/lasprimeras.com.do\/index.php\/2024\/03\/17\/vinicio-castillo-seman-dice-alianza-rescate-rd-en-vez-de-sumar-resto\/","url_meta":{"origin":48451,"position":0},"title":"Vinicio Castillo Sem\u00e1n dice \u201cAlianza Rescate RD\u201d en vez de sumar, rest\u00f3\u00a0","author":"Nelson Feliz","date":"17 de marzo de 2024","format":false,"excerpt":"El dirigente pol\u00edtico de la Fuerza Nacional Progresista, Vinicio Castillo Sem\u00e1n, manifest\u00f3 que la Alianza Rescate RD, lejos de sumar, iba a restar porque era la mezcla de los ex presidentes Leonel Fern\u00e1ndez y Danilo Medina y la c\u00fapula del Partido de la Liberaci\u00f3n Dominicana en base a un pacto\u2026","rel":"","context":"En \u00abPORTADA\u00bb","block_context":{"text":"PORTADA","link":"https:\/\/lasprimeras.com.do\/index.php\/category\/portada\/"},"img":{"alt_text":"Vinicio Castillo Sem\u00e1n","src":"https:\/\/i0.wp.com\/lasprimeras.com.do\/wp-content\/uploads\/2024\/03\/Vinicio-Castillo-Seman.jpg?resize=350%2C200&ssl=1","width":350,"height":200,"srcset":"https:\/\/i0.wp.com\/lasprimeras.com.do\/wp-content\/uploads\/2024\/03\/Vinicio-Castillo-Seman.jpg?resize=350%2C200&ssl=1 1x, https:\/\/i0.wp.com\/lasprimeras.com.do\/wp-content\/uploads\/2024\/03\/Vinicio-Castillo-Seman.jpg?resize=525%2C300&ssl=1 1.5x, https:\/\/i0.wp.com\/lasprimeras.com.do\/wp-content\/uploads\/2024\/03\/Vinicio-Castillo-Seman.jpg?resize=700%2C400&ssl=1 2x"},"classes":[]},{"id":121539,"url":"https:\/\/lasprimeras.com.do\/index.php\/2026\/02\/06\/del-castillo-savinon-explica-las-razones-de-su-salida-del-pld-y-su-juramentacion-en-la-fp\/","url_meta":{"origin":48451,"position":1},"title":"Del Castillo Savi\u00f1\u00f3n explica las razones de su salida del PLD y su juramentaci\u00f3n en la FP","author":"Nelson Feliz","date":"6 de febrero de 2026","format":false,"excerpt":"Por Orlando Arias El dirigente pol\u00edtico Jos\u00e9 del Castillo Savi\u00f1\u00f3n explic\u00f3 que su salida del Partido de la Liberaci\u00f3n Dominicana (PLD) no fue una decisi\u00f3n reciente, sino que ocurri\u00f3 hace alrededor de seis meses, aunque fue en estos d\u00edas cuando se hizo oficial su juramentaci\u00f3n en la Fuerza del Pueblo\u2026","rel":"","context":"En \u00abPOLITICA\u00bb","block_context":{"text":"POLITICA","link":"https:\/\/lasprimeras.com.do\/index.php\/category\/politica\/"},"img":{"alt_text":"","src":"https:\/\/i0.wp.com\/lasprimeras.com.do\/wp-content\/uploads\/2026\/02\/IMG-20260205-WA0227.jpg?resize=350%2C200&ssl=1","width":350,"height":200,"srcset":"https:\/\/i0.wp.com\/lasprimeras.com.do\/wp-content\/uploads\/2026\/02\/IMG-20260205-WA0227.jpg?resize=350%2C200&ssl=1 1x, https:\/\/i0.wp.com\/lasprimeras.com.do\/wp-content\/uploads\/2026\/02\/IMG-20260205-WA0227.jpg?resize=525%2C300&ssl=1 1.5x, https:\/\/i0.wp.com\/lasprimeras.com.do\/wp-content\/uploads\/2026\/02\/IMG-20260205-WA0227.jpg?resize=700%2C400&ssl=1 2x, https:\/\/i0.wp.com\/lasprimeras.com.do\/wp-content\/uploads\/2026\/02\/IMG-20260205-WA0227.jpg?resize=1050%2C600&ssl=1 3x, https:\/\/i0.wp.com\/lasprimeras.com.do\/wp-content\/uploads\/2026\/02\/IMG-20260205-WA0227.jpg?resize=1400%2C800&ssl=1 4x"},"classes":[]},{"id":121208,"url":"https:\/\/lasprimeras.com.do\/index.php\/2026\/02\/01\/jose-del-castillo-se-juramenta-como-nuevo-miembro-de-la-fuerza-del-pueblo\/","url_meta":{"origin":48451,"position":2},"title":"Jos\u00e9 del Castillo se juramenta como nuevo miembro de la Fuerza del Pueblo","author":"Nelson Feliz","date":"1 de febrero de 2026","format":false,"excerpt":"En el acto se juramentaron tambi\u00e9n su esposa, Charin\u00e9e Ovalles, excandidata a diputada y exmiembro del Comit\u00e9 Central, y m\u00e1s de 300 pasados dirigentes del PLD. El exsenador de la provincia Barahona y exmiembro del Comit\u00e9 Pol\u00edtico del Partido de la Liberaci\u00f3n Dominicana (PLD), Jos\u00e9 del Castillo Savi\u00f1\u00f3n, formaliz\u00f3 su\u2026","rel":"","context":"En \u00abPOLITICA\u00bb","block_context":{"text":"POLITICA","link":"https:\/\/lasprimeras.com.do\/index.php\/category\/politica\/"},"img":{"alt_text":"","src":"https:\/\/i0.wp.com\/lasprimeras.com.do\/wp-content\/uploads\/2026\/02\/castillo.jpg?resize=350%2C200&ssl=1","width":350,"height":200,"srcset":"https:\/\/i0.wp.com\/lasprimeras.com.do\/wp-content\/uploads\/2026\/02\/castillo.jpg?resize=350%2C200&ssl=1 1x, https:\/\/i0.wp.com\/lasprimeras.com.do\/wp-content\/uploads\/2026\/02\/castillo.jpg?resize=525%2C300&ssl=1 1.5x, https:\/\/i0.wp.com\/lasprimeras.com.do\/wp-content\/uploads\/2026\/02\/castillo.jpg?resize=700%2C400&ssl=1 2x"},"classes":[]},{"id":55141,"url":"https:\/\/lasprimeras.com.do\/index.php\/2023\/07\/18\/vinicio-castillo-revela-alianza-prm-fp-para-sacar-al-pld-del-poder-en-elecciones-del-2024\/","url_meta":{"origin":48451,"position":3},"title":"Vinicio Castillo revela alianza PRM-FP para sacar al PLD del poder en elecciones del 2024","author":"Nelson Feliz","date":"18 de julio de 2023","format":false,"excerpt":"El dirigente pol\u00edtico de la Fuerza Nacional Progresista (FNP), Vinicio Castillo, ha revelado que en la casa de Jos\u00e9 Frank Pe\u00f1a Guaba se llev\u00f3 a cabo una alianza estrat\u00e9gica entre el Partido Revolucionario Moderno (PRM) y la Fuerza del Pueblo (FP) para derrocar a Danilo Medina y al Partido de\u2026","rel":"","context":"En \u00abPORTADA\u00bb","block_context":{"text":"PORTADA","link":"https:\/\/lasprimeras.com.do\/index.php\/category\/portada\/"},"img":{"alt_text":"Vinicio Castillo Seman","src":"https:\/\/i0.wp.com\/lasprimeras.com.do\/wp-content\/uploads\/2023\/07\/Vinicio-Castillo-Seman.jpg?resize=350%2C200&ssl=1","width":350,"height":200,"srcset":"https:\/\/i0.wp.com\/lasprimeras.com.do\/wp-content\/uploads\/2023\/07\/Vinicio-Castillo-Seman.jpg?resize=350%2C200&ssl=1 1x, https:\/\/i0.wp.com\/lasprimeras.com.do\/wp-content\/uploads\/2023\/07\/Vinicio-Castillo-Seman.jpg?resize=525%2C300&ssl=1 1.5x, https:\/\/i0.wp.com\/lasprimeras.com.do\/wp-content\/uploads\/2023\/07\/Vinicio-Castillo-Seman.jpg?resize=700%2C400&ssl=1 2x"},"classes":[]},{"id":121205,"url":"https:\/\/lasprimeras.com.do\/index.php\/2026\/02\/01\/leonel-acusa-al-prm-de-quebrar-a-los-productores-locales-y-advierte-esta-vez-o-jugamos-todos-o-se-rompe-la-baraja\/","url_meta":{"origin":48451,"position":4},"title":"Leonel acusa al PRM de quebrar a los productores locales y advierte: \u201cEsta vez o jugamos todos o se rompe la baraja\u201d","author":"Nelson Feliz","date":"1 de febrero de 2026","format":false,"excerpt":"Tras juramentar a Jos\u00e9 del Castillo Savi\u00f1\u00f3n y a su equipo pol\u00edtico como nuevos miembros de la Fuerza del Pueblo, el presidente de la organizaci\u00f3n, Leonel Fern\u00e1ndez, acus\u00f3 al gobierno del Partido Revolucionario Moderno (PRM) de quebrar a los productores locales mediante pol\u00edticas que privilegian las importaciones de allegados del\u2026","rel":"","context":"En \u00abPOLITICA\u00bb","block_context":{"text":"POLITICA","link":"https:\/\/lasprimeras.com.do\/index.php\/category\/politica\/"},"img":{"alt_text":"","src":"https:\/\/i0.wp.com\/img.youtube.com\/vi\/Ia3oXC75YQQ\/0.jpg?resize=350%2C200","width":350,"height":200},"classes":[]},{"id":109116,"url":"https:\/\/lasprimeras.com.do\/index.php\/2025\/09\/14\/leonel-fernandez-afirma-que-nueva-directiva-de-la-fp-asegurara-el-triunfo-en-el-2028\/","url_meta":{"origin":48451,"position":5},"title":"Leonel Fern\u00e1ndez afirma que nueva directiva de la FP asegurar\u00e1 el &#8220;triunfo&#8221; en el 2028","author":"Nelson Feliz","date":"14 de septiembre de 2025","format":false,"excerpt":"Ante el proceso electoral interno para la reestructuraci\u00f3n del partido Fuerza del Pueblo (FP) realizado este domingo, militantes, incluyendo a su l\u00edder Leonel Fern\u00e1ndez, aseguran que la nueva directiva garantizar\u00e1 el triunfo presidencial para el 2028. As\u00ed lo manifest\u00f3 el presidente de la organizaci\u00f3n pol\u00edtica opositora, luego de ejercer su\u2026","rel":"","context":"En \u00abPOLITICA\u00bb","block_context":{"text":"POLITICA","link":"https:\/\/lasprimeras.com.do\/index.php\/category\/politica\/"},"img":{"alt_text":"Leonel Fern\u00e1ndez","src":"https:\/\/i0.wp.com\/lasprimeras.com.do\/wp-content\/uploads\/2025\/09\/Leonel-Fernandez.jpeg?resize=350%2C200&ssl=1","width":350,"height":200,"srcset":"https:\/\/i0.wp.com\/lasprimeras.com.do\/wp-content\/uploads\/2025\/09\/Leonel-Fernandez.jpeg?resize=350%2C200&ssl=1 1x, https:\/\/i0.wp.com\/lasprimeras.com.do\/wp-content\/uploads\/2025\/09\/Leonel-Fernandez.jpeg?resize=525%2C300&ssl=1 1.5x, https:\/\/i0.wp.com\/lasprimeras.com.do\/wp-content\/uploads\/2025\/09\/Leonel-Fernandez.jpeg?resize=700%2C400&ssl=1 2x"},"classes":[]}],"jetpack_sharing_enabled":true,"_links":{"self":[{"href":"https:\/\/lasprimeras.com.do\/index.php\/wp-json\/wp\/v2\/posts\/48451","targetHints":{"allow":["GET"]}}],"collection":[{"href":"https:\/\/lasprimeras.com.do\/index.php\/wp-json\/wp\/v2\/posts"}],"about":[{"href":"https:\/\/lasprimeras.com.do\/index.php\/wp-json\/wp\/v2\/types\/post"}],"author":[{"embeddable":true,"href":"https:\/\/lasprimeras.com.do\/index.php\/wp-json\/wp\/v2\/users\/1"}],"replies":[{"embeddable":true,"href":"https:\/\/lasprimeras.com.do\/index.php\/wp-json\/wp\/v2\/comments?post=48451"}],"version-history":[{"count":0,"href":"https:\/\/lasprimeras.com.do\/index.php\/wp-json\/wp\/v2\/posts\/48451\/revisions"}],"wp:featuredmedia":[{"embeddable":true,"href":"https:\/\/lasprimeras.com.do\/index.php\/wp-json\/"}],"wp:attachment":[{"href":"https:\/\/lasprimeras.com.do\/index.php\/wp-json\/wp\/v2\/media?parent=48451"}],"wp:term":[{"taxonomy":"category","embeddable":true,"href":"https:\/\/lasprimeras.com.do\/index.php\/wp-json\/wp\/v2\/categories?post=48451"},{"taxonomy":"post_tag","embeddable":true,"href":"https:\/\/lasprimeras.com.do\/index.php\/wp-json\/wp\/v2\/tags?post=48451"}],"curies":[{"name":"wp","href":"https:\/\/api.w.org\/{rel}","templated":true}]}}