{"id":48458,"date":"2023-05-01T15:07:34","date_gmt":"2023-05-01T19:07:34","guid":{"rendered":"https:\/\/atento.com.do\/?p=48458"},"modified":"2023-05-01T15:07:34","modified_gmt":"2023-05-01T19:07:34","slug":"presidente-inaugura-teleferico-de-los-alcarrizos","status":"publish","type":"post","link":"https:\/\/lasprimeras.com.do\/index.php\/2023\/05\/01\/presidente-inaugura-teleferico-de-los-alcarrizos\/","title":{"rendered":"Presidente inaugura telef\u00e9rico de Los Alcarrizos"},"content":{"rendered":"\n<p>El esperado Telef\u00e9rico de\u00a0Los Alcarrizos\u00a0comenzo este lunes sus operaciones, luego de que el presidente<strong>\u00a0<\/strong>Luis Abinader lo inaugurara\u00a0en un acto que fue celebrado a las 10:30 de la ma\u00f1ana en la\u00a0estaci\u00f3n Los Americanos.<\/p>\n\n\n\n<p>Se trata de una de las principales obras de la administraci\u00f3n del presidente Abinader en el Gran Santo Domingo, que se complementar\u00e1 con la l\u00ednea 2-C del Metro para beneficiar a m\u00e1s de 400,000 habitantes del municipio\u00a0Los Alcarrizos. \u00a0<\/p>\n\n\n\n<p>Era el pasado viernes 28 que se ten\u00eda previsto dejar la obra en funcionamiento, pero luego las autoridades informaron que ser\u00eda este lunes, D\u00eda de los Trabajadores, cuando quede en funcionamiento el moderno sistema de\u00a0transporte\u00a0a\u00e9reo.<\/p>\n\n\n\n<p>Ayer, en las\u00a0cuatro estaciones, se daban los toques finales, personal de limpieza\u00a0 afanaba para que las instalaciones estuvieran impecables este lunes, mientras que trabajadores del Ministerio de Obras P\u00fablicas y Comunicaciones acondicionaban la calle Duarte, la\u00a0 principal de\u00a0Los Alcarrizos, ante la visita del mandatario.<\/p>\n\n\n\n<p>La<strong>\u00a0<\/strong>Alcald\u00eda\u00a0tambi\u00e9n estuvo empe\u00f1ada en eliminar los acostumbrados vertederos improvisados que exist\u00edan en la calle principal y las secundarias de\u00a0Los Alcarrizos. Varios camiones recolectores de residuos s\u00f3lidos se mantuvieron toda la ma\u00f1ana de ayer domingo en las \u00e1reas de impacto del Telef\u00e9rico.<\/p>\n","protected":false},"excerpt":{"rendered":"<p>El esperado Telef\u00e9rico de\u00a0Los Alcarrizos\u00a0comenzo este lunes sus operaciones, luego de que el presidente\u00a0Luis Abinader lo inaugurara\u00a0en un acto que fue celebrado a las 10:30 de la ma\u00f1ana en la\u00a0estaci\u00f3n&hellip;<\/p>\n","protected":false},"author":1,"featured_media":48097,"comment_status":"open","ping_status":"open","sticky":false,"template":"","format":"standard","meta":{"content-type":"","jetpack_post_was_ever_published":false,"_jetpack_newsletter_access":"","_jetpack_dont_email_post_to_subs":false,"_jetpack_newsletter_tier_id":0,"_jetpack_memberships_contains_paywalled_content":false,"_jetpack_memberships_contains_paid_content":false,"footnotes":""},"categories":[35,25],"tags":[60,61,62,63,64,65],"class_list":["post-48458","post","type-post","status-publish","format-standard","has-post-thumbnail","hentry","category-nacionales","category-portada","tag-abinader","tag-actualidad","tag-atentord","tag-inauguracion","tag-losalcarrizos","tag-teleferico-2"],"jetpack_featured_media_url":"","jetpack-related-posts":[{"id":48461,"url":"https:\/\/lasprimeras.com.do\/index.php\/2023\/05\/01\/presidente-abinader-inaugura-el-teleferico-de-los-alcarrizos\/","url_meta":{"origin":48458,"position":0},"title":"Presidente Abinader inaugura el telef\u00e9rico de Los Alcarrizos","author":"prenxa100","date":"1 de mayo de 2023","format":false,"excerpt":"Por Wilson P\u00e9rez Santo Domingo.-.\u00a0 El presidente Luis Abinader inaugur\u00f3 este lunes el telef\u00e9rico de Los Alcarrizos, el cual asegur\u00f3 cambiar\u00e1 el rostro de este municipio y transformar\u00e1 la movilidad urbana del transporte a nivel nacional. Asimismo, el mandatario instruy\u00f3 al director de la Oficina de Desarrollo de Proyectos de\u2026","rel":"","context":"En \u00abSin categor\u00eda\u00bb","block_context":{"text":"Sin categor\u00eda","link":"https:\/\/lasprimeras.com.do\/index.php\/category\/sin-categoria\/"},"img":{"alt_text":"","src":"https:\/\/i0.wp.com\/atento.com.do\/wp-content\/uploads\/2023\/05\/WhatsApp-Image-2023-05-01-at-2.08.35-PM.jpeg?resize=350%2C200&ssl=1","width":350,"height":200,"srcset":"https:\/\/i0.wp.com\/atento.com.do\/wp-content\/uploads\/2023\/05\/WhatsApp-Image-2023-05-01-at-2.08.35-PM.jpeg?resize=350%2C200&ssl=1 1x, https:\/\/i0.wp.com\/atento.com.do\/wp-content\/uploads\/2023\/05\/WhatsApp-Image-2023-05-01-at-2.08.35-PM.jpeg?resize=525%2C300&ssl=1 1.5x, https:\/\/i0.wp.com\/atento.com.do\/wp-content\/uploads\/2023\/05\/WhatsApp-Image-2023-05-01-at-2.08.35-PM.jpeg?resize=700%2C400&ssl=1 2x"},"classes":[]},{"id":51387,"url":"https:\/\/lasprimeras.com.do\/index.php\/2023\/05\/30\/extienden-servicio-gratuito-del-teleferico-alcarrizos-y-horarios-de-funcionamiento\/","url_meta":{"origin":48458,"position":1},"title":"Extienden servicio gratuito del Telef\u00e9rico Alcarrizos y horarios de funcionamiento","author":"prenxa100","date":"30 de mayo de 2023","format":false,"excerpt":"Santo Domingo, RD.-. La Oficina de Proyectos de Movilidad Urbana e Interurbana de la Presidencia inform\u00f3 que se extender\u00e1 hasta el 16 de junio las operaciones gratuitas del Telef\u00e9rico de Los Alcarrizos incluyendo las rutas alimentadoras de la OMSA que operan bajo el Sistema Integrado de Transporte (SIT). El d\u00eda\u2026","rel":"","context":"En \u00abNACIONALES\u00bb","block_context":{"text":"NACIONALES","link":"https:\/\/lasprimeras.com.do\/index.php\/category\/nacionales\/"},"img":{"alt_text":"","src":"","width":0,"height":0},"classes":[]},{"id":102363,"url":"https:\/\/lasprimeras.com.do\/index.php\/2025\/07\/03\/robert-polanco-afirma-abinader-esta-transformando-los-alcarrizos-para-que-sea-una-ciudad-moderna\/","url_meta":{"origin":48458,"position":2},"title":"Robert Polanco afirma Abinader est\u00e1 transformando Los Alcarrizos para que sea una ciudad moderna","author":"Nelson Feliz","date":"3 de julio de 2025","format":false,"excerpt":"El director de Proyectos Estrat\u00e9gicos y Especiales de la Presidencia (Propeep), Robert Polanco, destac\u00f3 este mi\u00e9rcoles que el gobierno de Luis Abinader est\u00e1 transformando el municipio Los Alcarrizos con obras de infraestructuras para que sea una ciudad moderna, segura y digna, donde sus habitantes puedan sentirse orgullosos de vivir en\u2026","rel":"","context":"En \u00abNACIONALES\u00bb","block_context":{"text":"NACIONALES","link":"https:\/\/lasprimeras.com.do\/index.php\/category\/nacionales\/"},"img":{"alt_text":"Robert Polanco","src":"https:\/\/i0.wp.com\/lasprimeras.com.do\/wp-content\/uploads\/2025\/07\/Robert-Polanco-1.jpg?resize=350%2C200&ssl=1","width":350,"height":200,"srcset":"https:\/\/i0.wp.com\/lasprimeras.com.do\/wp-content\/uploads\/2025\/07\/Robert-Polanco-1.jpg?resize=350%2C200&ssl=1 1x, https:\/\/i0.wp.com\/lasprimeras.com.do\/wp-content\/uploads\/2025\/07\/Robert-Polanco-1.jpg?resize=525%2C300&ssl=1 1.5x, https:\/\/i0.wp.com\/lasprimeras.com.do\/wp-content\/uploads\/2025\/07\/Robert-Polanco-1.jpg?resize=700%2C400&ssl=1 2x"},"classes":[]},{"id":122997,"url":"https:\/\/lasprimeras.com.do\/index.php\/2026\/02\/24\/presidente-abinader-pone-en-marcha-linea-2c-del-metro-de-santo-domingo\/","url_meta":{"origin":48458,"position":3},"title":"Presidente Abinader pone en marcha L\u00ednea 2C del Metro de Santo Domingo","author":"Nelson Feliz","date":"24 de febrero de 2026","format":false,"excerpt":"Usuarios podr\u00e1n trasladarse de manera gratuita desde este 25 de febrero hasta Semana Santa. Con un poco de temor, el presidente Luis Abinader encabez\u00f3 la puesta en marcha de la L\u00ednea 2C del Metro de Santo Domingo que busca mejorar la movilidad urbana y reducir la congesti\u00f3n en la autopista\u2026","rel":"","context":"En \u00abNACIONALES\u00bb","block_context":{"text":"NACIONALES","link":"https:\/\/lasprimeras.com.do\/index.php\/category\/nacionales\/"},"img":{"alt_text":"","src":"https:\/\/i0.wp.com\/lasprimeras.com.do\/wp-content\/uploads\/2026\/02\/Luis-Abinader-1-3.jpg?resize=350%2C200&ssl=1","width":350,"height":200,"srcset":"https:\/\/i0.wp.com\/lasprimeras.com.do\/wp-content\/uploads\/2026\/02\/Luis-Abinader-1-3.jpg?resize=350%2C200&ssl=1 1x, https:\/\/i0.wp.com\/lasprimeras.com.do\/wp-content\/uploads\/2026\/02\/Luis-Abinader-1-3.jpg?resize=525%2C300&ssl=1 1.5x, https:\/\/i0.wp.com\/lasprimeras.com.do\/wp-content\/uploads\/2026\/02\/Luis-Abinader-1-3.jpg?resize=700%2C400&ssl=1 2x"},"classes":[]},{"id":108198,"url":"https:\/\/lasprimeras.com.do\/index.php\/2025\/09\/03\/abinader-realiza-recorrido-en-linea-2c-del-metro-de-santo-domingo\/","url_meta":{"origin":48458,"position":4},"title":"Abinader realiza recorrido en L\u00ednea 2C del Metro de Santo Domingo","author":"Nelson Feliz","date":"3 de septiembre de 2025","format":false,"excerpt":"Es una obra segura, moderna y de gran impacto social que beneficiar\u00e1 a m\u00e1s de un mill\u00f3n de habitantes de SDO y Los Alcarrizos El presidente Luis Abinader realiz\u00f3 este mi\u00e9rcoles un recorrido exitoso durante la prueba din\u00e1mica de la nueva L\u00ednea 2C del Metro de Santo Domingo que inicia\u2026","rel":"","context":"En \u00abECONOM\u00cdA\u00bb","block_context":{"text":"ECONOM\u00cdA","link":"https:\/\/lasprimeras.com.do\/index.php\/category\/economia\/"},"img":{"alt_text":"","src":"https:\/\/i0.wp.com\/lasprimeras.com.do\/wp-content\/uploads\/2025\/09\/METRO-SANTO-DOMINGO-1.jpg?resize=350%2C200&ssl=1","width":350,"height":200,"srcset":"https:\/\/i0.wp.com\/lasprimeras.com.do\/wp-content\/uploads\/2025\/09\/METRO-SANTO-DOMINGO-1.jpg?resize=350%2C200&ssl=1 1x, https:\/\/i0.wp.com\/lasprimeras.com.do\/wp-content\/uploads\/2025\/09\/METRO-SANTO-DOMINGO-1.jpg?resize=525%2C300&ssl=1 1.5x, https:\/\/i0.wp.com\/lasprimeras.com.do\/wp-content\/uploads\/2025\/09\/METRO-SANTO-DOMINGO-1.jpg?resize=700%2C400&ssl=1 2x"},"classes":[]},{"id":78517,"url":"https:\/\/lasprimeras.com.do\/index.php\/2024\/03\/17\/presidente-abinader-inaugura-tramo-i-del-teleferico-de-santiago\/","url_meta":{"origin":48458,"position":5},"title":"Presidente Abinader inaugura tramo I del Telef\u00e9rico de Santiago","author":"Nelson Feliz","date":"17 de marzo de 2024","format":false,"excerpt":"El proyecto, con una inversi\u00f3n millonaria, transformar\u00e1 la vida de alrededor de 74 mil habitantes de sectores clave en la Ciudad Coraz\u00f3n, iniciando operaciones gratuitas y con horarios especiales. Por Roberto P\u00e9rez El presidente Luis Abinader dej\u00f3 inaugurado el primer tramo del Telef\u00e9rico de Santiago, obra construida con una inversi\u00f3n\u2026","rel":"","context":"En \u00abECONOM\u00cdA\u00bb","block_context":{"text":"ECONOM\u00cdA","link":"https:\/\/lasprimeras.com.do\/index.php\/category\/economia\/"},"img":{"alt_text":"Luis Abinader","src":"https:\/\/i0.wp.com\/lasprimeras.com.do\/wp-content\/uploads\/2024\/03\/Luis-Abinader-T-1.jpg?resize=350%2C200&ssl=1","width":350,"height":200,"srcset":"https:\/\/i0.wp.com\/lasprimeras.com.do\/wp-content\/uploads\/2024\/03\/Luis-Abinader-T-1.jpg?resize=350%2C200&ssl=1 1x, https:\/\/i0.wp.com\/lasprimeras.com.do\/wp-content\/uploads\/2024\/03\/Luis-Abinader-T-1.jpg?resize=525%2C300&ssl=1 1.5x, https:\/\/i0.wp.com\/lasprimeras.com.do\/wp-content\/uploads\/2024\/03\/Luis-Abinader-T-1.jpg?resize=700%2C400&ssl=1 2x"},"classes":[]}],"jetpack_sharing_enabled":true,"_links":{"self":[{"href":"https:\/\/lasprimeras.com.do\/index.php\/wp-json\/wp\/v2\/posts\/48458","targetHints":{"allow":["GET"]}}],"collection":[{"href":"https:\/\/lasprimeras.com.do\/index.php\/wp-json\/wp\/v2\/posts"}],"about":[{"href":"https:\/\/lasprimeras.com.do\/index.php\/wp-json\/wp\/v2\/types\/post"}],"author":[{"embeddable":true,"href":"https:\/\/lasprimeras.com.do\/index.php\/wp-json\/wp\/v2\/users\/1"}],"replies":[{"embeddable":true,"href":"https:\/\/lasprimeras.com.do\/index.php\/wp-json\/wp\/v2\/comments?post=48458"}],"version-history":[{"count":0,"href":"https:\/\/lasprimeras.com.do\/index.php\/wp-json\/wp\/v2\/posts\/48458\/revisions"}],"wp:featuredmedia":[{"embeddable":true,"href":"https:\/\/lasprimeras.com.do\/index.php\/wp-json\/"}],"wp:attachment":[{"href":"https:\/\/lasprimeras.com.do\/index.php\/wp-json\/wp\/v2\/media?parent=48458"}],"wp:term":[{"taxonomy":"category","embeddable":true,"href":"https:\/\/lasprimeras.com.do\/index.php\/wp-json\/wp\/v2\/categories?post=48458"},{"taxonomy":"post_tag","embeddable":true,"href":"https:\/\/lasprimeras.com.do\/index.php\/wp-json\/wp\/v2\/tags?post=48458"}],"curies":[{"name":"wp","href":"https:\/\/api.w.org\/{rel}","templated":true}]}}