{"id":48493,"date":"2023-05-01T16:49:45","date_gmt":"2023-05-01T20:49:45","guid":{"rendered":"https:\/\/atento.com.do\/?p=48493"},"modified":"2023-05-01T16:49:45","modified_gmt":"2023-05-01T20:49:45","slug":"jurado-de-florida-decidira-si-rapero-ynw-melly-es-culpable-de-doble-asesinato","status":"publish","type":"post","link":"https:\/\/lasprimeras.com.do\/index.php\/2023\/05\/01\/jurado-de-florida-decidira-si-rapero-ynw-melly-es-culpable-de-doble-asesinato\/","title":{"rendered":"Jurado de Florida decidir\u00e1 si rapero YNW Melly es culpable de doble asesinato"},"content":{"rendered":"\n<p><strong>Miami, EFE.-.<\/strong> Un jurado popular de Florida decidir\u00e1 si el rapero YNM Melly es o no culpable del asesinato a tiros de dos amigos suyos en 2018, una acusaci\u00f3n por la que la Fiscal\u00eda pidi\u00f3 la pena de muerte para el m\u00fasico que precisamente salt\u00f3 a la fama ese a\u00f1o con la canci\u00f3n &#8220;Murder on My Mind&#8221; (Asesinato en mi mente).<\/p>\n\n\n\n<p>YNM Melly, cuyo nombre real es Jamell Demons y tiene 24 a\u00f1os, fue arrestado en octubre de 2019 por dos cargos de asesinato en primer grado y, desde entonces, permanece preso en una c\u00e1rcel del condado de Broward, al norte de Miami, sin derecho a fianza.<\/p>\n\n\n\n<p>Seg\u00fan la Polic\u00eda, YNM Melly, con ayuda del tambi\u00e9n rapero, trat\u00f3 de hacer creer que sus amigos Anthony Williams y Christopher Thomas Jr hab\u00edan sido tiroteados desde un veh\u00edculo en marcha, cuando fue quien les dispar\u00f3.<\/p>\n\n\n\n<p>Williams y Thomas Jr. murieron en el Memorial Hospital Miramar, al noroeste de Miami, hasta donde fueron trasladados por Henry.<\/p>\n\n\n\n<p>Las v\u00edctimas, aspirantes a raperos, se hab\u00edan mudado recientemente desde Vero Beach al condado de Broward, en el sureste de Florida, con el objetivo de impulsar su carrera musical.<\/p>\n\n\n\n<p>El asesinato, aparentemente motivado por dinero, &#8220;fue especialmente atroz o cruel; \u00e9l (Demons) cometi\u00f3 el homicidio de manera fr\u00eda, calculada y premeditada&#8221;, se\u00f1ala la Fiscal\u00eda en documentos judiciales.<\/p>\n\n\n\n<p>De acuerdo con la investigaci\u00f3n, &#8220;respaldada por pruebas forenses&#8221;, Demons &#8220;dispar\u00f3 y mat\u00f3 a Williams y Thomas Jr.&#8221; y luego junto con Henry manipul\u00f3 la escena del crimen para pareciese un tiroteo desde otro veh\u00edculo.<\/p>\n\n\n\n<p>Melly ha mantenido desde el principio su inocencia y aleg\u00f3 que no ten\u00eda ning\u00fan motivo para disparar a sus amigos y que fue acusado falsamente, seg\u00fan el medio XXL.<\/p>\n\n\n\n<p>El juicio contra el rapero, que preside el juez John Murphy III y comenz\u00f3 oficialmente en abril pasado con la selecci\u00f3n del jurado, podr\u00eda comenzar con la presentaci\u00f3n de los argumentos orales en junio pr\u00f3ximo, a\u00f1adi\u00f3 el citado medio.<\/p>\n\n\n\n<p>YNW Melly public\u00f3 en enero de 2019 su primer disco de estudio, &#8220;We All Shine&#8221;, y se aprestaba a iniciar su primera gira nacional.<\/p>\n\n\n\n<p>Despu\u00e9s de los asesinatos, los seguidores y cr\u00edticos del rapero han escrutado la letra de &#8220;Murder on My Mind&#8221;, el tercer sencillo de su \u00e1lbum debut &#8220;I Am You&#8221; (2017), en el que se relata un homicidio no intencional.<\/p>\n","protected":false},"excerpt":{"rendered":"<p>Miami, EFE.-. Un jurado popular de Florida decidir\u00e1 si el rapero YNM Melly es o no culpable del asesinato a tiros de dos amigos suyos en 2018, una acusaci\u00f3n por&hellip;<\/p>\n","protected":false},"author":1,"featured_media":48494,"comment_status":"open","ping_status":"open","sticky":false,"template":"","format":"standard","meta":{"content-type":"","jetpack_post_was_ever_published":false,"_jetpack_newsletter_access":"","_jetpack_dont_email_post_to_subs":false,"_jetpack_newsletter_tier_id":0,"_jetpack_memberships_contains_paywalled_content":false,"_jetpack_memberships_contains_paid_content":false,"footnotes":""},"categories":[1],"tags":[106,107,108,109,110,111],"class_list":["post-48493","post","type-post","status-publish","format-standard","has-post-thumbnail","hentry","category-sin-categoria","tag-culpable","tag-doble-asesinato","tag-florida","tag-jurado","tag-rapero","tag-ynw-melly"],"jetpack_featured_media_url":"","jetpack-related-posts":[{"id":88163,"url":"https:\/\/lasprimeras.com.do\/index.php\/2024\/08\/23\/ninera-de-eeuu-se-declara-culpable-de-muerte-de-hombre-al-que-maltrato-cuando-era-un-bebe\/","url_meta":{"origin":48493,"position":0},"title":"Ni\u00f1era de EEUU se declara culpable de muerte de hombre al que maltrat\u00f3 cuando era un beb\u00e9","author":"Nelson Feliz","date":"23 de agosto de 2024","format":false,"excerpt":"Miami,(EFE).- Una exni\u00f1era se declar\u00f3 culpable de asesinato por la muerte en 2019 de un hombre de 35 a\u00f1os al que la mujer atac\u00f3 mientras lo cuidaba hace 40 a\u00f1os en una casa en Florida (EE.UU.), cuando la v\u00edctima ten\u00eda cinco meses de nacida. Terry McKirchy, de 62 a\u00f1os, acept\u00f3\u2026","rel":"","context":"En \u00abSin categor\u00eda\u00bb","block_context":{"text":"Sin categor\u00eda","link":"https:\/\/lasprimeras.com.do\/index.php\/category\/sin-categoria\/"},"img":{"alt_text":"Ni\u00f1era de EEUU","src":"https:\/\/i0.wp.com\/lasprimeras.com.do\/wp-content\/uploads\/2024\/08\/Ninera-de-EEUU.jpg?resize=350%2C200&ssl=1","width":350,"height":200,"srcset":"https:\/\/i0.wp.com\/lasprimeras.com.do\/wp-content\/uploads\/2024\/08\/Ninera-de-EEUU.jpg?resize=350%2C200&ssl=1 1x, https:\/\/i0.wp.com\/lasprimeras.com.do\/wp-content\/uploads\/2024\/08\/Ninera-de-EEUU.jpg?resize=525%2C300&ssl=1 1.5x, https:\/\/i0.wp.com\/lasprimeras.com.do\/wp-content\/uploads\/2024\/08\/Ninera-de-EEUU.jpg?resize=700%2C400&ssl=1 2x"},"classes":[]},{"id":51719,"url":"https:\/\/lasprimeras.com.do\/index.php\/2023\/06\/02\/condenan-a-prision-perpetua-empresario-por-participar-en-asesinato-de-jovenel-moise\/","url_meta":{"origin":48493,"position":1},"title":"Condenan a prisi\u00f3n perpetua empresario por participar en asesinato de Jovenel Mo\u00efse","author":"prenxa100","date":"2 de junio de 2023","format":false,"excerpt":"Miami, AP.-. Un empresario de doble nacionalidad haitiana y chilena que ayud\u00f3 a exsoldados colombianos a conseguir armas para asesinar al presidente haitiano Jovenel Mo\u00efse en 2021 fue condenado el viernes a prisi\u00f3n perpetua en Estados Unidos, casi dos meses despu\u00e9s de haber admitido su participaci\u00f3n en el magnicidio. Rodolphe\u2026","rel":"","context":"En \u00abSin categor\u00eda\u00bb","block_context":{"text":"Sin categor\u00eda","link":"https:\/\/lasprimeras.com.do\/index.php\/category\/sin-categoria\/"},"img":{"alt_text":"","src":"","width":0,"height":0},"classes":[]},{"id":65467,"url":"https:\/\/lasprimeras.com.do\/index.php\/2023\/10\/28\/dictan-cadena-perpetua-en-eeuu-para-exmilitar-colombiano-por-el-magnicidio-de-haiti\/","url_meta":{"origin":48493,"position":2},"title":"Dictan cadena perpetua en EEUU para exmilitar colombiano por el magnicidio de Hait\u00ed","author":"BIMARY DE JES\u00daS Matos","date":"28 de octubre de 2023","format":false,"excerpt":"Miami, (EFE).- El exmilitar colombiano Germ\u00e1n Alejandro Rivera Garc\u00eda, detenido en Estados Unidos junto a un grupo de sospechosos de participar en el magnicidio del presidente de Hait\u00ed, Jovenel Moise, en 2021, fue condenado este viernes en una corte federal de Miami a cadena perpetua, seg\u00fan documentos judiciales. Rivera, de\u2026","rel":"","context":"En \u00abSin categor\u00eda\u00bb","block_context":{"text":"Sin categor\u00eda","link":"https:\/\/lasprimeras.com.do\/index.php\/category\/sin-categoria\/"},"img":{"alt_text":"","src":"https:\/\/i0.wp.com\/lasprimeras.com.do\/wp-content\/uploads\/2023\/10\/WhatsApp-Image-2023-10-28-at-2.43.07-PM-1.webp?resize=350%2C200&ssl=1","width":350,"height":200},"classes":[]},{"id":78078,"url":"https:\/\/lasprimeras.com.do\/index.php\/2024\/02\/27\/el-motivo-del-asesinato-de-policia-de-baltimore-sigue-siendo-un-misterio-cuando-comienza-el-juicio\/","url_meta":{"origin":48493,"position":3},"title":"El motivo del asesinato de polic\u00eda de Baltimore sigue siendo un misterio cuando comienza el juicio","author":"Nelson Feliz","date":"27 de febrero de 2024","format":false,"excerpt":"POR LEA SKENE BALTIMORE (AP) \u2014 Cuando comenz\u00f3 el martes el juicio de un hombre acusado de la mortal emboscada a tiros contra un oficial de polic\u00eda de Baltimore, el motivo del asesinato sigue siendo un misterio m\u00e1s de dos a\u00f1os despu\u00e9s. La oficial Keona Holley , que recibi\u00f3 varios\u2026","rel":"","context":"En \u00abSin categor\u00eda\u00bb","block_context":{"text":"Sin categor\u00eda","link":"https:\/\/lasprimeras.com.do\/index.php\/category\/sin-categoria\/"},"img":{"alt_text":"","src":"https:\/\/i0.wp.com\/lasprimeras.com.do\/wp-content\/uploads\/2024\/02\/POLICIA.jpg?resize=350%2C200&ssl=1","width":350,"height":200,"srcset":"https:\/\/i0.wp.com\/lasprimeras.com.do\/wp-content\/uploads\/2024\/02\/POLICIA.jpg?resize=350%2C200&ssl=1 1x, https:\/\/i0.wp.com\/lasprimeras.com.do\/wp-content\/uploads\/2024\/02\/POLICIA.jpg?resize=525%2C300&ssl=1 1.5x, https:\/\/i0.wp.com\/lasprimeras.com.do\/wp-content\/uploads\/2024\/02\/POLICIA.jpg?resize=700%2C400&ssl=1 2x"},"classes":[]},{"id":72164,"url":"https:\/\/lasprimeras.com.do\/index.php\/2023\/12\/27\/fiscal-general-canserbero-y-carlos-molnar-fueron-asesinados-por-hermanos-amestica\/","url_meta":{"origin":48493,"position":4},"title":"Fiscal General: Canserbero y Carlos Molnar fueron asesinados por hermanos Am\u00e9stica","author":"Nelson Feliz","date":"27 de diciembre de 2023","format":false,"excerpt":"https:\/\/youtu.be\/GpqAVqET92c?si=Bckw6hwAazYlqZ18 Giro en el caso del rapero venezolano Canserbero: su exmanager Natalia Am\u00e9stica confes\u00f3 el crimen El fiscal general de Venezuela, Tarek William Saab, revel\u00f3 este martes 26 de diciembre que el rapero venezolano Canserbero habr\u00eda sido asesinado por su exm\u00e1nager y no se habr\u00eda suicidado, como se hab\u00eda determinado\u2026","rel":"","context":"En \u00abENTRETENIMIENTO\u00bb","block_context":{"text":"ENTRETENIMIENTO","link":"https:\/\/lasprimeras.com.do\/index.php\/category\/entretenimiento\/"},"img":{"alt_text":"","src":"https:\/\/i0.wp.com\/lasprimeras.com.do\/wp-content\/uploads\/2023\/12\/Tirone-Jose-Gonzalez-Orama.jpg?resize=350%2C200&ssl=1","width":350,"height":200,"srcset":"https:\/\/i0.wp.com\/lasprimeras.com.do\/wp-content\/uploads\/2023\/12\/Tirone-Jose-Gonzalez-Orama.jpg?resize=350%2C200&ssl=1 1x, https:\/\/i0.wp.com\/lasprimeras.com.do\/wp-content\/uploads\/2023\/12\/Tirone-Jose-Gonzalez-Orama.jpg?resize=525%2C300&ssl=1 1.5x, https:\/\/i0.wp.com\/lasprimeras.com.do\/wp-content\/uploads\/2023\/12\/Tirone-Jose-Gonzalez-Orama.jpg?resize=700%2C400&ssl=1 2x"},"classes":[]},{"id":62368,"url":"https:\/\/lasprimeras.com.do\/index.php\/2023\/10\/04\/martelly-es-interrogado-4-horas-por-juez-investiga-asesinato-moise\/","url_meta":{"origin":48493,"position":5},"title":"Martelly es interrogado 4 horas por juez investiga asesinato Moise","author":"BIMARY DE JES\u00daS Matos","date":"4 de octubre de 2023","format":false,"excerpt":"Puerto Pr\u00edncipe.- El expresidente de Hait\u00ed, Michel Martelly, acudi\u00f3 este martes ante el juez de la Instrucci\u00f3n Walther Wesser Voltaire, quien investiga el asesinato del presidente Jovenel Moise, y permaneci\u00f3 durante cuatro horas respondiendo las preguntas del magistrado. Martelly, quien no ofreci\u00f3 declaraciones a los medios tras salir del interrogatorio,\u2026","rel":"","context":"En \u00abPORTADA\u00bb","block_context":{"text":"PORTADA","link":"https:\/\/lasprimeras.com.do\/index.php\/category\/portada\/"},"img":{"alt_text":"","src":"https:\/\/i0.wp.com\/lasprimeras.com.do\/wp-content\/uploads\/2023\/10\/WhatsApp-Image-2023-10-04-at-7.55.08-AM-9.jpeg?resize=350%2C200&ssl=1","width":350,"height":200,"srcset":"https:\/\/i0.wp.com\/lasprimeras.com.do\/wp-content\/uploads\/2023\/10\/WhatsApp-Image-2023-10-04-at-7.55.08-AM-9.jpeg?resize=350%2C200&ssl=1 1x, https:\/\/i0.wp.com\/lasprimeras.com.do\/wp-content\/uploads\/2023\/10\/WhatsApp-Image-2023-10-04-at-7.55.08-AM-9.jpeg?resize=525%2C300&ssl=1 1.5x"},"classes":[]}],"jetpack_sharing_enabled":true,"_links":{"self":[{"href":"https:\/\/lasprimeras.com.do\/index.php\/wp-json\/wp\/v2\/posts\/48493","targetHints":{"allow":["GET"]}}],"collection":[{"href":"https:\/\/lasprimeras.com.do\/index.php\/wp-json\/wp\/v2\/posts"}],"about":[{"href":"https:\/\/lasprimeras.com.do\/index.php\/wp-json\/wp\/v2\/types\/post"}],"author":[{"embeddable":true,"href":"https:\/\/lasprimeras.com.do\/index.php\/wp-json\/wp\/v2\/users\/1"}],"replies":[{"embeddable":true,"href":"https:\/\/lasprimeras.com.do\/index.php\/wp-json\/wp\/v2\/comments?post=48493"}],"version-history":[{"count":0,"href":"https:\/\/lasprimeras.com.do\/index.php\/wp-json\/wp\/v2\/posts\/48493\/revisions"}],"wp:featuredmedia":[{"embeddable":true,"href":"https:\/\/lasprimeras.com.do\/index.php\/wp-json\/"}],"wp:attachment":[{"href":"https:\/\/lasprimeras.com.do\/index.php\/wp-json\/wp\/v2\/media?parent=48493"}],"wp:term":[{"taxonomy":"category","embeddable":true,"href":"https:\/\/lasprimeras.com.do\/index.php\/wp-json\/wp\/v2\/categories?post=48493"},{"taxonomy":"post_tag","embeddable":true,"href":"https:\/\/lasprimeras.com.do\/index.php\/wp-json\/wp\/v2\/tags?post=48493"}],"curies":[{"name":"wp","href":"https:\/\/api.w.org\/{rel}","templated":true}]}}