{"id":48504,"date":"2023-05-01T17:26:16","date_gmt":"2023-05-01T21:26:16","guid":{"rendered":"https:\/\/atento.com.do\/?p=48504"},"modified":"2023-05-01T17:26:16","modified_gmt":"2023-05-01T21:26:16","slug":"franco-aquino-el-dia-del-trabajador-encuentra-a-rd-con-grandes-desafios-en-materia-laboral","status":"publish","type":"post","link":"https:\/\/lasprimeras.com.do\/index.php\/2023\/05\/01\/franco-aquino-el-dia-del-trabajador-encuentra-a-rd-con-grandes-desafios-en-materia-laboral\/","title":{"rendered":"Franco Aquino: \u201cEl d\u00eda del trabajador encuentra a RD con grandes desaf\u00edos en materia laboral&#8221;"},"content":{"rendered":"\n<p><strong>Santo Domingo. &#8211;<\/strong> En ocasi\u00f3n de conmemorarse este primero de mayo el D\u00eda Internacional del Trabajado, el obispo nacional de las Iglesias Pentecostales de Jesucristo y la Comunidad Apost\u00f3lica Internacional COAPIN, doctor Reynaldo Franco Aquino, llam\u00f3 a los miembros de la iglesia a orar para que el plan de Dios se cumpla sobre la clase trabajadora en el pa\u00eds, por encima de los desaf\u00edos que presenta.<\/p>\n\n\n\n<p>Franco Aquino, consider\u00f3 que mientras el costo de la vida sube, los salarios se mantienen est\u00e1ticos o con leves incrementos, frente al precio de los productos b\u00e1sicos que componen la canasta familia.<\/p>\n\n\n\n<p>Sostuvo que esta situaci\u00f3n bloquea el desarrollo integral de la mayor\u00eda de los ciudadanos, cuya fuente de ingresos es un salario fijo.<\/p>\n\n\n\n<p>Expres\u00f3 que: \u201cEl desempleo, la deficiencia en los sistemas de salud y educaci\u00f3n, la inseguridad ciudadana, el alto precio de los productos comestibles y el combustible, entre otros factores, son problemas que el gobierno debe resolver, dej\u00e1ndose asesorar por expertos de otros sectores pol\u00edticos, sociales y religiosos\u201d.<\/p>\n\n\n\n<p>Atribuy\u00f3 la situaci\u00f3n actual, en parte a que el Estado necesita contar con la reforma del C\u00f3digo Laboral y la Ley de Seguridad Social: \u201cSi se toma en serio el tema de actualizar el C\u00f3digo Laboral y la Ley de la Seguridad Social en Rep\u00fablica Dominicana, muchos de estos problemas de la clase trabajadora estuvieran en proceso de soluciones reales.Urge actualizar estas normativas\u201d.<\/p>\n\n\n\n<p>Explic\u00f3 que la conmemoraci\u00f3n del D\u00eda del Trabajador tambi\u00e9n es b\u00edblica: \u201cEl d\u00eda del trabajador, que se conmemora oficialmente en 80 pa\u00edses y extraoficialmente en muchos otros, tiene su origen secular desde 1889, pero tambi\u00e9n la palabra de Dios reconoce el valor de la clase trabajadora: Cuando comieres el trabajo de tus manos, Bienaventurado ser\u00e1s, y te ir\u00e1 bien, dice Salmos 128:2\u201d, cit\u00f3 el Obispo.<\/p>\n\n\n\n<p>Inst\u00f3 a quienes forman clase trabajadora nacional a confiar en Dios, porque como Se\u00f1or Todo Poderoso bendice y defiende los derechos de quienes laboran en integridad.<\/p>\n","protected":false},"excerpt":{"rendered":"<p>Santo Domingo. &#8211; En ocasi\u00f3n de conmemorarse este primero de mayo el D\u00eda Internacional del Trabajado, el obispo nacional de las Iglesias Pentecostales de Jesucristo y la Comunidad Apost\u00f3lica Internacional&hellip;<\/p>\n","protected":false},"author":1,"featured_media":48505,"comment_status":"open","ping_status":"open","sticky":false,"template":"","format":"standard","meta":{"content-type":"","jetpack_post_was_ever_published":false,"_jetpack_newsletter_access":"","_jetpack_dont_email_post_to_subs":false,"_jetpack_newsletter_tier_id":0,"_jetpack_memberships_contains_paywalled_content":false,"_jetpack_memberships_contains_paid_content":false,"footnotes":""},"categories":[35],"tags":[121,122,123,124,125,126,127,128],"class_list":["post-48504","post","type-post","status-publish","format-standard","has-post-thumbnail","hentry","category-nacionales","tag-desafios","tag-dia-del-trabajador-2","tag-grandes","tag-laboral","tag-materia","tag-obispo","tag-rd","tag-reynaldo-franco-aquino"],"jetpack_featured_media_url":"","jetpack-related-posts":[{"id":68981,"url":"https:\/\/lasprimeras.com.do\/index.php\/2023\/11\/29\/obispo-reynaldo-franco-aquino-llama-a-la-familia-dominicana-congregarse-y-buscar-direccion-divina\/","url_meta":{"origin":48504,"position":0},"title":"Obispo Reynaldo Franco Aquino llama a la familia dominicana congregarse y buscar direcci\u00f3n divina","author":"Nelson Feliz","date":"29 de noviembre de 2023","format":false,"excerpt":"Franco Aquino hace este llamado adem\u00e1s del Mes de la Familia con motivo del inicio de temporada de fin de a\u00f1o. En un mensaje dirigido a las familias de la Rep\u00fablica Dominicana, el doctor Reynaldo Franco Aquino, Obispo Nacional de las Iglesias Pentecostales de Jesucristo (IPJ) y presidente de la\u2026","rel":"","context":"En \u00abNACIONALES\u00bb","block_context":{"text":"NACIONALES","link":"https:\/\/lasprimeras.com.do\/index.php\/category\/nacionales\/"},"img":{"alt_text":"Reynaldo Franco Aquino","src":"https:\/\/i0.wp.com\/lasprimeras.com.do\/wp-content\/uploads\/2023\/11\/Reynaldo-Franco-Aquino.jpg?resize=350%2C200&ssl=1","width":350,"height":200,"srcset":"https:\/\/i0.wp.com\/lasprimeras.com.do\/wp-content\/uploads\/2023\/11\/Reynaldo-Franco-Aquino.jpg?resize=350%2C200&ssl=1 1x, https:\/\/i0.wp.com\/lasprimeras.com.do\/wp-content\/uploads\/2023\/11\/Reynaldo-Franco-Aquino.jpg?resize=525%2C300&ssl=1 1.5x"},"classes":[]},{"id":79159,"url":"https:\/\/lasprimeras.com.do\/index.php\/2024\/03\/24\/reynaldo-franco-llama-a-meditar-en-la-palabra-de-dios-durante-asueto-de-semana-santa\/","url_meta":{"origin":48504,"position":1},"title":"Reynaldo Franco llama a \u00a0meditar en la \u201cPalabra de Dios\u201d durante asueto de Semana Santa","author":"Nelson Feliz","date":"24 de marzo de 2024","format":false,"excerpt":"El obispo Nacional de las Iglesias Pentecostales de Jesucristo IPJ y la Comunidad Apost\u00f3lica Internacional COAPIN, doctor Reynaldo Franco Aquino, hizo un llamado a la poblaci\u00f3n a la reflexi\u00f3n durante el tiempo de asueto por la Semana Santa. El l\u00edder evang\u00e9lico inst\u00f3 a los ciudadanos a dedicar tiempo de calidad\u2026","rel":"","context":"En \u00abNACIONALES\u00bb","block_context":{"text":"NACIONALES","link":"https:\/\/lasprimeras.com.do\/index.php\/category\/nacionales\/"},"img":{"alt_text":"Reynaldo Franco Aquino","src":"https:\/\/i0.wp.com\/lasprimeras.com.do\/wp-content\/uploads\/2024\/03\/Reynaldo-Franco-Aquino.jpg?resize=350%2C200&ssl=1","width":350,"height":200,"srcset":"https:\/\/i0.wp.com\/lasprimeras.com.do\/wp-content\/uploads\/2024\/03\/Reynaldo-Franco-Aquino.jpg?resize=350%2C200&ssl=1 1x, https:\/\/i0.wp.com\/lasprimeras.com.do\/wp-content\/uploads\/2024\/03\/Reynaldo-Franco-Aquino.jpg?resize=525%2C300&ssl=1 1.5x, https:\/\/i0.wp.com\/lasprimeras.com.do\/wp-content\/uploads\/2024\/03\/Reynaldo-Franco-Aquino.jpg?resize=700%2C400&ssl=1 2x"},"classes":[]},{"id":72423,"url":"https:\/\/lasprimeras.com.do\/index.php\/2023\/12\/29\/reynaldo-franco-llama-al-gobierno-y-al-sector-productivo-nacional-a-mejorar-politicas-publicas-en-2024\/","url_meta":{"origin":48504,"position":2},"title":"Reynaldo Franco llama al gobierno y al sector productivo nacional a mejorar pol\u00edticas p\u00fablicas en 2024","author":"Nelson Feliz","date":"29 de diciembre de 2023","format":false,"excerpt":"En el umbral de un nuevo a\u00f1o que se avecina, l\u00edder de las Iglesias Pentecostales de Jesucristo IPJ y la Comunidad Apost\u00f3lica Internacional COAPIN, doctor Reynaldo Franco Aquino, hizo un llamado urgente al gobierno y a los sectores productivos del pa\u00eds a reflexionar sobre los desaf\u00edos que enfrentar\u00e1 la Rep\u00fablica\u2026","rel":"","context":"En \u00abNACIONALES\u00bb","block_context":{"text":"NACIONALES","link":"https:\/\/lasprimeras.com.do\/index.php\/category\/nacionales\/"},"img":{"alt_text":"Reynaldo Franco Aquino","src":"https:\/\/i0.wp.com\/lasprimeras.com.do\/wp-content\/uploads\/2023\/12\/Reynaldo-Franco-Aquino.jpg?resize=350%2C200&ssl=1","width":350,"height":200,"srcset":"https:\/\/i0.wp.com\/lasprimeras.com.do\/wp-content\/uploads\/2023\/12\/Reynaldo-Franco-Aquino.jpg?resize=350%2C200&ssl=1 1x, https:\/\/i0.wp.com\/lasprimeras.com.do\/wp-content\/uploads\/2023\/12\/Reynaldo-Franco-Aquino.jpg?resize=525%2C300&ssl=1 1.5x"},"classes":[]},{"id":56258,"url":"https:\/\/lasprimeras.com.do\/index.php\/2023\/07\/30\/lider-evangelico-promueve-la-paternidad-responsable\/","url_meta":{"origin":48504,"position":3},"title":"L\u00edder evang\u00e9lico promueve la \u201cpaternidad responsable\u201d","author":"Nelson Feliz","date":"30 de julio de 2023","format":false,"excerpt":"Al conmemorarse este domingo el \u201cD\u00eda de los Padres\u201d, el Obispo Reynaldo Franco Aquino hizo un llamado todos los sectores de la sociedad, a las instituciones que trabajan con la promoci\u00f3n de la educaci\u00f3n y los valores, a los pastores y l\u00edderes cristianos a promover la \u201cpaternidad responsable\u201d, y ense\u00f1ar\u2026","rel":"","context":"En \u00abNACIONALES\u00bb","block_context":{"text":"NACIONALES","link":"https:\/\/lasprimeras.com.do\/index.php\/category\/nacionales\/"},"img":{"alt_text":"","src":"https:\/\/i0.wp.com\/lasprimeras.com.do\/wp-content\/uploads\/2023\/07\/Reynaldo1.jpg?resize=350%2C200&ssl=1","width":350,"height":200},"classes":[]},{"id":86912,"url":"https:\/\/lasprimeras.com.do\/index.php\/2024\/08\/04\/comunidades-cristianas-llaman-a-realizar-cadena-internacional-de-oracion-por-la-paz-en-venezuela\/","url_meta":{"origin":48504,"position":4},"title":"Comunidades Cristianas llaman a realizar Cadena Internacional de Oraci\u00f3n por la paz en Venezuela","author":"Nelson Feliz","date":"4 de agosto de 2024","format":false,"excerpt":"El presidente de la Mesa de Di\u00e1logo y Representaci\u00f3n Cristiana en Rep\u00fablica Dominicana, doctor Reynaldo Franco Aquino, hizo un llamado urgente para que se establezca una Cadena Nacional e Internacional de Oraci\u00f3n por la paz Venezuela durante todo el mes de agosto. Franco Aquino, emiti\u00f3 un comunicado dirigido a las\u2026","rel":"","context":"En \u00abNACIONALES\u00bb","block_context":{"text":"NACIONALES","link":"https:\/\/lasprimeras.com.do\/index.php\/category\/nacionales\/"},"img":{"alt_text":"Reynaldo Franco Aquino","src":"https:\/\/i0.wp.com\/lasprimeras.com.do\/wp-content\/uploads\/2024\/08\/Reynaldo-Franco-Aquino-1.jpg?resize=350%2C200&ssl=1","width":350,"height":200,"srcset":"https:\/\/i0.wp.com\/lasprimeras.com.do\/wp-content\/uploads\/2024\/08\/Reynaldo-Franco-Aquino-1.jpg?resize=350%2C200&ssl=1 1x, https:\/\/i0.wp.com\/lasprimeras.com.do\/wp-content\/uploads\/2024\/08\/Reynaldo-Franco-Aquino-1.jpg?resize=525%2C300&ssl=1 1.5x, https:\/\/i0.wp.com\/lasprimeras.com.do\/wp-content\/uploads\/2024\/08\/Reynaldo-Franco-Aquino-1.jpg?resize=700%2C400&ssl=1 2x"},"classes":[]},{"id":83446,"url":"https:\/\/lasprimeras.com.do\/index.php\/2024\/05\/16\/comunidad-cristiana-llama-votar-candidatos-que-defiendan-la-vida-y-la-familia\/","url_meta":{"origin":48504,"position":5},"title":"Comunidad Cristiana llama votar candidatos que defiendan la vida y la familia","author":"Nelson Feliz","date":"16 de mayo de 2024","format":false,"excerpt":"La Mesa de Di\u00e1logo y Representaci\u00f3n Cristiana llam\u00f3 a la comunidad cristiana y ciudadan\u00eda en general a que en las elecciones del pr\u00f3ximo domingo voten por los candidatos que defiendan los valores de la vida y la familia. Mediante una carta pastoral firmada por el obispo Reynaldo Franco Aquino, presidente\u2026","rel":"","context":"En \u00abNACIONALES\u00bb","block_context":{"text":"NACIONALES","link":"https:\/\/lasprimeras.com.do\/index.php\/category\/nacionales\/"},"img":{"alt_text":"Reynaldo Franco Aquino","src":"https:\/\/i0.wp.com\/lasprimeras.com.do\/wp-content\/uploads\/2024\/05\/Reynaldo-Franco-Aquino.jpg?resize=350%2C200&ssl=1","width":350,"height":200,"srcset":"https:\/\/i0.wp.com\/lasprimeras.com.do\/wp-content\/uploads\/2024\/05\/Reynaldo-Franco-Aquino.jpg?resize=350%2C200&ssl=1 1x, https:\/\/i0.wp.com\/lasprimeras.com.do\/wp-content\/uploads\/2024\/05\/Reynaldo-Franco-Aquino.jpg?resize=525%2C300&ssl=1 1.5x, https:\/\/i0.wp.com\/lasprimeras.com.do\/wp-content\/uploads\/2024\/05\/Reynaldo-Franco-Aquino.jpg?resize=700%2C400&ssl=1 2x"},"classes":[]}],"jetpack_sharing_enabled":true,"_links":{"self":[{"href":"https:\/\/lasprimeras.com.do\/index.php\/wp-json\/wp\/v2\/posts\/48504","targetHints":{"allow":["GET"]}}],"collection":[{"href":"https:\/\/lasprimeras.com.do\/index.php\/wp-json\/wp\/v2\/posts"}],"about":[{"href":"https:\/\/lasprimeras.com.do\/index.php\/wp-json\/wp\/v2\/types\/post"}],"author":[{"embeddable":true,"href":"https:\/\/lasprimeras.com.do\/index.php\/wp-json\/wp\/v2\/users\/1"}],"replies":[{"embeddable":true,"href":"https:\/\/lasprimeras.com.do\/index.php\/wp-json\/wp\/v2\/comments?post=48504"}],"version-history":[{"count":0,"href":"https:\/\/lasprimeras.com.do\/index.php\/wp-json\/wp\/v2\/posts\/48504\/revisions"}],"wp:featuredmedia":[{"embeddable":true,"href":"https:\/\/lasprimeras.com.do\/index.php\/wp-json\/"}],"wp:attachment":[{"href":"https:\/\/lasprimeras.com.do\/index.php\/wp-json\/wp\/v2\/media?parent=48504"}],"wp:term":[{"taxonomy":"category","embeddable":true,"href":"https:\/\/lasprimeras.com.do\/index.php\/wp-json\/wp\/v2\/categories?post=48504"},{"taxonomy":"post_tag","embeddable":true,"href":"https:\/\/lasprimeras.com.do\/index.php\/wp-json\/wp\/v2\/tags?post=48504"}],"curies":[{"name":"wp","href":"https:\/\/api.w.org\/{rel}","templated":true}]}}