{"id":48507,"date":"2023-05-01T17:31:42","date_gmt":"2023-05-01T21:31:42","guid":{"rendered":"https:\/\/atento.com.do\/?p=48507"},"modified":"2023-05-01T17:31:42","modified_gmt":"2023-05-01T21:31:42","slug":"enfermera-de-florida-uso-identidad-de-paciente-con-alzheimer-para-pagar-una-cirugia-plastica-de-7000","status":"publish","type":"post","link":"https:\/\/lasprimeras.com.do\/index.php\/2023\/05\/01\/enfermera-de-florida-uso-identidad-de-paciente-con-alzheimer-para-pagar-una-cirugia-plastica-de-7000\/","title":{"rendered":"Enfermera de Florida us\u00f3 identidad de paciente con Alzheimer para pagar una cirug\u00eda pl\u00e1stica de $7,000"},"content":{"rendered":"\n<p>Por Nathaniel Rodriguez<\/p>\n\n\n\n<p><strong>DELTONA, Fla. (WFLA) \u2013<\/strong> Una enfermera fue encarcelada despu\u00e9s de que supuestamente fue atrapada rob\u00e1ndole a su paciente para someterse a una cirug\u00eda pl\u00e1stica, dijeron los agentes.<\/p>\n\n\n\n<p>La Oficina del Sheriff de Volusia dijo que comenz\u00f3 a investigar la situaci\u00f3n el 4 de abril cuando la v\u00edctima, una mujer de 88 a\u00f1os con Alzheimer, recibi\u00f3 una factura por correo por $7,160.11.<\/p>\n\n\n\n<p>La factura era de una tarjeta de cr\u00e9dito que, seg\u00fan su esposo, nadie hab\u00eda solicitado.<\/p>\n\n\n\n<p>Los agentes dijeron que una investigaci\u00f3n adicional encontr\u00f3 que se hizo un cargo de $7,000 por m\u00faltiples cirug\u00edas en Moon Plastic Surgery en Miami para Tiffany Acu\u00f1a, de 31 a\u00f1os.<\/p>\n\n\n\n<p>Acu\u00f1a, quien tambi\u00e9n se hac\u00eda llamar Tiffany Kent, trabaj\u00f3 para American In-Home Care como enfermera hasta que fue suspendida el 4 de abril, seg\u00fan la oficina del alguacil.<\/p>\n\n\n\n<p>\u201cCuando un detective contact\u00f3 a Acu\u00f1a por tel\u00e9fono sobre las acusaciones, ella inicialmente neg\u00f3 haber solicitado una tarjeta de cr\u00e9dito a nombre de la v\u00edctima y neg\u00f3 haber recibido una cirug\u00eda est\u00e9tica\u201d, dijo la oficina del alguacil. \u201cAcu\u00f1a luego contact\u00f3 al esposo de la v\u00edctima solicitando una reuni\u00f3n para establecer un plan de pago\u201d.<\/p>\n\n\n\n<p>Sin embargo, cuando lleg\u00f3 a la casa de la v\u00edctima con $1,500 en efectivo y un contrato de pr\u00e9stamo el jueves por la ma\u00f1ana, descubri\u00f3 que los detectives la estaban esperando.<\/p>\n\n\n\n<p>La oficina del alguacil dijo que Acu\u00f1a aleg\u00f3 que la v\u00edctima le permiti\u00f3 usar su identificaci\u00f3n para obtener la tarjeta de cr\u00e9dito para pagar la cirug\u00eda.<\/p>\n\n\n\n<p>Acu\u00f1a fue acusada de hurto mayor y uso fraudulento de identificaci\u00f3n sin el consentimiento de una v\u00edctima de 60 a\u00f1os o m\u00e1s y fue ingresada en la C\u00e1rcel del Condado de Volusia.<\/p>\n","protected":false},"excerpt":{"rendered":"<p>Por Nathaniel Rodriguez DELTONA, Fla. (WFLA) \u2013 Una enfermera fue encarcelada despu\u00e9s de que supuestamente fue atrapada rob\u00e1ndole a su paciente para someterse a una cirug\u00eda pl\u00e1stica, dijeron los agentes.&hellip;<\/p>\n","protected":false},"author":1,"featured_media":48508,"comment_status":"open","ping_status":"open","sticky":false,"template":"","format":"standard","meta":{"content-type":"","jetpack_post_was_ever_published":false,"_jetpack_newsletter_access":"","_jetpack_dont_email_post_to_subs":false,"_jetpack_newsletter_tier_id":0,"_jetpack_memberships_contains_paywalled_content":false,"_jetpack_memberships_contains_paid_content":false,"footnotes":""},"categories":[1],"tags":[129,130,131,108,132,133,134],"class_list":["post-48507","post","type-post","status-publish","format-standard","has-post-thumbnail","hentry","category-sin-categoria","tag-alzheimer","tag-cirugia-plastica","tag-enfermera","tag-florida","tag-identidad","tag-paciente","tag-pagar"],"jetpack_featured_media_url":"","jetpack-related-posts":[{"id":74949,"url":"https:\/\/lasprimeras.com.do\/index.php\/2024\/01\/27\/sociedad-de-cirugia-plastica-afirma-rd-es-un-destino-seguro-para-procedimientos\/","url_meta":{"origin":48507,"position":0},"title":"Sociedad de Cirug\u00eda Pl\u00e1stica afirma RD es un destino seguro para procedimientos","author":"Nelson Feliz","date":"27 de enero de 2024","format":false,"excerpt":"Rep\u00fablica Dominicana se ha convertido r\u00e1pidamente en un punto clave para el aumento y desarrollo de procedimientos est\u00e9ticos en el Caribe y Latinoam\u00e9rica. El presidente de la Sociedad Dominicana de Cirug\u00eda Pl\u00e1stica, Reconstructiva y Est\u00e9tica (Sodocipre), Sergio Guzm\u00e1n Padilla, defendi\u00f3 este viernes al pa\u00eds y asegur\u00f3 que Rep\u00fablica Dominicana es\u2026","rel":"","context":"En \u00abSin categor\u00eda\u00bb","block_context":{"text":"Sin categor\u00eda","link":"https:\/\/lasprimeras.com.do\/index.php\/category\/sin-categoria\/"},"img":{"alt_text":"Sergio Guzm\u00e1n Padilla","src":"https:\/\/i0.wp.com\/lasprimeras.com.do\/wp-content\/uploads\/2024\/01\/Sergio-Guzman-Padilla.jpg?resize=350%2C200&ssl=1","width":350,"height":200},"classes":[]},{"id":57913,"url":"https:\/\/lasprimeras.com.do\/index.php\/2023\/08\/17\/el-hospital-gautier-abre-sus-puertas-para-cirugias-reconstructivas-a-victimas-explosion\/","url_meta":{"origin":48507,"position":1},"title":"El hospital Gautier abre sus puertas para cirug\u00edas reconstructivas a v\u00edctimas explosi\u00f3n","author":"Nelson Feliz","date":"17 de agosto de 2023","format":false,"excerpt":"En este centro est\u00e1 la \u00fanica escuela de cirug\u00eda pl\u00e1stica, reconstructiva y est\u00e9tica del pa\u00eds. La Escuela de Cirug\u00eda Pl\u00e1stica, Reconstructiva y Est\u00e9tica del hospital Salvador B. Gautier puso a disposici\u00f3n sus instalaciones y especialistas para atender a las v\u00edctimas de la tragedia de la explosi\u00f3n ocurrida el pasado lunes\u2026","rel":"","context":"En \u00abSin categor\u00eda\u00bb","block_context":{"text":"Sin categor\u00eda","link":"https:\/\/lasprimeras.com.do\/index.php\/category\/sin-categoria\/"},"img":{"alt_text":"Hospital Salvador B. Gautier","src":"https:\/\/i0.wp.com\/lasprimeras.com.do\/wp-content\/uploads\/2023\/08\/Hospital-Salvador-B.-Gautier.jpeg?resize=350%2C200&ssl=1","width":350,"height":200,"srcset":"https:\/\/i0.wp.com\/lasprimeras.com.do\/wp-content\/uploads\/2023\/08\/Hospital-Salvador-B.-Gautier.jpeg?resize=350%2C200&ssl=1 1x, https:\/\/i0.wp.com\/lasprimeras.com.do\/wp-content\/uploads\/2023\/08\/Hospital-Salvador-B.-Gautier.jpeg?resize=525%2C300&ssl=1 1.5x, https:\/\/i0.wp.com\/lasprimeras.com.do\/wp-content\/uploads\/2023\/08\/Hospital-Salvador-B.-Gautier.jpeg?resize=700%2C400&ssl=1 2x"},"classes":[]},{"id":74904,"url":"https:\/\/lasprimeras.com.do\/index.php\/2024\/01\/27\/presidente-sodocipre-afirma-turismo-de-salud-sigue-en-auge\/","url_meta":{"origin":48507,"position":2},"title":"Presidente Sodocipre afirma turismo de salud sigue en auge","author":"BIMARY DE JES\u00daS Matos","date":"27 de enero de 2024","format":false,"excerpt":"Martin Restituyo Santo Domingo, RD. -Rep\u00fablica Dominicana se ha convertido r\u00e1pidamente en un punto clave para el aumento y desarrollo de procedimientos est\u00e9ticos en el Caribe y Latinoam\u00e9rica. Seg\u00fan las declaraciones del presidente de la Sociedad Dominicana de Cirug\u00eda Pl\u00e1stica, Reconstructiva y Est\u00e9tica (Sodocipre), Sergio Guzm\u00e1n Padilla, \u201cnuestro pa\u00eds recibe\u2026","rel":"","context":"En \u00abPORTADA\u00bb","block_context":{"text":"PORTADA","link":"https:\/\/lasprimeras.com.do\/index.php\/category\/portada\/"},"img":{"alt_text":"","src":"https:\/\/i0.wp.com\/lasprimeras.com.do\/wp-content\/uploads\/2024\/01\/WhatsApp-Image-2024-01-27-at-7.01.00-AM.jpeg?resize=350%2C200&ssl=1","width":350,"height":200,"srcset":"https:\/\/i0.wp.com\/lasprimeras.com.do\/wp-content\/uploads\/2024\/01\/WhatsApp-Image-2024-01-27-at-7.01.00-AM.jpeg?resize=350%2C200&ssl=1 1x, https:\/\/i0.wp.com\/lasprimeras.com.do\/wp-content\/uploads\/2024\/01\/WhatsApp-Image-2024-01-27-at-7.01.00-AM.jpeg?resize=525%2C300&ssl=1 1.5x, https:\/\/i0.wp.com\/lasprimeras.com.do\/wp-content\/uploads\/2024\/01\/WhatsApp-Image-2024-01-27-at-7.01.00-AM.jpeg?resize=700%2C400&ssl=1 2x, https:\/\/i0.wp.com\/lasprimeras.com.do\/wp-content\/uploads\/2024\/01\/WhatsApp-Image-2024-01-27-at-7.01.00-AM.jpeg?resize=1050%2C600&ssl=1 3x, https:\/\/i0.wp.com\/lasprimeras.com.do\/wp-content\/uploads\/2024\/01\/WhatsApp-Image-2024-01-27-at-7.01.00-AM.jpeg?resize=1400%2C800&ssl=1 4x"},"classes":[]},{"id":56463,"url":"https:\/\/lasprimeras.com.do\/index.php\/2023\/08\/01\/boricua-acusa-medico-de-lesionarle-los-senos-en-una-liposuccion-en-rd\/","url_meta":{"origin":48507,"position":3},"title":"Boricua acusa m\u00e9dico de lesionarle los senos en una liposucci\u00f3n en RD","author":"Nelson Feliz","date":"1 de agosto de 2023","format":false,"excerpt":"En vez de la satisfacci\u00f3n que esperaba sentir con su tercera cirug\u00eda pl\u00e1stica, una boricua de 54 a\u00f1os casi pierde la vida y ha vivido un \"cuadro t\u00e9trico\" y \"d\u00edas de calamidad\" con \"mucho dolor\" despu\u00e9s del \u00faltimo procedimiento quir\u00fargico en el que, durante la liposucci\u00f3n, seg\u00fan la paciente, el\u2026","rel":"","context":"En \u00abNACIONALES\u00bb","block_context":{"text":"NACIONALES","link":"https:\/\/lasprimeras.com.do\/index.php\/category\/nacionales\/"},"img":{"alt_text":"La se\u00f1ora Ivonne Lucila Madera, de nacionalidad puertorrique\u00f1a.","src":"https:\/\/i0.wp.com\/lasprimeras.com.do\/wp-content\/uploads\/2023\/08\/Ivonne-Lucila-Madera.jpg?resize=350%2C200&ssl=1","width":350,"height":200,"srcset":"https:\/\/i0.wp.com\/lasprimeras.com.do\/wp-content\/uploads\/2023\/08\/Ivonne-Lucila-Madera.jpg?resize=350%2C200&ssl=1 1x, https:\/\/i0.wp.com\/lasprimeras.com.do\/wp-content\/uploads\/2023\/08\/Ivonne-Lucila-Madera.jpg?resize=525%2C300&ssl=1 1.5x, https:\/\/i0.wp.com\/lasprimeras.com.do\/wp-content\/uploads\/2023\/08\/Ivonne-Lucila-Madera.jpg?resize=700%2C400&ssl=1 2x"},"classes":[]},{"id":107399,"url":"https:\/\/lasprimeras.com.do\/index.php\/2025\/08\/26\/enfermeras-del-hospital-cabral-y-baez-paralizan-labores-en-demanda-de-reivindicaciones\/","url_meta":{"origin":48507,"position":4},"title":"Enfermeras del hospital Cabral y B\u00e1ez paralizan labores en demanda de reivindicaciones","author":"Nelson Feliz","date":"26 de agosto de 2025","format":false,"excerpt":"La situaci\u00f3n ha provocado la suspensi\u00f3n de consultas y reducci\u00f3n de atenciones en distintas unidades. El personal de enfermer\u00eda del hospital regional universitario Jos\u00e9 Mar\u00eda Cabral y B\u00e1ez, en la provincia Santiago, paraliz\u00f3 sus labores este martes en reclamo de una serie de reivindicaciones que, seg\u00fan denuncia, las autoridades de\u2026","rel":"","context":"En \u00abNACIONALES\u00bb","block_context":{"text":"NACIONALES","link":"https:\/\/lasprimeras.com.do\/index.php\/category\/nacionales\/"},"img":{"alt_text":"","src":"https:\/\/i0.wp.com\/lasprimeras.com.do\/wp-content\/uploads\/2025\/08\/medicos-1.jpeg?resize=350%2C200&ssl=1","width":350,"height":200,"srcset":"https:\/\/i0.wp.com\/lasprimeras.com.do\/wp-content\/uploads\/2025\/08\/medicos-1.jpeg?resize=350%2C200&ssl=1 1x, https:\/\/i0.wp.com\/lasprimeras.com.do\/wp-content\/uploads\/2025\/08\/medicos-1.jpeg?resize=525%2C300&ssl=1 1.5x, https:\/\/i0.wp.com\/lasprimeras.com.do\/wp-content\/uploads\/2025\/08\/medicos-1.jpeg?resize=700%2C400&ssl=1 2x, https:\/\/i0.wp.com\/lasprimeras.com.do\/wp-content\/uploads\/2025\/08\/medicos-1.jpeg?resize=1050%2C600&ssl=1 3x, https:\/\/i0.wp.com\/lasprimeras.com.do\/wp-content\/uploads\/2025\/08\/medicos-1.jpeg?resize=1400%2C800&ssl=1 4x"},"classes":[]},{"id":73843,"url":"https:\/\/lasprimeras.com.do\/index.php\/2024\/01\/17\/hospital-gautier-atendio-mas-de-755-mil-pacientes\/","url_meta":{"origin":48507,"position":5},"title":"Hospital Gautier atendi\u00f3 m\u00e1s de 755 mil pacientes","author":"BIMARY DE JES\u00daS Matos","date":"17 de enero de 2024","format":false,"excerpt":"Santo Domingo.-El hospital Salvador B. Gautier es \u00fanico en servicios y escuela de formaci\u00f3n como la residencia de Cirug\u00eda Pl\u00e1stica Reconstructiva El Hospital Salvador B. Gautier (HSBG) ofreci\u00f3 servicios a 755, 978 pacientes durante el a\u00f1o 2023, lo que estable una cifra r\u00e9cord en las \u00e1reas de laboratorio, consulta externa,\u2026","rel":"","context":"En \u00abPORTADA\u00bb","block_context":{"text":"PORTADA","link":"https:\/\/lasprimeras.com.do\/index.php\/category\/portada\/"},"img":{"alt_text":"","src":"https:\/\/i0.wp.com\/lasprimeras.com.do\/wp-content\/uploads\/2024\/01\/Declaraciones-de-madre-del-nino-ultimado-por-su-tia-en-Veron-5.jpg?resize=350%2C200&ssl=1","width":350,"height":200,"srcset":"https:\/\/i0.wp.com\/lasprimeras.com.do\/wp-content\/uploads\/2024\/01\/Declaraciones-de-madre-del-nino-ultimado-por-su-tia-en-Veron-5.jpg?resize=350%2C200&ssl=1 1x, https:\/\/i0.wp.com\/lasprimeras.com.do\/wp-content\/uploads\/2024\/01\/Declaraciones-de-madre-del-nino-ultimado-por-su-tia-en-Veron-5.jpg?resize=525%2C300&ssl=1 1.5x"},"classes":[]}],"jetpack_sharing_enabled":true,"_links":{"self":[{"href":"https:\/\/lasprimeras.com.do\/index.php\/wp-json\/wp\/v2\/posts\/48507","targetHints":{"allow":["GET"]}}],"collection":[{"href":"https:\/\/lasprimeras.com.do\/index.php\/wp-json\/wp\/v2\/posts"}],"about":[{"href":"https:\/\/lasprimeras.com.do\/index.php\/wp-json\/wp\/v2\/types\/post"}],"author":[{"embeddable":true,"href":"https:\/\/lasprimeras.com.do\/index.php\/wp-json\/wp\/v2\/users\/1"}],"replies":[{"embeddable":true,"href":"https:\/\/lasprimeras.com.do\/index.php\/wp-json\/wp\/v2\/comments?post=48507"}],"version-history":[{"count":0,"href":"https:\/\/lasprimeras.com.do\/index.php\/wp-json\/wp\/v2\/posts\/48507\/revisions"}],"wp:featuredmedia":[{"embeddable":true,"href":"https:\/\/lasprimeras.com.do\/index.php\/wp-json\/"}],"wp:attachment":[{"href":"https:\/\/lasprimeras.com.do\/index.php\/wp-json\/wp\/v2\/media?parent=48507"}],"wp:term":[{"taxonomy":"category","embeddable":true,"href":"https:\/\/lasprimeras.com.do\/index.php\/wp-json\/wp\/v2\/categories?post=48507"},{"taxonomy":"post_tag","embeddable":true,"href":"https:\/\/lasprimeras.com.do\/index.php\/wp-json\/wp\/v2\/tags?post=48507"}],"curies":[{"name":"wp","href":"https:\/\/api.w.org\/{rel}","templated":true}]}}