{"id":48519,"date":"2023-05-01T20:07:26","date_gmt":"2023-05-02T00:07:26","guid":{"rendered":"https:\/\/atento.com.do\/?p=48519"},"modified":"2023-05-01T20:07:26","modified_gmt":"2023-05-02T00:07:26","slug":"trabajadores-reclaman-un-nuevo-contrato-social-como-garantia-de-sus-derechos","status":"publish","type":"post","link":"https:\/\/lasprimeras.com.do\/index.php\/2023\/05\/01\/trabajadores-reclaman-un-nuevo-contrato-social-como-garantia-de-sus-derechos\/","title":{"rendered":"Trabajadores reclaman un nuevo contrato social como garant\u00eda de sus derechos"},"content":{"rendered":"\n<p><strong>Santo Domingo. &#8211;<\/strong> &nbsp;Con un llamado a que en el pa\u00eds se establezca un nuevo contrato social que garantice mejores condiciones de vida para las y los trabajadores, el ejercicio pleno de la libertad sindical, la negociaci\u00f3n colectiva y el di\u00e1logo social, las centrales sindicales conmemoraron el D\u00eda Internacional del Trabajo, en un acto al que asisti\u00f3 el presidente Luis Abinader, en el pabell\u00f3n de voleibol del Estadio Ol\u00edmpico Juan Pablo Duarte.<\/p>\n\n\n\n<p>Jacobo Ramos, presidente de la &nbsp;Confederaci\u00f3n Nacional de Trabajadores Dominicanos (CNTD), Rafael \u2013Pepe- Abreu, &nbsp;de la Confederaci\u00f3n Nacional de Unidad Sindical (CNUS) y Gabriel del R\u00edo Do\u00f1\u00e8, de la Confederaci\u00f3n Aut\u00f3noma Sindical Clasista, concentraron a centenares de sus miembros y dirigentes en una actividad en la que tambi\u00e9n estuvo presente el Ministro de Trabajo, Luis Miguel De Camps, y Rafael Santos, director del Instituto Nacional de Formaci\u00f3n T\u00e9cnico Profesional, entre otros invitados.<\/p>\n\n\n\n<p>Al hablar sobre el tema salarial durante su intervenci\u00f3n, Jacobo Ramos sostuvo que una de las formas m\u00e1s concretas de mejorar las condiciones de vida del trabajador es incrementando los salarios porque de esa manera eleva su nivel de compra de bienes y servicios.<\/p>\n\n\n\n<p>Precis\u00f3 que en el pacto salarial al que aspiran es necesaria la indexaci\u00f3n salarial para hacer los ajustes por inflaci\u00f3n correspondientes como manda la ley, y eliminar el impuesto a las bonificaciones, un aumento a los salarios de los servidores p\u00fablicos que tambi\u00e9n son afectados por la inflaci\u00f3n.<\/p>\n\n\n\n<figure class=\"wp-block-image size-full\"><img decoding=\"async\" src=\"https:\/\/atento.com.do\/wp-content\/uploads\/2023\/05\/Dia-Internacional-del-Trabajo-por-un-nuevo-contrato-social-CNTD-CNUS-CASC.jpg\" alt=\"\" class=\"wp-image-48521\"\/><\/figure>\n\n\n\n<p>Manifest\u00f3 que el pa\u00eds est\u00e1 en el mejor momento para hacer realidad esa iniciativa &nbsp; porque adem\u00e1s de contar con el respaldo de las CNTD, CASC y CNUS, es una iniciativa que impulsa el Ministro de Trabajo, Luis Miguel De Camps, con el apoyo del presidente Abinader.<\/p>\n\n\n\n<p>De su lado, Rafael \u2013Pepe-Abr\u00e9u, presidente de la CNUS, afirm\u00f3 que dotar al pa\u00eds de un nuevo c\u00f3digo de trabajo es un compromiso que no solo ata\u00f1e a los trabajadores sino a toda la sociedad, porque se trata de un instrumento vital para el desarrollo econ\u00f3mico y social de la naci\u00f3n.<\/p>\n\n\n\n<p>\u201cEstamos involucrados en procesos de reforma laboral, un desaf\u00edo para los trabajadores y el gobierno, porque cualquier retroceso implicar\u00eda que caminemos contrario a las directrices que vive el mundo de hoy cuya fuerza laboral procura establecer un trabajo decente\u201d, enfatiz\u00f3.<\/p>\n\n\n\n<p>Abr\u00e9u afirm\u00f3 que otra de las metas del movimiento sindical en lo que ser\u00e1 el nuevo c\u00f3digo laboral es crear las bases para fortalecer el tripartimos como herramienta de soluci\u00f3n de conflictos, y porque es un mecanismo que contribuye al fortalecimiento de la democracia.<\/p>\n\n\n\n<p>De su lado, Gabriel del R\u00edo Do\u00f1\u00e9, presidente de la CASC, sostuvo que la nueva ley de seguridad social a la que aspira el movimiento sindical debe ser inclusiva, con un enfoque universal, solidario, de derechos humanos, pensiones con una tasa de reemplazo de un 80% como garant\u00eda de un retiro digno luego del trabajador agotar su vida productiva.<\/p>\n\n\n\n<p>Cree necesario que temas como salud, atenci\u00f3n primaria, y riesgos laborales ameritan discusiones que sirvan para ampliar servicios y coberturas.<\/p>\n\n\n\n<p>Durante la concentraci\u00f3n se pidi\u00f3 &nbsp; reformar la ley 41-08 de servidores p\u00fablicos para que se les permita organizarse y negociar colectivamente y que ratifiquen los convenios 151 y 154 de la OIT al respecto.<\/p>\n\n\n\n<p>Tambi\u00e9n que se creen mecanismos para que los empleadores registren a las dom\u00e9sticas, e incorporar a los planes del gobierno las demandas de los campesinos. Adem\u00e1s, establecer pol\u00edticas p\u00fablicas que contribuyan a disminuir el desempleo en la juventud y procurar su capacitaci\u00f3n a trav\u00e9s de la educaci\u00f3n y formaci\u00f3n tecnol\u00f3gica.<\/p>\n\n\n\n<div class=\"wp-block-file\"><a id=\"wp-block-file--media-f1bd054b-70bb-4e1a-b838-ce33aa40622a\" href=\"https:\/\/atento.com.do\/wp-content\/uploads\/2023\/05\/MANIFIESTO-1RO.-DE-MAYO-2023.doc\">MANIFIESTO-1RO.-DE-MAYO-2023<\/a><a href=\"https:\/\/atento.com.do\/wp-content\/uploads\/2023\/05\/MANIFIESTO-1RO.-DE-MAYO-2023.doc\" class=\"wp-block-file__button wp-element-button\" download aria-describedby=\"wp-block-file--media-f1bd054b-70bb-4e1a-b838-ce33aa40622a\">Descarga<\/a><\/div>\n","protected":false},"excerpt":{"rendered":"<p>Santo Domingo. &#8211; &nbsp;Con un llamado a que en el pa\u00eds se establezca un nuevo contrato social que garantice mejores condiciones de vida para las y los trabajadores, el ejercicio&hellip;<\/p>\n","protected":false},"author":1,"featured_media":48520,"comment_status":"open","ping_status":"open","sticky":false,"template":"","format":"standard","meta":{"content-type":"","jetpack_post_was_ever_published":false,"_jetpack_newsletter_access":"","_jetpack_dont_email_post_to_subs":false,"_jetpack_newsletter_tier_id":0,"_jetpack_memberships_contains_paywalled_content":false,"_jetpack_memberships_contains_paid_content":false,"footnotes":""},"categories":[35,25],"tags":[153,154,155,156],"class_list":["post-48519","post","type-post","status-publish","format-standard","has-post-thumbnail","hentry","category-nacionales","category-portada","tag-contrato-social","tag-derechos","tag-garantia","tag-trabajadores"],"jetpack_featured_media_url":"","jetpack-related-posts":[{"id":108285,"url":"https:\/\/lasprimeras.com.do\/index.php\/2025\/09\/04\/centrales-sindicales-anuncian-plan-de-movilizacion-en-defensa-de-la-cesantia-laboral\/","url_meta":{"origin":48519,"position":0},"title":"Centrales Sindicales anuncian plan de movilizaci\u00f3n en defensa de la cesant\u00eda laboral","author":"Nelson Feliz","date":"4 de septiembre de 2025","format":false,"excerpt":"\u00b7 CNTD, CNUS y CASC llaman a vigilia frente al Congreso el 10 de septiembre. Las centrales sindicales Confederaci\u00f3n Nacional de Trabajadores Dominicanos (CNTD), Confederaci\u00f3n Aut\u00f3noma Sindical Clasista (CASC) y la Confederaci\u00f3n Nacional de Unidad Sindical (CNUS), encabezadas por sus presidentes Jacobo Ramos, Gabriel del R\u00edo, respectivamente, rechazaron de manera\u2026","rel":"","context":"En \u00abECONOM\u00cdA\u00bb","block_context":{"text":"ECONOM\u00cdA","link":"https:\/\/lasprimeras.com.do\/index.php\/category\/economia\/"},"img":{"alt_text":"","src":"https:\/\/i0.wp.com\/lasprimeras.com.do\/wp-content\/uploads\/2025\/09\/centrales.jpg?resize=350%2C200&ssl=1","width":350,"height":200,"srcset":"https:\/\/i0.wp.com\/lasprimeras.com.do\/wp-content\/uploads\/2025\/09\/centrales.jpg?resize=350%2C200&ssl=1 1x, https:\/\/i0.wp.com\/lasprimeras.com.do\/wp-content\/uploads\/2025\/09\/centrales.jpg?resize=525%2C300&ssl=1 1.5x, https:\/\/i0.wp.com\/lasprimeras.com.do\/wp-content\/uploads\/2025\/09\/centrales.jpg?resize=700%2C400&ssl=1 2x"},"classes":[]},{"id":100731,"url":"https:\/\/lasprimeras.com.do\/index.php\/2025\/06\/11\/centrales-sindicales-rd-reconocen-al-presidente-abinader-en-la-oit\/","url_meta":{"origin":48519,"position":1},"title":"Centrales Sindicales RD reconocen al presidente Abinader en la OIT","author":"Nelson Feliz","date":"11 de junio de 2025","format":false,"excerpt":"\u00b7-CNTD, CASC y CNUS destacan respaldo del mandatario al di\u00e1logo social, salarios dignos y seguridad social en Rep\u00fablica Dominicana Ginebra, Suiza. \u2013 En el marco de su participaci\u00f3n en el Foro Anual de la Coalici\u00f3n Mundial para la Justicia Social y la 113\u00aa Conferencia Internacional del Trabajo, organizada por la\u2026","rel":"","context":"En \u00abINTERNACIONALES\u00bb","block_context":{"text":"INTERNACIONALES","link":"https:\/\/lasprimeras.com.do\/index.php\/category\/sin-categoria\/internacionales\/"},"img":{"alt_text":"","src":"https:\/\/i0.wp.com\/lasprimeras.com.do\/wp-content\/uploads\/2025\/06\/Luis-Abinader-4.jpg?resize=350%2C200&ssl=1","width":350,"height":200,"srcset":"https:\/\/i0.wp.com\/lasprimeras.com.do\/wp-content\/uploads\/2025\/06\/Luis-Abinader-4.jpg?resize=350%2C200&ssl=1 1x, https:\/\/i0.wp.com\/lasprimeras.com.do\/wp-content\/uploads\/2025\/06\/Luis-Abinader-4.jpg?resize=525%2C300&ssl=1 1.5x, https:\/\/i0.wp.com\/lasprimeras.com.do\/wp-content\/uploads\/2025\/06\/Luis-Abinader-4.jpg?resize=700%2C400&ssl=1 2x"},"classes":[]},{"id":113782,"url":"https:\/\/lasprimeras.com.do\/index.php\/2025\/11\/05\/centrales-sindicales-advierten-que-la-indexacion-salarial-no-puede-depender-de-la-revision-de-los-programas-sociales\/","url_meta":{"origin":48519,"position":2},"title":"Centrales sindicales advierten que la indexaci\u00f3n salarial no puede depender de la revisi\u00f3n de los programas sociales","author":"Nelson Feliz","date":"5 de noviembre de 2025","format":false,"excerpt":"\u2022CNTD, CNUS y CASC recalcan que los subsidios son esenciales para los sectores m\u00e1s vulnerables y reclaman una reforma fiscal integral y progresiva La Confederaci\u00f3n Nacional de Trabajadores Dominicanos (CNTD), Confederaci\u00f3n Nacional de Unidad Sindical (CNUS) y la Confederaci\u00f3n Aut\u00f3noma Sindical Clasista (CASC), advirtieron que la aplicaci\u00f3n de la indexaci\u00f3n\u2026","rel":"","context":"En \u00abECONOM\u00cdA\u00bb","block_context":{"text":"ECONOM\u00cdA","link":"https:\/\/lasprimeras.com.do\/index.php\/category\/economia\/"},"img":{"alt_text":"","src":"https:\/\/i0.wp.com\/lasprimeras.com.do\/wp-content\/uploads\/2025\/11\/Centrales-sindicales.jpeg?resize=350%2C200&ssl=1","width":350,"height":200,"srcset":"https:\/\/i0.wp.com\/lasprimeras.com.do\/wp-content\/uploads\/2025\/11\/Centrales-sindicales.jpeg?resize=350%2C200&ssl=1 1x, https:\/\/i0.wp.com\/lasprimeras.com.do\/wp-content\/uploads\/2025\/11\/Centrales-sindicales.jpeg?resize=525%2C300&ssl=1 1.5x, https:\/\/i0.wp.com\/lasprimeras.com.do\/wp-content\/uploads\/2025\/11\/Centrales-sindicales.jpeg?resize=700%2C400&ssl=1 2x"},"classes":[]},{"id":100529,"url":"https:\/\/lasprimeras.com.do\/index.php\/2025\/06\/08\/luis-abinader-pronunciara-discurso-en-la-conferencia-internacional-del-trabajo\/","url_meta":{"origin":48519,"position":3},"title":"Luis Abinader pronunciar\u00e1 discurso en la Conferencia Internacional del Trabajo","author":"Nelson Feliz","date":"8 de junio de 2025","format":false,"excerpt":"Las centrales sindicales le har\u00e1n un reconocimiento en la OIT por el \u00e9xito del di\u00e1logo tripartito, los aumentos salariales y la paz laboral alcanzada durante su mandato El presidente, Luis Abinader, pronunciar\u00e1 un discurso en el Foro Anual de la Coalici\u00f3n Mundial para la Justicia Social, en la sesi\u00f3n de\u2026","rel":"","context":"En \u00abNACIONALES\u00bb","block_context":{"text":"NACIONALES","link":"https:\/\/lasprimeras.com.do\/index.php\/category\/nacionales\/"},"img":{"alt_text":"","src":"https:\/\/i0.wp.com\/lasprimeras.com.do\/wp-content\/uploads\/2025\/06\/ABINADER-00.jpg?resize=350%2C200&ssl=1","width":350,"height":200,"srcset":"https:\/\/i0.wp.com\/lasprimeras.com.do\/wp-content\/uploads\/2025\/06\/ABINADER-00.jpg?resize=350%2C200&ssl=1 1x, https:\/\/i0.wp.com\/lasprimeras.com.do\/wp-content\/uploads\/2025\/06\/ABINADER-00.jpg?resize=525%2C300&ssl=1 1.5x, https:\/\/i0.wp.com\/lasprimeras.com.do\/wp-content\/uploads\/2025\/06\/ABINADER-00.jpg?resize=700%2C400&ssl=1 2x"},"classes":[]},{"id":125717,"url":"https:\/\/lasprimeras.com.do\/index.php\/2026\/03\/25\/scj-y-casc-se-unen-para-fortalecer-la-justicia-laboral\/","url_meta":{"origin":48519,"position":4},"title":"SCJ y CASC se unen para fortalecer la justicia laboral","author":"Nelson Feliz","date":"25 de marzo de 2026","format":false,"excerpt":"Presidente de la SCJ visita sede de la CASC y reafirma compromiso con el fortalecimiento de los derechos laborales. La Confederaci\u00f3n Aut\u00f3noma Sindical Clasista (CASC) recibi\u00f3 este martes en su sede al presidente de la Suprema Corte de Justicia (SCJ), Magistrado Luis Henry Molina, en un encuentro en el que\u2026","rel":"","context":"En \u00abNACIONALES\u00bb","block_context":{"text":"NACIONALES","link":"https:\/\/lasprimeras.com.do\/index.php\/category\/nacionales\/"},"img":{"alt_text":"SCJ visita sede de la CASC","src":"https:\/\/i0.wp.com\/lasprimeras.com.do\/wp-content\/uploads\/2026\/03\/SCJ-visita-sede-de-la-CASC.jpg?resize=350%2C200&ssl=1","width":350,"height":200,"srcset":"https:\/\/i0.wp.com\/lasprimeras.com.do\/wp-content\/uploads\/2026\/03\/SCJ-visita-sede-de-la-CASC.jpg?resize=350%2C200&ssl=1 1x, https:\/\/i0.wp.com\/lasprimeras.com.do\/wp-content\/uploads\/2026\/03\/SCJ-visita-sede-de-la-CASC.jpg?resize=525%2C300&ssl=1 1.5x, https:\/\/i0.wp.com\/lasprimeras.com.do\/wp-content\/uploads\/2026\/03\/SCJ-visita-sede-de-la-CASC.jpg?resize=700%2C400&ssl=1 2x"},"classes":[]},{"id":88312,"url":"https:\/\/lasprimeras.com.do\/index.php\/2024\/08\/25\/sntp-realiza-curso-sobre-actualizacion-sindical-seguridad-social-y-derechos-laborales\/","url_meta":{"origin":48519,"position":5},"title":"SNTP realiza curso sobre actualizaci\u00f3n sindical, seguridad social y derechos laborales","author":"Nelson Feliz","date":"25 de agosto de 2024","format":false,"excerpt":"Delegaciones de la filiales del Distrito Nacional, Santo Domingo Este, Oeste y Boca Chica, as\u00ed como del C\u00edrculo de Reporteros Gr\u00e1ficos, N\u00facleo de Ch\u00f3feres de Prensa y de la Asociaci\u00f3n de Fotoperiodistas, discutieron este s\u00e1bado los desaf\u00edos que enfrenta en sindicalismo en este momentos, las seguridad social y el riego\u2026","rel":"","context":"En \u00abNACIONALES\u00bb","block_context":{"text":"NACIONALES","link":"https:\/\/lasprimeras.com.do\/index.php\/category\/nacionales\/"},"img":{"alt_text":"","src":"https:\/\/i0.wp.com\/lasprimeras.com.do\/wp-content\/uploads\/2024\/08\/SNTP.jpg?resize=350%2C200&ssl=1","width":350,"height":200,"srcset":"https:\/\/i0.wp.com\/lasprimeras.com.do\/wp-content\/uploads\/2024\/08\/SNTP.jpg?resize=350%2C200&ssl=1 1x, https:\/\/i0.wp.com\/lasprimeras.com.do\/wp-content\/uploads\/2024\/08\/SNTP.jpg?resize=525%2C300&ssl=1 1.5x, https:\/\/i0.wp.com\/lasprimeras.com.do\/wp-content\/uploads\/2024\/08\/SNTP.jpg?resize=700%2C400&ssl=1 2x"},"classes":[]}],"jetpack_sharing_enabled":true,"_links":{"self":[{"href":"https:\/\/lasprimeras.com.do\/index.php\/wp-json\/wp\/v2\/posts\/48519","targetHints":{"allow":["GET"]}}],"collection":[{"href":"https:\/\/lasprimeras.com.do\/index.php\/wp-json\/wp\/v2\/posts"}],"about":[{"href":"https:\/\/lasprimeras.com.do\/index.php\/wp-json\/wp\/v2\/types\/post"}],"author":[{"embeddable":true,"href":"https:\/\/lasprimeras.com.do\/index.php\/wp-json\/wp\/v2\/users\/1"}],"replies":[{"embeddable":true,"href":"https:\/\/lasprimeras.com.do\/index.php\/wp-json\/wp\/v2\/comments?post=48519"}],"version-history":[{"count":0,"href":"https:\/\/lasprimeras.com.do\/index.php\/wp-json\/wp\/v2\/posts\/48519\/revisions"}],"wp:featuredmedia":[{"embeddable":true,"href":"https:\/\/lasprimeras.com.do\/index.php\/wp-json\/"}],"wp:attachment":[{"href":"https:\/\/lasprimeras.com.do\/index.php\/wp-json\/wp\/v2\/media?parent=48519"}],"wp:term":[{"taxonomy":"category","embeddable":true,"href":"https:\/\/lasprimeras.com.do\/index.php\/wp-json\/wp\/v2\/categories?post=48519"},{"taxonomy":"post_tag","embeddable":true,"href":"https:\/\/lasprimeras.com.do\/index.php\/wp-json\/wp\/v2\/tags?post=48519"}],"curies":[{"name":"wp","href":"https:\/\/api.w.org\/{rel}","templated":true}]}}