{"id":48530,"date":"2023-05-01T20:35:13","date_gmt":"2023-05-02T00:35:13","guid":{"rendered":"https:\/\/atento.com.do\/?p=48530"},"modified":"2023-05-01T20:35:13","modified_gmt":"2023-05-02T00:35:13","slug":"alcalde-denuncia-contralor-tiene-paralizado-reparacion-de-calles-pide-intervencion-del-presidente-abinader","status":"publish","type":"post","link":"https:\/\/lasprimeras.com.do\/index.php\/2023\/05\/01\/alcalde-denuncia-contralor-tiene-paralizado-reparacion-de-calles-pide-intervencion-del-presidente-abinader\/","title":{"rendered":"Alcalde denuncia Contralor tiene paralizado reparaci\u00f3n de calles: Pide intervenci\u00f3n del presidente Abinader"},"content":{"rendered":"\n<p><strong>Jima Abajo provincia La Vega.-.<\/strong>El alcalde del municipio Jima Abajo provincia La Vega, Porfirio Alberto Monegro, denunci\u00f3 que la reconstrucci\u00f3n de las calles, aceras y contenes de esa zona y el Distrito Municipal de Rinc\u00f3n, se encuentran paralizadas por culpa del Contralor General de la Rep\u00fablica, F\u00e9lix Antonio Santana Garc\u00eda.<\/p>\n\n\n\n<p>El funcionario edilicio pidi\u00f3 la intervenci\u00f3n del presidente Luis Abinader para que se hagan realidad esos trabajos, cuyas v\u00edas fueron abandonadas durante los ocho a\u00f1os del gobierno del expresidente Danilo Medina.<\/p>\n\n\n\n<p>\u201cLe enviamos una comunicaci\u00f3n al ministro de Obras P\u00fablicas, ingeniero Deligne Ascensi\u00f3n y con una actitud de transparencia, y para resolver este problema solicit\u00f3 el contrato a la OISOE, y orden\u00f3 realizar un nuevo contrato en base al existente con las normas del MOPC\u201d, explic\u00f3.<\/p>\n\n\n\n<p>Monegro indic\u00f3 que con la llegada del Contralor F\u00e9lix Garc\u00eda, el contrato para la reconstrucci\u00f3n de las calles, aceras y contenes de Jima Abajo y de Rinc\u00f3n ha comenzado a pasar una verdadera odisea, ya que el funcionario pide cada d\u00eda un expediente nuevo.<\/p>\n\n\n\n<p>\u201cAl envi\u00e1rselo, vuelve a solicitar otro, tambi\u00e9n pidi\u00f3 un informe del Consultor Jur\u00eddico del MOPC a su firma y a la firma del ministro, lo cual fue enviado y ahora solicit\u00f3 los pliegos de condiciones de una obra declarada de urgencia, por la Resoluci\u00f3n de Urgencia No. Ls-02-02-2012\u201d, se\u00f1al\u00f3.<\/p>\n\n\n\n<p>El alcalde de Jima Abajo llam\u00f3 al presidente Luis Abinader ir en auxilio de los pobladores de las comunidades y buscarle una soluci\u00f3n armoniosa y acorde a la transparencia al referido contrato, a trav\u00e9s de la Contralor\u00eda General de la Rep\u00fablica.<\/p>\n\n\n\n<p>\u201cNos dirigimos a usted, se\u00f1or presidente Luis Abinader, para que intervenga en el mismo a favor de que este sufrido pueblo pueda tener sus calles asfaltadas dentro del plan de asfaltado a nivel nacional que viene desarrollando su gobierno\u201d, dice el funcionario municipal en una carta enviada al mandatario.<\/p>\n\n\n\n<figure class=\"wp-block-image size-full\"><img decoding=\"async\" src=\"https:\/\/atento.com.do\/wp-content\/uploads\/2023\/05\/Screenshot_20230501_081425_WhatsApp.jpg\" alt=\"\" class=\"wp-image-48532\"\/><\/figure>\n\n\n\n<figure class=\"wp-block-image size-full\"><img decoding=\"async\" src=\"https:\/\/atento.com.do\/wp-content\/uploads\/2023\/05\/Screenshot_20230501_081404_WhatsApp.jpg\" alt=\"\" class=\"wp-image-48533\"\/><\/figure>\n","protected":false},"excerpt":{"rendered":"<p>Jima Abajo provincia La Vega.-.El alcalde del municipio Jima Abajo provincia La Vega, Porfirio Alberto Monegro, denunci\u00f3 que la reconstrucci\u00f3n de las calles, aceras y contenes de esa zona y&hellip;<\/p>\n","protected":false},"author":1,"featured_media":48531,"comment_status":"open","ping_status":"open","sticky":false,"template":"","format":"standard","meta":{"content-type":"","jetpack_post_was_ever_published":false,"_jetpack_newsletter_access":"","_jetpack_dont_email_post_to_subs":false,"_jetpack_newsletter_tier_id":0,"_jetpack_memberships_contains_paywalled_content":false,"_jetpack_memberships_contains_paid_content":false,"footnotes":""},"categories":[35],"tags":[161,162,163,164,67,165,166],"class_list":["post-48530","post","type-post","status-publish","format-standard","has-post-thumbnail","hentry","category-nacionales","tag-alcalde","tag-calles","tag-contralor","tag-intervencion","tag-luis-abinader","tag-paralizado","tag-reparacion"],"jetpack_featured_media_url":"","jetpack-related-posts":[{"id":115716,"url":"https:\/\/lasprimeras.com.do\/index.php\/2025\/11\/24\/contraloria-pone-en-marcha-innovador-servicio-de-consulta-verifica-cgr\/","url_meta":{"origin":48530,"position":0},"title":"Contralor\u00eda pone en marcha innovador servicio de consulta \u201cVerifica CGR\u201d","author":"Nelson Feliz","date":"24 de noviembre de 2025","format":false,"excerpt":"Contralor F\u00e9lix Santana hizo anuncio ante miembros del ICPARD en San Juan La Contralor\u00eda General de la Rep\u00fablica (CGR) anunci\u00f3 la puesta en marcha de \u201cVerifica CGR\u201d, un nuevo servicio de consulta ciudadana que permitir\u00e1 a los proveedores del Estado verificar en tiempo real el estatus de sus libramientos, pagos\u2026","rel":"","context":"En \u00abNACIONALES\u00bb","block_context":{"text":"NACIONALES","link":"https:\/\/lasprimeras.com.do\/index.php\/category\/nacionales\/"},"img":{"alt_text":"","src":"https:\/\/i0.wp.com\/lasprimeras.com.do\/wp-content\/uploads\/2025\/11\/contralor-1.jpg?resize=350%2C200&ssl=1","width":350,"height":200,"srcset":"https:\/\/i0.wp.com\/lasprimeras.com.do\/wp-content\/uploads\/2025\/11\/contralor-1.jpg?resize=350%2C200&ssl=1 1x, https:\/\/i0.wp.com\/lasprimeras.com.do\/wp-content\/uploads\/2025\/11\/contralor-1.jpg?resize=525%2C300&ssl=1 1.5x, https:\/\/i0.wp.com\/lasprimeras.com.do\/wp-content\/uploads\/2025\/11\/contralor-1.jpg?resize=700%2C400&ssl=1 2x"},"classes":[]},{"id":72440,"url":"https:\/\/lasprimeras.com.do\/index.php\/2023\/12\/29\/medio-ambiente-dice-iniciara-proceso-de-sancion-por-extraccion-irregular-de-agregados-en-rio-jayaco\/","url_meta":{"origin":48530,"position":1},"title":"Medio Ambiente dice iniciar\u00e1 proceso de sanci\u00f3n por extracci\u00f3n irregular de agregados en r\u00edo Jayaco","author":"BIMARY DE JES\u00daS Matos","date":"29 de diciembre de 2023","format":false,"excerpt":"Santo Domingo.-El Ministerio de Medio Ambiente y Recursos Naturales (MMARN) iniciar\u00e1 el procedimiento sancionatorio en el caso de una extracci\u00f3n de agregados en el r\u00edo Jayaco, en Jima, paralizada por la Direcci\u00f3n Provincial de Monse\u00f1or Nouel y por el Servicio Nacional de Protecci\u00f3n Ambiental (Senpa) el pasado s\u00e1bado 23 de\u2026","rel":"","context":"En \u00abNACIONALES\u00bb","block_context":{"text":"NACIONALES","link":"https:\/\/lasprimeras.com.do\/index.php\/category\/nacionales\/"},"img":{"alt_text":"","src":"https:\/\/i0.wp.com\/lasprimeras.com.do\/wp-content\/uploads\/2023\/12\/Noticias-de-energia-2023-12-29T121726.807.jpg?resize=350%2C200&ssl=1","width":350,"height":200,"srcset":"https:\/\/i0.wp.com\/lasprimeras.com.do\/wp-content\/uploads\/2023\/12\/Noticias-de-energia-2023-12-29T121726.807.jpg?resize=350%2C200&ssl=1 1x, https:\/\/i0.wp.com\/lasprimeras.com.do\/wp-content\/uploads\/2023\/12\/Noticias-de-energia-2023-12-29T121726.807.jpg?resize=525%2C300&ssl=1 1.5x, https:\/\/i0.wp.com\/lasprimeras.com.do\/wp-content\/uploads\/2023\/12\/Noticias-de-energia-2023-12-29T121726.807.jpg?resize=700%2C400&ssl=1 2x"},"classes":[]},{"id":121805,"url":"https:\/\/lasprimeras.com.do\/index.php\/2026\/02\/10\/geraldo-espinosa-asume-como-contralor-general-de-la-republica\/","url_meta":{"origin":48530,"position":2},"title":"Geraldo Espinosa asume como contralor general de la Rep\u00fablica","author":"Nelson Feliz","date":"10 de febrero de 2026","format":false,"excerpt":"Presenta plan para transformar procesos misionales de la instituci\u00f3n El ministro Administrativo de la Presidencia, Andr\u00e9s Bautista, jurament\u00f3 al nuevo contralor general de la Rep\u00fablica, Geraldo Espinosa P\u00e9rez, quien tom\u00f3 posesi\u00f3n este martes de su cargo. En un emotivo acto, Espinosa P\u00e9rez, traz\u00f3 el inicio en esta entidad c\u00f3mo una\u2026","rel":"","context":"En \u00abNACIONALES\u00bb","block_context":{"text":"NACIONALES","link":"https:\/\/lasprimeras.com.do\/index.php\/category\/nacionales\/"},"img":{"alt_text":"Geraldo Espinosa P\u00e9rez","src":"https:\/\/i0.wp.com\/lasprimeras.com.do\/wp-content\/uploads\/2026\/02\/Ministro-juramenta-al-nuevo-contralor-Geraldo-Espinosa-.jpg?resize=350%2C200&ssl=1","width":350,"height":200,"srcset":"https:\/\/i0.wp.com\/lasprimeras.com.do\/wp-content\/uploads\/2026\/02\/Ministro-juramenta-al-nuevo-contralor-Geraldo-Espinosa-.jpg?resize=350%2C200&ssl=1 1x, https:\/\/i0.wp.com\/lasprimeras.com.do\/wp-content\/uploads\/2026\/02\/Ministro-juramenta-al-nuevo-contralor-Geraldo-Espinosa-.jpg?resize=525%2C300&ssl=1 1.5x, https:\/\/i0.wp.com\/lasprimeras.com.do\/wp-content\/uploads\/2026\/02\/Ministro-juramenta-al-nuevo-contralor-Geraldo-Espinosa-.jpg?resize=700%2C400&ssl=1 2x"},"classes":[]},{"id":100701,"url":"https:\/\/lasprimeras.com.do\/index.php\/2025\/06\/10\/contralor-afirma-irregularidades-se-reducen-significativamente-en-gobiernos-de-abinader\/","url_meta":{"origin":48530,"position":3},"title":"Contralor afirma irregularidades se reducen significativamente en gobiernos de Abinader","author":"Nelson Feliz","date":"10 de junio de 2025","format":false,"excerpt":"F\u00e9lix Santana da inicio a primera capacitaci\u00f3n en Control Interno a colaboradores de la UASD El contralor general de la Rep\u00fablica dijo, en la Universidad Aut\u00f3noma de Santo Domingo (UASD), que las irregularidades, desviaciones y otros actos pecaminosos se han reducido significativamente durante los gobiernos del presidente Luis Abinader, por\u2026","rel":"","context":"En \u00abECONOM\u00cdA\u00bb","block_context":{"text":"ECONOM\u00cdA","link":"https:\/\/lasprimeras.com.do\/index.php\/category\/economia\/"},"img":{"alt_text":"","src":"https:\/\/i0.wp.com\/lasprimeras.com.do\/wp-content\/uploads\/2025\/06\/Contralor-Felix-Santana.jpg?resize=350%2C200&ssl=1","width":350,"height":200,"srcset":"https:\/\/i0.wp.com\/lasprimeras.com.do\/wp-content\/uploads\/2025\/06\/Contralor-Felix-Santana.jpg?resize=350%2C200&ssl=1 1x, https:\/\/i0.wp.com\/lasprimeras.com.do\/wp-content\/uploads\/2025\/06\/Contralor-Felix-Santana.jpg?resize=525%2C300&ssl=1 1.5x, https:\/\/i0.wp.com\/lasprimeras.com.do\/wp-content\/uploads\/2025\/06\/Contralor-Felix-Santana.jpg?resize=700%2C400&ssl=1 2x"},"classes":[]},{"id":100168,"url":"https:\/\/lasprimeras.com.do\/index.php\/2025\/06\/02\/contraloria-destaca-la-capacidad-de-ahorro-del-presidente-abinader-para-crear-empleos\/","url_meta":{"origin":48530,"position":4},"title":"Contralor\u00eda destaca la capacidad de ahorro del presidente Abinader para crear empleos","author":"Nelson Feliz","date":"2 de junio de 2025","format":false,"excerpt":"El contralor general de la Rep\u00fablica puso de relieve la capacidad del presidente Luis Abinader para el control de las finanzas p\u00fablicas para el ahorro lo que, a su juicio, ha facilitado la creaci\u00f3n de nuevos empleos y el abastecimiento monetario para impulsar los proyectos de desarrollo. Al intervenir frente\u2026","rel":"","context":"En \u00abECONOM\u00cdA\u00bb","block_context":{"text":"ECONOM\u00cdA","link":"https:\/\/lasprimeras.com.do\/index.php\/category\/economia\/"},"img":{"alt_text":"F\u00e9lix Santana","src":"https:\/\/i0.wp.com\/lasprimeras.com.do\/wp-content\/uploads\/2025\/06\/Programa-Contralor-Estudiantil-1.jpg?resize=350%2C200&ssl=1","width":350,"height":200,"srcset":"https:\/\/i0.wp.com\/lasprimeras.com.do\/wp-content\/uploads\/2025\/06\/Programa-Contralor-Estudiantil-1.jpg?resize=350%2C200&ssl=1 1x, https:\/\/i0.wp.com\/lasprimeras.com.do\/wp-content\/uploads\/2025\/06\/Programa-Contralor-Estudiantil-1.jpg?resize=525%2C300&ssl=1 1.5x, https:\/\/i0.wp.com\/lasprimeras.com.do\/wp-content\/uploads\/2025\/06\/Programa-Contralor-Estudiantil-1.jpg?resize=700%2C400&ssl=1 2x"},"classes":[]},{"id":54322,"url":"https:\/\/lasprimeras.com.do\/index.php\/2023\/07\/09\/video-contralor-de-ny-anuncia-invertiran-fondos-de-pensiones-en-rd\/","url_meta":{"origin":48530,"position":5},"title":"VIDEO: Contralor de NY anuncia invertir\u00e1n fondos de pensiones en RD","author":"Nelson Feliz","date":"9 de julio de 2023","format":false,"excerpt":"Contralor del estado de New York anuncia invertir\u00e1n fondos de pensiones en Rep\u00fablica Dominicana. El Contralor del estado de New York Thomas Dinapoli revel\u00f3 que avanzan en la ruta y esfuerzos para lograr invertir parte de los 350 mil millones de d\u00f3lares disponibles en los fondos de pensiones de New\u2026","rel":"","context":"En \u00abECONOM\u00cdA\u00bb","block_context":{"text":"ECONOM\u00cdA","link":"https:\/\/lasprimeras.com.do\/index.php\/category\/economia\/"},"img":{"alt_text":"Thomas Dinapoli","src":"https:\/\/i0.wp.com\/lasprimeras.com.do\/wp-content\/uploads\/2023\/07\/Thomas-Dinapoli.jpg?resize=350%2C200&ssl=1","width":350,"height":200,"srcset":"https:\/\/i0.wp.com\/lasprimeras.com.do\/wp-content\/uploads\/2023\/07\/Thomas-Dinapoli.jpg?resize=350%2C200&ssl=1 1x, https:\/\/i0.wp.com\/lasprimeras.com.do\/wp-content\/uploads\/2023\/07\/Thomas-Dinapoli.jpg?resize=525%2C300&ssl=1 1.5x, https:\/\/i0.wp.com\/lasprimeras.com.do\/wp-content\/uploads\/2023\/07\/Thomas-Dinapoli.jpg?resize=700%2C400&ssl=1 2x"},"classes":[]}],"jetpack_sharing_enabled":true,"_links":{"self":[{"href":"https:\/\/lasprimeras.com.do\/index.php\/wp-json\/wp\/v2\/posts\/48530","targetHints":{"allow":["GET"]}}],"collection":[{"href":"https:\/\/lasprimeras.com.do\/index.php\/wp-json\/wp\/v2\/posts"}],"about":[{"href":"https:\/\/lasprimeras.com.do\/index.php\/wp-json\/wp\/v2\/types\/post"}],"author":[{"embeddable":true,"href":"https:\/\/lasprimeras.com.do\/index.php\/wp-json\/wp\/v2\/users\/1"}],"replies":[{"embeddable":true,"href":"https:\/\/lasprimeras.com.do\/index.php\/wp-json\/wp\/v2\/comments?post=48530"}],"version-history":[{"count":0,"href":"https:\/\/lasprimeras.com.do\/index.php\/wp-json\/wp\/v2\/posts\/48530\/revisions"}],"wp:featuredmedia":[{"embeddable":true,"href":"https:\/\/lasprimeras.com.do\/index.php\/wp-json\/"}],"wp:attachment":[{"href":"https:\/\/lasprimeras.com.do\/index.php\/wp-json\/wp\/v2\/media?parent=48530"}],"wp:term":[{"taxonomy":"category","embeddable":true,"href":"https:\/\/lasprimeras.com.do\/index.php\/wp-json\/wp\/v2\/categories?post=48530"},{"taxonomy":"post_tag","embeddable":true,"href":"https:\/\/lasprimeras.com.do\/index.php\/wp-json\/wp\/v2\/tags?post=48530"}],"curies":[{"name":"wp","href":"https:\/\/api.w.org\/{rel}","templated":true}]}}