{"id":48551,"date":"2023-05-01T22:26:58","date_gmt":"2023-05-02T02:26:58","guid":{"rendered":"https:\/\/atento.com.do\/?p=48551"},"modified":"2023-05-01T22:26:58","modified_gmt":"2023-05-02T02:26:58","slug":"aspirante-alcalde-ve-desesperanza-e-incoherencia-en-discurso-continuista-de-carolina-mejia","status":"publish","type":"post","link":"https:\/\/lasprimeras.com.do\/index.php\/2023\/05\/01\/aspirante-alcalde-ve-desesperanza-e-incoherencia-en-discurso-continuista-de-carolina-mejia\/","title":{"rendered":"Aspirante Alcalde ve desesperanza e incoherencia en discurso continuista de Carolina Mej\u00eda"},"content":{"rendered":"\n<p><strong>Santo Domingo, RD. &#8211;<\/strong> El aspirante a la Alcald\u00eda del Distrito Nacional, Graciano Jim\u00e9nez, calific\u00f3 de desesperanzador e incoherente el discurso de rendici\u00f3n de cuentas de la alcaldesa Carolina Mej\u00eda.<\/p>\n\n\n\n<p>Consider\u00f3 que Mej\u00eda fue incoherente al afirmar que ya el cabildo no tiene deuda, cuando es evidente la deuda social acumulada que mantiene su gesti\u00f3n con los mun\u00edcipes, puesto que, los problemas neur\u00e1lgicos de la ciudad no han sido resueltos.<\/p>\n\n\n\n<p>Graciano Jim\u00e9nez critic\u00f3 que la ciudad contin\u00faa llena de basura, el alumbrado p\u00fablico es deficiente, los barrios est\u00e1n a oscuras, las calles intransitables por los hoyos, aceras ocupadas y deterioradas, mientras que el tr\u00e1nsito es un desastre.<\/p>\n\n\n\n<p>As\u00ed mismo, indic\u00f3 que los imbornales est\u00e1n todos colapsados, las calles se inundan cada vez que llueve y las ca\u00f1adas representan un peligro para las familias que viven en sus entornos.<\/p>\n\n\n\n<p>En ese sentido, cuestion\u00f3 que la indiferencia en la gesti\u00f3n de las autoridades, adem\u00e1s de la irresponsabilidad en las edificaciones que se construyen, trastorna el tr\u00e1nsito de la ciudadan\u00eda.<\/p>\n\n\n\n<p>En una nota, el aspirante a dirigir la capital, dijo que las construcciones irresponsables ocupan los espacios p\u00fablicos, lo que sucede por la falta de planificaci\u00f3n. Resalt\u00f3 que, mientras eso ocurre se acrecienta la necesidad de parqueos p\u00fablicos, sin que se visualice un plan que conlleve a su soluci\u00f3n.<\/p>\n\n\n\n<p>Graciano Jim\u00e9nez puso como ejemplo, el Mercado Nuevo de la avenida Duarte, que es parte fundamental de la seguridad alimentaria del Distrito Nacional, pero se encuentra en franco abandono y deterioro, y convertido en un foco de contaminaci\u00f3n, debido a que el centro de la plaza sirve de acopio para depositar basura, algo que atenta contra la salud de la poblaci\u00f3n.<\/p>\n\n\n\n<p>Ante esta realidad, Graciano Jim\u00e9nez inst\u00f3 a la alcaldesa Carolina Mej\u00eda, a invertir de manera equitativa y transparente el presupuesto participativo, a favor de obras para los barrios, sobre lo cual, reiter\u00f3 presenta una gran deuda social acumulada.<\/p>\n","protected":false},"excerpt":{"rendered":"<p>Santo Domingo, RD. &#8211; El aspirante a la Alcald\u00eda del Distrito Nacional, Graciano Jim\u00e9nez, calific\u00f3 de desesperanzador e incoherente el discurso de rendici\u00f3n de cuentas de la alcaldesa Carolina Mej\u00eda.&hellip;<\/p>\n","protected":false},"author":1,"featured_media":47919,"comment_status":"open","ping_status":"open","sticky":false,"template":"","format":"standard","meta":{"content-type":"","jetpack_post_was_ever_published":false,"_jetpack_newsletter_access":"","_jetpack_dont_email_post_to_subs":false,"_jetpack_newsletter_tier_id":0,"_jetpack_memberships_contains_paywalled_content":false,"_jetpack_memberships_contains_paid_content":false,"footnotes":""},"categories":[1],"tags":[161,186,187,188,189,190,191,192],"class_list":["post-48551","post","type-post","status-publish","format-standard","has-post-thumbnail","hentry","category-sin-categoria","tag-alcalde","tag-aspirante","tag-carolina-mejia","tag-continuista","tag-desesperanza","tag-discurso","tag-graciano-jimenez","tag-incoherencia"],"jetpack_featured_media_url":"","jetpack-related-posts":[{"id":110290,"url":"https:\/\/lasprimeras.com.do\/index.php\/2025\/09\/27\/hipolito-mejia-trata-de-endozar-liderazgo-politico-a-su-hija-carolina\/","url_meta":{"origin":48551,"position":0},"title":"Hip\u00f3lito Mej\u00eda trata de endozar liderazgo pol\u00edtico a su hija Carolina","author":"Nelson Feliz","date":"27 de septiembre de 2025","format":false,"excerpt":"El liderazgo pol\u00edtico no se transfiere, reza una m\u00e1xima popular, credo que Hip\u00f3lito Mej\u00eda apuesta a romper para convertir a su hija Carolina Mej\u00eda en la primera presidenta de Rep\u00fablica Dominicana. El expresidente de la Rep\u00fablica est\u00e1 en las calles recorriendo el pa\u00eds para lograr que la alcaldesa del Distrito\u2026","rel":"","context":"En \u00abPOLITICA\u00bb","block_context":{"text":"POLITICA","link":"https:\/\/lasprimeras.com.do\/index.php\/category\/politica\/"},"img":{"alt_text":"","src":"https:\/\/i0.wp.com\/lasprimeras.com.do\/wp-content\/uploads\/2025\/09\/Hipolito-Mejia-y-Carolina-Mejia-1.jpg?resize=350%2C200&ssl=1","width":350,"height":200,"srcset":"https:\/\/i0.wp.com\/lasprimeras.com.do\/wp-content\/uploads\/2025\/09\/Hipolito-Mejia-y-Carolina-Mejia-1.jpg?resize=350%2C200&ssl=1 1x, https:\/\/i0.wp.com\/lasprimeras.com.do\/wp-content\/uploads\/2025\/09\/Hipolito-Mejia-y-Carolina-Mejia-1.jpg?resize=525%2C300&ssl=1 1.5x, https:\/\/i0.wp.com\/lasprimeras.com.do\/wp-content\/uploads\/2025\/09\/Hipolito-Mejia-y-Carolina-Mejia-1.jpg?resize=700%2C400&ssl=1 2x"},"classes":[]},{"id":103449,"url":"https:\/\/lasprimeras.com.do\/index.php\/2025\/07\/15\/conadeco-red-y-productores-cebolla-denuncian-exclusion-y-exigen-pago-deuda\/","url_meta":{"origin":48551,"position":1},"title":"CONADECO RED y productores cebolla denuncian exclusi\u00f3n y exigen pago deuda","author":"Nelson Feliz","date":"15 de julio de 2025","format":false,"excerpt":"Peque\u00f1os importadores advierten posible crisis alimentaria, dicen Agricultura le debe RD$200 MM El presidente del Consejo Nacional para la Defensa del Comercio (CONADECO RED), Graciano Jim\u00e9nez, denunci\u00f3 el grave impacto que est\u00e1 causando la exclusi\u00f3n sistem\u00e1tica de los peque\u00f1os importadores por parte del Ministerio de Agricultura, en la asignaci\u00f3n de\u2026","rel":"","context":"En \u00abECONOM\u00cdA\u00bb","block_context":{"text":"ECONOM\u00cdA","link":"https:\/\/lasprimeras.com.do\/index.php\/category\/economia\/"},"img":{"alt_text":"","src":"https:\/\/i0.wp.com\/lasprimeras.com.do\/wp-content\/uploads\/2025\/07\/cebolla.jpg?resize=350%2C200&ssl=1","width":350,"height":200,"srcset":"https:\/\/i0.wp.com\/lasprimeras.com.do\/wp-content\/uploads\/2025\/07\/cebolla.jpg?resize=350%2C200&ssl=1 1x, https:\/\/i0.wp.com\/lasprimeras.com.do\/wp-content\/uploads\/2025\/07\/cebolla.jpg?resize=525%2C300&ssl=1 1.5x, https:\/\/i0.wp.com\/lasprimeras.com.do\/wp-content\/uploads\/2025\/07\/cebolla.jpg?resize=700%2C400&ssl=1 2x"},"classes":[]},{"id":122240,"url":"https:\/\/lasprimeras.com.do\/index.php\/2026\/02\/15\/hipolito-mejia-minimiza-apoyo-a-collado-y-asegura-perdera-mucho-a-poco-de-carolina\/","url_meta":{"origin":48551,"position":2},"title":"Hip\u00f3lito Mej\u00eda minimiza apoyo a Collado y asegura perder\u00e1 mucho a poco de Carolina","author":"Nelson Feliz","date":"15 de febrero de 2026","format":false,"excerpt":"El expresidente Hip\u00f3lito Mej\u00eda asegur\u00f3 hoy que su hija, Carolina Mej\u00eda, derrotar\u00e1 \u201cmucho a poco\u201d al aspirante presidencial David Collado, a quien defini\u00f3 como su m\u00e1s cercano contrincante en la carrera por la nominaci\u00f3n presidencial del Partido Revolucionario Moderno (PRM). En su declaraci\u00f3n, el veterano pol\u00edtico se fue m\u00e1s lejos\u2026","rel":"","context":"En \u00abPOLITICA\u00bb","block_context":{"text":"POLITICA","link":"https:\/\/lasprimeras.com.do\/index.php\/category\/politica\/"},"img":{"alt_text":"Hip\u00f3lito Mej\u00eda","src":"https:\/\/i0.wp.com\/lasprimeras.com.do\/wp-content\/uploads\/2026\/02\/Hipolito-Mejia.jpg?resize=350%2C200&ssl=1","width":350,"height":200,"srcset":"https:\/\/i0.wp.com\/lasprimeras.com.do\/wp-content\/uploads\/2026\/02\/Hipolito-Mejia.jpg?resize=350%2C200&ssl=1 1x, https:\/\/i0.wp.com\/lasprimeras.com.do\/wp-content\/uploads\/2026\/02\/Hipolito-Mejia.jpg?resize=525%2C300&ssl=1 1.5x, https:\/\/i0.wp.com\/lasprimeras.com.do\/wp-content\/uploads\/2026\/02\/Hipolito-Mejia.jpg?resize=700%2C400&ssl=1 2x"},"classes":[]},{"id":50657,"url":"https:\/\/lasprimeras.com.do\/index.php\/2023\/05\/23\/neney-cabrera-dice-declinara-sus-aspiraciones-a-alcalde-del-dn-si-carolina-mejia-decide-repostularse\/","url_meta":{"origin":48551,"position":3},"title":"Neney Cabrera dice declinar\u00e1 sus aspiraciones a alcalde del DN si Carolina Mej\u00eda decide repostularse","author":"prenxa100","date":"23 de mayo de 2023","format":false,"excerpt":"SANTO DOMINGO.-.El exdirector del titular de la Direcci\u00f3n General de Proyectos Estrat\u00e9gicos y Especiales de la Presidencia (Propeep), Jos\u00e9 Leonel (Neney) Cabrera, quien fue designado como ministro encargado del cumplimiento de los objetivos de las pol\u00edticas p\u00fablicas del Gobierno, dijo que declinar\u00e1 sus aspiraciones a dirigir la Alcald\u00eda del Distrito\u2026","rel":"","context":"En \u00abPORTADA\u00bb","block_context":{"text":"PORTADA","link":"https:\/\/lasprimeras.com.do\/index.php\/category\/portada\/"},"img":{"alt_text":"","src":"https:\/\/i0.wp.com\/img.youtube.com\/vi\/N7uHDDJoj_g\/0.jpg?resize=350%2C200","width":350,"height":200},"classes":[]},{"id":124597,"url":"https:\/\/lasprimeras.com.do\/index.php\/2026\/03\/14\/leonel-gana-encuesta-con-59-frente-a-un-36-de-david-collado-y-5-de-carolina-mejia\/","url_meta":{"origin":48551,"position":4},"title":"Leonel gana encuesta con 59% frente a un 36% de David Collado y 5% de Carolina Mej\u00eda","author":"Nelson Feliz","date":"14 de marzo de 2026","format":false,"excerpt":"En una encuesta realizada por el programa televisivo \u201cNoche de Fuego\u201d, el aspirante presidencial del partido Fuerza del Pueblo (FP), Leonel Fern\u00e1ndez derrot\u00f3 con 59% al precandidato presidencial del PRM, David Collado, que obtuvo 36% y Carolina Mej\u00eda 5%. Los votos registrados por Leonel fueron 35, David 21 y Carolina\u2026","rel":"","context":"En \u00abPOLITICA\u00bb","block_context":{"text":"POLITICA","link":"https:\/\/lasprimeras.com.do\/index.php\/category\/politica\/"},"img":{"alt_text":"Leonel Fern\u00e1ndez","src":"https:\/\/i0.wp.com\/lasprimeras.com.do\/wp-content\/uploads\/2025\/09\/Leonel-Fernandez.jpeg?resize=350%2C200&ssl=1","width":350,"height":200,"srcset":"https:\/\/i0.wp.com\/lasprimeras.com.do\/wp-content\/uploads\/2025\/09\/Leonel-Fernandez.jpeg?resize=350%2C200&ssl=1 1x, https:\/\/i0.wp.com\/lasprimeras.com.do\/wp-content\/uploads\/2025\/09\/Leonel-Fernandez.jpeg?resize=525%2C300&ssl=1 1.5x, https:\/\/i0.wp.com\/lasprimeras.com.do\/wp-content\/uploads\/2025\/09\/Leonel-Fernandez.jpeg?resize=700%2C400&ssl=1 2x"},"classes":[]},{"id":75859,"url":"https:\/\/lasprimeras.com.do\/index.php\/2024\/02\/05\/ex-presidente-hipolito-mejia-valora-apoyo-del-mnd-a-alcaldesa-carolina-mejia\/","url_meta":{"origin":48551,"position":5},"title":"Ex presidente Hip\u00f3lito Mej\u00eda valora apoyo del MND a alcaldesa Carolina Mej\u00eda\u00a0","author":"Nelson Feliz","date":"5 de febrero de 2024","format":false,"excerpt":"El ex presidente de la Rep\u00fablica, Hip\u00f3lito Mej\u00eda, valor\u00f3 la labor que realiza el Movimiento Nacional Deportivo (MND), que dirige Alberto Rodr\u00edguez Mella, en beneficio de los barrios de esta capital y las provincias que conforman el territorio nacional y reconoci\u00f3 adem\u00e1s, el apoyo brindado por ese sector a la\u2026","rel":"","context":"En \u00abPORTADA\u00bb","block_context":{"text":"PORTADA","link":"https:\/\/lasprimeras.com.do\/index.php\/category\/portada\/"},"img":{"alt_text":"Hipolito y Carolina","src":"https:\/\/i0.wp.com\/lasprimeras.com.do\/wp-content\/uploads\/2024\/02\/Hipolito-y-Carolina-1.jpg?resize=350%2C200&ssl=1","width":350,"height":200,"srcset":"https:\/\/i0.wp.com\/lasprimeras.com.do\/wp-content\/uploads\/2024\/02\/Hipolito-y-Carolina-1.jpg?resize=350%2C200&ssl=1 1x, https:\/\/i0.wp.com\/lasprimeras.com.do\/wp-content\/uploads\/2024\/02\/Hipolito-y-Carolina-1.jpg?resize=525%2C300&ssl=1 1.5x, https:\/\/i0.wp.com\/lasprimeras.com.do\/wp-content\/uploads\/2024\/02\/Hipolito-y-Carolina-1.jpg?resize=700%2C400&ssl=1 2x"},"classes":[]}],"jetpack_sharing_enabled":true,"_links":{"self":[{"href":"https:\/\/lasprimeras.com.do\/index.php\/wp-json\/wp\/v2\/posts\/48551","targetHints":{"allow":["GET"]}}],"collection":[{"href":"https:\/\/lasprimeras.com.do\/index.php\/wp-json\/wp\/v2\/posts"}],"about":[{"href":"https:\/\/lasprimeras.com.do\/index.php\/wp-json\/wp\/v2\/types\/post"}],"author":[{"embeddable":true,"href":"https:\/\/lasprimeras.com.do\/index.php\/wp-json\/wp\/v2\/users\/1"}],"replies":[{"embeddable":true,"href":"https:\/\/lasprimeras.com.do\/index.php\/wp-json\/wp\/v2\/comments?post=48551"}],"version-history":[{"count":0,"href":"https:\/\/lasprimeras.com.do\/index.php\/wp-json\/wp\/v2\/posts\/48551\/revisions"}],"wp:featuredmedia":[{"embeddable":true,"href":"https:\/\/lasprimeras.com.do\/index.php\/wp-json\/"}],"wp:attachment":[{"href":"https:\/\/lasprimeras.com.do\/index.php\/wp-json\/wp\/v2\/media?parent=48551"}],"wp:term":[{"taxonomy":"category","embeddable":true,"href":"https:\/\/lasprimeras.com.do\/index.php\/wp-json\/wp\/v2\/categories?post=48551"},{"taxonomy":"post_tag","embeddable":true,"href":"https:\/\/lasprimeras.com.do\/index.php\/wp-json\/wp\/v2\/tags?post=48551"}],"curies":[{"name":"wp","href":"https:\/\/api.w.org\/{rel}","templated":true}]}}