{"id":48553,"date":"2023-05-01T23:01:19","date_gmt":"2023-05-02T03:01:19","guid":{"rendered":"https:\/\/atento.com.do\/?p=48553"},"modified":"2023-05-01T23:01:19","modified_gmt":"2023-05-02T03:01:19","slug":"alcalde-manuel-jimenez-enciende-primera-bombilla-del-faro-a-colon","status":"publish","type":"post","link":"https:\/\/lasprimeras.com.do\/index.php\/2023\/05\/01\/alcalde-manuel-jimenez-enciende-primera-bombilla-del-faro-a-colon\/","title":{"rendered":"Alcalde Manuel Jim\u00e9nez enciende primera bombilla del Faro a Col\u00f3n"},"content":{"rendered":"\n<p><strong>Santo Domingo, Este.-. <\/strong>El alcalde de Santo Domingo Este, Manuel Jim\u00e9nez, encendi\u00f3 la primera bombilla del nuevo sistema de luces que exhibir\u00e1 el Faro a Col\u00f3n, un proyecto que se desarrolla en coordinaci\u00f3n con el Ministerio de Cultura y el Programa de las Naciones Unidas Para el Desarrollo (PNUD), y que tiene como meta recuperar el esplendor de ese monumento hist\u00f3rico.<\/p>\n\n\n\n<p>La primera bombilla de prueba fue fabricada por la empresa alemana Sectag International Lat\u00edn Am\u00e9rica,&nbsp; con especificaciones propias del Faro a Col\u00f3n. Luego de la prueba y la calibraci\u00f3n, comenzar\u00e1n a fabricarse, en el marco de un acuerdo de donaci\u00f3n, las 178 bombillas del nuevo sistema de luces leed de bajo consumo y de configuraci\u00f3n digital (pondr\u00e1 iluminarse con los colores de la bandera o de cualquier fecha conmemorativa).<\/p>\n\n\n\n<p>Al dar a conocer los detalles del proyecto, Juan Del Orbe, enlace entre el Ayuntamiento y el PNUD, inform\u00f3 que, gracias a la disposici\u00f3n del Ministerio de Cultura y las dem\u00e1s partes participantes, ya el proceso se encuentra en fase final, por lo que pronto los mun\u00edcipes podr\u00e1n volver a ver brillar las luces del Faro, considerado como el principal s\u00edmbolo de Santo Domingo Este.<\/p>\n\n\n\n<p>\u201cSe midi\u00f3, se prob\u00f3 y ahora se proceder\u00e1 a fabricar las 178 luces que abarca el proyecto completo, las cuales se trabajan en Alemania\u201d, dijo por su parte Juan Del Orbe, quien realiza los trabajos de coordinaci\u00f3n y gesti\u00f3n del proyecto junto a Margarita Rodr\u00edguez.&nbsp;<\/p>\n\n\n\n<p>La gesti\u00f3n del alcalde Manuel Jim\u00e9nez tambi\u00e9n colabora con la iluminaci\u00f3n de toda el \u00e1rea circundante del edificio del Faro y la construcci\u00f3n de un jard\u00edn a cielo abierto en su \u00e1rea verde (Jardines de Las Am\u00e9ricas), todo en coordinaci\u00f3n con el Ministerio de Cultura, que es la instituci\u00f3n encargada y rectora del monumento.<\/p>\n\n\n\n<p>POL\u00cdGONO TUR\u00cdSTICO Y CULTURAL DE SANTO DOMINGO ESTE<\/p>\n\n\n\n<p>Para el alcalde Manuel Jim\u00e9nez ha sido de sumo inter\u00e9s rescatar los monumentos hist\u00f3ricos y las zonas de alto valor tur\u00edstico del municipio, especialmente los que conforman el pol\u00edgono Tur\u00edstico y Cultural que su gesti\u00f3n est\u00e1 desarrollando en la circunscripci\u00f3n 1, junto al presidente Luis Abinader, (Monumento a la Ca\u00f1a, Chencha espacio Abierto, remozamiento del malec\u00f3n&nbsp; Avenida Espa\u00f1a, nueva plaza Juan Pablo Duarte, Parada de la Cultura, nuevo anfiteatro Luisito Mart\u00ed, rescate de la hist\u00f3rica Plaza Duarte, rescate de la avenida Barcel\u00f3, entre otros).<\/p>\n","protected":false},"excerpt":{"rendered":"<p>Santo Domingo, Este.-. El alcalde de Santo Domingo Este, Manuel Jim\u00e9nez, encendi\u00f3 la primera bombilla del nuevo sistema de luces que exhibir\u00e1 el Faro a Col\u00f3n, un proyecto que se&hellip;<\/p>\n","protected":false},"author":1,"featured_media":48554,"comment_status":"open","ping_status":"open","sticky":false,"template":"","format":"standard","meta":{"content-type":"","jetpack_post_was_ever_published":false,"_jetpack_newsletter_access":"","_jetpack_dont_email_post_to_subs":false,"_jetpack_newsletter_tier_id":0,"_jetpack_memberships_contains_paywalled_content":false,"_jetpack_memberships_contains_paid_content":false,"footnotes":""},"categories":[35],"tags":[161,193,194,195,196],"class_list":["post-48553","post","type-post","status-publish","format-standard","has-post-thumbnail","hentry","category-nacionales","tag-alcalde","tag-bombilla","tag-enciende","tag-faro-a-colon","tag-manuel-jimenez"],"jetpack_featured_media_url":"","jetpack-related-posts":[{"id":61270,"url":"https:\/\/lasprimeras.com.do\/index.php\/2023\/09\/24\/alcalde-manuel-jimenez-lleva-soluciones-a-residentes-de-villa-faro\/","url_meta":{"origin":48553,"position":0},"title":"Alcalde Manuel Jim\u00e9nez lleva soluciones a residentes de Villa Faro","author":"Nelson Feliz","date":"24 de septiembre de 2023","format":false,"excerpt":"LA COMUNIDAD FUE BENEFICIADA CON OPERATIVOS M\u00c9DICOS, LIMPIEZA DE CALLES Y CA\u00d1ADAS, E INSTALACI\u00d3N DE BOMBILLAS Por Martin Restituyo El alcalde de Santo Domingo Este, Manuel Jim\u00e9nez, llev\u00f3 soluciones a los residentes del sector Villa Faro, a trav\u00e9s del programa \u201cEl Despacho Municipal\u201d, que busca brindar a los mun\u00edcipes mejoras\u2026","rel":"","context":"En \u00abNACIONALES\u00bb","block_context":{"text":"NACIONALES","link":"https:\/\/lasprimeras.com.do\/index.php\/category\/nacionales\/"},"img":{"alt_text":"Manuel Jimenez","src":"https:\/\/i0.wp.com\/lasprimeras.com.do\/wp-content\/uploads\/2023\/09\/Manuel-Jimenez-4-1.jpg?resize=350%2C200&ssl=1","width":350,"height":200,"srcset":"https:\/\/i0.wp.com\/lasprimeras.com.do\/wp-content\/uploads\/2023\/09\/Manuel-Jimenez-4-1.jpg?resize=350%2C200&ssl=1 1x, https:\/\/i0.wp.com\/lasprimeras.com.do\/wp-content\/uploads\/2023\/09\/Manuel-Jimenez-4-1.jpg?resize=525%2C300&ssl=1 1.5x, https:\/\/i0.wp.com\/lasprimeras.com.do\/wp-content\/uploads\/2023\/09\/Manuel-Jimenez-4-1.jpg?resize=700%2C400&ssl=1 2x"},"classes":[]},{"id":50734,"url":"https:\/\/lasprimeras.com.do\/index.php\/2023\/05\/23\/manuel-jimenez-inaugura-oficina-turistica-municipal-en-santo-domingo-este\/","url_meta":{"origin":48553,"position":1},"title":"Manuel Jim\u00e9nez inaugura oficina tur\u00edstica municipal en Santo Domingo Este","author":"prenxa100","date":"23 de mayo de 2023","format":false,"excerpt":"LA NUEVA PLATAFORMA DE SERVICIO SERVIR\u00c1 DE SOPORTE PARA PROMOCIONAR LA RUTA TUR\u00cdSTICA DEL MUNICIPIO. Santo Domingo Este.-. El alcalde de Santo Domingo Este, Manuel Jim\u00e9nez dej\u00f3 inaugurada la Oficina Tur\u00edstica del municipio, a trav\u00e9s de la cual se podr\u00e1 canalizar y gestionar cualquier tipo de informaci\u00f3n o tr\u00e1mite relacionado\u2026","rel":"","context":"En \u00abNACIONALES\u00bb","block_context":{"text":"NACIONALES","link":"https:\/\/lasprimeras.com.do\/index.php\/category\/nacionales\/"},"img":{"alt_text":"","src":"","width":0,"height":0},"classes":[]},{"id":89093,"url":"https:\/\/lasprimeras.com.do\/index.php\/2024\/09\/15\/abinader-supervisa-remozamiento-del-faro-a-colon\/","url_meta":{"origin":48553,"position":2},"title":"Abinader supervisa remozamiento del Faro a Col\u00f3n","author":"Nelson Feliz","date":"15 de septiembre de 2024","format":false,"excerpt":"La visita realizada por el mandatario es la primera de un gobernante en m\u00e1s de un cuarto de siglo. El presidente Luis Abinader realiz\u00f3 un recorrido por el Faro a Col\u00f3n a los fines de supervisar los trabajos de remozamiento de la edificaci\u00f3n que alberga al museo, del cual recorri\u00f3\u2026","rel":"","context":"En \u00abNACIONALES\u00bb","block_context":{"text":"NACIONALES","link":"https:\/\/lasprimeras.com.do\/index.php\/category\/nacionales\/"},"img":{"alt_text":"Faro a Col\u00f3n","src":"https:\/\/i0.wp.com\/lasprimeras.com.do\/wp-content\/uploads\/2024\/09\/Faro-a-Colon.jpg?resize=350%2C200&ssl=1","width":350,"height":200,"srcset":"https:\/\/i0.wp.com\/lasprimeras.com.do\/wp-content\/uploads\/2024\/09\/Faro-a-Colon.jpg?resize=350%2C200&ssl=1 1x, https:\/\/i0.wp.com\/lasprimeras.com.do\/wp-content\/uploads\/2024\/09\/Faro-a-Colon.jpg?resize=525%2C300&ssl=1 1.5x, https:\/\/i0.wp.com\/lasprimeras.com.do\/wp-content\/uploads\/2024\/09\/Faro-a-Colon.jpg?resize=700%2C400&ssl=1 2x"},"classes":[]},{"id":61587,"url":"https:\/\/lasprimeras.com.do\/index.php\/2023\/09\/28\/el-alcalde-manuel-jimenez-da-primer-picazo-para-la-construccion-monumento-a-la-biblia\/","url_meta":{"origin":48553,"position":3},"title":"El alcalde Manuel Jim\u00e9nez da primer picazo para la construcci\u00f3n Monumento a la Biblia","author":"Nelson Feliz","date":"28 de septiembre de 2023","format":false,"excerpt":"Por Mart\u00edn Restituyo El alcalde de Santo Domingo Este, Manuel Jim\u00e9nez, dio el primer picazo para la construcci\u00f3n del monumento a la Biblia, el cual ser\u00e1 levantado en el sector El Pensador, frente al Faro a Col\u00f3n, espacio donde el ejecutivo municipal destac\u00f3 que la obra es una deuda de\u2026","rel":"","context":"En \u00abNACIONALES\u00bb","block_context":{"text":"NACIONALES","link":"https:\/\/lasprimeras.com.do\/index.php\/category\/nacionales\/"},"img":{"alt_text":"Manuel Jim\u00e9nez","src":"https:\/\/i0.wp.com\/lasprimeras.com.do\/wp-content\/uploads\/2023\/09\/Manuel-Jimenez-6.jpg?resize=350%2C200&ssl=1","width":350,"height":200,"srcset":"https:\/\/i0.wp.com\/lasprimeras.com.do\/wp-content\/uploads\/2023\/09\/Manuel-Jimenez-6.jpg?resize=350%2C200&ssl=1 1x, https:\/\/i0.wp.com\/lasprimeras.com.do\/wp-content\/uploads\/2023\/09\/Manuel-Jimenez-6.jpg?resize=525%2C300&ssl=1 1.5x, https:\/\/i0.wp.com\/lasprimeras.com.do\/wp-content\/uploads\/2023\/09\/Manuel-Jimenez-6.jpg?resize=700%2C400&ssl=1 2x"},"classes":[]},{"id":51989,"url":"https:\/\/lasprimeras.com.do\/index.php\/2023\/06\/06\/asde-presenta-segunda-flotilla-de-modernos-camiones-recolectores-de-basura\/","url_meta":{"origin":48553,"position":4},"title":"ASDE presenta segunda flotilla de modernos camiones recolectores de basura","author":"prenxa100","date":"6 de junio de 2023","format":false,"excerpt":"La gesti\u00f3n del alcalde Manuel Jim\u00e9nez pasa a dar servicio enla c\u00e9ntrica circunscripci\u00f3n 1 y termina contrato de privatizaci\u00f3n. El alcalde Manuel Jim\u00e9nez present\u00f3 a la comunidad la flotilla de 29 camiones nuevos de f\u00e1brica que desde ya se integran a las labores de recogida de basura en la circunscripci\u00f3n\u2026","rel":"","context":"En \u00abECONOM\u00cdA\u00bb","block_context":{"text":"ECONOM\u00cdA","link":"https:\/\/lasprimeras.com.do\/index.php\/category\/economia\/"},"img":{"alt_text":"Ayuntamiento Santo Domingo Este","src":"https:\/\/i0.wp.com\/lasprimeras.com.do\/wp-content\/uploads\/2023\/06\/Camiones-ASDE-1.jpg?resize=350%2C200&ssl=1","width":350,"height":200,"srcset":"https:\/\/i0.wp.com\/lasprimeras.com.do\/wp-content\/uploads\/2023\/06\/Camiones-ASDE-1.jpg?resize=350%2C200&ssl=1 1x, https:\/\/i0.wp.com\/lasprimeras.com.do\/wp-content\/uploads\/2023\/06\/Camiones-ASDE-1.jpg?resize=525%2C300&ssl=1 1.5x, https:\/\/i0.wp.com\/lasprimeras.com.do\/wp-content\/uploads\/2023\/06\/Camiones-ASDE-1.jpg?resize=700%2C400&ssl=1 2x"},"classes":[]},{"id":71134,"url":"https:\/\/lasprimeras.com.do\/index.php\/2023\/12\/17\/manuel-jimenez-inaugura-boulevard-del-dominicano-en-el-exterior-en-sde\/","url_meta":{"origin":48553,"position":5},"title":"Manuel Jim\u00e9nez inaugura \u201cBoulevard del Dominicano en el Exterior&#8221; en SDE","author":"Nelson Feliz","date":"17 de diciembre de 2023","format":false,"excerpt":"En un acto encabezado por el presidente Luis Abinader, el Ayuntamiento de Santo Domingo Este (ASDE) inaugur\u00f3 el \"Boulevard del Dominicano en el Exterior\", donde se rinde homenaje a los dominicanos y dominicanas que representan dignamente al en diferentes partes del mundo. El alcalde Manuel Jim\u00e9nez valor\u00f3 la labor de\u2026","rel":"","context":"En \u00abNACIONALES\u00bb","block_context":{"text":"NACIONALES","link":"https:\/\/lasprimeras.com.do\/index.php\/category\/nacionales\/"},"img":{"alt_text":"MANUEL JIMENEZ","src":"https:\/\/i0.wp.com\/lasprimeras.com.do\/wp-content\/uploads\/2023\/12\/MANUEL-JIMENEZ.jpg?resize=350%2C200&ssl=1","width":350,"height":200,"srcset":"https:\/\/i0.wp.com\/lasprimeras.com.do\/wp-content\/uploads\/2023\/12\/MANUEL-JIMENEZ.jpg?resize=350%2C200&ssl=1 1x, https:\/\/i0.wp.com\/lasprimeras.com.do\/wp-content\/uploads\/2023\/12\/MANUEL-JIMENEZ.jpg?resize=525%2C300&ssl=1 1.5x, https:\/\/i0.wp.com\/lasprimeras.com.do\/wp-content\/uploads\/2023\/12\/MANUEL-JIMENEZ.jpg?resize=700%2C400&ssl=1 2x"},"classes":[]}],"jetpack_sharing_enabled":true,"_links":{"self":[{"href":"https:\/\/lasprimeras.com.do\/index.php\/wp-json\/wp\/v2\/posts\/48553","targetHints":{"allow":["GET"]}}],"collection":[{"href":"https:\/\/lasprimeras.com.do\/index.php\/wp-json\/wp\/v2\/posts"}],"about":[{"href":"https:\/\/lasprimeras.com.do\/index.php\/wp-json\/wp\/v2\/types\/post"}],"author":[{"embeddable":true,"href":"https:\/\/lasprimeras.com.do\/index.php\/wp-json\/wp\/v2\/users\/1"}],"replies":[{"embeddable":true,"href":"https:\/\/lasprimeras.com.do\/index.php\/wp-json\/wp\/v2\/comments?post=48553"}],"version-history":[{"count":0,"href":"https:\/\/lasprimeras.com.do\/index.php\/wp-json\/wp\/v2\/posts\/48553\/revisions"}],"wp:featuredmedia":[{"embeddable":true,"href":"https:\/\/lasprimeras.com.do\/index.php\/wp-json\/"}],"wp:attachment":[{"href":"https:\/\/lasprimeras.com.do\/index.php\/wp-json\/wp\/v2\/media?parent=48553"}],"wp:term":[{"taxonomy":"category","embeddable":true,"href":"https:\/\/lasprimeras.com.do\/index.php\/wp-json\/wp\/v2\/categories?post=48553"},{"taxonomy":"post_tag","embeddable":true,"href":"https:\/\/lasprimeras.com.do\/index.php\/wp-json\/wp\/v2\/tags?post=48553"}],"curies":[{"name":"wp","href":"https:\/\/api.w.org\/{rel}","templated":true}]}}