{"id":48569,"date":"2023-05-02T07:31:33","date_gmt":"2023-05-02T11:31:33","guid":{"rendered":"https:\/\/atento.com.do\/?p=48569"},"modified":"2023-05-02T07:31:33","modified_gmt":"2023-05-02T11:31:33","slug":"salario-minimo-de-haiti-se-posiciona-en-unos-116-dolares-sube-un-37-en-medio-de-la-crisis","status":"publish","type":"post","link":"https:\/\/lasprimeras.com.do\/index.php\/2023\/05\/02\/salario-minimo-de-haiti-se-posiciona-en-unos-116-dolares-sube-un-37-en-medio-de-la-crisis\/","title":{"rendered":"Salario m\u00ednimo de Hait\u00ed se posiciona en unos 116 d\u00f3lares; sube un 37 % en medio de la crisis"},"content":{"rendered":"\n<p><strong>Hait\u00ed, EFE.-. <\/strong>El salario m\u00ednimo de los trabajadores en Hait\u00ed subi\u00f3 en 2022 un 37 %, en medio de la crisis generalizada que vive este pa\u00eds, el m\u00e1s pobre de Am\u00e9rica, seg\u00fan datos de Oxfam Intermon divulgados este lunes con motivo del D\u00eda de las Personas Trabajadoras.<\/p>\n\n\n\n<p>De acuerdo con el estudio de esta ONG, el salario m\u00ednimo pas\u00f3 en Hait\u00ed de 13.000 gourdes (unos 85,5 d\u00f3lares) en 2021 a 17.810 gourdes (algo m\u00e1s de 116,5 d\u00f3lares) el a\u00f1o pasado, lo que supone un incremento del 37 por ciento.<\/p>\n\n\n\n<p>Por su parte, el \u00cdndice Armonizado de Precios al Consumo aument\u00f3 un 27 % de 2021 a 2022, por lo que la diferencia con respecto al alza del salario m\u00ednimo fue del 10 %.<\/p>\n\n\n\n<p>Estos datos se registran en momentos en que Hait\u00ed est\u00e1 inmerso en una crisis en todos los \u00f3rdenes (social, econ\u00f3mica y pol\u00edtico), en medio de la violencia de las bandas armadas que controlan gran parte del pa\u00eds y, desde octubre pasado, un nuevo brote del c\u00f3lera que ha causado ya m\u00e1s de 600 muertos.<\/p>\n\n\n\n<p>Todo ello ha llevado a miles de haitianos a huir para escapar de la violencia y el hambre, en uno de los pa\u00edses con los niveles m\u00e1s altos de inseguridad alimentaria del mundo.<\/p>\n\n\n\n<p>Conforme a datos del Programa Mundial de Alimentos (PMA) de Naciones Unidas, casi la mitad de la poblaci\u00f3n, unos 4,9 millones de personas, padece hambre y 1,8 millones de ellas se encuentran en situaci\u00f3n extrema de falta de alimento.<\/p>\n\n\n\n<p>En este pa\u00eds caribe\u00f1o, la mayor parte de sus m\u00e1s de 11 millones de habitantes depende de la ayuda internacional para sobrevivir.<\/p>\n\n\n\n<p>A nivel general, el informe de Oxfam Intermon publicado hoy indica que mil millones de trabajadores de 50 pa\u00edses sufrieron un recorte salarial medio de 685 d\u00f3lares en 2022 (una p\u00e9rdida conjunta de 746.000 millones de d\u00f3lares en t\u00e9rminos reales), en comparaci\u00f3n con lo que habr\u00edan ganado si los sueldos hubiesen subido al mismo ritmo que la inflaci\u00f3n.<\/p>\n","protected":false},"excerpt":{"rendered":"<p>Hait\u00ed, EFE.-. El salario m\u00ednimo de los trabajadores en Hait\u00ed subi\u00f3 en 2022 un 37 %, en medio de la crisis generalizada que vive este pa\u00eds, el m\u00e1s pobre de&hellip;<\/p>\n","protected":false},"author":1,"featured_media":48570,"comment_status":"open","ping_status":"open","sticky":false,"template":"","format":"standard","meta":{"content-type":"","jetpack_post_was_ever_published":false,"_jetpack_newsletter_access":"","_jetpack_dont_email_post_to_subs":false,"_jetpack_newsletter_tier_id":0,"_jetpack_memberships_contains_paywalled_content":false,"_jetpack_memberships_contains_paid_content":false,"footnotes":""},"categories":[39],"tags":[216,217,218,219],"class_list":["post-48569","post","type-post","status-publish","format-standard","has-post-thumbnail","hentry","category-economia","tag-crisis","tag-haiti","tag-minimo","tag-salario"],"jetpack_featured_media_url":"","jetpack-related-posts":[{"id":127581,"url":"https:\/\/lasprimeras.com.do\/index.php\/2026\/04\/13\/protestas-en-haiti-por-alza-del-petroleo-y-exigencia-salarial\/","url_meta":{"origin":48569,"position":0},"title":"Protestas en Hait\u00ed por alza del petr\u00f3leo y exigencia salarial","author":"Nelson Feliz","date":"13 de abril de 2026","format":false,"excerpt":"Por EVENS SANON PUERTO PR\u00cdNCIPE, Hait\u00ed (AP) \u2014 M\u00e1s de 1.000 trabajadores organizaron una protesta el lunes en la capital de Hait\u00ed para exigir un salario m\u00ednimo m\u00e1s alto, a medida que se agudiza el conflicto en Ir\u00e1n, lo que provoca un aumento en los precios del petr\u00f3leo . Los\u2026","rel":"","context":"En \u00abECONOM\u00cdA\u00bb","block_context":{"text":"ECONOM\u00cdA","link":"https:\/\/lasprimeras.com.do\/index.php\/category\/economia\/"},"img":{"alt_text":"","src":"https:\/\/i0.wp.com\/lasprimeras.com.do\/wp-content\/uploads\/2026\/04\/HAITIANOS-1-1.jpg?resize=350%2C200&ssl=1","width":350,"height":200,"srcset":"https:\/\/i0.wp.com\/lasprimeras.com.do\/wp-content\/uploads\/2026\/04\/HAITIANOS-1-1.jpg?resize=350%2C200&ssl=1 1x, https:\/\/i0.wp.com\/lasprimeras.com.do\/wp-content\/uploads\/2026\/04\/HAITIANOS-1-1.jpg?resize=525%2C300&ssl=1 1.5x, https:\/\/i0.wp.com\/lasprimeras.com.do\/wp-content\/uploads\/2026\/04\/HAITIANOS-1-1.jpg?resize=700%2C400&ssl=1 2x"},"classes":[]},{"id":67982,"url":"https:\/\/lasprimeras.com.do\/index.php\/2023\/11\/20\/huelga-en-18-jurisdicciones-paraliza-sistema-judicial-de-haiti\/","url_meta":{"origin":48569,"position":1},"title":"Huelga en 18 jurisdicciones paraliza sistema judicial de Hait\u00ed","author":"Nelson Feliz","date":"20 de noviembre de 2023","format":false,"excerpt":"Puerto Pr\u00edncipe, (Prensa Latina).-. Funcionarios judiciales de Hait\u00ed iniciaron hoy un paro laboral para exigir prestaciones sociales similares a las que disfrutan los jueces, un movimiento que afecta a las 18 jurisdicciones del pa\u00eds. La huelga fue anunciada por el Colectivo de Magistrados Permanentes de Hait\u00ed que conden\u00f3 el incumplimiento\u2026","rel":"","context":"En \u00abSin categor\u00eda\u00bb","block_context":{"text":"Sin categor\u00eda","link":"https:\/\/lasprimeras.com.do\/index.php\/category\/sin-categoria\/"},"img":{"alt_text":"","src":"","width":0,"height":0},"classes":[]},{"id":71686,"url":"https:\/\/lasprimeras.com.do\/index.php\/2023\/12\/22\/para-ampliar-canal-de-haiti-se-hicieron-aportes-millonarios\/","url_meta":{"origin":48569,"position":2},"title":"Para ampliar canal de Hait\u00ed se hicieron aportes millonarios","author":"BIMARY DE JES\u00daS Matos","date":"22 de diciembre de 2023","format":false,"excerpt":"Santo Domingo.-Las grandes donaciones de dinero, materiales de construcci\u00f3n y recaudaci\u00f3n de fondos que realizaron grupos organizados de Hait\u00ed han permitido la ampliaci\u00f3n y mejora de la toma del canal haitiano, que busca desviar grandes vol\u00famenes de agua del r\u00edo Masacre. Unos 21,308,605 gourdes (cerca de 160 mil d\u00f3lares) y\u2026","rel":"","context":"En \u00abPORTADA\u00bb","block_context":{"text":"PORTADA","link":"https:\/\/lasprimeras.com.do\/index.php\/category\/portada\/"},"img":{"alt_text":"","src":"https:\/\/i0.wp.com\/lasprimeras.com.do\/wp-content\/uploads\/2023\/12\/Yailin-La-Mas-Viral-fue-arrestada-y-liberada-en-Miami-tras-denuncia-de-Tekashi-6ix9ine-1.jpg?resize=350%2C200&ssl=1","width":350,"height":200,"srcset":"https:\/\/i0.wp.com\/lasprimeras.com.do\/wp-content\/uploads\/2023\/12\/Yailin-La-Mas-Viral-fue-arrestada-y-liberada-en-Miami-tras-denuncia-de-Tekashi-6ix9ine-1.jpg?resize=350%2C200&ssl=1 1x, https:\/\/i0.wp.com\/lasprimeras.com.do\/wp-content\/uploads\/2023\/12\/Yailin-La-Mas-Viral-fue-arrestada-y-liberada-en-Miami-tras-denuncia-de-Tekashi-6ix9ine-1.jpg?resize=525%2C300&ssl=1 1.5x"},"classes":[]},{"id":52334,"url":"https:\/\/lasprimeras.com.do\/index.php\/2023\/06\/09\/las-muertes-por-colera-complican-crisis-en-haiti\/","url_meta":{"origin":48569,"position":3},"title":"Las muertes por c\u00f3lera complican crisis en Hait\u00ed","author":"prenxa100","date":"9 de junio de 2023","format":false,"excerpt":"Ginebra. Al menos 45,000 personas se han contagiado de c\u00f3lera en Hait\u00ed y 700 han muerto desde el inicio del brote en octubre del pasado a\u00f1o, indic\u00f3 la Organizaci\u00f3n Mundial de la Salud (OMS), y record\u00f3 que los problemas sanitarios son s\u00f3lo parte de la grave crisis que sufre un\u2026","rel":"","context":"En \u00abSin categor\u00eda\u00bb","block_context":{"text":"Sin categor\u00eda","link":"https:\/\/lasprimeras.com.do\/index.php\/category\/sin-categoria\/"},"img":{"alt_text":"","src":"","width":0,"height":0},"classes":[]},{"id":77981,"url":"https:\/\/lasprimeras.com.do\/index.php\/2024\/02\/27\/abinader-registra-4-9-millones-de-personas-empleadas-y-dos-aumentos-salariales\/","url_meta":{"origin":48569,"position":4},"title":"Abinader registra 4.9 millones de personas empleadas y dos aumentos salariales","author":"Nelson Feliz","date":"27 de febrero de 2024","format":false,"excerpt":"En su informe a la Asamblea Nacional el presidente de la Rep\u00fablica Luis Abinader Corona ofreci\u00f3 datos para mostrar el \u00e9xito del gobierno al lograr en el 2023 el n\u00famero de ocupados m\u00e1s alto de la historia dominicana: 4.9 millones de personas empleadas y el n\u00famero m\u00e1s elevado de empleados\u2026","rel":"","context":"En \u00abECONOM\u00cdA\u00bb","block_context":{"text":"ECONOM\u00cdA","link":"https:\/\/lasprimeras.com.do\/index.php\/category\/economia\/"},"img":{"alt_text":"trabajadores","src":"https:\/\/i0.wp.com\/lasprimeras.com.do\/wp-content\/uploads\/2024\/02\/trabajadores.jpg?resize=350%2C200&ssl=1","width":350,"height":200},"classes":[]},{"id":59240,"url":"https:\/\/lasprimeras.com.do\/index.php\/2023\/09\/01\/salarios-minimos-en-america-latina-en-dolares-corrientes\/","url_meta":{"origin":48569,"position":5},"title":"Salarios M\u00ednimos en Am\u00e9rica Latina en d\u00f3lares Corrientes","author":"Nelson Feliz","date":"1 de septiembre de 2023","format":false,"excerpt":"La visi\u00f3n de este gobierno es la de lograr una Rep\u00fablica Dominicana competitiva, con mejores salarios reales, que fomente la productividad y el empleo de calidad, que provea mejores servicios para la poblaci\u00f3n, siempre teniendo como objetivo el mejorar la calidad de vida de la gente. Hoy podemos decir, con\u2026","rel":"","context":"En \u00abECONOM\u00cdA\u00bb","block_context":{"text":"ECONOM\u00cdA","link":"https:\/\/lasprimeras.com.do\/index.php\/category\/economia\/"},"img":{"alt_text":"Ministerio de Trabajo","src":"https:\/\/i0.wp.com\/lasprimeras.com.do\/wp-content\/uploads\/2023\/07\/Ministerio-de-Trabajo.jpg?resize=350%2C200&ssl=1","width":350,"height":200,"srcset":"https:\/\/i0.wp.com\/lasprimeras.com.do\/wp-content\/uploads\/2023\/07\/Ministerio-de-Trabajo.jpg?resize=350%2C200&ssl=1 1x, https:\/\/i0.wp.com\/lasprimeras.com.do\/wp-content\/uploads\/2023\/07\/Ministerio-de-Trabajo.jpg?resize=525%2C300&ssl=1 1.5x, https:\/\/i0.wp.com\/lasprimeras.com.do\/wp-content\/uploads\/2023\/07\/Ministerio-de-Trabajo.jpg?resize=700%2C400&ssl=1 2x"},"classes":[]}],"jetpack_sharing_enabled":true,"_links":{"self":[{"href":"https:\/\/lasprimeras.com.do\/index.php\/wp-json\/wp\/v2\/posts\/48569","targetHints":{"allow":["GET"]}}],"collection":[{"href":"https:\/\/lasprimeras.com.do\/index.php\/wp-json\/wp\/v2\/posts"}],"about":[{"href":"https:\/\/lasprimeras.com.do\/index.php\/wp-json\/wp\/v2\/types\/post"}],"author":[{"embeddable":true,"href":"https:\/\/lasprimeras.com.do\/index.php\/wp-json\/wp\/v2\/users\/1"}],"replies":[{"embeddable":true,"href":"https:\/\/lasprimeras.com.do\/index.php\/wp-json\/wp\/v2\/comments?post=48569"}],"version-history":[{"count":0,"href":"https:\/\/lasprimeras.com.do\/index.php\/wp-json\/wp\/v2\/posts\/48569\/revisions"}],"wp:featuredmedia":[{"embeddable":true,"href":"https:\/\/lasprimeras.com.do\/index.php\/wp-json\/"}],"wp:attachment":[{"href":"https:\/\/lasprimeras.com.do\/index.php\/wp-json\/wp\/v2\/media?parent=48569"}],"wp:term":[{"taxonomy":"category","embeddable":true,"href":"https:\/\/lasprimeras.com.do\/index.php\/wp-json\/wp\/v2\/categories?post=48569"},{"taxonomy":"post_tag","embeddable":true,"href":"https:\/\/lasprimeras.com.do\/index.php\/wp-json\/wp\/v2\/tags?post=48569"}],"curies":[{"name":"wp","href":"https:\/\/api.w.org\/{rel}","templated":true}]}}