{"id":48580,"date":"2023-05-02T07:54:21","date_gmt":"2023-05-02T11:54:21","guid":{"rendered":"https:\/\/atento.com.do\/?p=48580"},"modified":"2023-05-02T07:54:21","modified_gmt":"2023-05-02T11:54:21","slug":"seis-muertos-en-un-accidente-multiple-en-ee-uu-por-una-tormenta-de-arena","status":"publish","type":"post","link":"https:\/\/lasprimeras.com.do\/index.php\/2023\/05\/02\/seis-muertos-en-un-accidente-multiple-en-ee-uu-por-una-tormenta-de-arena\/","title":{"rendered":"Seis muertos en un accidente m\u00faltiple en EE.UU. por una tormenta de arena"},"content":{"rendered":"\n<p><strong>Illinois (EE.UU.).-. <\/strong>Al menos seis personas perdieron la vida y otras 30 resultaron heridas este lunes en un choque de entre 40 y 60 veh\u00edculos por una tormenta de arena en Illinois (EE.UU.).<\/p>\n\n\n\n<p>El portavoz de la Polic\u00eda Estatal de Illinois, capit\u00e1n Ryan Starrick, dijo a los medios que entre 40 y 60 \u00abveh\u00edculos de pasajeros\u00bb se vieron implicados en varios choques en la carretera interestatal I-55.<\/p>\n\n\n\n<p>Starrick agreg\u00f3 que al menos 30 personas han sido traslados a hospitales.<\/p>\n\n\n\n<p>En un mensaje en redes sociales, la polic\u00eda del estado explic\u00f3 que algunos de los afectados se encuentran en condici\u00f3n cr\u00edtica. Los heridos tienen edades entre los 2 y los 80 a\u00f1os.<\/p>\n\n\n\n<p>El cuerpo a\u00f1adi\u00f3 que tambi\u00e9n se vieron involucrados unos 30 veh\u00edculos comerciales. Entre los veh\u00edculos afectados hay dos camiones que resultaron incendiados durante el accidente m\u00faltiple.<\/p>\n\n\n\n<p>El Departamento de Transporte de Illinois dijo en su cuenta de Twitter que la I-55, a la altura de los condados de Sangamon y Montgomery, en ese estado, estaba cerrada en ambos sentidos debido a \u00abnumerosos choques causados por una tormenta de arena, que ha reducido en gran manera la visibilidad\u00bb.<\/p>\n\n\n\n<p>La Polic\u00eda Estatal de Illinois indic\u00f3 en un tuit que el tr\u00e1fico de la I-55 se hab\u00eda desviado hacia una carretera pr\u00f3xima e inst\u00f3 a los conductores a buscar rutas alternativas.<\/p>\n","protected":false},"excerpt":{"rendered":"<p>Illinois (EE.UU.).-. Al menos seis personas perdieron la vida y otras 30 resultaron heridas este lunes en un choque de entre 40 y 60 veh\u00edculos por una tormenta de arena&hellip;<\/p>\n","protected":false},"author":1,"featured_media":48581,"comment_status":"open","ping_status":"open","sticky":false,"template":"","format":"standard","meta":{"content-type":"","jetpack_post_was_ever_published":false,"_jetpack_newsletter_access":"","_jetpack_dont_email_post_to_subs":false,"_jetpack_newsletter_tier_id":0,"_jetpack_memberships_contains_paywalled_content":false,"_jetpack_memberships_contains_paid_content":false,"footnotes":""},"categories":[1],"tags":[227,228,206,229,230],"class_list":["post-48580","post","type-post","status-publish","format-standard","has-post-thumbnail","hentry","category-sin-categoria","tag-accidente-multiple","tag-arena","tag-ee-uu","tag-seis-muertos","tag-tormenta"],"jetpack_featured_media_url":"","jetpack-related-posts":[{"id":95626,"url":"https:\/\/lasprimeras.com.do\/index.php\/2025\/03\/17\/al-menos-32-muertos-deja-violenta-tormenta-en-varios-estados-de-ee-uu\/","url_meta":{"origin":48580,"position":0},"title":"Al menos 32 muertos deja violenta tormenta en varios estados de EE.UU.","author":"Nelson Feliz","date":"17 de marzo de 2025","format":false,"excerpt":"El n\u00famero de muertes ha aumentado tras un tr\u00e1gico accidente en Kansas, donde ocho personas murieron en un choque m\u00faltiple provocado por una tormenta de polvo Por Jerald Jim\u00e9nez Una ola de tornados ha golpeado diversas regiones de Estados Unidos, resultando en la muerte de al menos 32 personas y\u2026","rel":"","context":"En \u00abINTERNACIONALES\u00bb","block_context":{"text":"INTERNACIONALES","link":"https:\/\/lasprimeras.com.do\/index.php\/category\/sin-categoria\/internacionales\/"},"img":{"alt_text":"","src":"https:\/\/i0.wp.com\/lasprimeras.com.do\/wp-content\/uploads\/2025\/03\/ola-de-tornados.png?resize=350%2C200&ssl=1","width":350,"height":200,"srcset":"https:\/\/i0.wp.com\/lasprimeras.com.do\/wp-content\/uploads\/2025\/03\/ola-de-tornados.png?resize=350%2C200&ssl=1 1x, https:\/\/i0.wp.com\/lasprimeras.com.do\/wp-content\/uploads\/2025\/03\/ola-de-tornados.png?resize=525%2C300&ssl=1 1.5x, https:\/\/i0.wp.com\/lasprimeras.com.do\/wp-content\/uploads\/2025\/03\/ola-de-tornados.png?resize=700%2C400&ssl=1 2x"},"classes":[]},{"id":98082,"url":"https:\/\/lasprimeras.com.do\/index.php\/2025\/05\/01\/doce-muertos-en-filipinas-tras-choque-de-autobus-de-pasajeros-contra-vehiculos-en-un-peaje\/","url_meta":{"origin":48580,"position":1},"title":"Doce muertos en Filipinas tras choque de autob\u00fas de pasajeros contra veh\u00edculos en un peaje","author":"Nelson Feliz","date":"1 de mayo de 2025","format":false,"excerpt":"MANILA, Filipinas (AP) \u2014 Al menos 12 personas, entre las que hab\u00eda menores, fallecieron el jueves cuando un autob\u00fas de pasajeros que circulaba a gran velocidad choc\u00f3 contra una fila de veh\u00edculos en un peaje de una autopista en el norte de Filipinas, dijo la polic\u00eda. M\u00e1s de dos docenas\u2026","rel":"","context":"En \u00abINTERNACIONALES\u00bb","block_context":{"text":"INTERNACIONALES","link":"https:\/\/lasprimeras.com.do\/index.php\/category\/sin-categoria\/internacionales\/"},"img":{"alt_text":"","src":"https:\/\/i0.wp.com\/lasprimeras.com.do\/wp-content\/uploads\/2025\/05\/Accidente-en-Filipinas.jpg?resize=350%2C200&ssl=1","width":350,"height":200,"srcset":"https:\/\/i0.wp.com\/lasprimeras.com.do\/wp-content\/uploads\/2025\/05\/Accidente-en-Filipinas.jpg?resize=350%2C200&ssl=1 1x, https:\/\/i0.wp.com\/lasprimeras.com.do\/wp-content\/uploads\/2025\/05\/Accidente-en-Filipinas.jpg?resize=525%2C300&ssl=1 1.5x, https:\/\/i0.wp.com\/lasprimeras.com.do\/wp-content\/uploads\/2025\/05\/Accidente-en-Filipinas.jpg?resize=700%2C400&ssl=1 2x, https:\/\/i0.wp.com\/lasprimeras.com.do\/wp-content\/uploads\/2025\/05\/Accidente-en-Filipinas.jpg?resize=1050%2C600&ssl=1 3x"},"classes":[]},{"id":53982,"url":"https:\/\/lasprimeras.com.do\/index.php\/2023\/07\/03\/dos-muertos-y-cuatro-heridos-tras-fatal-accidente-que-involucro-un-vehiculo-robado-en-manhattan\/","url_meta":{"origin":48580,"position":2},"title":"Dos muertos y cuatro heridos tras fatal accidente que involucr\u00f3 un veh\u00edculo robado en Manhattan","author":"Nelson Feliz","date":"3 de julio de 2023","format":false,"excerpt":"El choque se produjo despu\u00e9s de que un Hyundai Elantra negro que fue reportado como robado a fines de mes pasado se dirig\u00eda hacia el norte a lo largo de Audubon Avenue, cuando un conductor perdi\u00f3 el control y lo estrell\u00f3 contra un Jeep negro. Por: Jerald Jim\u00e9nez Un fatal\u2026","rel":"","context":"En \u00abSin categor\u00eda\u00bb","block_context":{"text":"Sin categor\u00eda","link":"https:\/\/lasprimeras.com.do\/index.php\/category\/sin-categoria\/"},"img":{"alt_text":"","src":"https:\/\/i0.wp.com\/lasprimeras.com.do\/wp-content\/uploads\/2023\/07\/Testigos.jpg?resize=350%2C200&ssl=1","width":350,"height":200,"srcset":"https:\/\/i0.wp.com\/lasprimeras.com.do\/wp-content\/uploads\/2023\/07\/Testigos.jpg?resize=350%2C200&ssl=1 1x, https:\/\/i0.wp.com\/lasprimeras.com.do\/wp-content\/uploads\/2023\/07\/Testigos.jpg?resize=525%2C300&ssl=1 1.5x, https:\/\/i0.wp.com\/lasprimeras.com.do\/wp-content\/uploads\/2023\/07\/Testigos.jpg?resize=700%2C400&ssl=1 2x"},"classes":[]},{"id":73905,"url":"https:\/\/lasprimeras.com.do\/index.php\/2024\/01\/17\/mas-de-100-millones-de-personas-en-ee-uu-estan-bajo-alerta-por-tormenta-invernal\/","url_meta":{"origin":48580,"position":3},"title":"M\u00e1s de 100 millones de personas en EE.UU. est\u00e1n bajo alerta por tormenta invernal","author":"BIMARY DE JES\u00daS Matos","date":"17 de enero de 2024","format":false,"excerpt":"Washington.- El Servicio Meteorol\u00f3gico Nacional (NWS) estadounidense advirti\u00f3 este mi\u00e9rcoles sobre temperaturas muy bajas en 26 estados, donde m\u00e1s de 100 millones de residentes afectados por nevadas, aguardan una segunda tormenta invernal. Una segunda tormenta invernal avanza hacia las monta\u00f1as Rocosas y en Colorado se han difundido alertas sobre el\u2026","rel":"","context":"En \u00abSin categor\u00eda\u00bb","block_context":{"text":"Sin categor\u00eda","link":"https:\/\/lasprimeras.com.do\/index.php\/category\/sin-categoria\/"},"img":{"alt_text":"","src":"https:\/\/i0.wp.com\/lasprimeras.com.do\/wp-content\/uploads\/2024\/01\/WhatsApp-Image-2024-01-17-at-10.23.06-AM-1.webp?resize=350%2C200&ssl=1","width":350,"height":200,"srcset":"https:\/\/i0.wp.com\/lasprimeras.com.do\/wp-content\/uploads\/2024\/01\/WhatsApp-Image-2024-01-17-at-10.23.06-AM-1.webp?resize=350%2C200&ssl=1 1x, https:\/\/i0.wp.com\/lasprimeras.com.do\/wp-content\/uploads\/2024\/01\/WhatsApp-Image-2024-01-17-at-10.23.06-AM-1.webp?resize=525%2C300&ssl=1 1.5x"},"classes":[]},{"id":87021,"url":"https:\/\/lasprimeras.com.do\/index.php\/2024\/08\/05\/tormenta-tropical-debby-causa-inundaciones-en-florida-amenaza-a-georgia-y-las-carolinas\/","url_meta":{"origin":48580,"position":4},"title":"Tormenta tropical Debby causa inundaciones en Florida; amenaza a Georgia y las Carolinas","author":"Nelson Feliz","date":"5 de agosto de 2024","format":false,"excerpt":"By JEFF MARTIN and CHRISTOPHER O\u2019MEARA HORSESHOE BEACH, Florida, EE.UU. (AP) \u2014 La tormenta tropical Debby azot\u00f3 el lunes Florida con lluvias torrenciales y fuertes vientos, y fue factor en por lo menos cuatro muertes, mientras se dirig\u00eda amenazadoramente hacia las regiones bajas de la costa este de Estados Unidos\u2026","rel":"","context":"En \u00abSin categor\u00eda\u00bb","block_context":{"text":"Sin categor\u00eda","link":"https:\/\/lasprimeras.com.do\/index.php\/category\/sin-categoria\/"},"img":{"alt_text":"","src":"https:\/\/i0.wp.com\/lasprimeras.com.do\/wp-content\/uploads\/2024\/08\/lluvias-1.jpg?resize=350%2C200&ssl=1","width":350,"height":200,"srcset":"https:\/\/i0.wp.com\/lasprimeras.com.do\/wp-content\/uploads\/2024\/08\/lluvias-1.jpg?resize=350%2C200&ssl=1 1x, https:\/\/i0.wp.com\/lasprimeras.com.do\/wp-content\/uploads\/2024\/08\/lluvias-1.jpg?resize=525%2C300&ssl=1 1.5x, https:\/\/i0.wp.com\/lasprimeras.com.do\/wp-content\/uploads\/2024\/08\/lluvias-1.jpg?resize=700%2C400&ssl=1 2x"},"classes":[]},{"id":72677,"url":"https:\/\/lasprimeras.com.do\/index.php\/2024\/01\/02\/dos-muertos-y-un-herido-en-accidente-de-transito-en-la-autopista-del-coral\/","url_meta":{"origin":48580,"position":5},"title":"Dos muertos y un herido en accidente de tr\u00e1nsito en la Autopista del Coral","author":"Nelson Feliz","date":"2 de enero de 2024","format":false,"excerpt":"La colisi\u00f3n ocurri\u00f3 entre dos veh\u00edculos y una motocicleta. Dos personas murieron y una result\u00f3 herida en un accidente de tr\u00e1nsito ocurrido en la Autopista del Coral, pr\u00f3ximo al cruce de Bayah\u00edbe, este primero de enero de 2024, el cual involucr\u00f3 a dos veh\u00edculos y una motocicleta. La colisi\u00f3n ocurri\u00f3\u2026","rel":"","context":"En \u00abNACIONALES\u00bb","block_context":{"text":"NACIONALES","link":"https:\/\/lasprimeras.com.do\/index.php\/category\/nacionales\/"},"img":{"alt_text":"accidente de tr\u00e1nsito","src":"https:\/\/i0.wp.com\/lasprimeras.com.do\/wp-content\/uploads\/2024\/01\/accidente-de-transito.jpg?resize=350%2C200&ssl=1","width":350,"height":200,"srcset":"https:\/\/i0.wp.com\/lasprimeras.com.do\/wp-content\/uploads\/2024\/01\/accidente-de-transito.jpg?resize=350%2C200&ssl=1 1x, https:\/\/i0.wp.com\/lasprimeras.com.do\/wp-content\/uploads\/2024\/01\/accidente-de-transito.jpg?resize=525%2C300&ssl=1 1.5x, https:\/\/i0.wp.com\/lasprimeras.com.do\/wp-content\/uploads\/2024\/01\/accidente-de-transito.jpg?resize=700%2C400&ssl=1 2x"},"classes":[]}],"jetpack_sharing_enabled":true,"_links":{"self":[{"href":"https:\/\/lasprimeras.com.do\/index.php\/wp-json\/wp\/v2\/posts\/48580","targetHints":{"allow":["GET"]}}],"collection":[{"href":"https:\/\/lasprimeras.com.do\/index.php\/wp-json\/wp\/v2\/posts"}],"about":[{"href":"https:\/\/lasprimeras.com.do\/index.php\/wp-json\/wp\/v2\/types\/post"}],"author":[{"embeddable":true,"href":"https:\/\/lasprimeras.com.do\/index.php\/wp-json\/wp\/v2\/users\/1"}],"replies":[{"embeddable":true,"href":"https:\/\/lasprimeras.com.do\/index.php\/wp-json\/wp\/v2\/comments?post=48580"}],"version-history":[{"count":0,"href":"https:\/\/lasprimeras.com.do\/index.php\/wp-json\/wp\/v2\/posts\/48580\/revisions"}],"wp:featuredmedia":[{"embeddable":true,"href":"https:\/\/lasprimeras.com.do\/index.php\/wp-json\/"}],"wp:attachment":[{"href":"https:\/\/lasprimeras.com.do\/index.php\/wp-json\/wp\/v2\/media?parent=48580"}],"wp:term":[{"taxonomy":"category","embeddable":true,"href":"https:\/\/lasprimeras.com.do\/index.php\/wp-json\/wp\/v2\/categories?post=48580"},{"taxonomy":"post_tag","embeddable":true,"href":"https:\/\/lasprimeras.com.do\/index.php\/wp-json\/wp\/v2\/tags?post=48580"}],"curies":[{"name":"wp","href":"https:\/\/api.w.org\/{rel}","templated":true}]}}