{"id":48589,"date":"2023-05-02T08:45:35","date_gmt":"2023-05-02T12:45:35","guid":{"rendered":"https:\/\/atento.com.do\/?p=48589"},"modified":"2023-05-02T08:45:35","modified_gmt":"2023-05-02T12:45:35","slug":"hallan-cadaver-de-hombre-ultimo-a-tres-personas-en-elias-pina","status":"publish","type":"post","link":"https:\/\/lasprimeras.com.do\/index.php\/2023\/05\/02\/hallan-cadaver-de-hombre-ultimo-a-tres-personas-en-elias-pina\/","title":{"rendered":"Hallan cad\u00e1ver de hombre ultim\u00f3 a tres personas en El\u00edas Pi\u00f1a"},"content":{"rendered":"\n<p>-Se espera informe del INACIF para determinar causa de muerte<\/p>\n\n\n\n<p><strong>El\u00edas Pi\u00f1a.-.<\/strong> La Polic\u00eda Nacional investiga el hallazgo del cuerpo sin vida de un hombre que era activamente buscado como el presunto responsable de ultimar por herida de arma de fuego (escopeta) a tres personas, incluyendo a un infante de 6 meses de nacido, durante un conflicto social registrado en la comunidad Las Pastillas, de la provincia El\u00edas Pi\u00f1a.<\/p>\n\n\n\n<p>Se trata del alcalde ped\u00e1neo Rafael Feliz Cabrera (Fredy), cuyo cad\u00e1ver fue encontrado en estado de descomposici\u00f3n en una propiedad agr\u00edcola, ubicada en un camino vecinal de la citada comunidad.<\/p>\n\n\n\n<p>La Polic\u00eda indic\u00f3 que por el momento no se puede adelantar ninguna versi\u00f3n sobre causa de muerte del sospechoso, por lo que se espera el informe informe sobre ese particular del Instituto Nacional de Ciencias Forenses (INACIF).<\/p>\n\n\n\n<p>En el referido hallazgo participaron agentes policiales, adscritos a la Direcci\u00f3n Central de Investigaci\u00f3n (DICRIM), Ministerio P\u00fablico, Polic\u00eda Cient\u00edfica e INACIF.<\/p>\n\n\n\n<p>Adem\u00e1s, en el lugar del hecho fue colectado por la Polic\u00eda Cient\u00edfica un frasco con una sustancia desconocida que es analizada. Tambi\u00e9n le fue ocupado en los bolsillos del fallecido sus documentos personales y tres cartuchos calibre 12.<\/p>\n\n\n\n<p>Se recuerda que Rafael Feliz Cabrera (Fredy) era se\u00f1alado como el autor de la muerte de los haitianos Mamen Michel, de 42 a\u00f1os, y Fernelis Michel, de 40, y el infante Yeison Rosario de la Rosa, de seis meses de nacido.<\/p>\n\n\n\n<p>En el incidente tambi\u00e9n resultaron con heridas del mismo tipo Valencia Desfil\u00f3, haitiana de 24 a\u00f1os, y de la dominicana Deisi de la Rosa, de 18, quienes fueron atendidas en el hospital de San Juan.<\/p>\n\n\n\n<p>El reporte preliminar indica que el hoy fallecido se present\u00f3 a una casa ubicada en la referida comunidad donde penetr\u00f3 y empez\u00f3 a disparar, ocasion\u00e1ndole heridas a parte de las personas antes se\u00f1aladas.<\/p>\n\n\n\n<p>Luego persigui\u00f3 al hombre con el cual mantiene problemas personales y, al volver a disparar, hiri\u00f3 a otras personas.<\/p>\n","protected":false},"excerpt":{"rendered":"<p>-Se espera informe del INACIF para determinar causa de muerte El\u00edas Pi\u00f1a.-. La Polic\u00eda Nacional investiga el hallazgo del cuerpo sin vida de un hombre que era activamente buscado como&hellip;<\/p>\n","protected":false},"author":1,"featured_media":48590,"comment_status":"open","ping_status":"open","sticky":false,"template":"","format":"standard","meta":{"content-type":"","jetpack_post_was_ever_published":false,"_jetpack_newsletter_access":"","_jetpack_dont_email_post_to_subs":false,"_jetpack_newsletter_tier_id":0,"_jetpack_memberships_contains_paywalled_content":false,"_jetpack_memberships_contains_paid_content":false,"footnotes":""},"categories":[35],"tags":[240,241,242,46],"class_list":["post-48589","post","type-post","status-publish","format-standard","has-post-thumbnail","hentry","category-nacionales","tag-cadaver","tag-elias-pina","tag-hallan","tag-hombre"],"jetpack_featured_media_url":"","jetpack-related-posts":[{"id":121222,"url":"https:\/\/lasprimeras.com.do\/index.php\/2026\/02\/02\/encuentran-mas-de-cinco-mujeres-decapitadas-en-macasias-de-elias-pina\/","url_meta":{"origin":48589,"position":0},"title":"Encuentran m\u00e1s de cinco mujeres decapitadas en Macas\u00edas de El\u00edas Pi\u00f1a","author":"Nelson Feliz","date":"2 de febrero de 2026","format":false,"excerpt":"M\u00e1s de cinco mujeres fueron encontradas sin cabezas en la comunidad de Macas\u00edas, provincia El\u00edas Pi\u00f1a, en hechos registrados entre diciembre de 2025 y enero de 2026, en la zona fronteriza de El\u00edas Pi\u00f1a. Seg\u00fan denuncias realizadas por comunitarios de la frontera, vinculan estos cr\u00edmenes con redes de tr\u00e1fico de\u2026","rel":"","context":"En \u00abNACIONALES\u00bb","block_context":{"text":"NACIONALES","link":"https:\/\/lasprimeras.com.do\/index.php\/category\/nacionales\/"},"img":{"alt_text":"","src":"https:\/\/i0.wp.com\/lasprimeras.com.do\/wp-content\/uploads\/2026\/02\/WhatsApp-Image-2026-02-01-at-5.21.41-PM-1.jpeg?resize=350%2C200&ssl=1","width":350,"height":200,"srcset":"https:\/\/i0.wp.com\/lasprimeras.com.do\/wp-content\/uploads\/2026\/02\/WhatsApp-Image-2026-02-01-at-5.21.41-PM-1.jpeg?resize=350%2C200&ssl=1 1x, https:\/\/i0.wp.com\/lasprimeras.com.do\/wp-content\/uploads\/2026\/02\/WhatsApp-Image-2026-02-01-at-5.21.41-PM-1.jpeg?resize=525%2C300&ssl=1 1.5x, https:\/\/i0.wp.com\/lasprimeras.com.do\/wp-content\/uploads\/2026\/02\/WhatsApp-Image-2026-02-01-at-5.21.41-PM-1.jpeg?resize=700%2C400&ssl=1 2x"},"classes":[]},{"id":96296,"url":"https:\/\/lasprimeras.com.do\/index.php\/2025\/03\/28\/arrestan-cabo-de-la-policia-con-contrabando-de-cigarrillos-en-elias-pina\/","url_meta":{"origin":48589,"position":1},"title":"Arrestan Cabo de la polic\u00eda con contrabando de cigarrillos en El\u00edas Pi\u00f1a","author":"Nelson Feliz","date":"28 de marzo de 2025","format":false,"excerpt":"Otros dos hombres que le acompa\u00f1aban lograron escapar. Miembros del Ej\u00e9rcito de Rep\u00fablica Dominicana detuvieron a un cabo de la Polic\u00eda Nacional con un contrabando de 80 mil cigarrillos en el veh\u00edculo que conduc\u00eda en el puesto de control El Hig\u00fcerito-El\u00edas Pi\u00f1a. El alistado fue identificado como Eduar Recio Cordero,\u2026","rel":"","context":"En \u00abMILITARES\u00bb","block_context":{"text":"MILITARES","link":"https:\/\/lasprimeras.com.do\/index.php\/category\/militares\/"},"img":{"alt_text":"","src":"https:\/\/i0.wp.com\/lasprimeras.com.do\/wp-content\/uploads\/2025\/03\/armas.jpg?resize=350%2C200&ssl=1","width":350,"height":200,"srcset":"https:\/\/i0.wp.com\/lasprimeras.com.do\/wp-content\/uploads\/2025\/03\/armas.jpg?resize=350%2C200&ssl=1 1x, https:\/\/i0.wp.com\/lasprimeras.com.do\/wp-content\/uploads\/2025\/03\/armas.jpg?resize=525%2C300&ssl=1 1.5x, https:\/\/i0.wp.com\/lasprimeras.com.do\/wp-content\/uploads\/2025\/03\/armas.jpg?resize=700%2C400&ssl=1 2x"},"classes":[]},{"id":96157,"url":"https:\/\/lasprimeras.com.do\/index.php\/2025\/03\/26\/descubren-inmigrantes-indocumentados-escondidos-en-una-vivienda-utilizada-como-refugio-en-elias-pina\/","url_meta":{"origin":48589,"position":2},"title":"Descubren inmigrantes indocumentados escondidos en una vivienda utilizada como refugio en El\u00edas Pi\u00f1a","author":"Nelson Feliz","date":"26 de marzo de 2025","format":false,"excerpt":"Buscan a un hombre conocido como Santos o el Gordo, quien ser\u00eda el propietario de la casa. Un grupo de 17 inmigrantes haitianos en condici\u00f3n migratoria irregular, fue detenido en una vivienda que era utilizada como refugio o centro de acopio en el barrio Los Corozitos de la provincia El\u00edas\u2026","rel":"","context":"En \u00abMILITARES\u00bb","block_context":{"text":"MILITARES","link":"https:\/\/lasprimeras.com.do\/index.php\/category\/militares\/"},"img":{"alt_text":"","src":"https:\/\/i0.wp.com\/lasprimeras.com.do\/wp-content\/uploads\/2025\/03\/indocumentados-1.jpg?resize=350%2C200&ssl=1","width":350,"height":200,"srcset":"https:\/\/i0.wp.com\/lasprimeras.com.do\/wp-content\/uploads\/2025\/03\/indocumentados-1.jpg?resize=350%2C200&ssl=1 1x, https:\/\/i0.wp.com\/lasprimeras.com.do\/wp-content\/uploads\/2025\/03\/indocumentados-1.jpg?resize=525%2C300&ssl=1 1.5x, https:\/\/i0.wp.com\/lasprimeras.com.do\/wp-content\/uploads\/2025\/03\/indocumentados-1.jpg?resize=700%2C400&ssl=1 2x, https:\/\/i0.wp.com\/lasprimeras.com.do\/wp-content\/uploads\/2025\/03\/indocumentados-1.jpg?resize=1050%2C600&ssl=1 3x, https:\/\/i0.wp.com\/lasprimeras.com.do\/wp-content\/uploads\/2025\/03\/indocumentados-1.jpg?resize=1400%2C800&ssl=1 4x"},"classes":[]},{"id":123193,"url":"https:\/\/lasprimeras.com.do\/index.php\/2026\/02\/26\/senador-de-elias-pina-llama-a-la-paz-y-exige-acciones-firmes-ante-ola-de-homicidios-en-la-provincia\/","url_meta":{"origin":48589,"position":3},"title":"Senador de El\u00edas Pi\u00f1a llama a la paz y exige acciones firmes ante ola de homicidios en la provincia","author":"Nelson Feliz","date":"26 de febrero de 2026","format":false,"excerpt":"El senador de la provincia de El\u00edas Pi\u00f1a, Jonhson Encarnaci\u00f3n D\u00edaz se dirigi\u00f3 a la ciudadan\u00eda y a la sociedad dominicana para expresar su profunda preocupaci\u00f3n por los recientes hechos de violencia registrados en los municipios de Hondo Valle y Juan Santiago, donde casi una decena de personas han perdido\u2026","rel":"","context":"En \u00abPOLITICA\u00bb","block_context":{"text":"POLITICA","link":"https:\/\/lasprimeras.com.do\/index.php\/category\/politica\/"},"img":{"alt_text":"Jonhson Encarnaci\u00f3n D\u00edaz","src":"https:\/\/i0.wp.com\/lasprimeras.com.do\/wp-content\/uploads\/2026\/02\/Jonhson-Encarnacion-Diaz.jpg?resize=350%2C200&ssl=1","width":350,"height":200,"srcset":"https:\/\/i0.wp.com\/lasprimeras.com.do\/wp-content\/uploads\/2026\/02\/Jonhson-Encarnacion-Diaz.jpg?resize=350%2C200&ssl=1 1x, https:\/\/i0.wp.com\/lasprimeras.com.do\/wp-content\/uploads\/2026\/02\/Jonhson-Encarnacion-Diaz.jpg?resize=525%2C300&ssl=1 1.5x, https:\/\/i0.wp.com\/lasprimeras.com.do\/wp-content\/uploads\/2026\/02\/Jonhson-Encarnacion-Diaz.jpg?resize=700%2C400&ssl=1 2x"},"classes":[]},{"id":104579,"url":"https:\/\/lasprimeras.com.do\/index.php\/2025\/07\/25\/ocupan-sacos-de-carbon-vegetal-que-eran-transportados-en-animales-en-elias-pina\/","url_meta":{"origin":48589,"position":4},"title":"Ocupan sacos de carb\u00f3n vegetal que eran transportados en animales en El\u00edas Pi\u00f1a","author":"Nelson Feliz","date":"25 de julio de 2025","format":false,"excerpt":"Miembros del Ej\u00e9rcito de Rep\u00fablica Dominicana (ERD), ocuparon 07 sacos de carb\u00f3n vegetal que eran transportados en tres 03 burros y un 01 caballo en El\u00edas Pi\u00f1a, pr\u00f3ximo al Puesto Militar Avanzado Margarita. Dos personas montaban los animales; sin embargo, uno de ellos logr\u00f3 escapar al notar la presencia militar,\u2026","rel":"","context":"En \u00abMILITARES\u00bb","block_context":{"text":"MILITARES","link":"https:\/\/lasprimeras.com.do\/index.php\/category\/militares\/"},"img":{"alt_text":"","src":"https:\/\/i0.wp.com\/lasprimeras.com.do\/wp-content\/uploads\/2025\/07\/taxis.jpg?resize=350%2C200&ssl=1","width":350,"height":200,"srcset":"https:\/\/i0.wp.com\/lasprimeras.com.do\/wp-content\/uploads\/2025\/07\/taxis.jpg?resize=350%2C200&ssl=1 1x, https:\/\/i0.wp.com\/lasprimeras.com.do\/wp-content\/uploads\/2025\/07\/taxis.jpg?resize=525%2C300&ssl=1 1.5x, https:\/\/i0.wp.com\/lasprimeras.com.do\/wp-content\/uploads\/2025\/07\/taxis.jpg?resize=700%2C400&ssl=1 2x"},"classes":[]},{"id":93116,"url":"https:\/\/lasprimeras.com.do\/index.php\/2025\/01\/25\/incendio-destruye-varios-negocios-en-carrizal-elias-pina\/","url_meta":{"origin":48589,"position":5},"title":"Incendio destruye varios negocios en Carrizal, El\u00edas Pi\u00f1a","author":"Nelson Feliz","date":"25 de enero de 2025","format":false,"excerpt":"El senador Johnson Encarnaci\u00f3n supervisa los da\u00f1os tras incendio en Carrizal. El senador de la provincia El\u00edas Pi\u00f1a, Johnson Encarnaci\u00f3n, realiz\u00f3 una visita de supervisi\u00f3n al \u00e1rea afectada por un devastador incendio que dej\u00f3 varios negocios convertidos en cenizas en la comunidad El Carrizal, provincia El\u00edas Pi\u00f1a. El siniestro, que\u2026","rel":"","context":"En \u00abNACIONALES\u00bb","block_context":{"text":"NACIONALES","link":"https:\/\/lasprimeras.com.do\/index.php\/category\/nacionales\/"},"img":{"alt_text":"","src":"https:\/\/i0.wp.com\/lasprimeras.com.do\/wp-content\/uploads\/2025\/01\/Encarnacion-1.jpg?resize=350%2C200&ssl=1","width":350,"height":200,"srcset":"https:\/\/i0.wp.com\/lasprimeras.com.do\/wp-content\/uploads\/2025\/01\/Encarnacion-1.jpg?resize=350%2C200&ssl=1 1x, https:\/\/i0.wp.com\/lasprimeras.com.do\/wp-content\/uploads\/2025\/01\/Encarnacion-1.jpg?resize=525%2C300&ssl=1 1.5x, https:\/\/i0.wp.com\/lasprimeras.com.do\/wp-content\/uploads\/2025\/01\/Encarnacion-1.jpg?resize=700%2C400&ssl=1 2x"},"classes":[]}],"jetpack_sharing_enabled":true,"_links":{"self":[{"href":"https:\/\/lasprimeras.com.do\/index.php\/wp-json\/wp\/v2\/posts\/48589","targetHints":{"allow":["GET"]}}],"collection":[{"href":"https:\/\/lasprimeras.com.do\/index.php\/wp-json\/wp\/v2\/posts"}],"about":[{"href":"https:\/\/lasprimeras.com.do\/index.php\/wp-json\/wp\/v2\/types\/post"}],"author":[{"embeddable":true,"href":"https:\/\/lasprimeras.com.do\/index.php\/wp-json\/wp\/v2\/users\/1"}],"replies":[{"embeddable":true,"href":"https:\/\/lasprimeras.com.do\/index.php\/wp-json\/wp\/v2\/comments?post=48589"}],"version-history":[{"count":0,"href":"https:\/\/lasprimeras.com.do\/index.php\/wp-json\/wp\/v2\/posts\/48589\/revisions"}],"wp:featuredmedia":[{"embeddable":true,"href":"https:\/\/lasprimeras.com.do\/index.php\/wp-json\/"}],"wp:attachment":[{"href":"https:\/\/lasprimeras.com.do\/index.php\/wp-json\/wp\/v2\/media?parent=48589"}],"wp:term":[{"taxonomy":"category","embeddable":true,"href":"https:\/\/lasprimeras.com.do\/index.php\/wp-json\/wp\/v2\/categories?post=48589"},{"taxonomy":"post_tag","embeddable":true,"href":"https:\/\/lasprimeras.com.do\/index.php\/wp-json\/wp\/v2\/tags?post=48589"}],"curies":[{"name":"wp","href":"https:\/\/api.w.org\/{rel}","templated":true}]}}