{"id":48599,"date":"2023-05-02T12:22:13","date_gmt":"2023-05-02T16:22:13","guid":{"rendered":"https:\/\/atento.com.do\/?p=48599"},"modified":"2023-05-02T12:22:13","modified_gmt":"2023-05-02T16:22:13","slug":"pro-consumidor-incinera-productos-no-aptos-para-consumo","status":"publish","type":"post","link":"https:\/\/lasprimeras.com.do\/index.php\/2023\/05\/02\/pro-consumidor-incinera-productos-no-aptos-para-consumo\/","title":{"rendered":"Pro Consumidor incinera productos no aptos para consumo"},"content":{"rendered":"\n<p><strong>SANTO DOMINGO.- <\/strong>El Instituto Nacional de Protecci\u00f3n de los Derechos del Consumidor (Pro Consumidor) inciner\u00f3 un mill\u00f3n 26 mil 177 unidades de productos no aptos para el consumo humano, que fueron incautados en operativos realizados en comercios de diferentes provincias.<\/p>\n\n\n\n<p>El director ejecutivo de la entidad, Eddy Alc\u00e1ntara, inform\u00f3 que entre los productos incinerados se encuentran 805 mil unidades de alimentos, cervezas y otras bebidas no alcoh\u00f3licas, como jugos, refrescos, leche, maltas y otros.<\/p>\n\n\n\n<p>Tambi\u00e9n figuran 217,000 unidades de cigarrillos; 1,112 botellas de whisky introducidos al pa\u00eds de contrabando y 3,065 botellas de alcohol presuntamente adulterado.<\/p>\n\n\n\n<p>El funcionario explic\u00f3 que estos productos pon\u00edan en riesgo la salud y seguridad de los consumidores acorde con lo que establece la Ley 358-05 de Protecci\u00f3n al Consumidor y la Ley 17-19 sobre la Erradicaci\u00f3n del Comercio Il\u00edcito, Contrabando y Falsificaci\u00f3n de Productos Regulados.<\/p>\n\n\n\n<p>Manifest\u00f3, adem\u00e1s, que estos art\u00edculos fueron incautados en operativos preventivos realizados en el \u00faltimo cuatrimestre del a\u00f1o en curso por el Departamento de Inspecci\u00f3n y Vigilancia que dirige Eusebio Pe\u00f1a, quien tambi\u00e9n estuvo en la incineraci\u00f3n de los mismos.<\/p>\n\n\n\n<p>Alc\u00e1ntara indic\u00f3 que gracias al respaldo del presidente Luis Abinader \u201cse est\u00e1 combatiendo de manera contundente el comercio il\u00edcito para proteger a la poblaci\u00f3n dominicana\u201d.<\/p>\n\n\n\n<p>Pro Consumidor \u2013prosigui\u00f3- continuar\u00e1 trabajando en esa direcci\u00f3n para que la sociedad pueda acceder a productos seguros, que no constituyan ning\u00fan peligro para la salud a la hora de consumirlos.<\/p>\n\n\n\n<p>Afirm\u00f3 en ese sentido, que es una tarea innegociable combatir este flagelo \u201cy todos los d\u00edas saldremos a perseguir estas actividades il\u00edcitas y quienes sean sorprendidos en estas acciones ser\u00e1n sancionados de acuerdo a lo que establecen las normativas\u201d.<\/p>\n","protected":false},"excerpt":{"rendered":"<p>SANTO DOMINGO.- El Instituto Nacional de Protecci\u00f3n de los Derechos del Consumidor (Pro Consumidor) inciner\u00f3 un mill\u00f3n 26 mil 177 unidades de productos no aptos para el consumo humano, que&hellip;<\/p>\n","protected":false},"author":1,"featured_media":48600,"comment_status":"open","ping_status":"open","sticky":false,"template":"","format":"standard","meta":{"content-type":"","jetpack_post_was_ever_published":false,"_jetpack_newsletter_access":"","_jetpack_dont_email_post_to_subs":false,"_jetpack_newsletter_tier_id":0,"_jetpack_memberships_contains_paywalled_content":false,"_jetpack_memberships_contains_paid_content":false,"footnotes":""},"categories":[35],"tags":[245],"class_list":["post-48599","post","type-post","status-publish","format-standard","has-post-thumbnail","hentry","category-nacionales","tag-pro-consumidor"],"jetpack_featured_media_url":"","jetpack-related-posts":[{"id":52438,"url":"https:\/\/lasprimeras.com.do\/index.php\/2023\/06\/10\/reconocen-a-eddy-alcantara-por-su-labor-al-frente-de-pro-consumidor\/","url_meta":{"origin":48599,"position":0},"title":"Reconocen a\u00a0Eddy Alc\u00e1ntara por su\u00a0 labor al frente de Pro\u00a0Consumidor","author":"prenxa100","date":"10 de junio de 2023","format":false,"excerpt":"El Director Ejecutivo del Instituto Nacional de Protecci\u00f3n de los Derechos del Consumidor (Pro Consumidor), Eddy Alc\u00e1ntara, recibi\u00f3 el reconocimiento que lo declara como el funcionario p\u00fablico m\u00e1s destacado en el mes de mayo en la selecci\u00f3n mensual que realiza la plataforma Nuestras Instituciones P\u00fablicas. El reconocimiento fue entregado por\u2026","rel":"","context":"En \u00abECONOM\u00cdA\u00bb","block_context":{"text":"ECONOM\u00cdA","link":"https:\/\/lasprimeras.com.do\/index.php\/category\/economia\/"},"img":{"alt_text":"","src":"","width":0,"height":0},"classes":[]},{"id":76810,"url":"https:\/\/lasprimeras.com.do\/index.php\/2024\/02\/14\/incineran-mas-de-11-millones-de-cigarrillos-y-13-mil-botellas-de-alcohol-falsificado\/","url_meta":{"origin":48599,"position":1},"title":"Incineran m\u00e1s de 11 millones de cigarrillos y 13 mil botellas de alcohol falsificado","author":"BIMARY DE JES\u00daS Matos","date":"14 de febrero de 2024","format":false,"excerpt":"SANTO DOMINGO. \u2013\u00a0Una cifra r\u00e9cord de 11,068,963 unidades de cigarrillos, 13,270 botellas de alcohol no apto para el consumo humano, y 21,347 unidades de medicamentos il\u00edcitos fueron incinerados este mi\u00e9rcoles, como parte de las acciones de decomiso de mercanc\u00edas il\u00edcitas que realizan las autoridades a nivel nacional. La incineraci\u00f3n fue\u2026","rel":"","context":"En \u00abNACIONALES\u00bb","block_context":{"text":"NACIONALES","link":"https:\/\/lasprimeras.com.do\/index.php\/category\/nacionales\/"},"img":{"alt_text":"","src":"https:\/\/i0.wp.com\/lasprimeras.com.do\/wp-content\/uploads\/2024\/02\/IMG-20240214-WA0036.jpg?resize=350%2C200&ssl=1","width":350,"height":200,"srcset":"https:\/\/i0.wp.com\/lasprimeras.com.do\/wp-content\/uploads\/2024\/02\/IMG-20240214-WA0036.jpg?resize=350%2C200&ssl=1 1x, https:\/\/i0.wp.com\/lasprimeras.com.do\/wp-content\/uploads\/2024\/02\/IMG-20240214-WA0036.jpg?resize=525%2C300&ssl=1 1.5x, https:\/\/i0.wp.com\/lasprimeras.com.do\/wp-content\/uploads\/2024\/02\/IMG-20240214-WA0036.jpg?resize=700%2C400&ssl=1 2x, https:\/\/i0.wp.com\/lasprimeras.com.do\/wp-content\/uploads\/2024\/02\/IMG-20240214-WA0036.jpg?resize=1050%2C600&ssl=1 3x"},"classes":[]},{"id":81876,"url":"https:\/\/lasprimeras.com.do\/index.php\/2024\/04\/25\/pro-consumidor-descarta-presencia-de-metales-pesados-en-arroz-que-consume-el-pais\/","url_meta":{"origin":48599,"position":2},"title":"Pro Consumidor descarta presencia de metales pesados en arroz que consume el pa\u00eds","author":"Nelson Feliz","date":"25 de abril de 2024","format":false,"excerpt":"El director del Instituto Nacional de Protecci\u00f3n de los Derechos del Consumidor (Pro Consumidor), Eddy Alc\u00e1ntara, inform\u00f3 que los estudios de laboratorio realizados a decena de marcas de arroz que se comercializan en el pa\u00eds, ninguna dio positivo a metales nocivos que ocasionan da\u00f1os a la salud de las personas.\u2026","rel":"","context":"En \u00abECONOM\u00cdA\u00bb","block_context":{"text":"ECONOM\u00cdA","link":"https:\/\/lasprimeras.com.do\/index.php\/category\/economia\/"},"img":{"alt_text":"Eddy Alc\u00e1ntara junto a Fidel Del Rosario","src":"https:\/\/i0.wp.com\/lasprimeras.com.do\/wp-content\/uploads\/2024\/04\/Eddy-Alcantara-junto-a-Fidel-Del-Rosario.jpg?resize=350%2C200&ssl=1","width":350,"height":200,"srcset":"https:\/\/i0.wp.com\/lasprimeras.com.do\/wp-content\/uploads\/2024\/04\/Eddy-Alcantara-junto-a-Fidel-Del-Rosario.jpg?resize=350%2C200&ssl=1 1x, https:\/\/i0.wp.com\/lasprimeras.com.do\/wp-content\/uploads\/2024\/04\/Eddy-Alcantara-junto-a-Fidel-Del-Rosario.jpg?resize=525%2C300&ssl=1 1.5x, https:\/\/i0.wp.com\/lasprimeras.com.do\/wp-content\/uploads\/2024\/04\/Eddy-Alcantara-junto-a-Fidel-Del-Rosario.jpg?resize=700%2C400&ssl=1 2x"},"classes":[]},{"id":72106,"url":"https:\/\/lasprimeras.com.do\/index.php\/2023\/12\/26\/pro-consumidor-se-mantendra-vigilante-hasta-que-se-retiren-los-productos-quaker\/","url_meta":{"origin":48599,"position":3},"title":"Pro Consumidor se mantendr\u00e1 vigilante hasta que se retiren los productos Quaker","author":"Nelson Feliz","date":"26 de diciembre de 2023","format":false,"excerpt":"El Instituto Nacional de Protecci\u00f3n de los Derechos del Consumidor (Pro Consumidor) inform\u00f3 que esa instituci\u00f3n se encuentra realizando operativos de vigilancia para que se cumpla con el retiro voluntario de las barras de granola y cereales de granola espec\u00edficos de la empresa The Quaker Oats Company (Quaker), porque\u00a0estos productos\u2026","rel":"","context":"En \u00abECONOM\u00cdA\u00bb","block_context":{"text":"ECONOM\u00cdA","link":"https:\/\/lasprimeras.com.do\/index.php\/category\/economia\/"},"img":{"alt_text":"Pro Consumidor","src":"https:\/\/i0.wp.com\/lasprimeras.com.do\/wp-content\/uploads\/2023\/12\/Pro-Consumidor.jpg?resize=350%2C200&ssl=1","width":350,"height":200,"srcset":"https:\/\/i0.wp.com\/lasprimeras.com.do\/wp-content\/uploads\/2023\/12\/Pro-Consumidor.jpg?resize=350%2C200&ssl=1 1x, https:\/\/i0.wp.com\/lasprimeras.com.do\/wp-content\/uploads\/2023\/12\/Pro-Consumidor.jpg?resize=525%2C300&ssl=1 1.5x, https:\/\/i0.wp.com\/lasprimeras.com.do\/wp-content\/uploads\/2023\/12\/Pro-Consumidor.jpg?resize=700%2C400&ssl=1 2x"},"classes":[]},{"id":124618,"url":"https:\/\/lasprimeras.com.do\/index.php\/2026\/03\/15\/pro-consumidor-y-ceccom-vigilaran-bebidas-en-semana-santa\/","url_meta":{"origin":48599,"position":4},"title":"Pro Consumidor y CECCOM vigilar\u00e1n bebidas en Semana Santa","author":"Nelson Feliz","date":"15 de marzo de 2026","format":false,"excerpt":"El Instituto Nacional de Protecci\u00f3n de los Derechos del Consumidor (Pro Consumidor) y el Cuerpo Especializado de Control de Combustibles y Comercio de Mercanc\u00edas (CECCOM) anunciaron la ejecuci\u00f3n de un amplio operativo nacional de inspecci\u00f3n y vigilancia en establecimientos comerciales. El director ejecutivo de Pro Consumidor, Eddy Alc\u00e1ntara, y el\u2026","rel":"","context":"En \u00abNACIONALES\u00bb","block_context":{"text":"NACIONALES","link":"https:\/\/lasprimeras.com.do\/index.php\/category\/nacionales\/"},"img":{"alt_text":"","src":"https:\/\/i0.wp.com\/lasprimeras.com.do\/wp-content\/uploads\/2026\/03\/El-director-ejecutivo-de-Pro-Consumidor-Eddy-Alcantara-y-el-director-general-del-CECCOM-general-de-brigada-del-Ejercito-Orlando-Jerez-Espaillat-junto-a-personal-de-ambas-instituciones.jpg?resize=350%2C200&ssl=1","width":350,"height":200,"srcset":"https:\/\/i0.wp.com\/lasprimeras.com.do\/wp-content\/uploads\/2026\/03\/El-director-ejecutivo-de-Pro-Consumidor-Eddy-Alcantara-y-el-director-general-del-CECCOM-general-de-brigada-del-Ejercito-Orlando-Jerez-Espaillat-junto-a-personal-de-ambas-instituciones.jpg?resize=350%2C200&ssl=1 1x, https:\/\/i0.wp.com\/lasprimeras.com.do\/wp-content\/uploads\/2026\/03\/El-director-ejecutivo-de-Pro-Consumidor-Eddy-Alcantara-y-el-director-general-del-CECCOM-general-de-brigada-del-Ejercito-Orlando-Jerez-Espaillat-junto-a-personal-de-ambas-instituciones.jpg?resize=525%2C300&ssl=1 1.5x, https:\/\/i0.wp.com\/lasprimeras.com.do\/wp-content\/uploads\/2026\/03\/El-director-ejecutivo-de-Pro-Consumidor-Eddy-Alcantara-y-el-director-general-del-CECCOM-general-de-brigada-del-Ejercito-Orlando-Jerez-Espaillat-junto-a-personal-de-ambas-instituciones.jpg?resize=700%2C400&ssl=1 2x"},"classes":[]},{"id":90839,"url":"https:\/\/lasprimeras.com.do\/index.php\/2024\/10\/30\/pro-consumidor-otorgara-unica-prorroga-de-30-dias-a-envasadoras-de-agua\/","url_meta":{"origin":48599,"position":5},"title":"Pro Consumidor otorgar\u00e1 \u00fanica pr\u00f3rroga de 30 d\u00edas a envasadoras de agua","author":"Nelson Feliz","date":"30 de octubre de 2024","format":false,"excerpt":"El director ejecutivo del Instituto Nacional de Protecci\u00f3n de los Derechos del Consumidor (Pro Consumidor), inform\u00f3 este mi\u00e9rcoles que se decidi\u00f3 dar una \u00fanica pr\u00f3rroga de 30 d\u00edas a las empresas envasadoras de agua para que cumplan con la disposici\u00f3n de proteger los botellones del producto de los rayos del\u2026","rel":"","context":"En \u00abNACIONALES\u00bb","block_context":{"text":"NACIONALES","link":"https:\/\/lasprimeras.com.do\/index.php\/category\/nacionales\/"},"img":{"alt_text":"Pro Consumidor","src":"https:\/\/i0.wp.com\/lasprimeras.com.do\/wp-content\/uploads\/2023\/12\/Pro-Consumidor.jpg?resize=350%2C200&ssl=1","width":350,"height":200,"srcset":"https:\/\/i0.wp.com\/lasprimeras.com.do\/wp-content\/uploads\/2023\/12\/Pro-Consumidor.jpg?resize=350%2C200&ssl=1 1x, https:\/\/i0.wp.com\/lasprimeras.com.do\/wp-content\/uploads\/2023\/12\/Pro-Consumidor.jpg?resize=525%2C300&ssl=1 1.5x, https:\/\/i0.wp.com\/lasprimeras.com.do\/wp-content\/uploads\/2023\/12\/Pro-Consumidor.jpg?resize=700%2C400&ssl=1 2x"},"classes":[]}],"jetpack_sharing_enabled":true,"_links":{"self":[{"href":"https:\/\/lasprimeras.com.do\/index.php\/wp-json\/wp\/v2\/posts\/48599","targetHints":{"allow":["GET"]}}],"collection":[{"href":"https:\/\/lasprimeras.com.do\/index.php\/wp-json\/wp\/v2\/posts"}],"about":[{"href":"https:\/\/lasprimeras.com.do\/index.php\/wp-json\/wp\/v2\/types\/post"}],"author":[{"embeddable":true,"href":"https:\/\/lasprimeras.com.do\/index.php\/wp-json\/wp\/v2\/users\/1"}],"replies":[{"embeddable":true,"href":"https:\/\/lasprimeras.com.do\/index.php\/wp-json\/wp\/v2\/comments?post=48599"}],"version-history":[{"count":0,"href":"https:\/\/lasprimeras.com.do\/index.php\/wp-json\/wp\/v2\/posts\/48599\/revisions"}],"wp:featuredmedia":[{"embeddable":true,"href":"https:\/\/lasprimeras.com.do\/index.php\/wp-json\/"}],"wp:attachment":[{"href":"https:\/\/lasprimeras.com.do\/index.php\/wp-json\/wp\/v2\/media?parent=48599"}],"wp:term":[{"taxonomy":"category","embeddable":true,"href":"https:\/\/lasprimeras.com.do\/index.php\/wp-json\/wp\/v2\/categories?post=48599"},{"taxonomy":"post_tag","embeddable":true,"href":"https:\/\/lasprimeras.com.do\/index.php\/wp-json\/wp\/v2\/tags?post=48599"}],"curies":[{"name":"wp","href":"https:\/\/api.w.org\/{rel}","templated":true}]}}