{"id":48602,"date":"2023-05-02T12:32:25","date_gmt":"2023-05-02T16:32:25","guid":{"rendered":"https:\/\/atento.com.do\/?p=48602"},"modified":"2023-05-02T12:32:25","modified_gmt":"2023-05-02T16:32:25","slug":"abinader-dice-marchas-y-manifestaciones-fomentan-la-democracia","status":"publish","type":"post","link":"https:\/\/lasprimeras.com.do\/index.php\/2023\/05\/02\/abinader-dice-marchas-y-manifestaciones-fomentan-la-democracia\/","title":{"rendered":"Abinader dice marchas y manifestaciones fomentan la democracia"},"content":{"rendered":"\n<p><strong>SANTO DOMINGO.-. <\/strong>El presidente de la Rep\u00fablica, Luis Abinader, salud\u00f3 en el programa A Diario, que se transmite por el grupo RCC Media, la manifestaci\u00f3n pac\u00edfica que se realiz\u00f3 el pasado domingo, y se\u00f1al\u00f3 que las marchas fomentan la democracia.<\/p>\n\n\n\n<p>\u2018\u2019La oposici\u00f3n tiene que hacer cr\u00edticas, esa es su funci\u00f3n y esto es bueno para la democracia y es normal y hay que aplaudirlo\u2019\u2019, indic\u00f3.<\/p>\n\n\n\n<p>El mandatario enfatiz\u00f3 que las organizaciones deben hacer mayores manifestaciones en comunidades en el exterior, como New York, y as\u00ed ver si la oposici\u00f3n culpar\u00e1 al Gobierno dominicano del alza de los productos en Estados Unidos para los residentes dominicanos en dicho pa\u00eds, situaci\u00f3n que vive dicho mercado.<\/p>\n\n\n\n<p>\u2018\u2019Aplaudo que las manifestaciones se apoyen a pesar de sus demandas, sean reales o no\u2019\u2019, expres\u00f3<\/p>\n\n\n\n<p>Asimismo, dijo que los partidos deber\u00edan marchar por la lucha de la corrupci\u00f3n y otros sistemas.<\/p>\n\n\n\n<p><strong>\u00abEl verdadero liderazgo es quien prepara a su sucesor\u00bb<\/strong><\/p>\n\n\n\n<p>El presidente de la Rep\u00fablica, Luis Abinader, manifest\u00f3 en el programa radial A Diario, que se transmite por el grupo RCC Media, que el verdadero liderazgo prepara sucesores y no se cree imprescindible.<\/p>\n\n\n\n<p>\u00b4\u00b4En el pa\u00eds no hay nadie imprescindible y ese es el da\u00f1o m\u00e1s grande a la cultura pol\u00edtica\u00b4\u00b4, manifest\u00f3<\/p>\n\n\n\n<p>El Jefe de Estado indic\u00f3 que en la naci\u00f3n se deben formar j\u00f3venes para que as\u00ed existan diez sucesores y una mayor democracia en Rep\u00fablica Dominicana.<\/p>\n\n\n\n<p>\u00b4\u00b4El verdadero liderazgo no es el que dice, yo soy el \u00fanico que puede resolver\u00b4\u00b4, expres\u00f3<\/p>\n\n\n\n<p>Asimismo, se\u00f1al\u00f3 que en el Partido Revolucionario Moderno (PRM) existen candidatos que pueden hacer una gesti\u00f3n excepcional. \u00b4\u00b4Hay candidatos en el PRM que lo pueden hacer mejor que yo\u00b4\u00b4, enfatiz\u00f3<\/p>\n\n\n\n<p>En ese orden, agreg\u00f3 que el principal liderazgo joven est\u00e1 en el PRM y que esto promueve el desarrollo democr\u00e1tico.<\/p>\n\n\n\n<p>Por otro lado, Abinader salud\u00f3 la manifestaci\u00f3n pac\u00edfica que se realiz\u00f3 el pasado domingo, y se\u00f1al\u00f3 que las marchas fomentan la democracia.<\/p>\n\n\n\n<p>\u2018\u2019La oposici\u00f3n tiene que hacer cr\u00edticas, esa es su funci\u00f3n y esto es bueno para la democracia y es normal y hay que aplaudirlo\u2019\u2019, indic\u00f3.<\/p>\n\n\n\n<p>El mandatario enfatiz\u00f3 que las organizaciones deben hacer mayores manifestaciones en comunidades en el exterior, como New York, y as\u00ed ver si la oposici\u00f3n culpar\u00e1 al Gobierno dominicano del alza de los productos en Estados Unidos para los residentes dominicanos en dicho pa\u00eds, situaci\u00f3n que vive dicho mercado.<\/p>\n\n\n\n<p>\u2018\u2019Aplaudo que las manifestaciones se apoyen a pesar de sus demandas, sean reales o no\u2019\u2019, expres\u00f3<\/p>\n\n\n\n<p>Asimismo, dijo que los partidos deber\u00edan marchar por la lucha de la corrupci\u00f3n y otros sistemas.<\/p>\n","protected":false},"excerpt":{"rendered":"<p>SANTO DOMINGO.-. El presidente de la Rep\u00fablica, Luis Abinader, salud\u00f3 en el programa A Diario, que se transmite por el grupo RCC Media, la manifestaci\u00f3n pac\u00edfica que se realiz\u00f3 el&hellip;<\/p>\n","protected":false},"author":1,"featured_media":48603,"comment_status":"open","ping_status":"open","sticky":false,"template":"","format":"standard","meta":{"content-type":"","jetpack_post_was_ever_published":false,"_jetpack_newsletter_access":"","_jetpack_dont_email_post_to_subs":false,"_jetpack_newsletter_tier_id":0,"_jetpack_memberships_contains_paywalled_content":false,"_jetpack_memberships_contains_paid_content":false,"footnotes":""},"categories":[35,25],"tags":[67],"class_list":["post-48602","post","type-post","status-publish","format-standard","has-post-thumbnail","hentry","category-nacionales","category-portada","tag-luis-abinader"],"jetpack_featured_media_url":"","jetpack-related-posts":[{"id":125155,"url":"https:\/\/lasprimeras.com.do\/index.php\/2026\/03\/19\/v-dem-2026-abinader-posiciona-a-rd-como-referente-democratico\/","url_meta":{"origin":48602,"position":0},"title":"V-Dem 2026: Abinader posiciona a RD como referente democr\u00e1tico","author":"Nelson Feliz","date":"19 de marzo de 2026","format":false,"excerpt":"De ocho procesos en curso, el pa\u00eds figura entre las naciones que profundizan su democracia, mientras cinco lograron pasar de autocracias a democracias para 2025. El presidente Luis Abinader ha posicionado a la Rep\u00fablica Dominicana como uno de los principales ejemplos de avance democr\u00e1tico a nivel global, seg\u00fan el m\u00e1s\u2026","rel":"","context":"En \u00abNACIONALES\u00bb","block_context":{"text":"NACIONALES","link":"https:\/\/lasprimeras.com.do\/index.php\/category\/nacionales\/"},"img":{"alt_text":"Luis Abinader","src":"https:\/\/i0.wp.com\/lasprimeras.com.do\/wp-content\/uploads\/2026\/03\/Luis-Abinader-2-2.jpg?resize=350%2C200&ssl=1","width":350,"height":200,"srcset":"https:\/\/i0.wp.com\/lasprimeras.com.do\/wp-content\/uploads\/2026\/03\/Luis-Abinader-2-2.jpg?resize=350%2C200&ssl=1 1x, https:\/\/i0.wp.com\/lasprimeras.com.do\/wp-content\/uploads\/2026\/03\/Luis-Abinader-2-2.jpg?resize=525%2C300&ssl=1 1.5x, https:\/\/i0.wp.com\/lasprimeras.com.do\/wp-content\/uploads\/2026\/03\/Luis-Abinader-2-2.jpg?resize=700%2C400&ssl=1 2x"},"classes":[]},{"id":58990,"url":"https:\/\/lasprimeras.com.do\/index.php\/2023\/08\/29\/yvan-lorenzo-la-jce-debe-actuar-con-responsabilidad-y-equilibrio\/","url_meta":{"origin":48602,"position":1},"title":"Yv\u00e1n Lorenzo: La JCE debe actuar con responsabilidad y equilibrio","author":"Nelson Feliz","date":"29 de agosto de 2023","format":false,"excerpt":"El PRM y Luis Abinader se han pasado tres a\u00f1os en las calles, colocando vallas gigantescas en todo el pa\u00eds con los recursos del Estado y la JCE no ha dicho nada. El vocero del Partido de la Liberaci\u00f3n Dominicana ante el Senado de la Rep\u00fablica, Yv\u00e1n Lorenzo, exhort\u00f3 a\u2026","rel":"","context":"En \u00abPORTADA\u00bb","block_context":{"text":"PORTADA","link":"https:\/\/lasprimeras.com.do\/index.php\/category\/portada\/"},"img":{"alt_text":"Yv\u00e1n Lorenzo","src":"https:\/\/i0.wp.com\/lasprimeras.com.do\/wp-content\/uploads\/2023\/08\/Yvan-Lorenzo.jpg?resize=350%2C200&ssl=1","width":350,"height":200,"srcset":"https:\/\/i0.wp.com\/lasprimeras.com.do\/wp-content\/uploads\/2023\/08\/Yvan-Lorenzo.jpg?resize=350%2C200&ssl=1 1x, https:\/\/i0.wp.com\/lasprimeras.com.do\/wp-content\/uploads\/2023\/08\/Yvan-Lorenzo.jpg?resize=525%2C300&ssl=1 1.5x, https:\/\/i0.wp.com\/lasprimeras.com.do\/wp-content\/uploads\/2023\/08\/Yvan-Lorenzo.jpg?resize=700%2C400&ssl=1 2x"},"classes":[]},{"id":118846,"url":"https:\/\/lasprimeras.com.do\/index.php\/2026\/01\/03\/gobierno-dominicano-reitera-respaldo-a-la-democracia-en-venezuela\/","url_meta":{"origin":48602,"position":2},"title":"Gobierno dominicano reitera respaldo a la democracia en Venezuela","author":"Nelson Feliz","date":"3 de enero de 2026","format":false,"excerpt":"Afirma que Rep\u00fablica Dominicana estar\u00e1 siempre del lado de la democracia. Donde sea, cuando sea y ante quien sea. El presidente Luis Abinader afirm\u00f3 este s\u00e1bado que el Gobierno dominicano mantiene un seguimiento permanente a la evoluci\u00f3n de los acontecimientos en Venezuela, y reiter\u00f3 que la Rep\u00fablica Dominicana nunca reconoci\u00f3\u2026","rel":"","context":"En \u00abNACIONALES\u00bb","block_context":{"text":"NACIONALES","link":"https:\/\/lasprimeras.com.do\/index.php\/category\/nacionales\/"},"img":{"alt_text":"Ministerio Administrativo de la Presidencia","src":"https:\/\/i0.wp.com\/lasprimeras.com.do\/wp-content\/uploads\/2023\/06\/Presidencia-1.jpg?resize=350%2C200&ssl=1","width":350,"height":200,"srcset":"https:\/\/i0.wp.com\/lasprimeras.com.do\/wp-content\/uploads\/2023\/06\/Presidencia-1.jpg?resize=350%2C200&ssl=1 1x, https:\/\/i0.wp.com\/lasprimeras.com.do\/wp-content\/uploads\/2023\/06\/Presidencia-1.jpg?resize=525%2C300&ssl=1 1.5x, https:\/\/i0.wp.com\/lasprimeras.com.do\/wp-content\/uploads\/2023\/06\/Presidencia-1.jpg?resize=700%2C400&ssl=1 2x"},"classes":[]},{"id":102066,"url":"https:\/\/lasprimeras.com.do\/index.php\/2025\/06\/30\/abinader-niega-senasa-este-en-deficit-dice-le-haran-un-aporte-extra-del-estado-como-el-ano-pasado\/","url_meta":{"origin":48602,"position":3},"title":"Abinader niega Senasa \u201cest\u00e9 en d\u00e9ficit\u201d; dice le har\u00e1n un aporte extra del Estado como el a\u00f1o pasado","author":"Nelson Feliz","date":"30 de junio de 2025","format":false,"excerpt":"\u201c\u00bfAlguien ten\u00eda en cuenta el seguro familiar de salud antes del 20? \u00bfLo utilizaba alguien?, ahora es que tiene valor y ese valor que le hemos dado\", dijo el presidente Abinader. El presidente Luis Abinader manifest\u00f3 que el Seguro Nacional de Salud (Senasa) \u201cno se encuentra en d\u00e9ficit\u201d y que\u2026","rel":"","context":"En \u00abPORTADA\u00bb","block_context":{"text":"PORTADA","link":"https:\/\/lasprimeras.com.do\/index.php\/category\/portada\/"},"img":{"alt_text":"","src":"https:\/\/i0.wp.com\/lasprimeras.com.do\/wp-content\/uploads\/2025\/06\/Luis-Abinader-1-1.jpg?resize=350%2C200&ssl=1","width":350,"height":200,"srcset":"https:\/\/i0.wp.com\/lasprimeras.com.do\/wp-content\/uploads\/2025\/06\/Luis-Abinader-1-1.jpg?resize=350%2C200&ssl=1 1x, https:\/\/i0.wp.com\/lasprimeras.com.do\/wp-content\/uploads\/2025\/06\/Luis-Abinader-1-1.jpg?resize=525%2C300&ssl=1 1.5x, https:\/\/i0.wp.com\/lasprimeras.com.do\/wp-content\/uploads\/2025\/06\/Luis-Abinader-1-1.jpg?resize=700%2C400&ssl=1 2x"},"classes":[]},{"id":124969,"url":"https:\/\/lasprimeras.com.do\/index.php\/2026\/03\/18\/abinader-condecora-postumamente-a-orlando-martinez-howley\/","url_meta":{"origin":48602,"position":4},"title":"Abinader condecora p\u00f3stumamente a Orlando Mart\u00ednez Howley","author":"Nelson Feliz","date":"18 de marzo de 2026","format":false,"excerpt":"_Mandatario dice que con esta condecoraci\u00f3n, la Rep\u00fablica Dominicana honra no solo al periodista, sino al ciudadano valiente, al hombre \u00edntegro, al dominicano que defendi\u00f3 la libertad incluso cuando hacerlo implicaba el mayor de los riesgos._ *Santo Domingo.-* El presidente Luis Abinader concedi\u00f3 una condecoraci\u00f3n p\u00f3stuma al periodista Orlando Mart\u00ednez\u2026","rel":"","context":"En \u00abNACIONALES\u00bb","block_context":{"text":"NACIONALES","link":"https:\/\/lasprimeras.com.do\/index.php\/category\/nacionales\/"},"img":{"alt_text":"","src":"https:\/\/i0.wp.com\/lasprimeras.com.do\/wp-content\/uploads\/2026\/03\/IMG-20260318-WA0348-scaled.jpg?resize=350%2C200&ssl=1","width":350,"height":200,"srcset":"https:\/\/i0.wp.com\/lasprimeras.com.do\/wp-content\/uploads\/2026\/03\/IMG-20260318-WA0348-scaled.jpg?resize=350%2C200&ssl=1 1x, https:\/\/i0.wp.com\/lasprimeras.com.do\/wp-content\/uploads\/2026\/03\/IMG-20260318-WA0348-scaled.jpg?resize=525%2C300&ssl=1 1.5x, https:\/\/i0.wp.com\/lasprimeras.com.do\/wp-content\/uploads\/2026\/03\/IMG-20260318-WA0348-scaled.jpg?resize=700%2C400&ssl=1 2x, https:\/\/i0.wp.com\/lasprimeras.com.do\/wp-content\/uploads\/2026\/03\/IMG-20260318-WA0348-scaled.jpg?resize=1050%2C600&ssl=1 3x, https:\/\/i0.wp.com\/lasprimeras.com.do\/wp-content\/uploads\/2026\/03\/IMG-20260318-WA0348-scaled.jpg?resize=1400%2C800&ssl=1 4x"},"classes":[]},{"id":120393,"url":"https:\/\/lasprimeras.com.do\/index.php\/2026\/01\/23\/luis-el-gallo-destaca-presidente-abinader-trabaja-para-acabar-con-la-miseria-y-la-corrupcion\/","url_meta":{"origin":48602,"position":5},"title":"Luis \u201cEl Gallo\u201d destaca presidente Abinader trabaja para acabar con la miseria y la corrupci\u00f3n","author":"Nelson Feliz","date":"23 de enero de 2026","format":false,"excerpt":"El l\u00edder de la Uni\u00f3n Dem\u00f3crata Cristiana \u2013UDC-, Luis Acosta Moreta, Luis \u201cEl Gallo\u201d, consider\u00f3 hoy que el presidente Luis Abinader est\u00e1 trabajando a tiempo completo para acabar con la marginalidad social, y mejorar los niveles de vida de la poblaci\u00f3n. Asimismo, se\u00f1al\u00f3 que el mandatario ha dicho en varias\u2026","rel":"","context":"En \u00abPOLITICA\u00bb","block_context":{"text":"POLITICA","link":"https:\/\/lasprimeras.com.do\/index.php\/category\/politica\/"},"img":{"alt_text":"Luis Acosta Moreta","src":"https:\/\/i0.wp.com\/lasprimeras.com.do\/wp-content\/uploads\/2025\/06\/Luis-Acosta-Moreta-1.jpg?resize=350%2C200&ssl=1","width":350,"height":200,"srcset":"https:\/\/i0.wp.com\/lasprimeras.com.do\/wp-content\/uploads\/2025\/06\/Luis-Acosta-Moreta-1.jpg?resize=350%2C200&ssl=1 1x, https:\/\/i0.wp.com\/lasprimeras.com.do\/wp-content\/uploads\/2025\/06\/Luis-Acosta-Moreta-1.jpg?resize=525%2C300&ssl=1 1.5x, https:\/\/i0.wp.com\/lasprimeras.com.do\/wp-content\/uploads\/2025\/06\/Luis-Acosta-Moreta-1.jpg?resize=700%2C400&ssl=1 2x"},"classes":[]}],"jetpack_sharing_enabled":true,"_links":{"self":[{"href":"https:\/\/lasprimeras.com.do\/index.php\/wp-json\/wp\/v2\/posts\/48602","targetHints":{"allow":["GET"]}}],"collection":[{"href":"https:\/\/lasprimeras.com.do\/index.php\/wp-json\/wp\/v2\/posts"}],"about":[{"href":"https:\/\/lasprimeras.com.do\/index.php\/wp-json\/wp\/v2\/types\/post"}],"author":[{"embeddable":true,"href":"https:\/\/lasprimeras.com.do\/index.php\/wp-json\/wp\/v2\/users\/1"}],"replies":[{"embeddable":true,"href":"https:\/\/lasprimeras.com.do\/index.php\/wp-json\/wp\/v2\/comments?post=48602"}],"version-history":[{"count":0,"href":"https:\/\/lasprimeras.com.do\/index.php\/wp-json\/wp\/v2\/posts\/48602\/revisions"}],"wp:featuredmedia":[{"embeddable":true,"href":"https:\/\/lasprimeras.com.do\/index.php\/wp-json\/"}],"wp:attachment":[{"href":"https:\/\/lasprimeras.com.do\/index.php\/wp-json\/wp\/v2\/media?parent=48602"}],"wp:term":[{"taxonomy":"category","embeddable":true,"href":"https:\/\/lasprimeras.com.do\/index.php\/wp-json\/wp\/v2\/categories?post=48602"},{"taxonomy":"post_tag","embeddable":true,"href":"https:\/\/lasprimeras.com.do\/index.php\/wp-json\/wp\/v2\/tags?post=48602"}],"curies":[{"name":"wp","href":"https:\/\/api.w.org\/{rel}","templated":true}]}}