{"id":48611,"date":"2023-05-02T13:02:48","date_gmt":"2023-05-02T17:02:48","guid":{"rendered":"https:\/\/atento.com.do\/?p=48611"},"modified":"2023-05-02T13:02:48","modified_gmt":"2023-05-02T17:02:48","slug":"rd-tiene-la-canasta-basica-alimentaria-mas-barata-de-centroamerica-y-el-caribe","status":"publish","type":"post","link":"https:\/\/lasprimeras.com.do\/index.php\/2023\/05\/02\/rd-tiene-la-canasta-basica-alimentaria-mas-barata-de-centroamerica-y-el-caribe\/","title":{"rendered":"RD tiene la canasta b\u00e1sica alimentaria m\u00e1s barata de Centroam\u00e9rica y el Caribe"},"content":{"rendered":"\n<p>As\u00ed lo expresa en su reporte mensual la Unidad de An\u00e1lisis de Mercado de la Direcci\u00f3n General de Protecci\u00f3n al Consumidor de Honduras.<\/p>\n\n\n\n<p><strong>Santo Domingo. &#8211; <\/strong>Seg\u00fan el \u00faltimo reporte mensual de la Unidad de An\u00e1lisis de Mercado de la Direcci\u00f3n General de Protecci\u00f3n al Consumidor de Honduras, Rep\u00fablica Dominicana tiene la Canasta B\u00e1sica Alimentaria (CBA), m\u00e1s barata de Centroam\u00e9rica y el Caribe.<\/p>\n\n\n\n<p>En este reporte, la Canasta B\u00e1sica Alimentaria de Rep\u00fablica Dominicana es comparada con pa\u00edses como Honduras, Costa Rica, Panam\u00e1, El Salvador, Guatemala y Nicaragua.<\/p>\n\n\n\n<p>La conclusi\u00f3n de este trabajo explica que en la actualidad el costo de Canasta B\u00e1sica Alimentaria de menor valor lo posee Rep\u00fablica Dominicana.<\/p>\n\n\n\n<p>\u201cCon un costo de CBA de $189.46, seguido de El Salvador con un valor de $249.09, Panam\u00e1 que su valor es de $286.38, y Honduras con $341.83\u201d, explica.<\/p>\n\n\n\n<p>En tanto, se\u00f1ala que el costo de CBA con mayor valor en el \u00e1rea Centroamericana lo mantiene Costa Rica con $584.61, seguido de Guatemala con $477.80 y Nicaragua con $370.78.<\/p>\n\n\n\n<p>La conclusi\u00f3n de este reporte indican que, si bien es cierto que la inflaci\u00f3n ha afectado a todos los pa\u00edses de Centroam\u00e9rica y el Caribe, incluyendo la Rep\u00fablica Dominicana, esta tendr\u00eda un costo inferior en la totalidad de consumo a los dem\u00e1s pa\u00edses de referencia, lo que coincide con los datos mostrados por el Banco Central de RD, que indic\u00f3 que la inflaci\u00f3n interanual se ha reducido a 5.90%.<\/p>\n","protected":false},"excerpt":{"rendered":"<p>As\u00ed lo expresa en su reporte mensual la Unidad de An\u00e1lisis de Mercado de la Direcci\u00f3n General de Protecci\u00f3n al Consumidor de Honduras. Santo Domingo. &#8211; Seg\u00fan el \u00faltimo reporte&hellip;<\/p>\n","protected":false},"author":1,"featured_media":48612,"comment_status":"open","ping_status":"open","sticky":false,"template":"","format":"standard","meta":{"content-type":"","jetpack_post_was_ever_published":false,"_jetpack_newsletter_access":"","_jetpack_dont_email_post_to_subs":false,"_jetpack_newsletter_tier_id":0,"_jetpack_memberships_contains_paywalled_content":false,"_jetpack_memberships_contains_paid_content":false,"footnotes":""},"categories":[39],"tags":[255,256,257,258,259,260,127],"class_list":["post-48611","post","type-post","status-publish","format-standard","has-post-thumbnail","hentry","category-economia","tag-alimentaria","tag-barata","tag-basica","tag-canasta","tag-caribe","tag-centroamerica","tag-rd"],"jetpack_featured_media_url":"","jetpack-related-posts":[{"id":50226,"url":"https:\/\/lasprimeras.com.do\/index.php\/2023\/05\/17\/defensoria-consumidor-el-salvador-y-concadeco-reconocen-a-rd-por-buen-manejo-de-la-inflacion\/","url_meta":{"origin":48611,"position":0},"title":"Defensor\u00eda Consumidor El Salvador y CONCADECO reconocen a RD por buen manejo de la inflaci\u00f3n","author":"prenxa100","date":"17 de mayo de 2023","format":false,"excerpt":"SAN SALVADOR.-\u00a0\u00a0El\u00a0presidente\u00a0de la Defensor\u00eda del\u00a0Consumidor de El Salvador, Ricardo\u00a0Salazar, reconoci\u00f3 este mi\u00e9rcoles el buen manejo que ha tenido la Rep\u00fablica Dominicana para enfrentar la crisis inflacionaria que ha impactado a todos los pa\u00edses del mundo. El funcionario salvadore\u00f1o dijo que este buen manejo del gobierno dominicano \u201cle ha permitido\u00a0garantizar el\u2026","rel":"","context":"En \u00abECONOM\u00cdA\u00bb","block_context":{"text":"ECONOM\u00cdA","link":"https:\/\/lasprimeras.com.do\/index.php\/category\/economia\/"},"img":{"alt_text":"","src":"","width":0,"height":0},"classes":[]},{"id":108134,"url":"https:\/\/lasprimeras.com.do\/index.php\/2025\/09\/03\/pro-consumidor-llama-a-la-oposicion-a-descontinuar-la-politiqueria-con-los-productos-basicos-de-la-canasta-alimentaria\/","url_meta":{"origin":48611,"position":1},"title":"Pro Consumidor llama a la oposici\u00f3n a descontinuar la politiquer\u00eda con los productos b\u00e1sicos de la canasta alimentaria","author":"Nelson Feliz","date":"3 de septiembre de 2025","format":false,"excerpt":"El director ejecutivo del Instituto Nacional de Protecci\u00f3n de los Derechos del Consumidor (Pro Consumidor), Eddy Alc\u00e1ntara, llam\u00f3 a los dirigentes de los partidos de oposici\u00f3n a descontinuar la politiquer\u00eda con los productos b\u00e1sicos de la canasta alimentaria, con el solo prop\u00f3sito de ganar adeptos con miras a las elecciones\u2026","rel":"","context":"En \u00abPOLITICA\u00bb","block_context":{"text":"POLITICA","link":"https:\/\/lasprimeras.com.do\/index.php\/category\/politica\/"},"img":{"alt_text":"","src":"https:\/\/i0.wp.com\/lasprimeras.com.do\/wp-content\/uploads\/2025\/09\/Eddy-Alcantara.jpg?resize=350%2C200&ssl=1","width":350,"height":200,"srcset":"https:\/\/i0.wp.com\/lasprimeras.com.do\/wp-content\/uploads\/2025\/09\/Eddy-Alcantara.jpg?resize=350%2C200&ssl=1 1x, https:\/\/i0.wp.com\/lasprimeras.com.do\/wp-content\/uploads\/2025\/09\/Eddy-Alcantara.jpg?resize=525%2C300&ssl=1 1.5x, https:\/\/i0.wp.com\/lasprimeras.com.do\/wp-content\/uploads\/2025\/09\/Eddy-Alcantara.jpg?resize=700%2C400&ssl=1 2x"},"classes":[]},{"id":93364,"url":"https:\/\/lasprimeras.com.do\/index.php\/2025\/02\/08\/sanchez-roa-disminucion-de-la-autosuficiencia-alimentaria\/","url_meta":{"origin":48611,"position":2},"title":"S\u00e1nchez Roa: Disminuci\u00f3n de la autosuficiencia alimentaria","author":"Nelson Feliz","date":"8 de febrero de 2025","format":false,"excerpt":"\u201cSector agropecuario no anda bien y por eso el alza en los productos de la canasta b\u00e1sica\u201d. El titular de la Secretar\u00eda de Asuntos Agropecuarios del Partido de la Liberaci\u00f3n Dominicana (PLD), Adriano S\u00e1nchez Roa, afirm\u00f3 que \u201cla autosuficiencia alimentaria, (capacidad de producir los alimentos que necesita una poblaci\u00f3n, sin\u2026","rel":"","context":"En \u00abECONOM\u00cdA\u00bb","block_context":{"text":"ECONOM\u00cdA","link":"https:\/\/lasprimeras.com.do\/index.php\/category\/economia\/"},"img":{"alt_text":"","src":"https:\/\/i0.wp.com\/lasprimeras.com.do\/wp-content\/uploads\/2025\/02\/Adriano-Sanchez-Roa.jpg?resize=350%2C200&ssl=1","width":350,"height":200,"srcset":"https:\/\/i0.wp.com\/lasprimeras.com.do\/wp-content\/uploads\/2025\/02\/Adriano-Sanchez-Roa.jpg?resize=350%2C200&ssl=1 1x, https:\/\/i0.wp.com\/lasprimeras.com.do\/wp-content\/uploads\/2025\/02\/Adriano-Sanchez-Roa.jpg?resize=525%2C300&ssl=1 1.5x"},"classes":[]},{"id":95172,"url":"https:\/\/lasprimeras.com.do\/index.php\/2025\/03\/10\/pld-denuncia-alza-de-los-productos-que-componen-la-canasta-basica\/","url_meta":{"origin":48611,"position":3},"title":"PLD denuncia alza de los productos que componen la canasta b\u00e1sica","author":"Nelson Feliz","date":"10 de marzo de 2025","format":false,"excerpt":"El Partido de la Liberaci\u00f3n Dominicana (PLD) se hace eco este d\u00eda de la preocupaci\u00f3n ciudadana por el alza de los precios de los art\u00edculos que componen la canasta b\u00e1sica, que mortifica los hogares dominicanos y que afectan la seguridad alimentaria. Bajo el t\u00edtulo:\u201d Alimentos siguen alza y el bolsillo\u2026","rel":"","context":"En \u00abECONOM\u00cdA\u00bb","block_context":{"text":"ECONOM\u00cdA","link":"https:\/\/lasprimeras.com.do\/index.php\/category\/economia\/"},"img":{"alt_text":"","src":"https:\/\/i0.wp.com\/lasprimeras.com.do\/wp-content\/uploads\/2025\/03\/pld-alzas.jpeg?resize=350%2C200&ssl=1","width":350,"height":200,"srcset":"https:\/\/i0.wp.com\/lasprimeras.com.do\/wp-content\/uploads\/2025\/03\/pld-alzas.jpeg?resize=350%2C200&ssl=1 1x, https:\/\/i0.wp.com\/lasprimeras.com.do\/wp-content\/uploads\/2025\/03\/pld-alzas.jpeg?resize=525%2C300&ssl=1 1.5x, https:\/\/i0.wp.com\/lasprimeras.com.do\/wp-content\/uploads\/2025\/03\/pld-alzas.jpeg?resize=700%2C400&ssl=1 2x, https:\/\/i0.wp.com\/lasprimeras.com.do\/wp-content\/uploads\/2025\/03\/pld-alzas.jpeg?resize=1050%2C600&ssl=1 3x, https:\/\/i0.wp.com\/lasprimeras.com.do\/wp-content\/uploads\/2025\/03\/pld-alzas.jpeg?resize=1400%2C800&ssl=1 4x"},"classes":[]},{"id":52745,"url":"https:\/\/lasprimeras.com.do\/index.php\/2023\/06\/13\/pro-consumidor-vigilara-mercado-del-azucar-para-contactar-situacion\/","url_meta":{"origin":48611,"position":4},"title":"Pro Consumidor vigilar\u00e1 mercado del az\u00facar para contactar situaci\u00f3n","author":"prenxa100","date":"13 de junio de 2023","format":false,"excerpt":"El director ejecutivo del Instituto Nacional de Protecci\u00f3n de los Derechos del Consumidor (Pro Consumidor), Eddy Alc\u00e1ntara, anunci\u00f3 que a partir del pr\u00f3ximo jueves se llevar\u00e1n a cabo varios operativos en diferentes puntos del pa\u00eds para verificar los precios del az\u00facar, ante las denuncias de escasez y carest\u00eda de este\u2026","rel":"","context":"En \u00abECONOM\u00cdA\u00bb","block_context":{"text":"ECONOM\u00cdA","link":"https:\/\/lasprimeras.com.do\/index.php\/category\/economia\/"},"img":{"alt_text":"","src":"https:\/\/i0.wp.com\/lasprimeras.com.do\/wp-content\/uploads\/2023\/06\/pro-consumidor-vigilara-mercado-del-azucar-para-contactar-situacion.jpg?resize=350%2C200&ssl=1","width":350,"height":200,"srcset":"https:\/\/i0.wp.com\/lasprimeras.com.do\/wp-content\/uploads\/2023\/06\/pro-consumidor-vigilara-mercado-del-azucar-para-contactar-situacion.jpg?resize=350%2C200&ssl=1 1x, https:\/\/i0.wp.com\/lasprimeras.com.do\/wp-content\/uploads\/2023\/06\/pro-consumidor-vigilara-mercado-del-azucar-para-contactar-situacion.jpg?resize=525%2C300&ssl=1 1.5x, https:\/\/i0.wp.com\/lasprimeras.com.do\/wp-content\/uploads\/2023\/06\/pro-consumidor-vigilara-mercado-del-azucar-para-contactar-situacion.jpg?resize=700%2C400&ssl=1 2x"},"classes":[]},{"id":106743,"url":"https:\/\/lasprimeras.com.do\/index.php\/2025\/08\/18\/leonel-politica-alimentaria-del-gobierno-ha-condenado-al-pueblo-a-comer-cocote-molleja-pata-y-asadura\/","url_meta":{"origin":48611,"position":5},"title":"Leonel: pol\u00edtica alimentaria del gobierno ha condenado al pueblo a comer \u201ccocote, molleja, pata y asadura\u201d","author":"Nelson Feliz","date":"18 de agosto de 2025","format":false,"excerpt":"El ex presidente de la Rep\u00fablica, Leonel Fern\u00e1ndez, lanz\u00f3 duras cr\u00edticas a la pol\u00edtica agroalimentaria del actual gobierno, asegurando que las fallidas decisiones oficiales han deteriorado el poder adquisitivo de la poblaci\u00f3n y han encarecido de manera alarmante el precio del pollo, prote\u00edna b\u00e1sica en la dieta de los dominicanos.\u2026","rel":"","context":"En \u00abPOLITICA\u00bb","block_context":{"text":"POLITICA","link":"https:\/\/lasprimeras.com.do\/index.php\/category\/politica\/"},"img":{"alt_text":"","src":"https:\/\/i0.wp.com\/lasprimeras.com.do\/wp-content\/uploads\/2025\/08\/WhatsApp-Image-2025-08-18-at-3.35.04-PM.jpeg?resize=350%2C200&ssl=1","width":350,"height":200,"srcset":"https:\/\/i0.wp.com\/lasprimeras.com.do\/wp-content\/uploads\/2025\/08\/WhatsApp-Image-2025-08-18-at-3.35.04-PM.jpeg?resize=350%2C200&ssl=1 1x, https:\/\/i0.wp.com\/lasprimeras.com.do\/wp-content\/uploads\/2025\/08\/WhatsApp-Image-2025-08-18-at-3.35.04-PM.jpeg?resize=525%2C300&ssl=1 1.5x, https:\/\/i0.wp.com\/lasprimeras.com.do\/wp-content\/uploads\/2025\/08\/WhatsApp-Image-2025-08-18-at-3.35.04-PM.jpeg?resize=700%2C400&ssl=1 2x"},"classes":[]}],"jetpack_sharing_enabled":true,"_links":{"self":[{"href":"https:\/\/lasprimeras.com.do\/index.php\/wp-json\/wp\/v2\/posts\/48611","targetHints":{"allow":["GET"]}}],"collection":[{"href":"https:\/\/lasprimeras.com.do\/index.php\/wp-json\/wp\/v2\/posts"}],"about":[{"href":"https:\/\/lasprimeras.com.do\/index.php\/wp-json\/wp\/v2\/types\/post"}],"author":[{"embeddable":true,"href":"https:\/\/lasprimeras.com.do\/index.php\/wp-json\/wp\/v2\/users\/1"}],"replies":[{"embeddable":true,"href":"https:\/\/lasprimeras.com.do\/index.php\/wp-json\/wp\/v2\/comments?post=48611"}],"version-history":[{"count":0,"href":"https:\/\/lasprimeras.com.do\/index.php\/wp-json\/wp\/v2\/posts\/48611\/revisions"}],"wp:featuredmedia":[{"embeddable":true,"href":"https:\/\/lasprimeras.com.do\/index.php\/wp-json\/"}],"wp:attachment":[{"href":"https:\/\/lasprimeras.com.do\/index.php\/wp-json\/wp\/v2\/media?parent=48611"}],"wp:term":[{"taxonomy":"category","embeddable":true,"href":"https:\/\/lasprimeras.com.do\/index.php\/wp-json\/wp\/v2\/categories?post=48611"},{"taxonomy":"post_tag","embeddable":true,"href":"https:\/\/lasprimeras.com.do\/index.php\/wp-json\/wp\/v2\/tags?post=48611"}],"curies":[{"name":"wp","href":"https:\/\/api.w.org\/{rel}","templated":true}]}}