{"id":48619,"date":"2023-05-02T15:50:39","date_gmt":"2023-05-02T19:50:39","guid":{"rendered":"https:\/\/atento.com.do\/?p=48619"},"modified":"2023-05-02T15:50:39","modified_gmt":"2023-05-02T19:50:39","slug":"abinader-ignora-a-ee-uu-y-dice-que-rd-seguira-deportando-a-ilegales-haitianos","status":"publish","type":"post","link":"https:\/\/lasprimeras.com.do\/index.php\/2023\/05\/02\/abinader-ignora-a-ee-uu-y-dice-que-rd-seguira-deportando-a-ilegales-haitianos\/","title":{"rendered":"Abinader ignora a EE. UU. y dice que RD seguir\u00e1 deportando a ilegales haitianos"},"content":{"rendered":"\n<p>El presidente Luis Abinader reiter\u00f3 este martes que Rep\u00fablica Dominicana continuar\u00e1 realizando las deportaciones de haitianos que no residan legalmente en territorio dominicano, pese a las acusaciones de racismo y xenofobia que ha recibido el pa\u00eds por parte de la comunidad internacional.<\/p>\n\n\n\n<p>Al ser entrevistado en un programa radial, el Jefe del Estado sostuvo que Rep\u00fablica Dominicana tiene derecho a trazar su pol\u00edtica migratoria sin injerencia, como asegura lo ha hecho hasta el momento respecto al pueblo haitiano, por el que dice como naci\u00f3n se ha hecho todo lo que ha sido posible.<\/p>\n\n\n\n<p>&#8220;Nosotros vamos a seguir defendiendo el inter\u00e9s nacional, respetando los Derechos Humanos de los haitianos que est\u00e1n aqu\u00ed que tenemos que deportar, como cualquier sociedad organizada lo hace, como todos los pa\u00edses lo est\u00e1n haciendo. El primero que los est\u00e1 deportando es Estados Unidos&#8221;, dijo el mandatario.<\/p>\n\n\n\n<p>Dijo que&nbsp;Hait\u00ed&nbsp;vive una situaci\u00f3n especial que requiere que se tomen medidas especiales, entre las que est\u00e1n controlar poblaci\u00f3n haitiana que labora en el pa\u00eds a trav\u00e9s de regulaciones que se est\u00e1n llevando a cabo por medio de comisiones que trabajan el tema, lo que explica ha sido dif\u00edcil porque el 90% de los migrantes haitianos no tiene ninguna documentaci\u00f3n.<\/p>\n\n\n\n<p>&#8220;La Comunidad internacional tiene que entender que esta no es una situaci\u00f3n normal de&nbsp;migraci\u00f3n; es una situaci\u00f3n donde pr\u00e1cticamente una situaci\u00f3n de ingobernabilidad en&nbsp;Hait\u00ed&nbsp;y que est\u00e1n saliendo todos los haitianos para diferentes partes y obviamente como nosotros tenemos la frontera es donde m\u00e1s sufrimos&#8221;, afirm\u00f3.<\/p>\n\n\n\n<p>No obstante, indica que son pocos los miembros de la comunidad internacional que no entienden la problem\u00e1tica, al reconocer que el secretario general de las Naciones Unidas, Ant\u00f3nio Guterres, considera que se debe designar una fuerza pacificadora en&nbsp;Hait\u00ed.<\/p>\n","protected":false},"excerpt":{"rendered":"<p>El presidente Luis Abinader reiter\u00f3 este martes que Rep\u00fablica Dominicana continuar\u00e1 realizando las deportaciones de haitianos que no residan legalmente en territorio dominicano, pese a las acusaciones de racismo y&hellip;<\/p>\n","protected":false},"author":1,"featured_media":42770,"comment_status":"open","ping_status":"open","sticky":false,"template":"","format":"standard","meta":{"content-type":"","jetpack_post_was_ever_published":false,"_jetpack_newsletter_access":"","_jetpack_dont_email_post_to_subs":false,"_jetpack_newsletter_tier_id":0,"_jetpack_memberships_contains_paywalled_content":false,"_jetpack_memberships_contains_paid_content":false,"footnotes":""},"categories":[25],"tags":[262,263,67],"class_list":["post-48619","post","type-post","status-publish","format-standard","has-post-thumbnail","hentry","category-portada","tag-deportaciones","tag-haitianos","tag-luis-abinader"],"jetpack_featured_media_url":"","jetpack-related-posts":[{"id":100262,"url":"https:\/\/lasprimeras.com.do\/index.php\/2025\/06\/04\/luis-el-gallo-felicita-a-migracion-por-deportar-a-cientos-de-miles-de-haitianos\/","url_meta":{"origin":48619,"position":0},"title":"Luis \u201cEl Gallo\u201d felicita a Migraci\u00f3n por deportar a cientos de miles de haitianos","author":"Nelson Feliz","date":"4 de junio de 2025","format":false,"excerpt":"El presidente de la Uni\u00f3n Dem\u00f3crata Cristiana \u2013UDC-, Luis Acosta Moreta, Luis \u201cEl Gallo\u201d, dio hoy su respaldo a la Direcci\u00f3n General de Migraci\u00f3n, por el excelente trabajo que realiza con la deportaci\u00f3n de indocumentados. Destac\u00f3 que el vicealmirante Luis Rafael Lee Ballester ejecuta una gran labor al frente de\u2026","rel":"","context":"En \u00abPOLITICA\u00bb","block_context":{"text":"POLITICA","link":"https:\/\/lasprimeras.com.do\/index.php\/category\/politica\/"},"img":{"alt_text":"Luis Acosta Moreta","src":"https:\/\/i0.wp.com\/lasprimeras.com.do\/wp-content\/uploads\/2025\/06\/Luis-Acosta-Moreta.jpg?resize=350%2C200&ssl=1","width":350,"height":200,"srcset":"https:\/\/i0.wp.com\/lasprimeras.com.do\/wp-content\/uploads\/2025\/06\/Luis-Acosta-Moreta.jpg?resize=350%2C200&ssl=1 1x, https:\/\/i0.wp.com\/lasprimeras.com.do\/wp-content\/uploads\/2025\/06\/Luis-Acosta-Moreta.jpg?resize=525%2C300&ssl=1 1.5x, https:\/\/i0.wp.com\/lasprimeras.com.do\/wp-content\/uploads\/2025\/06\/Luis-Acosta-Moreta.jpg?resize=700%2C400&ssl=1 2x"},"classes":[]},{"id":100872,"url":"https:\/\/lasprimeras.com.do\/index.php\/2025\/06\/13\/luis-el-gallo-rechaza-la-regulacion-haitianos\/","url_meta":{"origin":48619,"position":1},"title":"Luis \u201cEl Gallo\u201d rechaza la regulaci\u00f3n haitianos","author":"Nelson Feliz","date":"13 de junio de 2025","format":false,"excerpt":"Pide a la iglesia cat\u00f3lica unirse al pueblo con las deportaciones El presidente de la Uni\u00f3n Dem\u00f3crata Cristiana \u2013UDC-, Luis Acosta Moreta, Luis \u201cEl Gallo\u201d, defendi\u00f3 hoy el derecho del gobierno y el pueblo dominicano a deportar a indocumentados, y pidi\u00f3 a los jesuitas que pensaran m\u00e1s en los intereses\u2026","rel":"","context":"En \u00abPOLITICA\u00bb","block_context":{"text":"POLITICA","link":"https:\/\/lasprimeras.com.do\/index.php\/category\/politica\/"},"img":{"alt_text":"","src":"https:\/\/i0.wp.com\/lasprimeras.com.do\/wp-content\/uploads\/2025\/06\/GALLO-1.jpg?resize=350%2C200&ssl=1","width":350,"height":200,"srcset":"https:\/\/i0.wp.com\/lasprimeras.com.do\/wp-content\/uploads\/2025\/06\/GALLO-1.jpg?resize=350%2C200&ssl=1 1x, https:\/\/i0.wp.com\/lasprimeras.com.do\/wp-content\/uploads\/2025\/06\/GALLO-1.jpg?resize=525%2C300&ssl=1 1.5x"},"classes":[]},{"id":100026,"url":"https:\/\/lasprimeras.com.do\/index.php\/2025\/05\/30\/abinader-convoca-expresidentes-al-ces-ante-crisis-haitiana\/","url_meta":{"origin":48619,"position":2},"title":"Abinader convoca expresidentes al CES ante crisis haitiana","author":"Nelson Feliz","date":"30 de mayo de 2025","format":false,"excerpt":"La invitaci\u00f3n consensuada busca establecer una estrategia de Estado frente al impacto creciente de la crisis en Hait\u00ed sobre la Rep\u00fablica Dominicana. En atenci\u00f3n a la grave crisis que atraviesa la Rep\u00fablica de Hait\u00ed y sus crecientes implicaciones para la Rep\u00fablica Dominicana, el presidente constitucional Luis Abinader, en consenso con\u2026","rel":"","context":"En \u00abPOLITICA\u00bb","block_context":{"text":"POLITICA","link":"https:\/\/lasprimeras.com.do\/index.php\/category\/politica\/"},"img":{"alt_text":"LUIS ABINADER","src":"https:\/\/i0.wp.com\/lasprimeras.com.do\/wp-content\/uploads\/2025\/04\/LUIS-ABINADER-PC.jpg?resize=350%2C200&ssl=1","width":350,"height":200,"srcset":"https:\/\/i0.wp.com\/lasprimeras.com.do\/wp-content\/uploads\/2025\/04\/LUIS-ABINADER-PC.jpg?resize=350%2C200&ssl=1 1x, https:\/\/i0.wp.com\/lasprimeras.com.do\/wp-content\/uploads\/2025\/04\/LUIS-ABINADER-PC.jpg?resize=525%2C300&ssl=1 1.5x, https:\/\/i0.wp.com\/lasprimeras.com.do\/wp-content\/uploads\/2025\/04\/LUIS-ABINADER-PC.jpg?resize=700%2C400&ssl=1 2x"},"classes":[]},{"id":103250,"url":"https:\/\/lasprimeras.com.do\/index.php\/2025\/07\/13\/luis-el-gallo-ve-preocupante-posicion-de-los-obispos-y-amnistia-internacional\/","url_meta":{"origin":48619,"position":3},"title":"Luis \u201cEl Gallo\u201d ve preocupante posici\u00f3n de los obispos y Amnist\u00eda Internacional","author":"Nelson Feliz","date":"13 de julio de 2025","format":false,"excerpt":"El presidente de la Uni\u00f3n Dem\u00f3crata Cristiana \u2013UDC-, Luis Acosta Moreta, Luis \u201cEl Gallo\u201d, pidi\u00f3 hoy el rechazo a las presiones para la fijaci\u00f3n de cuotas de braceros haitianos, que hacen los obispos cat\u00f3licos y Amnist\u00eda Internacional. Afirm\u00f3 que llama la atenci\u00f3n que al tratar el problema haitiano en el\u2026","rel":"","context":"En \u00abPOLITICA\u00bb","block_context":{"text":"POLITICA","link":"https:\/\/lasprimeras.com.do\/index.php\/category\/politica\/"},"img":{"alt_text":"","src":"https:\/\/i0.wp.com\/lasprimeras.com.do\/wp-content\/uploads\/2025\/07\/OBISPO.jpg?resize=350%2C200&ssl=1","width":350,"height":200,"srcset":"https:\/\/i0.wp.com\/lasprimeras.com.do\/wp-content\/uploads\/2025\/07\/OBISPO.jpg?resize=350%2C200&ssl=1 1x, https:\/\/i0.wp.com\/lasprimeras.com.do\/wp-content\/uploads\/2025\/07\/OBISPO.jpg?resize=525%2C300&ssl=1 1.5x, https:\/\/i0.wp.com\/lasprimeras.com.do\/wp-content\/uploads\/2025\/07\/OBISPO.jpg?resize=700%2C400&ssl=1 2x"},"classes":[]},{"id":102420,"url":"https:\/\/lasprimeras.com.do\/index.php\/2025\/07\/04\/luis-abinader-y-la-crisis-haitiana-una-llamada-ineludible-a-la-responsabilidad-internacional\/","url_meta":{"origin":48619,"position":4},"title":"Luis Abinader y la Crisis Haitiana: Una Llamada Ineludible a la Responsabilidad Internacional","author":"Nelson Feliz","date":"4 de julio de 2025","format":false,"excerpt":"Por Darwin Feliz Matos En el contexto m\u00e1s cr\u00edtico de la historia reciente de Hait\u00ed, el presidente dominicano Luis Abinader ha adoptado una postura firme, propositiva y profundamente patri\u00f3tica frente a una realidad que ya no admite matices: \u201cHait\u00ed es una bomba de tiempo\u201d. La descomposici\u00f3n institucional, el dominio absoluto\u2026","rel":"","context":"En \u00abOPINI\u00d3N\u00bb","block_context":{"text":"OPINI\u00d3N","link":"https:\/\/lasprimeras.com.do\/index.php\/category\/opinion\/"},"img":{"alt_text":"","src":"https:\/\/i0.wp.com\/lasprimeras.com.do\/wp-content\/uploads\/2025\/07\/AbinaderLaFronteracd40d7.jpg?resize=350%2C200&ssl=1","width":350,"height":200,"srcset":"https:\/\/i0.wp.com\/lasprimeras.com.do\/wp-content\/uploads\/2025\/07\/AbinaderLaFronteracd40d7.jpg?resize=350%2C200&ssl=1 1x, https:\/\/i0.wp.com\/lasprimeras.com.do\/wp-content\/uploads\/2025\/07\/AbinaderLaFronteracd40d7.jpg?resize=525%2C300&ssl=1 1.5x, https:\/\/i0.wp.com\/lasprimeras.com.do\/wp-content\/uploads\/2025\/07\/AbinaderLaFronteracd40d7.jpg?resize=700%2C400&ssl=1 2x"},"classes":[]},{"id":100269,"url":"https:\/\/lasprimeras.com.do\/index.php\/2025\/06\/02\/udc-insta-al-ces-a-priorizar-la-defensa-de-la-soberania-y-la-seguridad-nacional-en-sus-plenarias\/","url_meta":{"origin":48619,"position":5},"title":"UDC insta al CES a priorizar la defensa de la soberan\u00eda y la seguridad nacional en sus plenarias","author":"Nelson Feliz","date":"2 de junio de 2025","format":false,"excerpt":"El presidente de la Uni\u00f3n Dem\u00f3crata Cristiana (UDC), Luis Acosta Moreta, Luis \u201cEl Gallo\u201d, expres\u00f3 su respaldo al inicio del di\u00e1logo en el Consejo Econ\u00f3mico y Social (CES) y exhort\u00f3 a que, en las discusiones sobre la situaci\u00f3n haitiana, se anteponga la defensa de la patria. Acosta Moreta destac\u00f3 la\u2026","rel":"","context":"En \u00abPOLITICA\u00bb","block_context":{"text":"POLITICA","link":"https:\/\/lasprimeras.com.do\/index.php\/category\/politica\/"},"img":{"alt_text":"Luis Acosta Moreta","src":"https:\/\/i0.wp.com\/lasprimeras.com.do\/wp-content\/uploads\/2025\/06\/WhatsApp-Image-2025-06-02-at-9.43.18-PM.jpeg?resize=350%2C200&ssl=1","width":350,"height":200,"srcset":"https:\/\/i0.wp.com\/lasprimeras.com.do\/wp-content\/uploads\/2025\/06\/WhatsApp-Image-2025-06-02-at-9.43.18-PM.jpeg?resize=350%2C200&ssl=1 1x, https:\/\/i0.wp.com\/lasprimeras.com.do\/wp-content\/uploads\/2025\/06\/WhatsApp-Image-2025-06-02-at-9.43.18-PM.jpeg?resize=525%2C300&ssl=1 1.5x, https:\/\/i0.wp.com\/lasprimeras.com.do\/wp-content\/uploads\/2025\/06\/WhatsApp-Image-2025-06-02-at-9.43.18-PM.jpeg?resize=700%2C400&ssl=1 2x"},"classes":[]}],"jetpack_sharing_enabled":true,"_links":{"self":[{"href":"https:\/\/lasprimeras.com.do\/index.php\/wp-json\/wp\/v2\/posts\/48619","targetHints":{"allow":["GET"]}}],"collection":[{"href":"https:\/\/lasprimeras.com.do\/index.php\/wp-json\/wp\/v2\/posts"}],"about":[{"href":"https:\/\/lasprimeras.com.do\/index.php\/wp-json\/wp\/v2\/types\/post"}],"author":[{"embeddable":true,"href":"https:\/\/lasprimeras.com.do\/index.php\/wp-json\/wp\/v2\/users\/1"}],"replies":[{"embeddable":true,"href":"https:\/\/lasprimeras.com.do\/index.php\/wp-json\/wp\/v2\/comments?post=48619"}],"version-history":[{"count":0,"href":"https:\/\/lasprimeras.com.do\/index.php\/wp-json\/wp\/v2\/posts\/48619\/revisions"}],"wp:featuredmedia":[{"embeddable":true,"href":"https:\/\/lasprimeras.com.do\/index.php\/wp-json\/"}],"wp:attachment":[{"href":"https:\/\/lasprimeras.com.do\/index.php\/wp-json\/wp\/v2\/media?parent=48619"}],"wp:term":[{"taxonomy":"category","embeddable":true,"href":"https:\/\/lasprimeras.com.do\/index.php\/wp-json\/wp\/v2\/categories?post=48619"},{"taxonomy":"post_tag","embeddable":true,"href":"https:\/\/lasprimeras.com.do\/index.php\/wp-json\/wp\/v2\/tags?post=48619"}],"curies":[{"name":"wp","href":"https:\/\/api.w.org\/{rel}","templated":true}]}}