{"id":48621,"date":"2023-05-02T16:33:49","date_gmt":"2023-05-02T20:33:49","guid":{"rendered":"https:\/\/atento.com.do\/?p=48621"},"modified":"2023-05-02T16:33:49","modified_gmt":"2023-05-02T20:33:49","slug":"abinader-invita-a-la-onu-a-que-analice-la-situacion-desde-haiti-y-lleven-una-botella-de-vino","status":"publish","type":"post","link":"https:\/\/lasprimeras.com.do\/index.php\/2023\/05\/02\/abinader-invita-a-la-onu-a-que-analice-la-situacion-desde-haiti-y-lleven-una-botella-de-vino\/","title":{"rendered":"Abinader invita a la ONU a que analice la situaci\u00f3n desde Hait\u00ed y lleven una botella de vino"},"content":{"rendered":"\n<p>El presidente Luis Abinader se refiri\u00f3 otra vez a la situaci\u00f3n que afecta a Hait\u00ed y dijo que para buscar una posible soluci\u00f3n al problema haitiano, una comisi\u00f3n de las Naciones Unidas deber\u00eda de&nbsp;instalarse en Hait\u00ed&nbsp;y llevarse un vino para que analicen por un tiempo determinado como resolver la crisis.<\/p>\n\n\n\n<p><strong>\u201cEsa comisi\u00f3n debe de ir a Hait\u00ed, quedarse all\u00e1 y arreglar Hait\u00ed. Que vayan all\u00e1 que se lleven su botella de vino y que analicen la situaci\u00f3n, porque nosotros hemos hecho demasiado por encima de las posibilidades\u201d<\/strong>,&nbsp;manifest\u00f3 el mandatario.<\/p>\n\n\n\n<p>A mediados del mes pasado, el Comit\u00e9 de la ONU para la Eliminaci\u00f3n de la Discriminaci\u00f3n Racial pidi\u00f3 a los pa\u00edses de Am\u00e9rica&nbsp;que pongan fin a las deportaciones de migrantes haitianos despu\u00e9s de que 36,000 de ellos fueran devueltos a la fuerza a su pa\u00eds entre enero y marzo, muchos de ellos desde Rep\u00fablica Dominicana.<\/p>\n\n\n\n<p>Las declaraciones fueron ofrecidas en el nuevo programa radial \u201cA Diario\u201d que se transmite por la emisora Sentido 89.3 FM de lunes a viernes de 7:00 a 10:00 de la ma\u00f1ana.<\/p>\n\n\n\n<p>Al ser entrevistado por sus anfitriones, el jefe de Estado reiter\u00f3 que&nbsp;<strong>\u201cel problema de Hait\u00ed es exactamente la comunidad internacional\u201d<\/strong>&nbsp;y que continuaran con la denuncia de su irresponsabilidad.<\/p>\n\n\n\n<p>\u201c<strong>Es muy f\u00e1cil criticar&nbsp;<\/strong>un pa\u00eds, no solo la comunidad internacional en esa cr\u00edtica, algunos bur\u00f3cratas de las Naciones Unidas, es muy bueno estar en un auditorio sin saber\u201d, argument\u00f3 el mandatario.<\/p>\n\n\n\n<p>Indic\u00f3 que el gobierno dominicana continuar\u00e1 \u201cdefendiendo el inter\u00e9s nacional respetando los Derechos Humanos de los haitianos que est\u00e1n aqu\u00ed y que&nbsp;<strong>tenemos que deportar<\/strong>&nbsp;como cualquier naci\u00f3n lo hace. El primero que lo est\u00e1 haciendo es Estados Unidos\u201d, dijo.<\/p>\n\n\n\n<p>Expres\u00f3 que continuar\u00e1n tomando medidas basadas en&nbsp;<strong>resguardar la frontera<\/strong>&nbsp;<strong>y aumentando las deportaciones.<\/strong><\/p>\n\n\n\n<p>\u201cTenemos que seguir presionando en ese sentido y despertar la gran irresponsabilidad de los equipos de los Derechos Humanos preocupados por esto y aquello\u2026 el fin de semana pasado mataron 40 inocentes y&nbsp;<strong>d\u00f3nde estaban los Derechos Humanos<\/strong>\u201d, expres\u00f3.<\/p>\n\n\n\n<p>Destac\u00f3 el inter\u00e9s del Secretario General de las Naciones Unidas, Ant\u00f3nio Guterres, en resolver la crisis, sin embargo, no ha encontrado el apoyo de otras naciones para buscar la posible soluci\u00f3n y pacificar a Hait\u00ed.<\/p>\n","protected":false},"excerpt":{"rendered":"<p>El presidente Luis Abinader se refiri\u00f3 otra vez a la situaci\u00f3n que afecta a Hait\u00ed y dijo que para buscar una posible soluci\u00f3n al problema haitiano, una comisi\u00f3n de las&hellip;<\/p>\n","protected":false},"author":1,"featured_media":48623,"comment_status":"open","ping_status":"open","sticky":false,"template":"","format":"standard","meta":{"content-type":"","jetpack_post_was_ever_published":false,"_jetpack_newsletter_access":"","_jetpack_dont_email_post_to_subs":false,"_jetpack_newsletter_tier_id":0,"_jetpack_memberships_contains_paywalled_content":false,"_jetpack_memberships_contains_paid_content":false,"footnotes":""},"categories":[25],"tags":[62,264,67,93],"class_list":["post-48621","post","type-post","status-publish","format-standard","has-post-thumbnail","hentry","category-portada","tag-atentord","tag-crisis-haitiana","tag-luis-abinader","tag-onu"],"jetpack_featured_media_url":"","jetpack-related-posts":[{"id":108759,"url":"https:\/\/lasprimeras.com.do\/index.php\/2025\/09\/10\/abinader-destaca-madurez-politica-de-republica-dominicana-en-dialogo-de-alto-nivel-sobre-haiti\/","url_meta":{"origin":48621,"position":0},"title":"Abinader destaca madurez pol\u00edtica de Rep\u00fablica Dominicana en di\u00e1logo de alto nivel sobre Hait\u00ed","author":"Nelson Feliz","date":"10 de septiembre de 2025","format":false,"excerpt":"El mandatario abordar\u00e1 el abandono de la comunidad internacional ante crisis haitiana en su intervenci\u00f3n en la Asamblea General de la ONU. El presidente Luis Abinader felicit\u00f3 y agradeci\u00f3 al liderazgo pol\u00edtico dominicano por su participaci\u00f3n en el di\u00e1logo de alto nivel sobre la crisis en Hait\u00ed, convocado por el\u2026","rel":"","context":"En \u00abNACIONALES\u00bb","block_context":{"text":"NACIONALES","link":"https:\/\/lasprimeras.com.do\/index.php\/category\/nacionales\/"},"img":{"alt_text":"Luis Abinader","src":"https:\/\/i0.wp.com\/lasprimeras.com.do\/wp-content\/uploads\/2025\/07\/Luis-Abinader-9.jpg?resize=350%2C200&ssl=1","width":350,"height":200,"srcset":"https:\/\/i0.wp.com\/lasprimeras.com.do\/wp-content\/uploads\/2025\/07\/Luis-Abinader-9.jpg?resize=350%2C200&ssl=1 1x, https:\/\/i0.wp.com\/lasprimeras.com.do\/wp-content\/uploads\/2025\/07\/Luis-Abinader-9.jpg?resize=525%2C300&ssl=1 1.5x, https:\/\/i0.wp.com\/lasprimeras.com.do\/wp-content\/uploads\/2025\/07\/Luis-Abinader-9.jpg?resize=700%2C400&ssl=1 2x"},"classes":[]},{"id":76655,"url":"https:\/\/lasprimeras.com.do\/index.php\/2024\/02\/13\/luis-el-gallo-pide-al-pueblo-dominicano-estar-atento-ante-maniobras-de-la-onu\/","url_meta":{"origin":48621,"position":1},"title":"Luis \u201cEl Gallo\u201d pide al pueblo dominicano estar atento ante maniobras de la ONU","author":"Nelson Feliz","date":"13 de febrero de 2024","format":false,"excerpt":"Echar crisis interna haitiana sobre Rep\u00fablica Dominicana. El presidente de la Uni\u00f3n Dem\u00f3crata Cristiana \u2013UDC-, Luis Acosta Moreta, Luis \u201cEl Gallo\u201d, alert\u00f3 hoy a todos los dominicanos sobre las nuevas presiones de las Naciones Unidas, para que se abran campamentos de refugiados, y el pa\u00eds tenga participaci\u00f3n directa en la\u2026","rel":"","context":"En \u00abPORTADA\u00bb","block_context":{"text":"PORTADA","link":"https:\/\/lasprimeras.com.do\/index.php\/category\/portada\/"},"img":{"alt_text":"Luis Acosta Moreta","src":"https:\/\/i0.wp.com\/lasprimeras.com.do\/wp-content\/uploads\/2024\/02\/Luis-Acosta-Moreta-33.jpg?resize=350%2C200&ssl=1","width":350,"height":200,"srcset":"https:\/\/i0.wp.com\/lasprimeras.com.do\/wp-content\/uploads\/2024\/02\/Luis-Acosta-Moreta-33.jpg?resize=350%2C200&ssl=1 1x, https:\/\/i0.wp.com\/lasprimeras.com.do\/wp-content\/uploads\/2024\/02\/Luis-Acosta-Moreta-33.jpg?resize=525%2C300&ssl=1 1.5x"},"classes":[]},{"id":101867,"url":"https:\/\/lasprimeras.com.do\/index.php\/2025\/06\/26\/abinader-se-reune-con-el-expresidente-danilo-medina-para-fortalecer-posicion-unificada-ante-crisis-haitiana\/","url_meta":{"origin":48621,"position":2},"title":"Abinader se re\u00fane con el expresidente Danilo Medina para fortalecer posici\u00f3n unificada ante crisis haitiana","author":"Nelson Feliz","date":"26 de junio de 2025","format":false,"excerpt":"El presidente de la Rep\u00fablica, Luis Abinader, sostuvo este jueves una reuni\u00f3n de alto nivel con el expresidente Danilo Medina, en la Casa Presidencial del Partido de la Liberaci\u00f3n Dominicana (PLD), con el objetivo de continuar el di\u00e1logo nacional en torno a la crisis que atraviesa Hait\u00ed y avanzar hacia\u2026","rel":"","context":"En \u00abPOLITICA\u00bb","block_context":{"text":"POLITICA","link":"https:\/\/lasprimeras.com.do\/index.php\/category\/politica\/"},"img":{"alt_text":"","src":"https:\/\/i0.wp.com\/lasprimeras.com.do\/wp-content\/uploads\/2025\/06\/Luis-Abinader-y-Danilo-Medina.jpg?resize=350%2C200&ssl=1","width":350,"height":200,"srcset":"https:\/\/i0.wp.com\/lasprimeras.com.do\/wp-content\/uploads\/2025\/06\/Luis-Abinader-y-Danilo-Medina.jpg?resize=350%2C200&ssl=1 1x, https:\/\/i0.wp.com\/lasprimeras.com.do\/wp-content\/uploads\/2025\/06\/Luis-Abinader-y-Danilo-Medina.jpg?resize=525%2C300&ssl=1 1.5x, https:\/\/i0.wp.com\/lasprimeras.com.do\/wp-content\/uploads\/2025\/06\/Luis-Abinader-y-Danilo-Medina.jpg?resize=700%2C400&ssl=1 2x"},"classes":[]},{"id":108593,"url":"https:\/\/lasprimeras.com.do\/index.php\/2025\/09\/08\/abinader-reacciona-a-salida-de-policias-de-kenia-de-haiti-seguiremos-pidiendo-ayuda\/","url_meta":{"origin":48621,"position":3},"title":"Abinader reacciona a salida de polic\u00edas de Kenia de Hait\u00ed: &#8220;Seguiremos pidiendo ayuda&#8221;","author":"Nelson Feliz","date":"8 de septiembre de 2025","format":false,"excerpt":"Dijo que en septiembre volver\u00e1 a la ONU y llamar\u00e1 la atenci\u00f3n sobre el abandono de la comunidad internacional a Hait\u00ed. La Rep\u00fablica Dominicana tendr\u00e1 que adaptarse a la situaci\u00f3n que se presente en Hait\u00ed tras la salida de la misi\u00f3n de seguridad que encabeza Kenia, pautada para fin de\u2026","rel":"","context":"En \u00abNACIONALES\u00bb","block_context":{"text":"NACIONALES","link":"https:\/\/lasprimeras.com.do\/index.php\/category\/nacionales\/"},"img":{"alt_text":"","src":"https:\/\/i0.wp.com\/lasprimeras.com.do\/wp-content\/uploads\/2025\/09\/Policias-de-Kenia-en-la-mision-de-estabilizacion-en-Haiti.jpg?resize=350%2C200&ssl=1","width":350,"height":200,"srcset":"https:\/\/i0.wp.com\/lasprimeras.com.do\/wp-content\/uploads\/2025\/09\/Policias-de-Kenia-en-la-mision-de-estabilizacion-en-Haiti.jpg?resize=350%2C200&ssl=1 1x, https:\/\/i0.wp.com\/lasprimeras.com.do\/wp-content\/uploads\/2025\/09\/Policias-de-Kenia-en-la-mision-de-estabilizacion-en-Haiti.jpg?resize=525%2C300&ssl=1 1.5x, https:\/\/i0.wp.com\/lasprimeras.com.do\/wp-content\/uploads\/2025\/09\/Policias-de-Kenia-en-la-mision-de-estabilizacion-en-Haiti.jpg?resize=700%2C400&ssl=1 2x"},"classes":[]},{"id":76744,"url":"https:\/\/lasprimeras.com.do\/index.php\/2024\/02\/14\/luis-el-gallo-dice-discurso-abinader-en-onu-fue-valiente-patriotico-y-nacionalista\/","url_meta":{"origin":48621,"position":4},"title":"Luis \u201cEl Gallo\u201d dice discurso Abinader en ONU fue valiente, patri\u00f3tico y nacionalista","author":"Nelson Feliz","date":"14 de febrero de 2024","format":false,"excerpt":"La Uni\u00f3n Dem\u00f3crata Cristiana -UDC- y su l\u00edder Luis Acosta Moreta, Luis \u201cEl Gallo\u201d, saludaron hoy la forma valiente, firme, y patri\u00f3tica en que el presidente Luis Abinader defendi\u00f3 los intereses nacionales, ante el Consejo de Seguridad de las Naciones Unidas, donde habl\u00f3 claro sobre la crisis haitiana. Enfatiz\u00f3 que\u2026","rel":"","context":"En \u00abPORTADA\u00bb","block_context":{"text":"PORTADA","link":"https:\/\/lasprimeras.com.do\/index.php\/category\/portada\/"},"img":{"alt_text":"Luis Abinader","src":"https:\/\/i0.wp.com\/lasprimeras.com.do\/wp-content\/uploads\/2024\/02\/Luis-Abinader-5.jpg?resize=350%2C200&ssl=1","width":350,"height":200,"srcset":"https:\/\/i0.wp.com\/lasprimeras.com.do\/wp-content\/uploads\/2024\/02\/Luis-Abinader-5.jpg?resize=350%2C200&ssl=1 1x, https:\/\/i0.wp.com\/lasprimeras.com.do\/wp-content\/uploads\/2024\/02\/Luis-Abinader-5.jpg?resize=525%2C300&ssl=1 1.5x, https:\/\/i0.wp.com\/lasprimeras.com.do\/wp-content\/uploads\/2024\/02\/Luis-Abinader-5.jpg?resize=700%2C400&ssl=1 2x"},"classes":[]},{"id":102420,"url":"https:\/\/lasprimeras.com.do\/index.php\/2025\/07\/04\/luis-abinader-y-la-crisis-haitiana-una-llamada-ineludible-a-la-responsabilidad-internacional\/","url_meta":{"origin":48621,"position":5},"title":"Luis Abinader y la Crisis Haitiana: Una Llamada Ineludible a la Responsabilidad Internacional","author":"Nelson Feliz","date":"4 de julio de 2025","format":false,"excerpt":"Por Darwin Feliz Matos En el contexto m\u00e1s cr\u00edtico de la historia reciente de Hait\u00ed, el presidente dominicano Luis Abinader ha adoptado una postura firme, propositiva y profundamente patri\u00f3tica frente a una realidad que ya no admite matices: \u201cHait\u00ed es una bomba de tiempo\u201d. La descomposici\u00f3n institucional, el dominio absoluto\u2026","rel":"","context":"En \u00abOPINI\u00d3N\u00bb","block_context":{"text":"OPINI\u00d3N","link":"https:\/\/lasprimeras.com.do\/index.php\/category\/opinion\/"},"img":{"alt_text":"","src":"https:\/\/i0.wp.com\/lasprimeras.com.do\/wp-content\/uploads\/2025\/07\/AbinaderLaFronteracd40d7.jpg?resize=350%2C200&ssl=1","width":350,"height":200,"srcset":"https:\/\/i0.wp.com\/lasprimeras.com.do\/wp-content\/uploads\/2025\/07\/AbinaderLaFronteracd40d7.jpg?resize=350%2C200&ssl=1 1x, https:\/\/i0.wp.com\/lasprimeras.com.do\/wp-content\/uploads\/2025\/07\/AbinaderLaFronteracd40d7.jpg?resize=525%2C300&ssl=1 1.5x, https:\/\/i0.wp.com\/lasprimeras.com.do\/wp-content\/uploads\/2025\/07\/AbinaderLaFronteracd40d7.jpg?resize=700%2C400&ssl=1 2x"},"classes":[]}],"jetpack_sharing_enabled":true,"_links":{"self":[{"href":"https:\/\/lasprimeras.com.do\/index.php\/wp-json\/wp\/v2\/posts\/48621","targetHints":{"allow":["GET"]}}],"collection":[{"href":"https:\/\/lasprimeras.com.do\/index.php\/wp-json\/wp\/v2\/posts"}],"about":[{"href":"https:\/\/lasprimeras.com.do\/index.php\/wp-json\/wp\/v2\/types\/post"}],"author":[{"embeddable":true,"href":"https:\/\/lasprimeras.com.do\/index.php\/wp-json\/wp\/v2\/users\/1"}],"replies":[{"embeddable":true,"href":"https:\/\/lasprimeras.com.do\/index.php\/wp-json\/wp\/v2\/comments?post=48621"}],"version-history":[{"count":0,"href":"https:\/\/lasprimeras.com.do\/index.php\/wp-json\/wp\/v2\/posts\/48621\/revisions"}],"wp:featuredmedia":[{"embeddable":true,"href":"https:\/\/lasprimeras.com.do\/index.php\/wp-json\/"}],"wp:attachment":[{"href":"https:\/\/lasprimeras.com.do\/index.php\/wp-json\/wp\/v2\/media?parent=48621"}],"wp:term":[{"taxonomy":"category","embeddable":true,"href":"https:\/\/lasprimeras.com.do\/index.php\/wp-json\/wp\/v2\/categories?post=48621"},{"taxonomy":"post_tag","embeddable":true,"href":"https:\/\/lasprimeras.com.do\/index.php\/wp-json\/wp\/v2\/tags?post=48621"}],"curies":[{"name":"wp","href":"https:\/\/api.w.org\/{rel}","templated":true}]}}