{"id":48635,"date":"2023-05-02T21:04:51","date_gmt":"2023-05-03T01:04:51","guid":{"rendered":"https:\/\/atento.com.do\/?p=48635"},"modified":"2023-05-02T21:04:51","modified_gmt":"2023-05-03T01:04:51","slug":"presidente-abinader-viaja-este-miercoles-a-londres","status":"publish","type":"post","link":"https:\/\/lasprimeras.com.do\/index.php\/2023\/05\/02\/presidente-abinader-viaja-este-miercoles-a-londres\/","title":{"rendered":"Presidente Abinader viaja este mi\u00e9rcoles a Londres"},"content":{"rendered":"\n<p>Mandatario fue invitado a Coronaci\u00f3n del Rey Carlos III, y la Reina Consorte Camila.<\/p>\n\n\n\n<p>Por Wilson P\u00e9rrez<\/p>\n\n\n\n<p><strong>SANTO DOMINGO.-.<\/strong>El presidente Luis Abinader viajar\u00e1 este mi\u00e9rcoles a Londres, Inglaterra, para participar de los actos donde ser\u00e1n coronados el Rey Carlos III y la Reina Consorte Camila.<\/p>\n\n\n\n<p>El mandatario saldr\u00e1 al mediod\u00eda en compa\u00f1\u00eda de la Primera Dama, Raquel Arbaje, v\u00eda Miami, para tomar un vuelo directo y llegar a Londres en horas de la ma\u00f1ana del jueves.<\/p>\n\n\n\n<p>El viernes el presidente Abinader inicia su agenda oficial con un desayuno, en Lancaster House, que ofrece la Familia Real a los representantes de los Estados Insulares.<\/p>\n\n\n\n<p>A las 5:00 de la tarde ser\u00e1 la recepci\u00f3n que se ofrece a las delegaciones internacionales, en el Palacio de Buckingham, encabezada por su Majestad el Rey Carlos III y su Majestad la Reina Consorte. El mandatario dominicano estar\u00e1 acompa\u00f1ado por la Primera Dama.<\/p>\n\n\n\n<p>El s\u00e1bado 6, d\u00eda de la Coronaci\u00f3n, el presidente Abinader y la Primera Dama, se trasladan al recinto Church House, y luego pasan a Westminster Abby, donde tendr\u00e1 lugar la ceremonia.<\/p>\n\n\n\n<p>Al t\u00e9rmino de la ceremonia, los invitados asistir\u00e1n a un almuerzo presidido por el secretario de Relaciones Exteriores del Reino Unido y otros altos funcionarios.<\/p>\n\n\n\n<p>El presidente Abinader y la Primera Dama, regresan al pa\u00eds el domingo 7, en horas de la noche.<\/p>\n\n\n\n<p>Adem\u00e1s de la Primera Dama, acompa\u00f1an al presidente Abinader el director del CUSEP y jefe de la escolta, general ERD, Jimmy Arias Grull\u00f3n; su asistente y jefa del Despacho Presidencial, Lourdes Herrera; Eilyn Beltran, jefe de Gabinete de la presidencia; y el jefe de Prensa del presidente, periodista Daniel Garcia Archibald.<\/p>\n\n\n\n<p>Las relaciones bilaterales y comerciales entre Inglaterra y Rep\u00fablica Dominicana, datan del 29 de agosto 1848. En 1950 ambas naciones suscriben el primer Acuerdo Sobre Amistad, Comercio y Navegaci\u00f3n .<\/p>\n\n\n\n<p>El Reino Unido logr\u00f3 el control de casi todo el comercio exterior dominicano desplazando del mercado a Estados Unidos, mientras comenzaron a llegar los bienes y capitales brit\u00e1nicos a nuestra econom\u00eda, tales como maquinarias, ropas, textiles, herramientas, medicinas y productos qu\u00edmicos.<\/p>\n\n\n\n<p>En la actualidad, El Reino Unido es el principal mercado de banano convencional fairtrade para la Rep\u00fablica Dominicana.<\/p>\n","protected":false},"excerpt":{"rendered":"<p>Mandatario fue invitado a Coronaci\u00f3n del Rey Carlos III, y la Reina Consorte Camila. Por Wilson P\u00e9rrez SANTO DOMINGO.-.El presidente Luis Abinader viajar\u00e1 este mi\u00e9rcoles a Londres, Inglaterra, para participar&hellip;<\/p>\n","protected":false},"author":1,"featured_media":48636,"comment_status":"open","ping_status":"open","sticky":false,"template":"","format":"standard","meta":{"content-type":"","jetpack_post_was_ever_published":false,"_jetpack_newsletter_access":"","_jetpack_dont_email_post_to_subs":false,"_jetpack_newsletter_tier_id":0,"_jetpack_memberships_contains_paywalled_content":false,"_jetpack_memberships_contains_paid_content":false,"footnotes":""},"categories":[35,25],"tags":[278,67,279],"class_list":["post-48635","post","type-post","status-publish","format-standard","has-post-thumbnail","hentry","category-nacionales","category-portada","tag-londres","tag-luis-abinader","tag-viaja"],"jetpack_featured_media_url":"","jetpack-related-posts":[{"id":48805,"url":"https:\/\/lasprimeras.com.do\/index.php\/2023\/05\/03\/presidente-abinader-viaja-este-miercoles-a-londres-2\/","url_meta":{"origin":48635,"position":0},"title":"Presidente Abinader viaja este mi\u00e9rcoles a Londres","author":"prenxa100","date":"3 de mayo de 2023","format":false,"excerpt":"Por Wilson P\u00e9rez Santo Domingo.- El presidente Luis Abinader viajar\u00e1 este mi\u00e9rcoles a Londres, Inglaterra, para participar de los actos donde ser\u00e1n coronados el rey Carlos III y la reina consorte Camila. El mandatario saldr\u00e1 al mediod\u00eda en compa\u00f1\u00eda de la primera dama, Raquel Arbaje, v\u00eda Miami, para tomar un\u2026","rel":"","context":"En \u00abNACIONALES\u00bb","block_context":{"text":"NACIONALES","link":"https:\/\/lasprimeras.com.do\/index.php\/category\/nacionales\/"},"img":{"alt_text":"","src":"","width":0,"height":0},"classes":[]},{"id":48802,"url":"https:\/\/lasprimeras.com.do\/index.php\/2023\/05\/04\/abinader-llega-a-londres-para-participar-en-actos-de-coronacion-del-rey-carlos-iii\/","url_meta":{"origin":48635,"position":1},"title":"Abinader llega a Londres para participar en actos de coronaci\u00f3n del rey Carlos III","author":"prenxa100","date":"4 de mayo de 2023","format":false,"excerpt":"Por Wilson P\u00e9rez Londres. - El presidente Luis Abinader lleg\u00f3 a Londres, Inglaterra, alrededor de las 9 de la ma\u00f1ana de este jueves para participar de los actos donde ser\u00e1n coronados el rey Carlos III y la reina consorte Camila. El mandatario viaj\u00f3 en compa\u00f1\u00eda de la primera dama, Raquel\u2026","rel":"","context":"En \u00abPORTADA\u00bb","block_context":{"text":"PORTADA","link":"https:\/\/lasprimeras.com.do\/index.php\/category\/portada\/"},"img":{"alt_text":"","src":"","width":0,"height":0},"classes":[]},{"id":49144,"url":"https:\/\/lasprimeras.com.do\/index.php\/2023\/05\/08\/presidente-abinader-regresa-al-pais-tras-participar-en-coronacion-del-rey-de-carlos-iii\/","url_meta":{"origin":48635,"position":2},"title":"Presidente Abinader regresa al pa\u00eds tras participar en coronaci\u00f3n del rey de Carlos III","author":"prenxa100","date":"8 de mayo de 2023","format":false,"excerpt":"Por Wilson P\u00e9rez Santo Domingo.- El Presidente Luis Abinader retorn\u00f3 al pa\u00eds la noche de este domingo luego de su participaci\u00f3n en la coronaci\u00f3n de sus majestades, el rey Carlos III y la reina consorte Camila como monarca del Reino Unido y soberano de los otros catorce reinos que forman\u2026","rel":"","context":"En \u00abNACIONALES\u00bb","block_context":{"text":"NACIONALES","link":"https:\/\/lasprimeras.com.do\/index.php\/category\/nacionales\/"},"img":{"alt_text":"","src":"","width":0,"height":0},"classes":[]},{"id":48991,"url":"https:\/\/lasprimeras.com.do\/index.php\/2023\/05\/06\/abinader-se-convirtio-en-el-primer-presidente-en-asistir-a-la-coronacion-de-un-monarca\/","url_meta":{"origin":48635,"position":3},"title":"Abinader se convirti\u00f3 en el primer presidente en asistir a la coronaci\u00f3n de un Monarca","author":"prenxa100","date":"6 de mayo de 2023","format":false,"excerpt":"Por Wilson P\u00e9rez Londres. - El Presidente Luis Abinader se convirti\u00f3 en el primer Jefe de Estado dominicano en participar en la ceremonia de coronaci\u00f3n de un Monarca. La asistencia del primer mandatario de la naci\u00f3n a la coronaci\u00f3n de sus Majestades el Rey Carlos III y la Reina Consorte\u2026","rel":"","context":"En \u00abNACIONALES\u00bb","block_context":{"text":"NACIONALES","link":"https:\/\/lasprimeras.com.do\/index.php\/category\/nacionales\/"},"img":{"alt_text":"","src":"","width":0,"height":0},"classes":[]},{"id":74775,"url":"https:\/\/lasprimeras.com.do\/index.php\/2024\/01\/26\/ingresan-a-rey-carlos-iii-para-ser-operado\/","url_meta":{"origin":48635,"position":4},"title":"Ingresan a rey Carlos III para ser operado","author":"BIMARY DE JES\u00daS Matos","date":"26 de enero de 2024","format":false,"excerpt":"Londres.- El rey brit\u00e1nico, Carlos III, ha ingresado este viernes en un hospital de Londres para ser intervenido de un agrandamiento de la pr\u00f3stata, inform\u00f3 el Palacio de Buckingham en un comunicado. Seg\u00fan la nota de la Casa Real, el monarca est\u00e1 satisfecho de ver que su diagn\u00f3stico ha tenido\u2026","rel":"","context":"En \u00abSin categor\u00eda\u00bb","block_context":{"text":"Sin categor\u00eda","link":"https:\/\/lasprimeras.com.do\/index.php\/category\/sin-categoria\/"},"img":{"alt_text":"","src":"https:\/\/i0.wp.com\/lasprimeras.com.do\/wp-content\/uploads\/2024\/01\/WhatsApp-Image-2024-01-25-at-1.43.19-PM.webp?resize=350%2C200&ssl=1","width":350,"height":200,"srcset":"https:\/\/i0.wp.com\/lasprimeras.com.do\/wp-content\/uploads\/2024\/01\/WhatsApp-Image-2024-01-25-at-1.43.19-PM.webp?resize=350%2C200&ssl=1 1x, https:\/\/i0.wp.com\/lasprimeras.com.do\/wp-content\/uploads\/2024\/01\/WhatsApp-Image-2024-01-25-at-1.43.19-PM.webp?resize=525%2C300&ssl=1 1.5x"},"classes":[]},{"id":74879,"url":"https:\/\/lasprimeras.com.do\/index.php\/2024\/01\/27\/el-rey-carlos-iii-se-encuentra-bien-tras-ser-operado-de-la-prostata\/","url_meta":{"origin":48635,"position":5},"title":"El rey Carlos III se encuentra &#8220;bien&#8221; tras ser operado de la pr\u00f3stata","author":"BIMARY DE JES\u00daS Matos","date":"27 de enero de 2024","format":false,"excerpt":"Londres.- El rey Carlos III se encuentra \u00abbien\u00bb tras haber sido sometido a una intervenci\u00f3n para tratar un agrandamiento de la pr\u00f3stata, informaron los medios brit\u00e1nicos. El jefe de Estado ingres\u00f3 esta ma\u00f1ana en el hospital London Clinic (centro de Londres), en el que la semana pasada tambi\u00e9n fue operada\u2026","rel":"","context":"En \u00abSin categor\u00eda\u00bb","block_context":{"text":"Sin categor\u00eda","link":"https:\/\/lasprimeras.com.do\/index.php\/category\/sin-categoria\/"},"img":{"alt_text":"","src":"https:\/\/i0.wp.com\/lasprimeras.com.do\/wp-content\/uploads\/2024\/01\/ELNACIONAL_0020046883-1024x683-2.webp?resize=350%2C200&ssl=1","width":350,"height":200,"srcset":"https:\/\/i0.wp.com\/lasprimeras.com.do\/wp-content\/uploads\/2024\/01\/ELNACIONAL_0020046883-1024x683-2.webp?resize=350%2C200&ssl=1 1x, https:\/\/i0.wp.com\/lasprimeras.com.do\/wp-content\/uploads\/2024\/01\/ELNACIONAL_0020046883-1024x683-2.webp?resize=525%2C300&ssl=1 1.5x, https:\/\/i0.wp.com\/lasprimeras.com.do\/wp-content\/uploads\/2024\/01\/ELNACIONAL_0020046883-1024x683-2.webp?resize=700%2C400&ssl=1 2x, https:\/\/i0.wp.com\/lasprimeras.com.do\/wp-content\/uploads\/2024\/01\/ELNACIONAL_0020046883-1024x683-2.webp?resize=1050%2C600&ssl=1 3x"},"classes":[]}],"jetpack_sharing_enabled":true,"_links":{"self":[{"href":"https:\/\/lasprimeras.com.do\/index.php\/wp-json\/wp\/v2\/posts\/48635","targetHints":{"allow":["GET"]}}],"collection":[{"href":"https:\/\/lasprimeras.com.do\/index.php\/wp-json\/wp\/v2\/posts"}],"about":[{"href":"https:\/\/lasprimeras.com.do\/index.php\/wp-json\/wp\/v2\/types\/post"}],"author":[{"embeddable":true,"href":"https:\/\/lasprimeras.com.do\/index.php\/wp-json\/wp\/v2\/users\/1"}],"replies":[{"embeddable":true,"href":"https:\/\/lasprimeras.com.do\/index.php\/wp-json\/wp\/v2\/comments?post=48635"}],"version-history":[{"count":0,"href":"https:\/\/lasprimeras.com.do\/index.php\/wp-json\/wp\/v2\/posts\/48635\/revisions"}],"wp:featuredmedia":[{"embeddable":true,"href":"https:\/\/lasprimeras.com.do\/index.php\/wp-json\/"}],"wp:attachment":[{"href":"https:\/\/lasprimeras.com.do\/index.php\/wp-json\/wp\/v2\/media?parent=48635"}],"wp:term":[{"taxonomy":"category","embeddable":true,"href":"https:\/\/lasprimeras.com.do\/index.php\/wp-json\/wp\/v2\/categories?post=48635"},{"taxonomy":"post_tag","embeddable":true,"href":"https:\/\/lasprimeras.com.do\/index.php\/wp-json\/wp\/v2\/tags?post=48635"}],"curies":[{"name":"wp","href":"https:\/\/api.w.org\/{rel}","templated":true}]}}