{"id":48652,"date":"2023-05-02T22:13:07","date_gmt":"2023-05-03T02:13:07","guid":{"rendered":"https:\/\/atento.com.do\/?p=48652"},"modified":"2023-05-02T22:13:07","modified_gmt":"2023-05-03T02:13:07","slug":"unicaribe-apertura-maestria-en-comunicacion-politica-y-marketing-digital-del-pais","status":"publish","type":"post","link":"https:\/\/lasprimeras.com.do\/index.php\/2023\/05\/02\/unicaribe-apertura-maestria-en-comunicacion-politica-y-marketing-digital-del-pais\/","title":{"rendered":"UNICARIBE apertura maestr\u00eda en \u201cComunicaci\u00f3n Pol\u00edtica y Marketing Digital\u201d del pa\u00eds\u00a0"},"content":{"rendered":"\n<p>\u00a0<br><strong>Santo Domingo.- .<\/strong> La Universidad del Caribe (UNICARIBE) apertur\u00f3 formalmente la maestr\u00eda \u201cComunicaci\u00f3n Pol\u00edtica y Marketing Digital\u201d, este programa es el primero en su clase en el pa\u00eds, y es el resultado de una alianza entre UNICARIBE, la Universidad de Lleida y Next Educaci\u00f3n, prestigioso centro de educaci\u00f3n superior, con sede en Madrid, Espa\u00f1a.<br>\u00a0<br>El acto estuvo encabezado por el ministro de Educaci\u00f3n Superior, Ciencia y Tecnolog\u00eda, Franklin Garc\u00eda Ferm\u00edn, quien destac\u00f3 la labor de UNICARIBE y ofreci\u00f3 su apoyo para esta maestr\u00eda tan pertinente, sin importar banderas pol\u00edticas.<br>\u00a0<br>De su lado, el rector de UNICARIBE, Dr. Emilio M\u00ednguez, expres\u00f3 que la comunicaci\u00f3n pol\u00edtica es sumamente muy importante en los momentos actuales, debido a que hay muchos dirigentes pol\u00edticos y empresariales que no cuentan con las habilidades necesarias para comunicar sus planes estrat\u00e9gicos.<br>\u00a0<br>\u201cPor primera vez, UNICARIBE brinda la oportunidad para que los actores con dedicaci\u00f3n en la pol\u00edtica adquieran conocimientos avanzados sobre competencias y habilidades que les permitan alcanzar la excelencia en el \u00e1mbito pol\u00edtico, a trav\u00e9s de la comunicaci\u00f3n, la estrategia y el uso del Marketing digital, gracias a esta importante alianza con la Universidad de Lleida en Espa\u00f1a y la instituci\u00f3n Next Education, que ofrecer\u00e1 a nuestros estudiantes la oportunidad de contar con una doble titulaci\u00f3n universitaria\u201d, expres\u00f3 la coordinadora de este m\u00e1ster, Altagracia Tav\u00e1rez.<br>\u00a0<br>\u201cEs un placer estar en el punto de salida de esta maestr\u00eda. Me complace mucho encontrarme en este momento tan oportuno, debido a que se acerca un proceso electoral en Rep\u00fablica Dominicana, y a la vez complejo, porque cada d\u00eda existen elementos nuevos como la inteligencia artificial que cambian los paradigmas de todo\u201d, dijo Manuel Campo Vidal, presidente de Next Education.<br>\u00a0<br>Para Campo Vidal, la virtud de esta nueva maestr\u00eda es renovarse directamente, que los profesores sean personas que ense\u00f1an de aquello que trabajan o han trabajado durante mucho tiempo. Que exista pluralidad y sobre todo vinculaci\u00f3n con la actualidad. \u201cEsto (la educaci\u00f3n de hoy) es algo vivo y constante\u201d, expres\u00f3.<br>\u00a0<br>La apertura del m\u00e1ster incluy\u00f3 la exposici\u00f3n magistral \u201cLos retos de comunicar en la sociedad digital del siglo XXI\u201d, a cargo del experimentado periodista espa\u00f1ol Manuel Campo Vidal.<br>\u00a0<br>Para los interesados en formar, pr\u00f3ximamente se estar\u00e1n ofreciendo nuevos planes de estudios con esta maestr\u00eda en Comunicaci\u00f3n Pol\u00edtica y Marketing Digital.<br>\u00a0<br>En dicha apertura, tambi\u00e9n, estuvieron presentes canciller de UNICARIBE, Mtro. Jos\u00e9 Alejandro Aybar; la vicerrectora ejecutiva, Zoraima Cuello, y una representaci\u00f3n importante de los principales partidos pol\u00edticos del pa\u00eds y personalidades clave de la vida p\u00fablica.<\/p>\n","protected":false},"excerpt":{"rendered":"<p>\u00a0Santo Domingo.- . La Universidad del Caribe (UNICARIBE) apertur\u00f3 formalmente la maestr\u00eda \u201cComunicaci\u00f3n Pol\u00edtica y Marketing Digital\u201d, este programa es el primero en su clase en el pa\u00eds, y es&hellip;<\/p>\n","protected":false},"author":1,"featured_media":48654,"comment_status":"open","ping_status":"open","sticky":false,"template":"","format":"standard","meta":{"content-type":"","jetpack_post_was_ever_published":false,"_jetpack_newsletter_access":"","_jetpack_dont_email_post_to_subs":false,"_jetpack_newsletter_tier_id":0,"_jetpack_memberships_contains_paywalled_content":false,"_jetpack_memberships_contains_paid_content":false,"footnotes":""},"categories":[35],"tags":[298,299,300,301,52,302],"class_list":["post-48652","post","type-post","status-publish","format-standard","has-post-thumbnail","hentry","category-nacionales","tag-comunicacion","tag-digital","tag-maestria","tag-marketing","tag-politica-2","tag-unicaribe"],"jetpack_featured_media_url":"","jetpack-related-posts":[{"id":106226,"url":"https:\/\/lasprimeras.com.do\/index.php\/2025\/08\/12\/instituto-de-formacion-juan-bosch-y-unicaribe-firman-un-acuerdo-de-colaboracion\/","url_meta":{"origin":48652,"position":0},"title":"Instituto de Formaci\u00f3n Juan Bosch y UNICARIBE firman un acuerdo de colaboraci\u00f3n","author":"Nelson Feliz","date":"12 de agosto de 2025","format":false,"excerpt":"Programas de grado, postgrado, maestr\u00edas, diplomados, talleres, seminarios y conferencias en la Formaci\u00f3n Pol\u00edtica del PLD. El Instituto de Formaci\u00f3n Pol\u00edtica Profesor Juan Bosch del Partido de la Liberaci\u00f3n (PLD) y la Universidad del Caribe (UNICARIBE) firmaron un acuerdo de colaboraci\u00f3n acad\u00e9mica, orientado a fortalecer la formaci\u00f3n, investigaci\u00f3n y certificaci\u00f3n\u2026","rel":"","context":"En \u00abPOLITICA\u00bb","block_context":{"text":"POLITICA","link":"https:\/\/lasprimeras.com.do\/index.php\/category\/politica\/"},"img":{"alt_text":"","src":"https:\/\/i0.wp.com\/lasprimeras.com.do\/wp-content\/uploads\/2025\/08\/Alejandrina-German-Jose-Alejandro-Aybar-y-Johnny-Pujols.jpg?resize=350%2C200&ssl=1","width":350,"height":200,"srcset":"https:\/\/i0.wp.com\/lasprimeras.com.do\/wp-content\/uploads\/2025\/08\/Alejandrina-German-Jose-Alejandro-Aybar-y-Johnny-Pujols.jpg?resize=350%2C200&ssl=1 1x, https:\/\/i0.wp.com\/lasprimeras.com.do\/wp-content\/uploads\/2025\/08\/Alejandrina-German-Jose-Alejandro-Aybar-y-Johnny-Pujols.jpg?resize=525%2C300&ssl=1 1.5x, https:\/\/i0.wp.com\/lasprimeras.com.do\/wp-content\/uploads\/2025\/08\/Alejandrina-German-Jose-Alejandro-Aybar-y-Johnny-Pujols.jpg?resize=700%2C400&ssl=1 2x"},"classes":[]},{"id":108383,"url":"https:\/\/lasprimeras.com.do\/index.php\/2025\/09\/05\/mescyt-entrega-mas-de-200-becas-a-jovenes-de-universidad-del-caribe\/","url_meta":{"origin":48652,"position":1},"title":"MESCyT entrega m\u00e1s de 200 becas a j\u00f3venes de Universidad del Caribe","author":"Nelson Feliz","date":"5 de septiembre de 2025","format":false,"excerpt":"El Gobierno dominicano, a trav\u00e9s del Ministerio de Educaci\u00f3n Superior, Ciencia y Tecnolog\u00eda (Mescyt), otorg\u00f3 este jueves 214 becas a j\u00f3venes sobresalientes en un acto celebrado en la Universidad del Caribe (UNICARIBE). Este programa gubernamental, tiene como prop\u00f3sito apoyar a la juventud dominicana en su formaci\u00f3n profesional, reconociendo el esfuerzo,\u2026","rel":"","context":"En \u00abNACIONALES\u00bb","block_context":{"text":"NACIONALES","link":"https:\/\/lasprimeras.com.do\/index.php\/category\/nacionales\/"},"img":{"alt_text":"","src":"https:\/\/i0.wp.com\/lasprimeras.com.do\/wp-content\/uploads\/2025\/09\/Franklin-Garcia-Fermin-2.jpg?resize=350%2C200&ssl=1","width":350,"height":200,"srcset":"https:\/\/i0.wp.com\/lasprimeras.com.do\/wp-content\/uploads\/2025\/09\/Franklin-Garcia-Fermin-2.jpg?resize=350%2C200&ssl=1 1x, https:\/\/i0.wp.com\/lasprimeras.com.do\/wp-content\/uploads\/2025\/09\/Franklin-Garcia-Fermin-2.jpg?resize=525%2C300&ssl=1 1.5x, https:\/\/i0.wp.com\/lasprimeras.com.do\/wp-content\/uploads\/2025\/09\/Franklin-Garcia-Fermin-2.jpg?resize=700%2C400&ssl=1 2x"},"classes":[]},{"id":66080,"url":"https:\/\/lasprimeras.com.do\/index.php\/2023\/11\/02\/unicaribe-y-tec-de-monterrey-lanzan-maestria-pionera-en-ia-para-republica-dominicana\/","url_meta":{"origin":48652,"position":2},"title":"UNICARIBE y TEC de Monterrey lanzan Maestr\u00eda Pionera en IA para Rep\u00fablica Dominicana","author":"Nelson Feliz","date":"2 de noviembre de 2023","format":false,"excerpt":"\u201cProfesionales de cualquier sector interesados en fortalecer sus habilidades y conocimientos en IA para impulsar soluciones basadas en tecnolog\u00edas emergentes son bienvenidos a postularse\u201d, indica un comunicado oficial de UNICARIBE. Por Rose Mary Santana Monterrey, M\u00e9xico - UNICARIBE y el Instituto Tecnol\u00f3gico de Monterrey, l\u00edder en Am\u00e9rica Latina con su\u2026","rel":"","context":"En \u00abSin categor\u00eda\u00bb","block_context":{"text":"Sin categor\u00eda","link":"https:\/\/lasprimeras.com.do\/index.php\/category\/sin-categoria\/"},"img":{"alt_text":"Visita Tec de Monterrey","src":"https:\/\/i0.wp.com\/lasprimeras.com.do\/wp-content\/uploads\/2023\/11\/DOS.jpg?resize=350%2C200&ssl=1","width":350,"height":200,"srcset":"https:\/\/i0.wp.com\/lasprimeras.com.do\/wp-content\/uploads\/2023\/11\/DOS.jpg?resize=350%2C200&ssl=1 1x, https:\/\/i0.wp.com\/lasprimeras.com.do\/wp-content\/uploads\/2023\/11\/DOS.jpg?resize=525%2C300&ssl=1 1.5x, https:\/\/i0.wp.com\/lasprimeras.com.do\/wp-content\/uploads\/2023\/11\/DOS.jpg?resize=700%2C400&ssl=1 2x"},"classes":[]},{"id":114845,"url":"https:\/\/lasprimeras.com.do\/index.php\/2025\/11\/17\/unicaribe-presenta-nuevo-rector-2025-2027-y-reafirma-su-compromiso-con-la-innovacion-educativa\/","url_meta":{"origin":48652,"position":3},"title":"UNICARIBE presenta nuevo Rector 2025\u20132027 y reafirma su compromiso con la innovaci\u00f3n educativa","author":"Nelson Feliz","date":"17 de noviembre de 2025","format":false,"excerpt":"Durante el acto se reconoci\u00f3 la trayectoria del rector saliente, Dr. Emilio M\u00ednguez, destacando sus 50 a\u00f1os de experiencia docente y liderazgo acad\u00e9mico, y se ofreci\u00f3 la bienvenida al Dr. Ricardo A. Ram\u00edrez Mendoza como nuevo rector. La Universidad del Caribe (UNICARIBE) realiz\u00f3 un acto solemne, acompa\u00f1ado de autoridades acad\u00e9micas,\u2026","rel":"","context":"En \u00abNACIONALES\u00bb","block_context":{"text":"NACIONALES","link":"https:\/\/lasprimeras.com.do\/index.php\/category\/nacionales\/"},"img":{"alt_text":"","src":"https:\/\/i0.wp.com\/lasprimeras.com.do\/wp-content\/uploads\/2025\/11\/Ricardo-A.-Ramirez-Mendoza.jpg?resize=350%2C200&ssl=1","width":350,"height":200,"srcset":"https:\/\/i0.wp.com\/lasprimeras.com.do\/wp-content\/uploads\/2025\/11\/Ricardo-A.-Ramirez-Mendoza.jpg?resize=350%2C200&ssl=1 1x, https:\/\/i0.wp.com\/lasprimeras.com.do\/wp-content\/uploads\/2025\/11\/Ricardo-A.-Ramirez-Mendoza.jpg?resize=525%2C300&ssl=1 1.5x, https:\/\/i0.wp.com\/lasprimeras.com.do\/wp-content\/uploads\/2025\/11\/Ricardo-A.-Ramirez-Mendoza.jpg?resize=700%2C400&ssl=1 2x"},"classes":[]},{"id":123613,"url":"https:\/\/lasprimeras.com.do\/index.php\/2026\/03\/03\/unicaribe-inaugura-oficina-de-servicios-en-punta-cana-impulsa-talento-humano-investigacion-e-innovacion-en-region-este\/","url_meta":{"origin":48652,"position":4},"title":"UNICARIBE inaugura Oficina de Servicios en Punta Cana: Impulsa talento humano investigaci\u00f3n e innovaci\u00f3n en regi\u00f3n Este","author":"Nelson Feliz","date":"3 de marzo de 2026","format":false,"excerpt":"La Universidad del Caribe (UNICARIBE) inaugur\u00f3 su Oficina de Servicios en Punta Cana, una iniciativa estrat\u00e9gica orientada a fortalecer el acceso a la educaci\u00f3n superior, la investigaci\u00f3n aplicada y el emprendimiento en la regi\u00f3n Este del pa\u00eds. Con esta apertura, la universidad ampl\u00eda su presencia institucional en la provincia La\u2026","rel":"","context":"En \u00abNACIONALES\u00bb","block_context":{"text":"NACIONALES","link":"https:\/\/lasprimeras.com.do\/index.php\/category\/nacionales\/"},"img":{"alt_text":"","src":"https:\/\/i0.wp.com\/lasprimeras.com.do\/wp-content\/uploads\/2026\/03\/IMG-20260303-WA01171.jpg?resize=350%2C200&ssl=1","width":350,"height":200,"srcset":"https:\/\/i0.wp.com\/lasprimeras.com.do\/wp-content\/uploads\/2026\/03\/IMG-20260303-WA01171.jpg?resize=350%2C200&ssl=1 1x, https:\/\/i0.wp.com\/lasprimeras.com.do\/wp-content\/uploads\/2026\/03\/IMG-20260303-WA01171.jpg?resize=525%2C300&ssl=1 1.5x, https:\/\/i0.wp.com\/lasprimeras.com.do\/wp-content\/uploads\/2026\/03\/IMG-20260303-WA01171.jpg?resize=700%2C400&ssl=1 2x, https:\/\/i0.wp.com\/lasprimeras.com.do\/wp-content\/uploads\/2026\/03\/IMG-20260303-WA01171.jpg?resize=1050%2C600&ssl=1 3x"},"classes":[]},{"id":85266,"url":"https:\/\/lasprimeras.com.do\/index.php\/2024\/06\/26\/unicaribe-lanza-primer-programa-tecnico-superior-en-tecnologia-de-semiconductores-en-rd\/","url_meta":{"origin":48652,"position":5},"title":"UNICARIBE lanza primer programa T\u00e9cnico Superior en Tecnolog\u00eda de Semiconductores en RD","author":"Nelson Feliz","date":"26 de junio de 2024","format":false,"excerpt":"La iniciativa busca formar profesionales altamente capacitados en una industria crucial para la innovaci\u00f3n tecnol\u00f3gica global. Por Rose Mary Santana La Universidad del Caribe (UNICARIBE) present\u00f3 ante el\u00a0 Ministerio de Educaci\u00f3n Superior Ciencia y Tecnolog\u00eda MESCYT, el primer programa de T\u00e9cnico Superior en Tecnolog\u00eda de Semiconductores en la Rep\u00fablica Dominicana.\u2026","rel":"","context":"En \u00abNACIONALES\u00bb","block_context":{"text":"NACIONALES","link":"https:\/\/lasprimeras.com.do\/index.php\/category\/nacionales\/"},"img":{"alt_text":"UNICARIBE","src":"https:\/\/i0.wp.com\/lasprimeras.com.do\/wp-content\/uploads\/2024\/06\/UNICARIBE-1.jpg?resize=350%2C200&ssl=1","width":350,"height":200,"srcset":"https:\/\/i0.wp.com\/lasprimeras.com.do\/wp-content\/uploads\/2024\/06\/UNICARIBE-1.jpg?resize=350%2C200&ssl=1 1x, https:\/\/i0.wp.com\/lasprimeras.com.do\/wp-content\/uploads\/2024\/06\/UNICARIBE-1.jpg?resize=525%2C300&ssl=1 1.5x, https:\/\/i0.wp.com\/lasprimeras.com.do\/wp-content\/uploads\/2024\/06\/UNICARIBE-1.jpg?resize=700%2C400&ssl=1 2x"},"classes":[]}],"jetpack_sharing_enabled":true,"_links":{"self":[{"href":"https:\/\/lasprimeras.com.do\/index.php\/wp-json\/wp\/v2\/posts\/48652","targetHints":{"allow":["GET"]}}],"collection":[{"href":"https:\/\/lasprimeras.com.do\/index.php\/wp-json\/wp\/v2\/posts"}],"about":[{"href":"https:\/\/lasprimeras.com.do\/index.php\/wp-json\/wp\/v2\/types\/post"}],"author":[{"embeddable":true,"href":"https:\/\/lasprimeras.com.do\/index.php\/wp-json\/wp\/v2\/users\/1"}],"replies":[{"embeddable":true,"href":"https:\/\/lasprimeras.com.do\/index.php\/wp-json\/wp\/v2\/comments?post=48652"}],"version-history":[{"count":0,"href":"https:\/\/lasprimeras.com.do\/index.php\/wp-json\/wp\/v2\/posts\/48652\/revisions"}],"wp:featuredmedia":[{"embeddable":true,"href":"https:\/\/lasprimeras.com.do\/index.php\/wp-json\/"}],"wp:attachment":[{"href":"https:\/\/lasprimeras.com.do\/index.php\/wp-json\/wp\/v2\/media?parent=48652"}],"wp:term":[{"taxonomy":"category","embeddable":true,"href":"https:\/\/lasprimeras.com.do\/index.php\/wp-json\/wp\/v2\/categories?post=48652"},{"taxonomy":"post_tag","embeddable":true,"href":"https:\/\/lasprimeras.com.do\/index.php\/wp-json\/wp\/v2\/tags?post=48652"}],"curies":[{"name":"wp","href":"https:\/\/api.w.org\/{rel}","templated":true}]}}