{"id":48669,"date":"2023-05-03T06:51:54","date_gmt":"2023-05-03T10:51:54","guid":{"rendered":"https:\/\/atento.com.do\/?p=48669"},"modified":"2023-05-03T06:51:54","modified_gmt":"2023-05-03T10:51:54","slug":"inquilinos-de-nyc-urgen-freno-a-las-rentas-de-cara-a-futuro-incremento-de-entre-2-y-7","status":"publish","type":"post","link":"https:\/\/lasprimeras.com.do\/index.php\/2023\/05\/03\/inquilinos-de-nyc-urgen-freno-a-las-rentas-de-cara-a-futuro-incremento-de-entre-2-y-7\/","title":{"rendered":"Inquilinos de NYC urgen freno a las rentas de cara a futuro incremento de entre 2% y 7%"},"content":{"rendered":"\n<p>Este martes se reuni\u00f3 la Junta Reguladora de Alquileres de la Ciudad (RGB) para definir cu\u00e1l ser\u00e1 el rango de incrementos para m\u00e1s de 1 mill\u00f3n de unidades de vivienda, pero arrendatarios rechazaron lo anunciado afirmando que no pueden pagar m\u00e1s.<\/p>\n\n\n\n<p>Por: Edwin Mart\u00ednez<\/p>\n\n\n\n<p><strong>Nueva York.-.<\/strong> Uno de los principales dolores de cabeza de miles de neoyorquinos tiene que ver con los elevados costos de la renta en la Gran Manzana, que luego de la pandemia del COVID-19 y los efectos de la inflaci\u00f3n,en palabras de muchos, est\u00e1 ahorcando a familias que no pueden pagar ni un d\u00f3lar m\u00e1s.<\/p>\n\n\n\n<p>El a\u00f1o pasado vieron el mayor aumento en casi una d\u00e9cada: 3.25% en arrendamientos de un a\u00f1o y 5% en contratos de dos a\u00f1os.<\/p>\n\n\n\n<p>Y ese dolor de cabeza se acrecent\u00f3 este martes, luego de que se reuniera la Junta Reguladora de Alquileres de la Ciudad, cuyos 9 miembros determinaron que el incremento se decidir\u00e1 entre un rango de 2% a 5% en arrendamientos de un a\u00f1o, y de entre 4% y 7%. en contratos de dos a\u00f1os, lo que afectar\u00e1 a m\u00e1s de 1 mill\u00f3n de unidades de renta estabilizada en los cinco condados.<\/p>\n\n\n\n<p>Los caseros hab\u00edan estado exigiendo subir las rentas hasta casi en 16%, al tiempo que en ese pulso, los inquilinos insist\u00edan en frenar cualquier intento de aumento.<\/p>\n\n\n\n<p>Y mientras inquilinos esperaban a que la Junta Reguladora hiciera su anuncio preliminar sobre el rango de aumentos que respaldar\u00eda, (que deber\u00e1 ahora someterse a votaci\u00f3n y an\u00e1lisis en semanas venideras para tomar una decisi\u00f3n final el pr\u00f3ximo mes de junio), afuera de Cooper Union, en Manhattan, donde se dio la reuni\u00f3n, las voces de protesta fueron evidentes.<\/p>\n\n\n\n<p>\u201cEs el colmo que esta Junta, que es nombrada por el propio Alcalde, piense en aumentarnos las rentas a familias trabajadoras que ya estamos lidiando con muchas cargas, y que incluso, gracias al aumento injusto del a\u00f1o pasado, puso a muchos inquilinos al borde de ser desalojados, porque no hay c\u00f3mo pagar\u201d, asegur\u00f3 la colombiana Juana Mart\u00ednez, quien vive en Brooklyn.<\/p>\n\n\n\n<p>\u201cNo solo no deber\u00edan aumentar nada sino que si piensan en que no haya m\u00e1s desamparados, lo correcto ser\u00eda congelar las rentas por varios a\u00f1os e incluso bajarlas porque aqu\u00ed uno solo trabaja para pagar renta\u201d.<\/p>\n\n\n\n<p>Adriene Holder, de la organizaci\u00f3n The Legal Aid Society, se sum\u00f3 a la queja y destac\u00f3 que la ciudad de Nueva York enfrenta actualmente la peor crisis de vivienda asequible de las \u00faltimas dos d\u00e9cadas, por lo que aumentar los alquileres tendr\u00eda \u201cconsecuencias catastr\u00f3ficas\u201d para inquilinos vulnerables, mayormente latinos y negros.<\/p>\n\n\n\n<p>\u201cDada la gravedad de los aumentos de alquiler del a\u00f1o pasado, junto con la crisis de vivienda en curso en toda la ciudad, la Junta debe rechazar inequ\u00edvocamente cualquier aumento propuesto para los inquilinos en unidades de alquiler estabilizado y comprometerse a congelarlo por completo\u201d, asegur\u00f3 la defensora.<\/p>\n\n\n\n<p>\u201cSeg\u00fan un informe reciente del Fondo para la Ciudad de Nueva York, la mitad de los hogares de la ciudad tienen dificultades para pagar el alquiler, acceder a suficientes alimentos y atenci\u00f3n m\u00e9dica b\u00e1sica, y pagar el transporte. Aumentar los arriendos para los neoyorquinos de bajos ingresos que ya est\u00e1n en apuros no solo es innecesario, sino inmoral\u201d.<\/p>\n\n\n\n<p>L\u00edderes de la Coalici\u00f3n de Justicia en la Renta mostraron su preocupaci\u00f3n sobre lo que un aumento en los arriendos puede significar para las m\u00e1s de 2 millones de personas que viven en apartamentos de renta estabilizada, pues se estima que el 50% de los neoyorquinos en edad laboral ya est\u00e1n batallando por cubrir sus necesidades b\u00e1sicas.<\/p>\n\n\n\n<p>\u201cSi el alcalde contin\u00faa aumentando nuestros alquileres, muchas personas de bajos ingresos perder\u00e1n sus hogares. Nuestros ingresos ya no pueden mantenerse al d\u00eda con el alquiler, especialmente para los ancianos jubilados\u201d, asegur\u00f3 Yang Hong, miembro del Sindicato de Inquilinos de Chinatown.<\/p>\n\n\n\n<p>\u201cHe vivido en Chinatown durante m\u00e1s de 20 a\u00f1os. Mi alquiler sol\u00eda ser de $500, ahora supera los $1200. Si no tuviera la ayuda de mis hijos, mi vida ser\u00eda muy dif\u00edcil. Sin SCRIE (Exenci\u00f3n de aumento de alquiler para personas mayores ), ya habr\u00eda estado sin hogar hace mucho tiempo. Exigimos al alcalde Adams que escuche nuestra voz\u201d.<\/p>\n\n\n\n<p>Fuente Eldiariony.com<\/p>\n","protected":false},"excerpt":{"rendered":"<p>Este martes se reuni\u00f3 la Junta Reguladora de Alquileres de la Ciudad (RGB) para definir cu\u00e1l ser\u00e1 el rango de incrementos para m\u00e1s de 1 mill\u00f3n de unidades de vivienda,&hellip;<\/p>\n","protected":false},"author":1,"featured_media":48670,"comment_status":"open","ping_status":"open","sticky":false,"template":"","format":"standard","meta":{"content-type":"","jetpack_post_was_ever_published":false,"_jetpack_newsletter_access":"","_jetpack_dont_email_post_to_subs":false,"_jetpack_newsletter_tier_id":0,"_jetpack_memberships_contains_paywalled_content":false,"_jetpack_memberships_contains_paid_content":false,"footnotes":""},"categories":[1],"tags":[313,314,315,316,317],"class_list":["post-48669","post","type-post","status-publish","format-standard","has-post-thumbnail","hentry","category-sin-categoria","tag-freno","tag-incremento","tag-inquilinos","tag-nyc","tag-rentas"],"jetpack_featured_media_url":"","jetpack-related-posts":[{"id":102326,"url":"https:\/\/lasprimeras.com.do\/index.php\/2025\/07\/03\/aumento-renta-estabilizada-en-nyc-afecta-a-mas-de-un-millon-de-apartamentos-dominicanos-afectados\/","url_meta":{"origin":48669,"position":0},"title":"Aumento renta estabilizada en NYC afecta a m\u00e1s de un mill\u00f3n de apartamentos; dominicanos afectados","author":"Nelson Feliz","date":"3 de julio de 2025","format":false,"excerpt":"Por Ram\u00f3n Mercedes NUEVA YORK.- La Junta Reguladora de Alquileres en esta ciudad (Rent Guidelines Board) vot\u00f3 en esta semana un incremento del 3% para contratos de un a\u00f1o y 4.5% para contratos de dos a\u00f1os en unidades de renta estabilizada o alquiler controlado, afectando a m\u00e1s de un mill\u00f3n\u2026","rel":"","context":"En \u00abECONOM\u00cdA\u00bb","block_context":{"text":"ECONOM\u00cdA","link":"https:\/\/lasprimeras.com.do\/index.php\/category\/economia\/"},"img":{"alt_text":"","src":"https:\/\/i0.wp.com\/lasprimeras.com.do\/wp-content\/uploads\/2025\/07\/WhatsApp-Image-2025-07-03-at-5.15.19-AM.jpeg?resize=350%2C200&ssl=1","width":350,"height":200,"srcset":"https:\/\/i0.wp.com\/lasprimeras.com.do\/wp-content\/uploads\/2025\/07\/WhatsApp-Image-2025-07-03-at-5.15.19-AM.jpeg?resize=350%2C200&ssl=1 1x, https:\/\/i0.wp.com\/lasprimeras.com.do\/wp-content\/uploads\/2025\/07\/WhatsApp-Image-2025-07-03-at-5.15.19-AM.jpeg?resize=525%2C300&ssl=1 1.5x"},"classes":[]},{"id":124416,"url":"https:\/\/lasprimeras.com.do\/index.php\/2026\/03\/12\/vivir-en-nyc-es-cada-vez-mas-caro-residen-cerca-de-un-millon-de-dominicanos\/","url_meta":{"origin":48669,"position":1},"title":"Vivir en NYC es cada vez m\u00e1s caro; residen cerca de un mill\u00f3n de dominicanos","author":"Nelson Feliz","date":"12 de marzo de 2026","format":false,"excerpt":"Por Ram\u00f3n Mercedes NUEVA YORK.- Vivir en esta ciudad, de 8,5 millones de habitantes, entre ellos cerca de 900 mil de origen dominicano, es cada vez m\u00e1s caro. Los datos m\u00e1s recientes muestran que el ingreso necesario para cubrir los gastos en NYC es considerablemente m\u00e1s alto que en la\u2026","rel":"","context":"En \u00abINTERNACIONALES\u00bb","block_context":{"text":"INTERNACIONALES","link":"https:\/\/lasprimeras.com.do\/index.php\/category\/sin-categoria\/internacionales\/"},"img":{"alt_text":"","src":"https:\/\/i0.wp.com\/lasprimeras.com.do\/wp-content\/uploads\/2026\/03\/IMG-20260312-WA0013.jpg?resize=350%2C200&ssl=1","width":350,"height":200},"classes":[]},{"id":98480,"url":"https:\/\/lasprimeras.com.do\/index.php\/2025\/05\/07\/cambian-en-nyc-reglas-de-renta-de-apartamentos-asequibles\/","url_meta":{"origin":48669,"position":2},"title":"Cambian en NYC reglas de renta de apartamentos asequibles","author":"Nelson Feliz","date":"7 de mayo de 2025","format":false,"excerpt":"Por Ram\u00f3n Mercedes NUEVA YORK.- El Departamento de Preservaci\u00f3n y Desarrollo de Vivienda (HPD) y la Corporaci\u00f3n para el Desarrollo de la Vivienda de NYC (HDC) anunciaron cambios en las reglas de renta de apartamentos asequibles en esta ciudad. Los cambios incluyen \u00abreducci\u00f3n de la exigencia de recibos de sueldo\u2026","rel":"","context":"En \u00abECONOM\u00cdA\u00bb","block_context":{"text":"ECONOM\u00cdA","link":"https:\/\/lasprimeras.com.do\/index.php\/category\/economia\/"},"img":{"alt_text":"","src":"https:\/\/i0.wp.com\/lasprimeras.com.do\/wp-content\/uploads\/2025\/05\/WhatsApp-Image-2025-05-07-at-6.00.58-AM-1.jpeg?resize=350%2C200&ssl=1","width":350,"height":200,"srcset":"https:\/\/i0.wp.com\/lasprimeras.com.do\/wp-content\/uploads\/2025\/05\/WhatsApp-Image-2025-05-07-at-6.00.58-AM-1.jpeg?resize=350%2C200&ssl=1 1x, https:\/\/i0.wp.com\/lasprimeras.com.do\/wp-content\/uploads\/2025\/05\/WhatsApp-Image-2025-05-07-at-6.00.58-AM-1.jpeg?resize=525%2C300&ssl=1 1.5x"},"classes":[]},{"id":120912,"url":"https:\/\/lasprimeras.com.do\/index.php\/2026\/01\/29\/dominicanos-ny-aplauden-ley-de-transparencia-de-alquileres-porque-facilitara-mudarse-en-apartamentos\/","url_meta":{"origin":48669,"position":3},"title":"Dominicanos NY aplauden Ley de Transparencia de Alquileres porque facilitar\u00e1 mudarse en apartamentos","author":"Nelson Feliz","date":"29 de enero de 2026","format":false,"excerpt":"Por Ram\u00f3n Mercedes NUEVA YORK.- Dominicanos residentes en esta ciudad manifestaron aplaudir la puesta en vigor, el pasado d\u00eda 26, de la Ley de Transparencia de Alquileres la cual exige que los propietarios de edificios con al menos una unidad regulada coloquen un cartel dentro del edificio informando a los\u2026","rel":"","context":"En \u00abINTERNACIONALES\u00bb","block_context":{"text":"INTERNACIONALES","link":"https:\/\/lasprimeras.com.do\/index.php\/category\/sin-categoria\/internacionales\/"},"img":{"alt_text":"","src":"https:\/\/i0.wp.com\/lasprimeras.com.do\/wp-content\/uploads\/2026\/01\/IMG-20260129-WA0033.jpg?resize=350%2C200&ssl=1","width":350,"height":200,"srcset":"https:\/\/i0.wp.com\/lasprimeras.com.do\/wp-content\/uploads\/2026\/01\/IMG-20260129-WA0033.jpg?resize=350%2C200&ssl=1 1x, https:\/\/i0.wp.com\/lasprimeras.com.do\/wp-content\/uploads\/2026\/01\/IMG-20260129-WA0033.jpg?resize=525%2C300&ssl=1 1.5x"},"classes":[]},{"id":61997,"url":"https:\/\/lasprimeras.com.do\/index.php\/2023\/10\/02\/alcalde-adams-intenta-conjurar-crisis-de-nuevos-migrantes-desde-dos-frentes-de-batalla-en-nyc\/","url_meta":{"origin":48669,"position":4},"title":"Alcalde Adams intenta conjurar crisis de nuevos migrantes desde dos frentes de batalla en NYC","author":"Nelson Feliz","date":"2 de octubre de 2023","format":false,"excerpt":"La Administraci\u00f3n Municipal busca frenar el arribo de m\u00e1s reci\u00e9n llegados a la Gran Manzana, disuadi\u00e9ndolos de venir, con panfletos, lo que ha dividido opiniones, pero por otro lado, promueve una iniciativa para permitir que los que ya est\u00e1n en la ciudad y no encuentran apartamentos en los cinco condados,\u2026","rel":"","context":"En \u00abSin categor\u00eda\u00bb","block_context":{"text":"Sin categor\u00eda","link":"https:\/\/lasprimeras.com.do\/index.php\/category\/sin-categoria\/"},"img":{"alt_text":"","src":"https:\/\/i0.wp.com\/lasprimeras.com.do\/wp-content\/uploads\/2023\/10\/NY.jpg?resize=350%2C200&ssl=1","width":350,"height":200,"srcset":"https:\/\/i0.wp.com\/lasprimeras.com.do\/wp-content\/uploads\/2023\/10\/NY.jpg?resize=350%2C200&ssl=1 1x, https:\/\/i0.wp.com\/lasprimeras.com.do\/wp-content\/uploads\/2023\/10\/NY.jpg?resize=525%2C300&ssl=1 1.5x, https:\/\/i0.wp.com\/lasprimeras.com.do\/wp-content\/uploads\/2023\/10\/NY.jpg?resize=700%2C400&ssl=1 2x"},"classes":[]},{"id":83836,"url":"https:\/\/lasprimeras.com.do\/index.php\/2024\/05\/26\/crees-asegura-que-el-gobierno-elevara-ingresos-en-1-5-del-pib-con-la-reforma-tributaria\/","url_meta":{"origin":48669,"position":5},"title":"CREES asegura que el gobierno elevar\u00e1 ingresos en 1.5% del PIB con la reforma tributaria","author":"Nelson Feliz","date":"26 de mayo de 2024","format":false,"excerpt":"Miguel Collado plantea reducci\u00f3n ITBIS a 10%, ISR 18% y eliminaci\u00f3n otros impuestos distorsionadores. Dice hay que romper c\u00edrculo vicioso de parches fiscales para seguir incrementando el gasto. El vicepresidente ejecutivo del Centro Regional de Estrategias Econ\u00f3micas Sostenibles (CREES), Miguel Collado, asegur\u00f3 que con la propuesta de Reforma Tributaria que\u2026","rel":"","context":"En \u00abECONOM\u00cdA\u00bb","block_context":{"text":"ECONOM\u00cdA","link":"https:\/\/lasprimeras.com.do\/index.php\/category\/economia\/"},"img":{"alt_text":"Miguel Collado Di Franco","src":"https:\/\/i0.wp.com\/lasprimeras.com.do\/wp-content\/uploads\/2024\/05\/Miguel-Collado-Di-Franco.jpg?resize=350%2C200&ssl=1","width":350,"height":200},"classes":[]}],"jetpack_sharing_enabled":true,"_links":{"self":[{"href":"https:\/\/lasprimeras.com.do\/index.php\/wp-json\/wp\/v2\/posts\/48669","targetHints":{"allow":["GET"]}}],"collection":[{"href":"https:\/\/lasprimeras.com.do\/index.php\/wp-json\/wp\/v2\/posts"}],"about":[{"href":"https:\/\/lasprimeras.com.do\/index.php\/wp-json\/wp\/v2\/types\/post"}],"author":[{"embeddable":true,"href":"https:\/\/lasprimeras.com.do\/index.php\/wp-json\/wp\/v2\/users\/1"}],"replies":[{"embeddable":true,"href":"https:\/\/lasprimeras.com.do\/index.php\/wp-json\/wp\/v2\/comments?post=48669"}],"version-history":[{"count":0,"href":"https:\/\/lasprimeras.com.do\/index.php\/wp-json\/wp\/v2\/posts\/48669\/revisions"}],"wp:featuredmedia":[{"embeddable":true,"href":"https:\/\/lasprimeras.com.do\/index.php\/wp-json\/"}],"wp:attachment":[{"href":"https:\/\/lasprimeras.com.do\/index.php\/wp-json\/wp\/v2\/media?parent=48669"}],"wp:term":[{"taxonomy":"category","embeddable":true,"href":"https:\/\/lasprimeras.com.do\/index.php\/wp-json\/wp\/v2\/categories?post=48669"},{"taxonomy":"post_tag","embeddable":true,"href":"https:\/\/lasprimeras.com.do\/index.php\/wp-json\/wp\/v2\/tags?post=48669"}],"curies":[{"name":"wp","href":"https:\/\/api.w.org\/{rel}","templated":true}]}}