{"id":48682,"date":"2023-05-03T07:53:07","date_gmt":"2023-05-03T11:53:07","guid":{"rendered":"https:\/\/atento.com.do\/?p=48682"},"modified":"2023-05-03T07:53:07","modified_gmt":"2023-05-03T11:53:07","slug":"un-nuevo-linchamiento-en-haiti-se-salda-con-la-muerte-de-cinco-personas","status":"publish","type":"post","link":"https:\/\/lasprimeras.com.do\/index.php\/2023\/05\/03\/un-nuevo-linchamiento-en-haiti-se-salda-con-la-muerte-de-cinco-personas\/","title":{"rendered":"Un nuevo linchamiento en Hait\u00ed se salda con la muerte de cinco personas"},"content":{"rendered":"\n<p><strong>Puerto Pr\u00edncipe, EFE.-.<\/strong> Al menos cinco personas fueron asesinadas por la poblaci\u00f3n en P\u00e9tion-ville, Puerto Pr\u00edncipe, por ser presuntos miembros del grupo armado Ti Makak, desmantelado hace unas semanas por la Polic\u00eda Nacional.<\/p>\n\n\n\n<p>Desde hace m\u00e1s de una semana la poblaci\u00f3n civil haitiana se ha lanzado a la caza de los miembros de las bandas armadas en lo que se ha denominado la operaci\u00f3n Bwa Kale (pene pelado en espa\u00f1ol) para acabar con los grupos que se est\u00e1n afianzando en distintas zonas del pa\u00eds aterrorizando a la poblaci\u00f3n en su lucha por el control del territorio.<\/p>\n\n\n\n<p>Estas personas han sido duramente golpeadas, algunas interrogadas y sus cuerpos han sido quemados a manos de la turba compuesta en su mayor\u00eda por j\u00f3venes armados con machetes y cuchillos, que salen a la busca de presuntos bandidos.<\/p>\n\n\n\n<p>Tras el linchamiento, la muchedumbre ha continuado con la b\u00fasqueda de presuntos bandidos que, al parecer, se esconden en las localidades de Jalousie, Stenio Vincent y Sergo, donde los autom\u00f3viles y cualquier persona desconocida o sospechosa son objeto de registros sistem\u00e1ticos.<\/p>\n\n\n\n<p>En pocos d\u00edas, el movimiento contra las pandillas se ha extendido por todo el pa\u00eds donde al menos un centenar de presuntos bandidos han sido abatidos por la poblaci\u00f3n haitiana, que ahora tiene tambi\u00e9n a mujeres en el punto de mira, habiendo causado la muerte de al menos una docena de ellas acusadas de connivencia con los grupos armados.<\/p>\n\n\n\n<p>Desde el lanzamiento de esta operaci\u00f3n popular en respuesta a la violencia que ejercen estos grupos armados, los secuestros han disminuido dr\u00e1sticamente en el pa\u00eds, aunque la acci\u00f3n ciudadana no impide que las actividades de los bandidos contin\u00faen en ciertas zonas.<\/p>\n","protected":false},"excerpt":{"rendered":"<p>Puerto Pr\u00edncipe, EFE.-. Al menos cinco personas fueron asesinadas por la poblaci\u00f3n en P\u00e9tion-ville, Puerto Pr\u00edncipe, por ser presuntos miembros del grupo armado Ti Makak, desmantelado hace unas semanas por&hellip;<\/p>\n","protected":false},"author":1,"featured_media":48683,"comment_status":"open","ping_status":"open","sticky":false,"template":"","format":"standard","meta":{"content-type":"","jetpack_post_was_ever_published":false,"_jetpack_newsletter_access":"","_jetpack_dont_email_post_to_subs":false,"_jetpack_newsletter_tier_id":0,"_jetpack_memberships_contains_paywalled_content":false,"_jetpack_memberships_contains_paid_content":false,"footnotes":""},"categories":[1],"tags":[217,329,330],"class_list":["post-48682","post","type-post","status-publish","format-standard","has-post-thumbnail","hentry","category-sin-categoria","tag-haiti","tag-linchamiento","tag-muerte"],"jetpack_featured_media_url":"","jetpack-related-posts":[{"id":93964,"url":"https:\/\/lasprimeras.com.do\/index.php\/2025\/02\/23\/bandas-armadas-causan-muerte-de-otro-policia-keniano-en-haiti\/","url_meta":{"origin":48682,"position":0},"title":"Bandas armadas causan muerte de otro polic\u00eda keniano en Hait\u00ed","author":"Nelson Feliz","date":"23 de febrero de 2025","format":false,"excerpt":"El oficial fue herido en Pont Sonde, en el municipio de Saint-Marc, a unos 100 kil\u00f3metros de Puerto Pr\u00edncipe. Puerto Pr\u00edncipe, Hait\u00ed, AFP.-. Uno de los oficiales kenianos de la Fuerza Multinacional de Apoyo a la Seguridad en Hait\u00ed (MSS) result\u00f3 herido de bala este domingo en Pont Sonde, en\u2026","rel":"","context":"En \u00abINTERNACIONALES\u00bb","block_context":{"text":"INTERNACIONALES","link":"https:\/\/lasprimeras.com.do\/index.php\/category\/sin-categoria\/internacionales\/"},"img":{"alt_text":"","src":"https:\/\/i0.wp.com\/lasprimeras.com.do\/wp-content\/uploads\/2025\/02\/bandas-1.jpeg?resize=350%2C200&ssl=1","width":350,"height":200,"srcset":"https:\/\/i0.wp.com\/lasprimeras.com.do\/wp-content\/uploads\/2025\/02\/bandas-1.jpeg?resize=350%2C200&ssl=1 1x, https:\/\/i0.wp.com\/lasprimeras.com.do\/wp-content\/uploads\/2025\/02\/bandas-1.jpeg?resize=525%2C300&ssl=1 1.5x, https:\/\/i0.wp.com\/lasprimeras.com.do\/wp-content\/uploads\/2025\/02\/bandas-1.jpeg?resize=700%2C400&ssl=1 2x"},"classes":[]},{"id":100791,"url":"https:\/\/lasprimeras.com.do\/index.php\/2025\/06\/12\/drones-matan-a-mas-de-cien-presuntos-pandilleros-en-haiti-en-48-horas\/","url_meta":{"origin":48682,"position":1},"title":"Drones matan a m\u00e1s de cien presuntos pandilleros en Hait\u00ed en 48 horas","author":"Nelson Feliz","date":"12 de junio de 2025","format":false,"excerpt":"Los drones explosivos son las nuevas t\u00e9cnicas utilizadas por las autoridades haitianas para alcanzar a las bandas armadas en su feudo, que suelen encontrarse en espacios de dif\u00edcil acceso a los que los miembros de la Polic\u00eda Nacional no pueden acceder. Puerto Pr\u00edncipe, Hait\u00ed,EFE.-.M\u00e1s de un centenar de presuntos miembros\u2026","rel":"","context":"En \u00abINTERNACIONALES\u00bb","block_context":{"text":"INTERNACIONALES","link":"https:\/\/lasprimeras.com.do\/index.php\/category\/sin-categoria\/internacionales\/"},"img":{"alt_text":"","src":"https:\/\/i0.wp.com\/lasprimeras.com.do\/wp-content\/uploads\/2025\/06\/pandilleros.jpeg?resize=350%2C200&ssl=1","width":350,"height":200,"srcset":"https:\/\/i0.wp.com\/lasprimeras.com.do\/wp-content\/uploads\/2025\/06\/pandilleros.jpeg?resize=350%2C200&ssl=1 1x, https:\/\/i0.wp.com\/lasprimeras.com.do\/wp-content\/uploads\/2025\/06\/pandilleros.jpeg?resize=525%2C300&ssl=1 1.5x, https:\/\/i0.wp.com\/lasprimeras.com.do\/wp-content\/uploads\/2025\/06\/pandilleros.jpeg?resize=700%2C400&ssl=1 2x"},"classes":[]},{"id":79074,"url":"https:\/\/lasprimeras.com.do\/index.php\/2024\/03\/23\/el-terror-y-la-muerte-protagonizan-la-vida-en-la-capital-de-haiti\/","url_meta":{"origin":48682,"position":2},"title":"El terror y la muerte protagonizan la vida en la capital de Hait\u00ed","author":"Juana Mercedes","date":"23 de marzo de 2024","format":false,"excerpt":"La capital de Hait\u00ed\u00a0sigue inmersa en la violencia, con una docena de cuerpos esparcidos por las calles, muchos de ellos quemados, en una semana en la que se suceden los enfrentamientos entre la\u00a0Polic\u00eda y las bandas armadas\u00a0y cuando avanza la constituci\u00f3n del consejo presidencial de transici\u00f3n. Actualmente la zona m\u00e1s\u2026","rel":"","context":"En \u00abSin categor\u00eda\u00bb","block_context":{"text":"Sin categor\u00eda","link":"https:\/\/lasprimeras.com.do\/index.php\/category\/sin-categoria\/"},"img":{"alt_text":"pandillas","src":"https:\/\/i0.wp.com\/lasprimeras.com.do\/wp-content\/uploads\/2024\/03\/Puerto-Principe-2_0.jpg?resize=350%2C200&ssl=1","width":350,"height":200,"srcset":"https:\/\/i0.wp.com\/lasprimeras.com.do\/wp-content\/uploads\/2024\/03\/Puerto-Principe-2_0.jpg?resize=350%2C200&ssl=1 1x, https:\/\/i0.wp.com\/lasprimeras.com.do\/wp-content\/uploads\/2024\/03\/Puerto-Principe-2_0.jpg?resize=525%2C300&ssl=1 1.5x, https:\/\/i0.wp.com\/lasprimeras.com.do\/wp-content\/uploads\/2024\/03\/Puerto-Principe-2_0.jpg?resize=700%2C400&ssl=1 2x, https:\/\/i0.wp.com\/lasprimeras.com.do\/wp-content\/uploads\/2024\/03\/Puerto-Principe-2_0.jpg?resize=1050%2C600&ssl=1 3x"},"classes":[]},{"id":93672,"url":"https:\/\/lasprimeras.com.do\/index.php\/2025\/02\/18\/al-menos-20-muertos-por-ataques-de-bandas-armadas-en-la-capital-de-haiti\/","url_meta":{"origin":48682,"position":3},"title":"Al menos 20 muertos por ataques de bandas armadas en la capital de Hait\u00ed","author":"Nelson Feliz","date":"18 de febrero de 2025","format":false,"excerpt":"Esta masacre se produce como represalia contra la poblaci\u00f3n civil tras las operaciones de fuerza llevadas a cabo por la Polic\u00eda Nacional de Hait\u00ed Puerto Pr\u00edncipe,EFE- Miembros de bandas armadas bajo las \u00f3rdenes de su jefe Vitel'Homme Innocent asesinaron, entre la noche del 16 y la madrugada del 17 de\u2026","rel":"","context":"En \u00abINTERNACIONALES\u00bb","block_context":{"text":"INTERNACIONALES","link":"https:\/\/lasprimeras.com.do\/index.php\/category\/sin-categoria\/internacionales\/"},"img":{"alt_text":"","src":"https:\/\/i0.wp.com\/lasprimeras.com.do\/wp-content\/uploads\/2025\/02\/bandas.jpg?resize=350%2C200&ssl=1","width":350,"height":200,"srcset":"https:\/\/i0.wp.com\/lasprimeras.com.do\/wp-content\/uploads\/2025\/02\/bandas.jpg?resize=350%2C200&ssl=1 1x, https:\/\/i0.wp.com\/lasprimeras.com.do\/wp-content\/uploads\/2025\/02\/bandas.jpg?resize=525%2C300&ssl=1 1.5x, https:\/\/i0.wp.com\/lasprimeras.com.do\/wp-content\/uploads\/2025\/02\/bandas.jpg?resize=700%2C400&ssl=1 2x"},"classes":[]},{"id":76607,"url":"https:\/\/lasprimeras.com.do\/index.php\/2024\/02\/12\/centenares-de-desplazados-haitianos-huyen-de-la-guerra-entre-bandas\/","url_meta":{"origin":48682,"position":4},"title":"Centenares de desplazados haitianos huyen de la guerra entre bandas","author":"Nelson Feliz","date":"12 de febrero de 2024","format":false,"excerpt":"Hait\u00ed,EFE- Centenares de habitantes de Cite-Soleil, en el norte de la capital de Hait\u00ed, se vieron obligados este lunes a huir de sus barrios, debido a la creciente guerra entre bandas que se disputan el territorio. Desde hace unos d\u00edas, el grupo armado de Chen Mechan, miembro de la coalici\u00f3n\u2026","rel":"","context":"En \u00abSin categor\u00eda\u00bb","block_context":{"text":"Sin categor\u00eda","link":"https:\/\/lasprimeras.com.do\/index.php\/category\/sin-categoria\/"},"img":{"alt_text":"haitianos","src":"https:\/\/i0.wp.com\/lasprimeras.com.do\/wp-content\/uploads\/2024\/02\/haitianos.jpg?resize=350%2C200&ssl=1","width":350,"height":200,"srcset":"https:\/\/i0.wp.com\/lasprimeras.com.do\/wp-content\/uploads\/2024\/02\/haitianos.jpg?resize=350%2C200&ssl=1 1x, https:\/\/i0.wp.com\/lasprimeras.com.do\/wp-content\/uploads\/2024\/02\/haitianos.jpg?resize=525%2C300&ssl=1 1.5x, https:\/\/i0.wp.com\/lasprimeras.com.do\/wp-content\/uploads\/2024\/02\/haitianos.jpg?resize=700%2C400&ssl=1 2x"},"classes":[]},{"id":92405,"url":"https:\/\/lasprimeras.com.do\/index.php\/2025\/01\/03\/75-soldados-de-guatemala-y-8-de-el-salvador-apoyaran-en-la-seguridad-de-haiti\/","url_meta":{"origin":48682,"position":5},"title":"75 soldados de Guatemala y 8 de El Salvador apoyaran en la seguridad de Hait\u00ed","author":"Nelson Feliz","date":"3 de enero de 2025","format":false,"excerpt":"Puerto Pr\u00edncipe, Hait\u00ed, EFE.-. Setenta y cinco soldados guatemaltecos y ocho de El Salvador llegaron este viernes a Puerto Pr\u00edncipe a bordo de un avi\u00f3n militar estadounidense, para integrarse a la fuerza multinacional de apoyo a la seguridad que opera en Hait\u00ed desde finales de junio pasado. La delegaci\u00f3n fue\u2026","rel":"","context":"En \u00abINTERNACIONALES\u00bb","block_context":{"text":"INTERNACIONALES","link":"https:\/\/lasprimeras.com.do\/index.php\/category\/sin-categoria\/internacionales\/"},"img":{"alt_text":"","src":"https:\/\/i0.wp.com\/lasprimeras.com.do\/wp-content\/uploads\/2025\/01\/mision-de-soldados-l.jpeg?resize=350%2C200&ssl=1","width":350,"height":200,"srcset":"https:\/\/i0.wp.com\/lasprimeras.com.do\/wp-content\/uploads\/2025\/01\/mision-de-soldados-l.jpeg?resize=350%2C200&ssl=1 1x, https:\/\/i0.wp.com\/lasprimeras.com.do\/wp-content\/uploads\/2025\/01\/mision-de-soldados-l.jpeg?resize=525%2C300&ssl=1 1.5x, https:\/\/i0.wp.com\/lasprimeras.com.do\/wp-content\/uploads\/2025\/01\/mision-de-soldados-l.jpeg?resize=700%2C400&ssl=1 2x"},"classes":[]}],"jetpack_sharing_enabled":true,"_links":{"self":[{"href":"https:\/\/lasprimeras.com.do\/index.php\/wp-json\/wp\/v2\/posts\/48682","targetHints":{"allow":["GET"]}}],"collection":[{"href":"https:\/\/lasprimeras.com.do\/index.php\/wp-json\/wp\/v2\/posts"}],"about":[{"href":"https:\/\/lasprimeras.com.do\/index.php\/wp-json\/wp\/v2\/types\/post"}],"author":[{"embeddable":true,"href":"https:\/\/lasprimeras.com.do\/index.php\/wp-json\/wp\/v2\/users\/1"}],"replies":[{"embeddable":true,"href":"https:\/\/lasprimeras.com.do\/index.php\/wp-json\/wp\/v2\/comments?post=48682"}],"version-history":[{"count":0,"href":"https:\/\/lasprimeras.com.do\/index.php\/wp-json\/wp\/v2\/posts\/48682\/revisions"}],"wp:featuredmedia":[{"embeddable":true,"href":"https:\/\/lasprimeras.com.do\/index.php\/wp-json\/"}],"wp:attachment":[{"href":"https:\/\/lasprimeras.com.do\/index.php\/wp-json\/wp\/v2\/media?parent=48682"}],"wp:term":[{"taxonomy":"category","embeddable":true,"href":"https:\/\/lasprimeras.com.do\/index.php\/wp-json\/wp\/v2\/categories?post=48682"},{"taxonomy":"post_tag","embeddable":true,"href":"https:\/\/lasprimeras.com.do\/index.php\/wp-json\/wp\/v2\/tags?post=48682"}],"curies":[{"name":"wp","href":"https:\/\/api.w.org\/{rel}","templated":true}]}}