{"id":48688,"date":"2023-05-02T20:12:00","date_gmt":"2023-05-03T00:12:00","guid":{"rendered":"https:\/\/atento.com.do\/?p=48688"},"modified":"2023-05-02T20:12:00","modified_gmt":"2023-05-03T00:12:00","slug":"diputados-aprueban-en-dos-sesiones-seguidas-proyecto-de-ley-de-primer-empleo","status":"publish","type":"post","link":"https:\/\/lasprimeras.com.do\/index.php\/2023\/05\/02\/diputados-aprueban-en-dos-sesiones-seguidas-proyecto-de-ley-de-primer-empleo\/","title":{"rendered":"Diputados aprueban en dos sesiones seguidas proyecto de ley de primer empleo"},"content":{"rendered":"\n<p><strong>SANTO DOMINGO\u2013<\/strong> La C\u00e1mara de Diputados declar\u00f3 de urgencia y aprob\u00f3 en dos sesiones consecutivas este martes el proyecto de ley que crea el primer empleo en la Rep\u00fablica Dominicana.<\/p>\n\n\n\n<p>La iniciativa ha sido aprobada en varias legislaturas en la C\u00e1mara de Diputados y viene a abrir la puerta al mercado laboral a los j\u00f3venes reci\u00e9n egresados de las universidades, dijo una nota del hemiciclo.<\/p>\n\n\n\n<p>La pieza legislativa, que ahora pasa al Senado, tiene por objeto promover la inserci\u00f3n laboral de los j\u00f3venes, cuyas edades est\u00e9n comprendidas entre 18 y 25 a\u00f1os, y que hayan accedido a empleo formal o que se encuentren en situaci\u00f3n de desempleo.<\/p>\n\n\n\n<p>Asimismo, establece que los empleadores que contraten j\u00f3venes de acuerdo con lo establecido en esta ley ser\u00e1n beneficiados con una reducci\u00f3n del impuesto sobre la renta, equivalente al 50 % de las contribuciones al r\u00e9gimen de la Seguridad Social que hayan realizado durante 18 meses, contados a partir de la contrataci\u00f3n.<\/p>\n\n\n\n<p>Por otra parte, varios diputados expresaron sus posiciones sobre diferentes asuntos.<\/p>\n\n\n\n<p>El legislador Norberto Ortiz, del Partido Revolucionario Moderno (PRM), destac\u00f3 el trabajo que \u201cviene realizando\u201d el presidente Luis Abinader en favor de la provincia Monse\u00f1or Nouel, que representa.<\/p>\n\n\n\n<p>El diputado Rafael Castillo, de la Fuerza del Pueblo, llam\u00f3 la atenci\u00f3n del hemiciclo ante la situaci\u00f3n de la maternidad del Hospital San Lorenzo de Los Mina, donde en el primer trimestre de este a\u00f1o murieron 74 reci\u00e9n nacidos.<\/p>\n\n\n\n<p>Juan Dionisio Rodr\u00edguez, del Frente Amplio, sali\u00f3 en defensa de los trabajadores al conmemorarse ayer el D\u00eda Internacional del Trabajo y solicit\u00f3 al presidente Luis Abinader eliminar el pago del impuesto sobre la renta de los empleados p\u00fablicos con salarios de hasta 70,000 al mes.<\/p>\n\n\n\n<p>El presidente de la C\u00e1mara de Diputados, Alfredo Pacheco, inform\u00f3 que este mi\u00e9rcoles habr\u00e1 sesi\u00f3n del pleno a las 10.00 de la ma\u00f1ana.<\/p>\n","protected":false},"excerpt":{"rendered":"<p>SANTO DOMINGO\u2013 La C\u00e1mara de Diputados declar\u00f3 de urgencia y aprob\u00f3 en dos sesiones consecutivas este martes el proyecto de ley que crea el primer empleo en la Rep\u00fablica Dominicana.&hellip;<\/p>\n","protected":false},"author":1,"featured_media":48689,"comment_status":"open","ping_status":"open","sticky":false,"template":"","format":"standard","meta":{"content-type":"","jetpack_post_was_ever_published":false,"_jetpack_newsletter_access":"","_jetpack_dont_email_post_to_subs":false,"_jetpack_newsletter_tier_id":0,"_jetpack_memberships_contains_paywalled_content":false,"_jetpack_memberships_contains_paid_content":false,"footnotes":""},"categories":[35],"tags":[273,274,275,276,277],"class_list":["post-48688","post","type-post","status-publish","format-standard","has-post-thumbnail","hentry","category-nacionales","tag-aprueban","tag-diputados","tag-ley-de-primer-empleo","tag-proyecto","tag-sesiones"],"jetpack_featured_media_url":"","jetpack-related-posts":[{"id":105650,"url":"https:\/\/lasprimeras.com.do\/index.php\/2025\/08\/05\/diputados-aprueban-la-ley-de-alquileres-de-bienes-inmuebles-y-desahucios\/","url_meta":{"origin":48688,"position":0},"title":"Diputados aprueban la ley de alquileres de Bienes Inmuebles y Desahucios","author":"Nelson Feliz","date":"5 de agosto de 2025","format":false,"excerpt":"La C\u00e1mara de Diputados aprob\u00f3 en \u00fanica lectura las modificaciones que realiz\u00f3 el Senado al proyecto de Ley de Alquileres de Bienes Inmuebles y Desahucios. La pieza tiene como objetivo regular los contratos de arrendamiento de viviendas, locales comerciales y espacios destinados a actividades sin fines de lucro. Con esta\u2026","rel":"","context":"En \u00abNACIONALES\u00bb","block_context":{"text":"NACIONALES","link":"https:\/\/lasprimeras.com.do\/index.php\/category\/nacionales\/"},"img":{"alt_text":"Presidente de la C\u00e1mara de Diputados, Alfredo Pacheco. Foto: Diputados v\u00eda Twitter.","src":"https:\/\/i0.wp.com\/lasprimeras.com.do\/wp-content\/uploads\/2024\/08\/Alfredo-Pacheco.jpeg?resize=350%2C200&ssl=1","width":350,"height":200,"srcset":"https:\/\/i0.wp.com\/lasprimeras.com.do\/wp-content\/uploads\/2024\/08\/Alfredo-Pacheco.jpeg?resize=350%2C200&ssl=1 1x, https:\/\/i0.wp.com\/lasprimeras.com.do\/wp-content\/uploads\/2024\/08\/Alfredo-Pacheco.jpeg?resize=525%2C300&ssl=1 1.5x, https:\/\/i0.wp.com\/lasprimeras.com.do\/wp-content\/uploads\/2024\/08\/Alfredo-Pacheco.jpeg?resize=700%2C400&ssl=1 2x"},"classes":[]},{"id":104365,"url":"https:\/\/lasprimeras.com.do\/index.php\/2025\/07\/23\/diputados-declaran-de-urgencia-y-aprueban-en-primera-lectura-el-codigo-penal\/","url_meta":{"origin":48688,"position":1},"title":"Diputados declaran de urgencia y aprueban en primera lectura el C\u00f3digo Penal","author":"Nelson Feliz","date":"23 de julio de 2025","format":false,"excerpt":"La C\u00e1mara de Diputados valid\u00f3 este mi\u00e9rcoles en primera lectura el proyecto de ley que reforma el C\u00f3digo Penal, una propuesta que fue recibida en la ma\u00f1ana del Senado de la Rep\u00fablica donde fue aprobada dos veces y a unanimidad. Previamente, el Pleno vot\u00f3 para liberarlo de los tr\u00e1mites y\u2026","rel":"","context":"En \u00abNACIONALES\u00bb","block_context":{"text":"NACIONALES","link":"https:\/\/lasprimeras.com.do\/index.php\/category\/nacionales\/"},"img":{"alt_text":"","src":"https:\/\/i0.wp.com\/lasprimeras.com.do\/wp-content\/uploads\/2024\/12\/diputados-1.jpeg?resize=350%2C200&ssl=1","width":350,"height":200,"srcset":"https:\/\/i0.wp.com\/lasprimeras.com.do\/wp-content\/uploads\/2024\/12\/diputados-1.jpeg?resize=350%2C200&ssl=1 1x, https:\/\/i0.wp.com\/lasprimeras.com.do\/wp-content\/uploads\/2024\/12\/diputados-1.jpeg?resize=525%2C300&ssl=1 1.5x, https:\/\/i0.wp.com\/lasprimeras.com.do\/wp-content\/uploads\/2024\/12\/diputados-1.jpeg?resize=700%2C400&ssl=1 2x"},"classes":[]},{"id":86481,"url":"https:\/\/lasprimeras.com.do\/index.php\/2024\/07\/26\/senado-aprueba-en-segunda-lectura-ley-proteccion-de-los-derechos-laborales-de-periodistas\/","url_meta":{"origin":48688,"position":2},"title":"Senado aprueba en segunda lectura ley protecci\u00f3n de los derechos laborales de periodistas","author":"Nelson Feliz","date":"26 de julio de 2024","format":false,"excerpt":"El Senado de la Rep\u00fablica aprob\u00f3 este jueves en segunda lectura el proyecto de ley de Cl\u00e1usula de Conciencia como protecci\u00f3n de los derechos laborales de los Periodistas en la Rep\u00fablica Dominicana. La iniciativa aprobada en la C\u00e1mara de Diputados, presentada por el diputado Tob\u00edas Crespo, pasa ahora al Poder\u2026","rel":"","context":"En \u00abNACIONALES\u00bb","block_context":{"text":"NACIONALES","link":"https:\/\/lasprimeras.com.do\/index.php\/category\/nacionales\/"},"img":{"alt_text":"","src":"https:\/\/i0.wp.com\/lasprimeras.com.do\/wp-content\/uploads\/2024\/07\/SENADO.jpg?resize=350%2C200&ssl=1","width":350,"height":200,"srcset":"https:\/\/i0.wp.com\/lasprimeras.com.do\/wp-content\/uploads\/2024\/07\/SENADO.jpg?resize=350%2C200&ssl=1 1x, https:\/\/i0.wp.com\/lasprimeras.com.do\/wp-content\/uploads\/2024\/07\/SENADO.jpg?resize=525%2C300&ssl=1 1.5x, https:\/\/i0.wp.com\/lasprimeras.com.do\/wp-content\/uploads\/2024\/07\/SENADO.jpg?resize=700%2C400&ssl=1 2x"},"classes":[]},{"id":103933,"url":"https:\/\/lasprimeras.com.do\/index.php\/2025\/07\/20\/diputados-aprueban-proyecto-de-ley-que-premia-a-los-votantes-con-descuentos-y-tramites-gratuitos\/","url_meta":{"origin":48688,"position":3},"title":"Diputados aprueban proyecto de ley que premia a los votantes con descuentos y tr\u00e1mites gratuitos","author":"Nelson Feliz","date":"20 de julio de 2025","format":false,"excerpt":"Exdiputado Rafael M\u00e9ndez advierte que la iniciativa desnaturaliza el sufragio y pide al Senado rechazarla. Omar Santana La C\u00e1mara de Diputados aprob\u00f3 un controvertido proyecto de ley que establece beneficios materiales para los ciudadanos que participen en los procesos electorales. La iniciativa, identificada con el n\u00famero 03875-2024-2028-CD, fue presentada por\u2026","rel":"","context":"En \u00abNACIONALES\u00bb","block_context":{"text":"NACIONALES","link":"https:\/\/lasprimeras.com.do\/index.php\/category\/nacionales\/"},"img":{"alt_text":"","src":"https:\/\/i0.wp.com\/lasprimeras.com.do\/wp-content\/uploads\/2025\/07\/diputados.jpg?resize=350%2C200&ssl=1","width":350,"height":200,"srcset":"https:\/\/i0.wp.com\/lasprimeras.com.do\/wp-content\/uploads\/2025\/07\/diputados.jpg?resize=350%2C200&ssl=1 1x, https:\/\/i0.wp.com\/lasprimeras.com.do\/wp-content\/uploads\/2025\/07\/diputados.jpg?resize=525%2C300&ssl=1 1.5x, https:\/\/i0.wp.com\/lasprimeras.com.do\/wp-content\/uploads\/2025\/07\/diputados.jpg?resize=700%2C400&ssl=1 2x"},"classes":[]},{"id":113068,"url":"https:\/\/lasprimeras.com.do\/index.php\/2025\/10\/29\/propuesta-empresarial-de-modificar-cesantia-es-asumida-por-una-diputada\/","url_meta":{"origin":48688,"position":4},"title":"Propuesta empresarial de modificar cesant\u00eda es asumida por una diputada","author":"Nelson Feliz","date":"29 de octubre de 2025","format":false,"excerpt":"Tras a\u00f1os intentando conseguir el respaldo de alg\u00fan legislador, el sector empresarial encontr\u00f3 una representante en la C\u00e1mara de Diputados que comparte su visi\u00f3n de modificar la cesant\u00eda. Tras a\u00f1os intentando conseguir el respaldo de alg\u00fan legislador, el sector empresarial encontr\u00f3 una representante en la C\u00e1mara de Diputados que comparte\u2026","rel":"","context":"En \u00abECONOM\u00cdA\u00bb","block_context":{"text":"ECONOM\u00cdA","link":"https:\/\/lasprimeras.com.do\/index.php\/category\/economia\/"},"img":{"alt_text":"","src":"https:\/\/i0.wp.com\/lasprimeras.com.do\/wp-content\/uploads\/2025\/10\/Carmen-Ligia-Barccelo.jpg?resize=350%2C200&ssl=1","width":350,"height":200,"srcset":"https:\/\/i0.wp.com\/lasprimeras.com.do\/wp-content\/uploads\/2025\/10\/Carmen-Ligia-Barccelo.jpg?resize=350%2C200&ssl=1 1x, https:\/\/i0.wp.com\/lasprimeras.com.do\/wp-content\/uploads\/2025\/10\/Carmen-Ligia-Barccelo.jpg?resize=525%2C300&ssl=1 1.5x, https:\/\/i0.wp.com\/lasprimeras.com.do\/wp-content\/uploads\/2025\/10\/Carmen-Ligia-Barccelo.jpg?resize=700%2C400&ssl=1 2x"},"classes":[]},{"id":103562,"url":"https:\/\/lasprimeras.com.do\/index.php\/2025\/07\/16\/los-diputados-aprueban-penas-de-40-anos-de-carcel-contra-los-traficantes-de-migrantes\/","url_meta":{"origin":48688,"position":5},"title":"Los diputados aprueban penas de 40 a\u00f1os de c\u00e1rcel contra los traficantes de migrantes","author":"Nelson Feliz","date":"16 de julio de 2025","format":false,"excerpt":"La iniciativa qued\u00f3 pendiente para una segunda discusi\u00f3n en la pr\u00f3xima sesi\u00f3n. La C\u00e1mara de Diputados aprob\u00f3 este mi\u00e9rcoles en segunda lectura y convirti\u00f3 en ley un proyecto que modifica la Ley 137-03 sobre Tr\u00e1fico Il\u00edcito de Migrantes y Trata de Personas, e impone sanciones que alcanzan hasta 40 a\u00f1os\u2026","rel":"","context":"En \u00abNACIONALES\u00bb","block_context":{"text":"NACIONALES","link":"https:\/\/lasprimeras.com.do\/index.php\/category\/nacionales\/"},"img":{"alt_text":"","src":"https:\/\/i0.wp.com\/lasprimeras.com.do\/wp-content\/uploads\/2024\/07\/camara.jpg?resize=350%2C200&ssl=1","width":350,"height":200,"srcset":"https:\/\/i0.wp.com\/lasprimeras.com.do\/wp-content\/uploads\/2024\/07\/camara.jpg?resize=350%2C200&ssl=1 1x, https:\/\/i0.wp.com\/lasprimeras.com.do\/wp-content\/uploads\/2024\/07\/camara.jpg?resize=525%2C300&ssl=1 1.5x, https:\/\/i0.wp.com\/lasprimeras.com.do\/wp-content\/uploads\/2024\/07\/camara.jpg?resize=700%2C400&ssl=1 2x"},"classes":[]}],"jetpack_sharing_enabled":true,"_links":{"self":[{"href":"https:\/\/lasprimeras.com.do\/index.php\/wp-json\/wp\/v2\/posts\/48688","targetHints":{"allow":["GET"]}}],"collection":[{"href":"https:\/\/lasprimeras.com.do\/index.php\/wp-json\/wp\/v2\/posts"}],"about":[{"href":"https:\/\/lasprimeras.com.do\/index.php\/wp-json\/wp\/v2\/types\/post"}],"author":[{"embeddable":true,"href":"https:\/\/lasprimeras.com.do\/index.php\/wp-json\/wp\/v2\/users\/1"}],"replies":[{"embeddable":true,"href":"https:\/\/lasprimeras.com.do\/index.php\/wp-json\/wp\/v2\/comments?post=48688"}],"version-history":[{"count":0,"href":"https:\/\/lasprimeras.com.do\/index.php\/wp-json\/wp\/v2\/posts\/48688\/revisions"}],"wp:featuredmedia":[{"embeddable":true,"href":"https:\/\/lasprimeras.com.do\/index.php\/wp-json\/"}],"wp:attachment":[{"href":"https:\/\/lasprimeras.com.do\/index.php\/wp-json\/wp\/v2\/media?parent=48688"}],"wp:term":[{"taxonomy":"category","embeddable":true,"href":"https:\/\/lasprimeras.com.do\/index.php\/wp-json\/wp\/v2\/categories?post=48688"},{"taxonomy":"post_tag","embeddable":true,"href":"https:\/\/lasprimeras.com.do\/index.php\/wp-json\/wp\/v2\/tags?post=48688"}],"curies":[{"name":"wp","href":"https:\/\/api.w.org\/{rel}","templated":true}]}}