{"id":48694,"date":"2023-05-03T08:59:07","date_gmt":"2023-05-03T12:59:07","guid":{"rendered":"https:\/\/atento.com.do\/?p=48694"},"modified":"2023-05-03T08:59:07","modified_gmt":"2023-05-03T12:59:07","slug":"oposicion-presiona-la-salida-presidente-camara-de-cuentas","status":"publish","type":"post","link":"https:\/\/lasprimeras.com.do\/index.php\/2023\/05\/03\/oposicion-presiona-la-salida-presidente-camara-de-cuentas\/","title":{"rendered":"Oposici\u00f3n presiona la salida presidente C\u00e1mara de Cuentas"},"content":{"rendered":"\n<p><strong>SANTO DOMINGO.-.<\/strong>La intenci\u00f3n de la oposici\u00f3n es hacer saltar del cargo al presidente de la C\u00e1mara de Cuentas (CC), Janel Ram\u00edrez, para que en su lugar asuma alguien que est\u00e9 m\u00e1s a fin con sus intereses, as\u00ed lo consider\u00f3 el vocero en el Senado del Partido Revolucionario Moderno (PRM), Franklin Romero, quien le recomend\u00f3 a este aplicar el peso de su investidura a todos los que pretendan obligarlo a hacer cosas re\u00f1idas con la ley.<\/p>\n\n\n\n<p>\u201cFruto de los acuerdos las fuerzas pol\u00edticas con incidencias en el Senado, propusieron dentro de las ternas a personas que le son de alguna manera afines. Desde un sector de la Fuerza del Pueblo se ha querido cuestionar al presidente de la C\u00e1mara de Cuentas para forzar un cambio en el bufete directivo\u201d, dijo el senador Franklin Romero.<\/p>\n\n\n\n<p>Sobre las denuncias que se ciernen sobre el presidente Janel Ram\u00edrez, recomend\u00f3 que debido a los intereses que rodean a los miembros de la CC, hay que ser prudentes al momento de evaluar cualquier tipo de observaci\u00f3n y aplicar lo que establece la Constituci\u00f3n.<\/p>\n\n\n\n<p>Record\u00f3 que la anterior gesti\u00f3n de la C\u00e1mara de Cuentas, en un hecho inaudito, tuvo el Ministerio P\u00fablico que tomar sus archivos porque se ten\u00eda informaciones precisas de que estaban maquillando auditor\u00edas o encubriendo t\u00e1cticas de corrupci\u00f3n, en los periodos reci\u00e9n pasados, cosa que con Janel Ram\u00edrez seguro no suceder\u00e1.<\/p>\n\n\n\n<p>Sobre las declaraciones del presidente de la C\u00e1mara de Cuentas de que muchas veces ha tenido que hacer lo que diga el pleno, aunque est\u00e9 en contra de la Ley, el senador Franklin Romero lament\u00f3 que se ha visto con las manos atadas y no tenga como resolver.<\/p>\n\n\n\n<p>\u201cCreo que le ha faltado pantalones para poner en entre dicho a las personas que lo est\u00e1n obligando hacer cosas re\u00f1idas con la ley\u201d, sentenci\u00f3 quien apoya que lo que sea que suceda con los miembros de la CC debe afectar a todos.<\/p>\n\n\n\n<p>Fuente Hoy<\/p>\n","protected":false},"excerpt":{"rendered":"<p>SANTO DOMINGO.-.La intenci\u00f3n de la oposici\u00f3n es hacer saltar del cargo al presidente de la C\u00e1mara de Cuentas (CC), Janel Ram\u00edrez, para que en su lugar asuma alguien que est\u00e9&hellip;<\/p>\n","protected":false},"author":1,"featured_media":48695,"comment_status":"open","ping_status":"open","sticky":false,"template":"","format":"standard","meta":{"content-type":"","jetpack_post_was_ever_published":false,"_jetpack_newsletter_access":"","_jetpack_dont_email_post_to_subs":false,"_jetpack_newsletter_tier_id":0,"_jetpack_memberships_contains_paywalled_content":false,"_jetpack_memberships_contains_paid_content":false,"footnotes":""},"categories":[35],"tags":[340,341,342,343],"class_list":["post-48694","post","type-post","status-publish","format-standard","has-post-thumbnail","hentry","category-nacionales","tag-camara-de-cuentas","tag-oposicion","tag-presiona","tag-salida"],"jetpack_featured_media_url":"","jetpack-related-posts":[{"id":121305,"url":"https:\/\/lasprimeras.com.do\/index.php\/2026\/02\/03\/franklin-romero-unico-senador-del-prm-que-ostenta-una-presidencia-provincial\/","url_meta":{"origin":48694,"position":0},"title":"Franklin Romero \u00fanico senador del PRM que ostenta una presidencia provincial","author":"Nelson Feliz","date":"3 de febrero de 2026","format":false,"excerpt":"Franklin Romero","rel":"","context":"En \u00abPOLITICA\u00bb","block_context":{"text":"POLITICA","link":"https:\/\/lasprimeras.com.do\/index.php\/category\/politica\/"},"img":{"alt_text":"","src":"https:\/\/i0.wp.com\/lasprimeras.com.do\/wp-content\/uploads\/2026\/02\/IMG-20260203-WA0222.jpg?resize=350%2C200&ssl=1","width":350,"height":200,"srcset":"https:\/\/i0.wp.com\/lasprimeras.com.do\/wp-content\/uploads\/2026\/02\/IMG-20260203-WA0222.jpg?resize=350%2C200&ssl=1 1x, https:\/\/i0.wp.com\/lasprimeras.com.do\/wp-content\/uploads\/2026\/02\/IMG-20260203-WA0222.jpg?resize=525%2C300&ssl=1 1.5x, https:\/\/i0.wp.com\/lasprimeras.com.do\/wp-content\/uploads\/2026\/02\/IMG-20260203-WA0222.jpg?resize=700%2C400&ssl=1 2x"},"classes":[]},{"id":96275,"url":"https:\/\/lasprimeras.com.do\/index.php\/2025\/03\/28\/senado-anuncia-para-el-proximo-lunes-seleccion-de-miembros-de-la-camara-de-cuentas\/","url_meta":{"origin":48694,"position":1},"title":"Senado anuncia para el pr\u00f3ximo lunes selecci\u00f3n de miembros de la C\u00e1mara de Cuentas","author":"Nelson Feliz","date":"28 de marzo de 2025","format":false,"excerpt":"La Comisi\u00f3n especial del Senado que estudia las ternas conformadas para la elecci\u00f3n de los nuevos miembros de la C\u00e1mara de Cuentas durante el per\u00edodo 2024-2028 estableci\u00f3 este viernes la metodolog\u00eda de trabajo. El presidente de la comisi\u00f3n, Andr\u00e9s Guillermo Lama, decidi\u00f3 convocar a los aspirantes a partir del pr\u00f3ximo\u2026","rel":"","context":"En \u00abPOLITICA\u00bb","block_context":{"text":"POLITICA","link":"https:\/\/lasprimeras.com.do\/index.php\/category\/politica\/"},"img":{"alt_text":"","src":"https:\/\/i0.wp.com\/lasprimeras.com.do\/wp-content\/uploads\/2025\/03\/senado-2.jpg?resize=350%2C200&ssl=1","width":350,"height":200,"srcset":"https:\/\/i0.wp.com\/lasprimeras.com.do\/wp-content\/uploads\/2025\/03\/senado-2.jpg?resize=350%2C200&ssl=1 1x, https:\/\/i0.wp.com\/lasprimeras.com.do\/wp-content\/uploads\/2025\/03\/senado-2.jpg?resize=525%2C300&ssl=1 1.5x, https:\/\/i0.wp.com\/lasprimeras.com.do\/wp-content\/uploads\/2025\/03\/senado-2.jpg?resize=700%2C400&ssl=1 2x"},"classes":[]},{"id":55139,"url":"https:\/\/lasprimeras.com.do\/index.php\/2023\/07\/18\/rogelio-genao-se-ha-politizado-al-extremo-el-tema-de-la-camara-de-cuentas\/","url_meta":{"origin":48694,"position":2},"title":"Rogelio Genao: &#8220;Se ha politizado al extremo&#8221; el tema de la C\u00e1mara de Cuentas","author":"Nelson Feliz","date":"18 de julio de 2023","format":false,"excerpt":"El presidente de la comisi\u00f3n investigadora de la C\u00e1mara de Cuentas, Rogelio Alfonso Genao, sostuvo que \"se ha politizado al extremo\" el juicio pol\u00edtico contra ese \u00f3rgano en cuyo informe entienden que hubo \"faltas graves\". Expres\u00f3 que los partidos de oposici\u00f3n han \"politizado el tema al extremo\" porque torpedearon la\u2026","rel":"","context":"En \u00abPORTADA\u00bb","block_context":{"text":"PORTADA","link":"https:\/\/lasprimeras.com.do\/index.php\/category\/portada\/"},"img":{"alt_text":"Rogelio Alfonso Genao","src":"https:\/\/i0.wp.com\/lasprimeras.com.do\/wp-content\/uploads\/2023\/07\/Rogelio-Alfonso-Genao-Lanza.jpg?resize=350%2C200&ssl=1","width":350,"height":200,"srcset":"https:\/\/i0.wp.com\/lasprimeras.com.do\/wp-content\/uploads\/2023\/07\/Rogelio-Alfonso-Genao-Lanza.jpg?resize=350%2C200&ssl=1 1x, https:\/\/i0.wp.com\/lasprimeras.com.do\/wp-content\/uploads\/2023\/07\/Rogelio-Alfonso-Genao-Lanza.jpg?resize=525%2C300&ssl=1 1.5x, https:\/\/i0.wp.com\/lasprimeras.com.do\/wp-content\/uploads\/2023\/07\/Rogelio-Alfonso-Genao-Lanza.jpg?resize=700%2C400&ssl=1 2x"},"classes":[]},{"id":53674,"url":"https:\/\/lasprimeras.com.do\/index.php\/2023\/06\/29\/pacheco-deplora-oposicion-para-hacer-juicio-politico\/","url_meta":{"origin":48694,"position":3},"title":"Pacheco deplora oposici\u00f3n para hacer juicio pol\u00edtico","author":"Nelson Feliz","date":"29 de junio de 2023","format":false,"excerpt":"El presidente de la C\u00e1mara de Diputados, Alfredo Pacheco rechaz\u00f3 que ha externado la oposici\u00f3n para aplicar un juicio pol\u00edtico al Pleno de la C\u00e1mara de Cuentas por las faltas encontradas. Desde que se aprob\u00f3 el informe que sugiere un juicio pol\u00edtico, los principales partidos de oposici\u00f3n representados en la\u2026","rel":"","context":"En \u00abPORTADA\u00bb","block_context":{"text":"PORTADA","link":"https:\/\/lasprimeras.com.do\/index.php\/category\/portada\/"},"img":{"alt_text":"Alfredo Pacheco","src":"https:\/\/i0.wp.com\/lasprimeras.com.do\/wp-content\/uploads\/2023\/06\/Alfredo-Pacheco.jpg?resize=350%2C200&ssl=1","width":350,"height":200,"srcset":"https:\/\/i0.wp.com\/lasprimeras.com.do\/wp-content\/uploads\/2023\/06\/Alfredo-Pacheco.jpg?resize=350%2C200&ssl=1 1x, https:\/\/i0.wp.com\/lasprimeras.com.do\/wp-content\/uploads\/2023\/06\/Alfredo-Pacheco.jpg?resize=525%2C300&ssl=1 1.5x, https:\/\/i0.wp.com\/lasprimeras.com.do\/wp-content\/uploads\/2023\/06\/Alfredo-Pacheco.jpg?resize=700%2C400&ssl=1 2x"},"classes":[]},{"id":87522,"url":"https:\/\/lasprimeras.com.do\/index.php\/2024\/08\/13\/fp-escoge-a-omar-fernandez-y-tobias-crespo-como-representantes-en-el-cnm\/","url_meta":{"origin":48694,"position":4},"title":"FP escoge a Omar Fern\u00e1ndez y Tob\u00edas Crespo como representantes en el CNM","author":"Nelson Feliz","date":"13 de agosto de 2024","format":false,"excerpt":"El senador Omar Fern\u00e1ndez y el diputado Tob\u00edas Crespo ser\u00e1n los representantes del partido Fuerza del Pueblo (FP) en el Consejo Nacional de la Magistratura (CNM), debido a que esta organizaci\u00f3n pol\u00edtica ostenta la segunda mayor\u00eda en el Senado de la Rep\u00fablica y en la C\u00e1mara de Diputados. La decisi\u00f3n\u2026","rel":"","context":"En \u00abSin categor\u00eda\u00bb","block_context":{"text":"Sin categor\u00eda","link":"https:\/\/lasprimeras.com.do\/index.php\/category\/sin-categoria\/"},"img":{"alt_text":"Omar Fern\u00e1ndez y Tob\u00edas Crespo","src":"https:\/\/i0.wp.com\/lasprimeras.com.do\/wp-content\/uploads\/2024\/08\/Omar-Fernandez-y-Tobias-Crespo.jpeg?resize=350%2C200&ssl=1","width":350,"height":200,"srcset":"https:\/\/i0.wp.com\/lasprimeras.com.do\/wp-content\/uploads\/2024\/08\/Omar-Fernandez-y-Tobias-Crespo.jpeg?resize=350%2C200&ssl=1 1x, https:\/\/i0.wp.com\/lasprimeras.com.do\/wp-content\/uploads\/2024\/08\/Omar-Fernandez-y-Tobias-Crespo.jpeg?resize=525%2C300&ssl=1 1.5x, https:\/\/i0.wp.com\/lasprimeras.com.do\/wp-content\/uploads\/2024\/08\/Omar-Fernandez-y-Tobias-Crespo.jpeg?resize=700%2C400&ssl=1 2x, https:\/\/i0.wp.com\/lasprimeras.com.do\/wp-content\/uploads\/2024\/08\/Omar-Fernandez-y-Tobias-Crespo.jpeg?resize=1050%2C600&ssl=1 3x"},"classes":[]},{"id":97547,"url":"https:\/\/lasprimeras.com.do\/index.php\/2025\/04\/22\/senado-de-la-republica-escoge-nuevos-miembros-de-la-camara-de-cuentas-para-el-periodo-2025-2029\/","url_meta":{"origin":48694,"position":5},"title":"Senado de la Rep\u00fablica escoge nuevos miembros de la C\u00e1mara de Cuentas para el periodo 2025-2029","author":"Nelson Feliz","date":"22 de abril de 2025","format":false,"excerpt":"El Senado de la Rep\u00fablica escogi\u00f3 este martes los nuevos integrantes de la C\u00e1mara de Cuentas de la Rep\u00fablica Dominicana y dej\u00f3 conformado el bufete directivo de ese \u00f3rgano, que ser\u00e1 presidido por Emma Polanco Melo de Mercedes, presidente; Francisco Tam\u00e1rez Florentino, vicepresidente; as\u00ed como los miembros Francisco Alberto Franco\u2026","rel":"","context":"En \u00abNACIONALES\u00bb","block_context":{"text":"NACIONALES","link":"https:\/\/lasprimeras.com.do\/index.php\/category\/nacionales\/"},"img":{"alt_text":"","src":"https:\/\/i0.wp.com\/lasprimeras.com.do\/wp-content\/uploads\/2025\/04\/senado.jpeg?resize=350%2C200&ssl=1","width":350,"height":200,"srcset":"https:\/\/i0.wp.com\/lasprimeras.com.do\/wp-content\/uploads\/2025\/04\/senado.jpeg?resize=350%2C200&ssl=1 1x, https:\/\/i0.wp.com\/lasprimeras.com.do\/wp-content\/uploads\/2025\/04\/senado.jpeg?resize=525%2C300&ssl=1 1.5x, https:\/\/i0.wp.com\/lasprimeras.com.do\/wp-content\/uploads\/2025\/04\/senado.jpeg?resize=700%2C400&ssl=1 2x"},"classes":[]}],"jetpack_sharing_enabled":true,"_links":{"self":[{"href":"https:\/\/lasprimeras.com.do\/index.php\/wp-json\/wp\/v2\/posts\/48694","targetHints":{"allow":["GET"]}}],"collection":[{"href":"https:\/\/lasprimeras.com.do\/index.php\/wp-json\/wp\/v2\/posts"}],"about":[{"href":"https:\/\/lasprimeras.com.do\/index.php\/wp-json\/wp\/v2\/types\/post"}],"author":[{"embeddable":true,"href":"https:\/\/lasprimeras.com.do\/index.php\/wp-json\/wp\/v2\/users\/1"}],"replies":[{"embeddable":true,"href":"https:\/\/lasprimeras.com.do\/index.php\/wp-json\/wp\/v2\/comments?post=48694"}],"version-history":[{"count":0,"href":"https:\/\/lasprimeras.com.do\/index.php\/wp-json\/wp\/v2\/posts\/48694\/revisions"}],"wp:featuredmedia":[{"embeddable":true,"href":"https:\/\/lasprimeras.com.do\/index.php\/wp-json\/"}],"wp:attachment":[{"href":"https:\/\/lasprimeras.com.do\/index.php\/wp-json\/wp\/v2\/media?parent=48694"}],"wp:term":[{"taxonomy":"category","embeddable":true,"href":"https:\/\/lasprimeras.com.do\/index.php\/wp-json\/wp\/v2\/categories?post=48694"},{"taxonomy":"post_tag","embeddable":true,"href":"https:\/\/lasprimeras.com.do\/index.php\/wp-json\/wp\/v2\/tags?post=48694"}],"curies":[{"name":"wp","href":"https:\/\/api.w.org\/{rel}","templated":true}]}}