{"id":48697,"date":"2023-05-03T11:09:02","date_gmt":"2023-05-03T15:09:02","guid":{"rendered":"https:\/\/atento.com.do\/?p=48697"},"modified":"2023-05-03T11:09:02","modified_gmt":"2023-05-03T15:09:02","slug":"presidente-pqdc-cuestiona-informe-sobre-violencia-presentado-por-ee-uu","status":"publish","type":"post","link":"https:\/\/lasprimeras.com.do\/index.php\/2023\/05\/03\/presidente-pqdc-cuestiona-informe-sobre-violencia-presentado-por-ee-uu\/","title":{"rendered":"Presidente PQDC cuestiona informe sobre violencia presentado por EE.UU."},"content":{"rendered":"\n<p><strong>Santo Domingo.-. <\/strong>El presidente y diputado por el Partido Quisqueyano Dem\u00f3crata Cristiano (PQDC), doctor El\u00edas Wessin Ch\u00e1vez, calific\u00f3 hoy como una burda mentira el Informe presentando por los Estados Unidos donde tratan de comparar el nivel de violencia que existe en Rep\u00fablica Dominicana con Hait\u00ed, como si tratar\u00e1 de Ruanda unos de esos pa\u00edses africanos.<\/p>\n\n\n\n<p>Wessin Ch\u00e1vez, dijo que aqu\u00ed no hay tutsis ni uptus, eso no es verdad, aqu\u00ed somos dominicanos del lado oriental y del lado occidental haitianos, ambos pa\u00edses tienen una cultura diferente.<\/p>\n\n\n\n<p>Por otro lado, diputado nacional del PQDC, cuestion\u00f3 a los funcionarios que Gobierno que encabeza Luis Abinader que se atrevieron a someter ante el Congreso Nacional el anteproyecto de Ley de Trata de Personas con el objetivo de beneficiar a los inmigrantes de nacionalidad haitiana.<\/p>\n\n\n\n<p>Dijo que eso no iba a ser aprobado en la C\u00e1mara de Diputados (no hay consenso para eso), todos los legisladores cuando vieron eso manifestaron que se trataba de un disparate.<\/p>\n\n\n\n<p>El presidente del PQDC, doctor El\u00edas Wessin Ch\u00e1vez, manifest\u00f3 que los funcionarios del Poder Ejecutivo cometieron un grav\u00edsimo error al tratar de introducir el anteproyecto de Ley de Trata, el cual fue calificado por los legisladores de todas las bancadas como un disparate.<\/p>\n\n\n\n<p>Al ser entrevistado en el programa \u201cA raja tabla\u201d por el periodista Ori\u00f3n Mej\u00eda, el destacado legislador del PQDC sostuvo que las autoridades cometieron un error al someter ese proyecto de Ley; los 45 d\u00edas que otorgaron para reintroducir el proyecto fue un plazo para tratar de salir bien con los interesados en convertir en Ley ese proyecto.<\/p>\n","protected":false},"excerpt":{"rendered":"<p>Santo Domingo.-. El presidente y diputado por el Partido Quisqueyano Dem\u00f3crata Cristiano (PQDC), doctor El\u00edas Wessin Ch\u00e1vez, calific\u00f3 hoy como una burda mentira el Informe presentando por los Estados Unidos&hellip;<\/p>\n","protected":false},"author":1,"featured_media":40710,"comment_status":"open","ping_status":"open","sticky":false,"template":"","format":"standard","meta":{"content-type":"","jetpack_post_was_ever_published":false,"_jetpack_newsletter_access":"","_jetpack_dont_email_post_to_subs":false,"_jetpack_newsletter_tier_id":0,"_jetpack_memberships_contains_paywalled_content":false,"_jetpack_memberships_contains_paid_content":false,"footnotes":""},"categories":[1],"tags":[344],"class_list":["post-48697","post","type-post","status-publish","format-standard","has-post-thumbnail","hentry","category-sin-categoria","tag-elias-wessin-chavez"],"jetpack_featured_media_url":"","jetpack-related-posts":[{"id":106853,"url":"https:\/\/lasprimeras.com.do\/index.php\/2025\/08\/20\/wessin-chavez-presenta-rendicion-de-cuentas-correspondiente-al-periodo-legislativo-2024-2025\/","url_meta":{"origin":48697,"position":0},"title":"Wessin Ch\u00e1vez presenta &#8220;Rendici\u00f3n de Cuentas&#8221; correspondiente al periodo legislativo 2024-2025","author":"Nelson Feliz","date":"20 de agosto de 2025","format":false,"excerpt":"El diputado nacional y presidente del Partido Quisqueyano Dem\u00f3crata Cristiano (PQDC), doctor El\u00edas Wessin Ch\u00e1vez, present\u00f3 este martes su Rendici\u00f3n de Cuentas correspondiente al periodo legislativo 2024-2025; en cumplimiento del Art. 92 de la Constituci\u00f3n y al Reglamento de la C\u00e1mara de Diputados. El documento base sobre la Rendici\u00f3n de\u2026","rel":"","context":"En \u00abPOLITICA\u00bb","block_context":{"text":"POLITICA","link":"https:\/\/lasprimeras.com.do\/index.php\/category\/politica\/"},"img":{"alt_text":"","src":"https:\/\/i0.wp.com\/lasprimeras.com.do\/wp-content\/uploads\/2025\/08\/WhatsApp-Image-2025-08-20-at-8.53.29-AM.jpeg?resize=350%2C200&ssl=1","width":350,"height":200,"srcset":"https:\/\/i0.wp.com\/lasprimeras.com.do\/wp-content\/uploads\/2025\/08\/WhatsApp-Image-2025-08-20-at-8.53.29-AM.jpeg?resize=350%2C200&ssl=1 1x, https:\/\/i0.wp.com\/lasprimeras.com.do\/wp-content\/uploads\/2025\/08\/WhatsApp-Image-2025-08-20-at-8.53.29-AM.jpeg?resize=525%2C300&ssl=1 1.5x, https:\/\/i0.wp.com\/lasprimeras.com.do\/wp-content\/uploads\/2025\/08\/WhatsApp-Image-2025-08-20-at-8.53.29-AM.jpeg?resize=700%2C400&ssl=1 2x, https:\/\/i0.wp.com\/lasprimeras.com.do\/wp-content\/uploads\/2025\/08\/WhatsApp-Image-2025-08-20-at-8.53.29-AM.jpeg?resize=1050%2C600&ssl=1 3x, https:\/\/i0.wp.com\/lasprimeras.com.do\/wp-content\/uploads\/2025\/08\/WhatsApp-Image-2025-08-20-at-8.53.29-AM.jpeg?resize=1400%2C800&ssl=1 4x"},"classes":[]},{"id":107505,"url":"https:\/\/lasprimeras.com.do\/index.php\/2025\/08\/27\/elias-wessin-reclama-al-gobierno-que-rehabilite-y-modernice-el-hospital-psiquiatrico-padre-billini-el-28\/","url_meta":{"origin":48697,"position":1},"title":"El\u00edas Wessin reclama al Gobierno que rehabilite y modernice el Hospital Psiqui\u00e1trico Padre Billini (El 28)","author":"Nelson Feliz","date":"27 de agosto de 2025","format":false,"excerpt":"El diputado nacional y presidente del Partido Quisqueyano Dem\u00f3crata Cristiano (PQDC), El\u00edas Wessin hizo un llamado al gobierno del PRM, para que rehabilite y modernice el Hospital Psiqui\u00e1trico Padre Billini, mejor conocido como el Manicomio del Km 28 de la Carretera Duarte. El legislador opositor, denunci\u00f3 la corriente progre que\u2026","rel":"","context":"En \u00abPOLITICA\u00bb","block_context":{"text":"POLITICA","link":"https:\/\/lasprimeras.com.do\/index.php\/category\/politica\/"},"img":{"alt_text":"Elias Wessin Chavez","src":"https:\/\/i0.wp.com\/lasprimeras.com.do\/wp-content\/uploads\/2023\/10\/Elias-Wessin-Chavez-1.jpg?resize=350%2C200&ssl=1","width":350,"height":200,"srcset":"https:\/\/i0.wp.com\/lasprimeras.com.do\/wp-content\/uploads\/2023\/10\/Elias-Wessin-Chavez-1.jpg?resize=350%2C200&ssl=1 1x, https:\/\/i0.wp.com\/lasprimeras.com.do\/wp-content\/uploads\/2023\/10\/Elias-Wessin-Chavez-1.jpg?resize=525%2C300&ssl=1 1.5x, https:\/\/i0.wp.com\/lasprimeras.com.do\/wp-content\/uploads\/2023\/10\/Elias-Wessin-Chavez-1.jpg?resize=700%2C400&ssl=1 2x"},"classes":[]},{"id":61570,"url":"https:\/\/lasprimeras.com.do\/index.php\/2023\/09\/28\/wessin-chavez-solicita-a-la-cnepr-prohiba-varias-canciones-que-ofenden-la-moral-publica\/","url_meta":{"origin":48697,"position":2},"title":"Wessin Ch\u00e1vez solicita a la CNEPR proh\u00edba varias canciones que ofenden la moral p\u00fablica","author":"Nelson Feliz","date":"28 de septiembre de 2023","format":false,"excerpt":"Temas como: Mariela, Culo Chapa, El Cuerno y Papo Cobra deben ser prohibidas. El diputado nacional y presidente del Partido Quisqueyano Dem\u00f3crata Cristiano (PQDC), doctor El\u00edas Wessin Ch\u00e1vez, solicit\u00f3 este jueves a la Comisi\u00f3n Nacional de Espect\u00e1culos P\u00fablicos (CNEPR), prohibir varias canciones que suenan en las diferentes estaciones de radio\u2026","rel":"","context":"En \u00abPORTADA\u00bb","block_context":{"text":"PORTADA","link":"https:\/\/lasprimeras.com.do\/index.php\/category\/portada\/"},"img":{"alt_text":"El\u00edas Wessin Ch\u00e1vez","src":"https:\/\/i0.wp.com\/lasprimeras.com.do\/wp-content\/uploads\/2023\/09\/Elias-Wessin-Chavez-3.jpg?resize=350%2C200&ssl=1","width":350,"height":200,"srcset":"https:\/\/i0.wp.com\/lasprimeras.com.do\/wp-content\/uploads\/2023\/09\/Elias-Wessin-Chavez-3.jpg?resize=350%2C200&ssl=1 1x, https:\/\/i0.wp.com\/lasprimeras.com.do\/wp-content\/uploads\/2023\/09\/Elias-Wessin-Chavez-3.jpg?resize=525%2C300&ssl=1 1.5x, https:\/\/i0.wp.com\/lasprimeras.com.do\/wp-content\/uploads\/2023\/09\/Elias-Wessin-Chavez-3.jpg?resize=700%2C400&ssl=1 2x"},"classes":[]},{"id":56184,"url":"https:\/\/lasprimeras.com.do\/index.php\/2023\/07\/28\/pqdc-celebrara-su-tercera-convencion-nacional-este-domingo\/","url_meta":{"origin":48697,"position":3},"title":"PQDC celebrar\u00e1 su \u201cTercera Convenci\u00f3n Nacional\u201d este domingo","author":"Nelson Feliz","date":"28 de julio de 2023","format":false,"excerpt":"El Partido Quisqueyano Dem\u00f3crata Cristiano (PQDC), celebrar\u00e1 su Tercera Convenci\u00f3n Nacional de Dirigentes el pr\u00f3ximo domingo 30 de los corrientes, donde renovar\u00e1 sus estructuras partidarias nacionales, al igual que modificaciones estatutarias, y finalmente proclamar\u00e1 a su candidato presidencial para los comicios a celebrarse en 2024. El importante evento pol\u00edtico est\u00e1\u2026","rel":"","context":"En \u00abPORTADA\u00bb","block_context":{"text":"PORTADA","link":"https:\/\/lasprimeras.com.do\/index.php\/category\/portada\/"},"img":{"alt_text":"Elias Wessin Chavez","src":"https:\/\/i0.wp.com\/lasprimeras.com.do\/wp-content\/uploads\/2023\/07\/Elias-Wessin-Chavez.jpg?resize=350%2C200&ssl=1","width":350,"height":200,"srcset":"https:\/\/i0.wp.com\/lasprimeras.com.do\/wp-content\/uploads\/2023\/07\/Elias-Wessin-Chavez.jpg?resize=350%2C200&ssl=1 1x, https:\/\/i0.wp.com\/lasprimeras.com.do\/wp-content\/uploads\/2023\/07\/Elias-Wessin-Chavez.jpg?resize=525%2C300&ssl=1 1.5x, https:\/\/i0.wp.com\/lasprimeras.com.do\/wp-content\/uploads\/2023\/07\/Elias-Wessin-Chavez.jpg?resize=700%2C400&ssl=1 2x"},"classes":[]},{"id":56305,"url":"https:\/\/lasprimeras.com.do\/index.php\/2023\/07\/30\/pqdc-celebra-tercera-asamblea-nacional-de-dirigentes-donde-ratifica-pacto-con-fuerza-del-pueblo\/","url_meta":{"origin":48697,"position":4},"title":"PQDC celebra Tercera Asamblea Nacional de Dirigentes donde ratifica pacto con Fuerza del Pueblo","author":"Nelson Feliz","date":"30 de julio de 2023","format":false,"excerpt":"El Partido Quisqueyano Dem\u00f3crata Cristiano (PQDC) celebr\u00f3 hoy su 3ra. Asamblea Nacional de Dirigentes, en la cual eligieron sus cuadros dirigenciales y aprobaron el pacto de alianza firmado por su presidente El\u00edas Wessin Ch\u00e1vez con el partido Fuerza del Pueblo que dirige Leonel Fern\u00e1ndez de cara a las elecciones del\u2026","rel":"","context":"En \u00abPORTADA\u00bb","block_context":{"text":"PORTADA","link":"https:\/\/lasprimeras.com.do\/index.php\/category\/portada\/"},"img":{"alt_text":"Alianza PQDC","src":"https:\/\/i0.wp.com\/lasprimeras.com.do\/wp-content\/uploads\/2023\/07\/Alianza-PQDC-1.jpg?resize=350%2C200&ssl=1","width":350,"height":200,"srcset":"https:\/\/i0.wp.com\/lasprimeras.com.do\/wp-content\/uploads\/2023\/07\/Alianza-PQDC-1.jpg?resize=350%2C200&ssl=1 1x, https:\/\/i0.wp.com\/lasprimeras.com.do\/wp-content\/uploads\/2023\/07\/Alianza-PQDC-1.jpg?resize=525%2C300&ssl=1 1.5x, https:\/\/i0.wp.com\/lasprimeras.com.do\/wp-content\/uploads\/2023\/07\/Alianza-PQDC-1.jpg?resize=700%2C400&ssl=1 2x"},"classes":[]},{"id":53197,"url":"https:\/\/lasprimeras.com.do\/index.php\/2023\/06\/24\/wessin-chavez-califica-de-penoso-que-este-gobierno-asuma-la-ideologia-de-genero-como-politica-de-estado\/","url_meta":{"origin":48697,"position":5},"title":"Wessin Ch\u00e1vez califica de penoso que este gobierno asuma la Ideolog\u00eda de G\u00e9nero como pol\u00edtica de Estado","author":"Nelson Feliz","date":"24 de junio de 2023","format":false,"excerpt":"El presidente del Partido Quisqueyano Dem\u00f3crata Cristiano (PQDC) y diputado nacional, doctor El\u00edas Wessin Ch\u00e1vez, califico de penoso que este gobierno asuma la Ideolog\u00eda de G\u00e9nero como pol\u00edtica de Estado, en un acuerdo con una ministra espa\u00f1ola que postula que los ni\u00f1os pueden decidir tener sexo, si as\u00ed lo sienten\u2026","rel":"","context":"En \u00abPORTADA\u00bb","block_context":{"text":"PORTADA","link":"https:\/\/lasprimeras.com.do\/index.php\/category\/portada\/"},"img":{"alt_text":"El\u00edas Wessin Ch\u00e1vez","src":"https:\/\/i0.wp.com\/lasprimeras.com.do\/wp-content\/uploads\/2023\/06\/Elias-Wessin-Chavez.jpg?resize=350%2C200&ssl=1","width":350,"height":200,"srcset":"https:\/\/i0.wp.com\/lasprimeras.com.do\/wp-content\/uploads\/2023\/06\/Elias-Wessin-Chavez.jpg?resize=350%2C200&ssl=1 1x, https:\/\/i0.wp.com\/lasprimeras.com.do\/wp-content\/uploads\/2023\/06\/Elias-Wessin-Chavez.jpg?resize=525%2C300&ssl=1 1.5x, https:\/\/i0.wp.com\/lasprimeras.com.do\/wp-content\/uploads\/2023\/06\/Elias-Wessin-Chavez.jpg?resize=700%2C400&ssl=1 2x"},"classes":[]}],"jetpack_sharing_enabled":true,"_links":{"self":[{"href":"https:\/\/lasprimeras.com.do\/index.php\/wp-json\/wp\/v2\/posts\/48697","targetHints":{"allow":["GET"]}}],"collection":[{"href":"https:\/\/lasprimeras.com.do\/index.php\/wp-json\/wp\/v2\/posts"}],"about":[{"href":"https:\/\/lasprimeras.com.do\/index.php\/wp-json\/wp\/v2\/types\/post"}],"author":[{"embeddable":true,"href":"https:\/\/lasprimeras.com.do\/index.php\/wp-json\/wp\/v2\/users\/1"}],"replies":[{"embeddable":true,"href":"https:\/\/lasprimeras.com.do\/index.php\/wp-json\/wp\/v2\/comments?post=48697"}],"version-history":[{"count":0,"href":"https:\/\/lasprimeras.com.do\/index.php\/wp-json\/wp\/v2\/posts\/48697\/revisions"}],"wp:featuredmedia":[{"embeddable":true,"href":"https:\/\/lasprimeras.com.do\/index.php\/wp-json\/"}],"wp:attachment":[{"href":"https:\/\/lasprimeras.com.do\/index.php\/wp-json\/wp\/v2\/media?parent=48697"}],"wp:term":[{"taxonomy":"category","embeddable":true,"href":"https:\/\/lasprimeras.com.do\/index.php\/wp-json\/wp\/v2\/categories?post=48697"},{"taxonomy":"post_tag","embeddable":true,"href":"https:\/\/lasprimeras.com.do\/index.php\/wp-json\/wp\/v2\/tags?post=48697"}],"curies":[{"name":"wp","href":"https:\/\/api.w.org\/{rel}","templated":true}]}}