{"id":48702,"date":"2023-05-03T13:15:36","date_gmt":"2023-05-03T17:15:36","guid":{"rendered":"https:\/\/atento.com.do\/?p=48702"},"modified":"2023-05-03T13:15:36","modified_gmt":"2023-05-03T17:15:36","slug":"presidente-abinader-inaugura-en-sdo-nuevo-punto-gob-occidental-mall","status":"publish","type":"post","link":"https:\/\/lasprimeras.com.do\/index.php\/2023\/05\/03\/presidente-abinader-inaugura-en-sdo-nuevo-punto-gob-occidental-mall\/","title":{"rendered":"Presidente Abinader inaugura en SDO nuevo \u201cPunto GOB Occidental Mall\u201d"},"content":{"rendered":"\n<p>Mandatario anuncia Tribunal de Justicia de Santo Domingo Oeste est\u00e1 en proceso de licitaci\u00f3n y adjudicaci\u00f3n, previsto a iniciar su construcci\u00f3n en el segundo semestre de este a\u00f1o.<\/p>\n\n\n\n<p>Por Wilson P\u00e9rez<\/p>\n\n\n\n<p><strong>Santo Domingo. &#8211;<\/strong> El presidente Luis Abinader inaugur\u00f3 este mi\u00e9rcoles el nuevo punto GOB Occidental Mall, ubicado en la plaza comercial Occidental Mall, en Santo Domingo Oeste (SDO) y beneficiar\u00e1 a m\u00e1s de un mill\u00f3n ciudadanos.<\/p>\n\n\n\n<p>Durante el acto, el presidente Abinader anunci\u00f3 que el Tribunal de Justicia de Santo Domingo Oeste, el cual defini\u00f3 como un \u00edcono del municipio y una obra de gran importancia, est\u00e1 en proceso de licitaci\u00f3n y debe adjudicarse en los pr\u00f3ximos d\u00edas, con previsi\u00f3n a iniciar su construcci\u00f3n en el segundo semestre de este a\u00f1o.<\/p>\n\n\n\n<p>El mandatario indic\u00f3 que estas acciones van en la misma l\u00ednea de eficientizar los servicios p\u00fablicos y de garantizar la calidad de vida, peque\u00f1as obras en t\u00e9rminos de inversi\u00f3n pero que tienen un gran impacto y que aseguran que los ciudadanos accedan a servicios en el mismo municipio, sin tener que desplazarse.<\/p>\n\n\n\n<p>Inform\u00f3 que este punto de servicios tambi\u00e9n se extender\u00e1 en esta primera etapa de desarrollo a Santiago, en Santo Domingo Norte y la regi\u00f3n de Punta Cana y en una segunda etapa ciudades como San Francisco de Macor\u00eds, San Crist\u00f3bal y Puerto Plata.<\/p>\n\n\n\n<p>El jefe de Estado adelant\u00f3 que est\u00e1n proceso de acuerdo con el Banco de Reservas para aprovechar los espacios disponibles en sus sucursales.<\/p>\n\n\n\n<p>Asimismo, expuso que, con este tipo de obras, as\u00ed como tambi\u00e9n las de transporte se busca mejorar la calidad de vida de la poblaci\u00f3n. Puso como ejemplo de estas acciones la extensi\u00f3n del metro que dijo, no solamente va a impactar a los Alcarrizos, Pantoja, Palmarejo, Villa Linda y Pedro Brand, sino que pasa m\u00e1s de la mitad del espacio por Santo Domingo Oeste y va a hacer conexiones que van a aprovechar en Santo Domingo Este.<\/p>\n\n\n\n<p>\u201cLo importante del gobierno es crear las infraestructuras, en este caso las infraestructuras f\u00edsicas, pero tambi\u00e9n las infraestructuras digitales en este nuevo mundo para favorecer, mejorar la eficiencia, la competitividad de nuestra econom\u00eda y tambi\u00e9n ahorrarle dinero y mejorar la calidad de vida a los ciudadanos. Ese es el objetivo y eso es lo que estamos cumpliendo con obras como estas\u201d, destac\u00f3 el presidente Abinader.<\/p>\n\n\n\n<p>Al enviar un mensaje a todos los servidores p\u00fablicos, se\u00f1al\u00f3 que la tecnolog\u00eda est\u00e1 ayudando mucho a mejorar la calidad de gobierno, pero nunca sustituye el servicio personal de los ciudadanos con sus iguales.<\/p>\n\n\n\n<p>En ese sentido, expres\u00f3 se desarrollar\u00e1n m\u00e1s programas de educaci\u00f3n al sector p\u00fablico para que todos los servidores p\u00fablicos, empezando por \u00e9l como primer servidor p\u00fablico, tengan esa filosof\u00eda de servirle con eficiencia, con amor, pasi\u00f3n, de tener una obsesi\u00f3n por el servicio a cada ciudadano.<\/p>\n\n\n\n<p>Recalc\u00f3 que cada servidor p\u00fablico que tenga contacto con la poblaci\u00f3n, parte de toda la tecnolog\u00eda, debe servir con transparencia, eficiencia, pasi\u00f3n, ser un obsesionado de la buena calidad del servicio p\u00fablico.<\/p>\n\n\n\n<p>\u201cSeguiremos avanzando para tener un Gobierno eficiente, que conlleva tambi\u00e9n a un pa\u00eds competitivo en este mundo donde cada vez tenemos que avanzar m\u00e1s para tener una mayor productividad que nos llevar\u00e1 a tener entonces mejor calidad de vida y m\u00e1s desarrollo econ\u00f3mico y social\u201d, concluy\u00f3 el presidente Abinader.<\/p>\n\n\n\n<p>Expansi\u00f3n de los Puntos GOB a nivel nacional<\/p>\n\n\n\n<p>De su lado, el director general de la Oficina Gubernamental de Tecnolog\u00edas de la Informaci\u00f3n y Comunicaci\u00f3n (OGTIC) y director Ejecutivo del Gabinete de Innovaci\u00f3n, Bartolom\u00e9 Pujals, durante la inauguraci\u00f3n mostr\u00f3 satisfacci\u00f3n por la apertura, ya que dijo es unos de sus logros en los primero cien d\u00edas de asumir en la OGTIC, que forma parte del plan estrat\u00e9gico dise\u00f1ado para la expansi\u00f3n de los Puntos GOB a nivel nacional.<\/p>\n\n\n\n<p>&#8220;Hemos puesto al ciudadano en el coraz\u00f3n de nuestra gesti\u00f3n, escuchando sus quejas, sus males, identificando junto a ellos los procesos del Estado que generaban en gastos innecesarios de tiempo y dinero. Por eso, implementamos esta estrategia de omnicanalidad, que no es m\u00e1s que brindar los mismos servicios por diferentes canales\u201d, expres\u00f3 Pujals.<\/p>\n\n\n\n<p>El funcionario afirm\u00f3 que el objetivo del Punto GOB es ofrecer la misma experiencia y servicios consolidando todas las oportunidades de contacto con el ciudadano, concentrando la informaci\u00f3n y los datos sobre los servicios iguales en todos los canales, comunicaci\u00f3n estandarizada.<\/p>\n\n\n\n<p>Avance significativo en la provisi\u00f3n de servicios gubernamentales<\/p>\n\n\n\n<p>En tanto, el senador por la provincia Santo Domingo, Antonio Taveras Guzm\u00e1n, manifest\u00f3 que la apertura de esta oficina marca un avance significativo en la provisi\u00f3n de servicios gubernamentales para los residentes de las comunidades representadas en el municipio del SDO. Resalt\u00f3 el gran significado que representa el nuevo punto GOB para el acercamiento de la ciudadan\u00eda y el estado con el servicio administrativo eficiente, transparente y accesible.<\/p>\n\n\n\n<p>Asimismo, el alcalde de Santo Domingo Oeste, Jos\u00e9 And\u00fajar, destac\u00f3 que el presidente se ha hecho due\u00f1o de SDO por la inauguraci\u00f3n de este punto GOB. Expuso que el presidente ha demostrado que es el presidente en la historia de este pa\u00eds con m\u00e1s compromiso en SDO por las obras ejecutadas en el municipio.<\/p>\n\n\n\n<p>Del mismo modo, la directora de Atenci\u00f3n Ciudadana de la OGTIC, Marielys Corpor\u00e1n, Marielys Corpor\u00e1n al dar las palabras de bienvenida manifest\u00f3 que los Puntos GOB est\u00e1n aqu\u00ed para ayudar. \u201cEs nuestra misi\u00f3n facilitar a la gente el acceso a los servicios p\u00fablicos, como un derecho fundamental de bienestar y desarrollo como persona y sociedad\u201d.<\/p>\n\n\n\n<p>Horario de servicios<\/p>\n\n\n\n<p>El Punto GOB Occidental Mall ofrecer\u00e1 servicios en horario de lunes a viernes de 8:00 de la ma\u00f1ana, hasta las 8:00 de la noche y los s\u00e1bados de 9:00 de la ma\u00f1ana, hasta las 6:00 de la tarde.<\/p>\n\n\n\n<p>Occidental Mall, es un punto estrat\u00e9gico para llegar a la ciudadan\u00eda de Santo Domingo Oeste, est\u00e1 ubicado en una de las principales avenidas del municipio, pr\u00f3ximo a los sectores con mayor densidad poblacional y vulnerabilidad de la zona, entre ellos, Ensanche Altagracia, Hato Nuevo, Bayona, El Abanico, El Libertador, Buenos Aires, Las Palmas, Enriquillo, La venta, Las Caobas, Las Zonas Industriales, Los Kil\u00f3metros y Manoguayabo.<\/p>\n\n\n\n<p>Entidades que estar\u00e1n en el Punto GOB<\/p>\n\n\n\n<p>Algunas de las entidades con servicios en GOB Occidental Mall son la Corporaci\u00f3n del Acueducto y Alcantarillado de Santo Domingo (CAASD), el Gabinete de Coordinaci\u00f3n de Pol\u00edticas Sociales, el Ministerio de Educaci\u00f3n Superior Ciencia y Tecnolog\u00eda (MESCyT), la Polic\u00eda Nacional (PN.) y el Seguro Nacional de Salud (SENASA).<\/p>\n\n\n\n<p>Asimismo, Superintendencia de Salud y Riesgos Laborales (SISALRIL), Superintendencia de Electricidad (SIE) y la Tesorer\u00eda de Seguridad Social (TSS), Instituto Nacional de Protecci\u00f3n de los Derechos del Consumidor (Pro-Consumidor), Direcci\u00f3n General de Migraci\u00f3n (DGM), Ministerio de Interior y Polic\u00eda (MIP), Direcci\u00f3n de Informaci\u00f3n y Defensa de los Afiliados a la Seguridad Social (DIDA) e Instituto Nacional de Tr\u00e1nsito y Transporte Terrestre (INTRANT), entre otras.<\/p>\n\n\n\n<p>Estuvieron presentes en el acto, el ministro de Educaci\u00f3n Superior, Ciencia y Tecnolog\u00eda, Franklin Garc\u00eda Ferm\u00edn; la gobernadora de la provincia de Santo Domingo, Julia Altagracia Drullard; los viceministros Administrativo de la Presidencia, Igor Rodr\u00edguez; de Monitoreo y Coordinaci\u00f3n Gubernamental, Jos\u00e9 Ram\u00f3n Holgu\u00edn; de Relaciones con la Sociedad Civil, Benny Metz y de Servicios P\u00fablicos, Sheyla Castillo; el administrador gerente general de Edesur Dominicana, Milton Morrison.<\/p>\n\n\n\n<p>Tambi\u00e9n, los directores, de Pasaportes, Digna Reynoso; del Departamento Aeroportuario, V\u00edctor Pichardo; de Promipyme, Porfirio Peralta; de Migraci\u00f3n, Venancio Alc\u00e1ntara; de la OMSA, Radham\u00e9s Gonz\u00e1lez; de la DIDA, Carolina Serrata y la coordinadora de la Direcci\u00f3n Ejecutiva del Gabinete de Innovaci\u00f3n, Diana Rivas.<\/p>\n","protected":false},"excerpt":{"rendered":"<p>Mandatario anuncia Tribunal de Justicia de Santo Domingo Oeste est\u00e1 en proceso de licitaci\u00f3n y adjudicaci\u00f3n, previsto a iniciar su construcci\u00f3n en el segundo semestre de este a\u00f1o. Por Wilson&hellip;<\/p>\n","protected":false},"author":1,"featured_media":48703,"comment_status":"open","ping_status":"open","sticky":false,"template":"","format":"standard","meta":{"content-type":"","jetpack_post_was_ever_published":false,"_jetpack_newsletter_access":"","_jetpack_dont_email_post_to_subs":false,"_jetpack_newsletter_tier_id":0,"_jetpack_memberships_contains_paywalled_content":false,"_jetpack_memberships_contains_paid_content":false,"footnotes":""},"categories":[35,25],"tags":[351],"class_list":["post-48702","post","type-post","status-publish","format-standard","has-post-thumbnail","hentry","category-nacionales","category-portada","tag-punto-gob-occidental-mall"],"jetpack_featured_media_url":"","jetpack-related-posts":[{"id":59910,"url":"https:\/\/lasprimeras.com.do\/index.php\/2023\/09\/08\/presidente-abinader-abre-punto-gob-en-santiago\/","url_meta":{"origin":48702,"position":0},"title":"Presidente Abinader abre Punto GOB en Santiago","author":"Nelson Feliz","date":"8 de septiembre de 2023","format":false,"excerpt":"El presidente de la Rep\u00fablica, Luis Abinader inaugurar\u00e1 este un nuevo Punto GOB, el cual beneficiar\u00e1 a m\u00e1s de un mill\u00f3n de habitantes de la zona norte del pa\u00eds. Este centro estar\u00e1 ubicado en la tienda La Sirena de la avenida Estrella Sadhal\u00e1, en Santiago. Este centro de servicios presenciales\u2026","rel":"","context":"En \u00abSin categor\u00eda\u00bb","block_context":{"text":"Sin categor\u00eda","link":"https:\/\/lasprimeras.com.do\/index.php\/category\/sin-categoria\/"},"img":{"alt_text":"Luis Abinader","src":"https:\/\/i0.wp.com\/lasprimeras.com.do\/wp-content\/uploads\/2023\/09\/Luis-Abinader-3.jpg?resize=350%2C200&ssl=1","width":350,"height":200,"srcset":"https:\/\/i0.wp.com\/lasprimeras.com.do\/wp-content\/uploads\/2023\/09\/Luis-Abinader-3.jpg?resize=350%2C200&ssl=1 1x, https:\/\/i0.wp.com\/lasprimeras.com.do\/wp-content\/uploads\/2023\/09\/Luis-Abinader-3.jpg?resize=525%2C300&ssl=1 1.5x, https:\/\/i0.wp.com\/lasprimeras.com.do\/wp-content\/uploads\/2023\/09\/Luis-Abinader-3.jpg?resize=700%2C400&ssl=1 2x"},"classes":[]},{"id":122525,"url":"https:\/\/lasprimeras.com.do\/index.php\/2026\/02\/18\/abinader-recibira-el-26-de-febrero-la-nueva-licencia-de-conducir\/","url_meta":{"origin":48702,"position":1},"title":"Abinader recibir\u00e1 el 26 de febrero la nueva Licencia de Conducir","author":"Nelson Feliz","date":"18 de febrero de 2026","format":false,"excerpt":"En el marco del proceso de modernizaci\u00f3n del sistema de licencias, tras 20 a\u00f1os, el suplidor Dekolor es sustituido por el ganador de la licitaci\u00f3n el Consorcio Mobility ID, con experiencia operativa en registro, personalizaci\u00f3n y emisi\u00f3n confiable de documentos personales. La nueva Licencia de Conducir incorpora mejoras alineadas a\u2026","rel":"","context":"En \u00abNACIONALES\u00bb","block_context":{"text":"NACIONALES","link":"https:\/\/lasprimeras.com.do\/index.php\/category\/nacionales\/"},"img":{"alt_text":"INTRANT","src":"https:\/\/i0.wp.com\/lasprimeras.com.do\/wp-content\/uploads\/2026\/02\/INTRANT.jpg?resize=350%2C200&ssl=1","width":350,"height":200,"srcset":"https:\/\/i0.wp.com\/lasprimeras.com.do\/wp-content\/uploads\/2026\/02\/INTRANT.jpg?resize=350%2C200&ssl=1 1x, https:\/\/i0.wp.com\/lasprimeras.com.do\/wp-content\/uploads\/2026\/02\/INTRANT.jpg?resize=525%2C300&ssl=1 1.5x, https:\/\/i0.wp.com\/lasprimeras.com.do\/wp-content\/uploads\/2026\/02\/INTRANT.jpg?resize=700%2C400&ssl=1 2x"},"classes":[]},{"id":69881,"url":"https:\/\/lasprimeras.com.do\/index.php\/2023\/12\/06\/abinader-inaugura-un-nuevo-punto-gob-en-santo-domingo-norte\/","url_meta":{"origin":48702,"position":2},"title":"Abinader inaugura un nuevo Punto GOB en Santo Domingo Norte","author":"Nelson Feliz","date":"6 de diciembre de 2023","format":false,"excerpt":"Beneficiar\u00e1 a un mill\u00f3n trescientas cuarenta y cinco mil personas en SDN. El presidente Luis Abinader dej\u00f3 en funcionamiento este mi\u00e9rcoles, el primer Punto GOB en Santo Domingo Norte (SDN), en la plaza comercial Colina Centro, marcando un hist\u00f3rico avance para la Rep\u00fablica Dominicana, beneficiando a m\u00e1s de 1,345,000 mil\u2026","rel":"","context":"En \u00abNACIONALES\u00bb","block_context":{"text":"NACIONALES","link":"https:\/\/lasprimeras.com.do\/index.php\/category\/nacionales\/"},"img":{"alt_text":"Luis Abinader","src":"https:\/\/i0.wp.com\/lasprimeras.com.do\/wp-content\/uploads\/2023\/12\/Luis-Abinader-6.jpg?resize=350%2C200&ssl=1","width":350,"height":200,"srcset":"https:\/\/i0.wp.com\/lasprimeras.com.do\/wp-content\/uploads\/2023\/12\/Luis-Abinader-6.jpg?resize=350%2C200&ssl=1 1x, https:\/\/i0.wp.com\/lasprimeras.com.do\/wp-content\/uploads\/2023\/12\/Luis-Abinader-6.jpg?resize=525%2C300&ssl=1 1.5x"},"classes":[]},{"id":123175,"url":"https:\/\/lasprimeras.com.do\/index.php\/2026\/02\/26\/presidente-abinader-recibe-la-primera-nueva-licencia-de-conducir\/","url_meta":{"origin":48702,"position":3},"title":"Presidente Abinader recibe la primera nueva Licencia de Conducir","author":"Nelson Feliz","date":"26 de febrero de 2026","format":false,"excerpt":"El nuevo sistema fortalece la seguridad vial, ampl\u00eda la cobertura nacional e internacional y garantiza mayores beneficios para el Estado sin aumentar el costo del servicio. El presidente de la Rep\u00fablica, Luis Abinader, recibi\u00f3 este 26 de febrero la primera emisi\u00f3n de la nueva Licencia de Conducir, durante el acto\u2026","rel":"","context":"En \u00abNACIONALES\u00bb","block_context":{"text":"NACIONALES","link":"https:\/\/lasprimeras.com.do\/index.php\/category\/nacionales\/"},"img":{"alt_text":"","src":"https:\/\/i0.wp.com\/lasprimeras.com.do\/wp-content\/uploads\/2026\/02\/INTRANT-1.jpg?resize=350%2C200&ssl=1","width":350,"height":200,"srcset":"https:\/\/i0.wp.com\/lasprimeras.com.do\/wp-content\/uploads\/2026\/02\/INTRANT-1.jpg?resize=350%2C200&ssl=1 1x, https:\/\/i0.wp.com\/lasprimeras.com.do\/wp-content\/uploads\/2026\/02\/INTRANT-1.jpg?resize=525%2C300&ssl=1 1.5x, https:\/\/i0.wp.com\/lasprimeras.com.do\/wp-content\/uploads\/2026\/02\/INTRANT-1.jpg?resize=700%2C400&ssl=1 2x"},"classes":[]},{"id":70033,"url":"https:\/\/lasprimeras.com.do\/index.php\/2023\/12\/07\/inauguran-nuevo-punto-gob-en-santo-domingo-norte\/","url_meta":{"origin":48702,"position":4},"title":"Inauguran nuevo Punto GOB en Santo Domingo Norte","author":"BIMARY DE JES\u00daS Matos","date":"7 de diciembre de 2023","format":false,"excerpt":"Santo Domingo.-El presidente Luis Abinader inaugur\u00f3 el mi\u00e9rcoles el primer Punto GOB en Santo Domingo Norte (SDN) ubicado en la plaza comercial Colina Centro. Sabana Perdida, Haras Nacionales, Hacienda Estrella, Villa Mella, El Hig\u00fcero, La Victoria, La Bomba, Los Guaricanos, Los Casabes y otras zonas aleda\u00f1as ser\u00e1n los principales sectores\u2026","rel":"","context":"En \u00abNACIONALES\u00bb","block_context":{"text":"NACIONALES","link":"https:\/\/lasprimeras.com.do\/index.php\/category\/nacionales\/"},"img":{"alt_text":"","src":"https:\/\/i0.wp.com\/lasprimeras.com.do\/wp-content\/uploads\/2023\/12\/WhatsApp-Image-2023-12-07-at-1.25.36-PM-1.jpeg?resize=350%2C200&ssl=1","width":350,"height":200,"srcset":"https:\/\/i0.wp.com\/lasprimeras.com.do\/wp-content\/uploads\/2023\/12\/WhatsApp-Image-2023-12-07-at-1.25.36-PM-1.jpeg?resize=350%2C200&ssl=1 1x, https:\/\/i0.wp.com\/lasprimeras.com.do\/wp-content\/uploads\/2023\/12\/WhatsApp-Image-2023-12-07-at-1.25.36-PM-1.jpeg?resize=525%2C300&ssl=1 1.5x"},"classes":[]},{"id":61328,"url":"https:\/\/lasprimeras.com.do\/index.php\/2023\/09\/25\/presidente-abinader-inicia-trabajos-construccion-edificio-ciudad-judicial-de-sdo\/","url_meta":{"origin":48702,"position":5},"title":"Presidente Abinader inicia trabajos construcci\u00f3n edificio Ciudad Judicial de SDO","author":"Nelson Feliz","date":"25 de septiembre de 2023","format":false,"excerpt":"Mandatario destaca proyecto judicial busca eficientizar labores Justiciales y descentralizar los servicios p\u00fablicos que se realizan en el Gran Santo Domingo. El presidente Luis Abinader dej\u00f3 iniciados este lunes los trabajos para la construcci\u00f3n del edificio Ciudad Judicial de Santo Domingo Oeste que beneficiar\u00e1 alrededor de un mill\u00f3n de ciudadanos.\u2026","rel":"","context":"En \u00abPORTADA\u00bb","block_context":{"text":"PORTADA","link":"https:\/\/lasprimeras.com.do\/index.php\/category\/portada\/"},"img":{"alt_text":"Luis Abinader","src":"https:\/\/i0.wp.com\/lasprimeras.com.do\/wp-content\/uploads\/2023\/09\/Luis-Abinader-12.jpg?resize=350%2C200&ssl=1","width":350,"height":200,"srcset":"https:\/\/i0.wp.com\/lasprimeras.com.do\/wp-content\/uploads\/2023\/09\/Luis-Abinader-12.jpg?resize=350%2C200&ssl=1 1x, https:\/\/i0.wp.com\/lasprimeras.com.do\/wp-content\/uploads\/2023\/09\/Luis-Abinader-12.jpg?resize=525%2C300&ssl=1 1.5x, https:\/\/i0.wp.com\/lasprimeras.com.do\/wp-content\/uploads\/2023\/09\/Luis-Abinader-12.jpg?resize=700%2C400&ssl=1 2x"},"classes":[]}],"jetpack_sharing_enabled":true,"_links":{"self":[{"href":"https:\/\/lasprimeras.com.do\/index.php\/wp-json\/wp\/v2\/posts\/48702","targetHints":{"allow":["GET"]}}],"collection":[{"href":"https:\/\/lasprimeras.com.do\/index.php\/wp-json\/wp\/v2\/posts"}],"about":[{"href":"https:\/\/lasprimeras.com.do\/index.php\/wp-json\/wp\/v2\/types\/post"}],"author":[{"embeddable":true,"href":"https:\/\/lasprimeras.com.do\/index.php\/wp-json\/wp\/v2\/users\/1"}],"replies":[{"embeddable":true,"href":"https:\/\/lasprimeras.com.do\/index.php\/wp-json\/wp\/v2\/comments?post=48702"}],"version-history":[{"count":0,"href":"https:\/\/lasprimeras.com.do\/index.php\/wp-json\/wp\/v2\/posts\/48702\/revisions"}],"wp:featuredmedia":[{"embeddable":true,"href":"https:\/\/lasprimeras.com.do\/index.php\/wp-json\/"}],"wp:attachment":[{"href":"https:\/\/lasprimeras.com.do\/index.php\/wp-json\/wp\/v2\/media?parent=48702"}],"wp:term":[{"taxonomy":"category","embeddable":true,"href":"https:\/\/lasprimeras.com.do\/index.php\/wp-json\/wp\/v2\/categories?post=48702"},{"taxonomy":"post_tag","embeddable":true,"href":"https:\/\/lasprimeras.com.do\/index.php\/wp-json\/wp\/v2\/tags?post=48702"}],"curies":[{"name":"wp","href":"https:\/\/api.w.org\/{rel}","templated":true}]}}