{"id":48708,"date":"2023-05-03T13:56:39","date_gmt":"2023-05-03T17:56:39","guid":{"rendered":"https:\/\/atento.com.do\/?p=48708"},"modified":"2023-05-03T13:56:39","modified_gmt":"2023-05-03T17:56:39","slug":"colaboradores-regionales-clave-impulsan-la-transformacion-digital-en-salud","status":"publish","type":"post","link":"https:\/\/lasprimeras.com.do\/index.php\/2023\/05\/03\/colaboradores-regionales-clave-impulsan-la-transformacion-digital-en-salud\/","title":{"rendered":"Colaboradores regionales clave impulsan la transformaci\u00f3n digital en salud"},"content":{"rendered":"\n<p>Experto dominicano particip\u00f3 en la cumbre de salud global HIMSS 2023; destaca la necesidad de la cooperaci\u00f3n para cambiar la forma en que se consume y utiliza la atenci\u00f3n m\u00e9dica.<\/p>\n\n\n\n<p><strong>SANTO DOMINGO.-<\/strong> M\u00e1s de 30,000 profesionales de todo el ecosistema de salud participaron en HIMSS Global Health Conference &amp; Exhibition 2023, el evento de tecnolog\u00eda de la informaci\u00f3n de salud m\u00e1s influyente del a\u00f1o, donde compartieron conocimientos y experiencias sobre las \u00faltimas tendencias e innovaciones del sector.<\/p>\n\n\n\n<p>\u201cLos problemas del sector salud necesitan de la tecnolog\u00eda para poder impulsar las soluciones\u201d, asegura Fedor Vidal, CEO de Arium Salud Digital, y quien ha asistido a HIMSS durante 17 a\u00f1os.<\/p>\n\n\n\n<p>Asimismo, se\u00f1al\u00f3 que todos los l\u00edderes del sector tienen los mismos desaf\u00edos, problemas y luchas, por lo que en #HIMSS23, actividad donde se efectuaron unas 250 sesiones educativas, compartieron sobre las oportunidades de trabajar juntos, impulsando la transformaci\u00f3n digital para cambiar la forma en que se consume y utiliza la atenci\u00f3n m\u00e9dica, impactando a m\u00e1s de 600 millones de vidas.<\/p>\n\n\n\n<p>Sobre su participaci\u00f3n en esta cumbre que se efectu\u00f3 en la ciudad de Chicago, Vidal dijo: \u201ceste a\u00f1o fue muy especial, no solo por todas las caras familiares, las tecnolog\u00edas innovadoras, los cambios exponenciales y los desaf\u00edos que enfrentamos a nivel mundial; ha sido excepcional porque tuvimos la maravillosa oportunidad de patrocinar la cena LATAM con m\u00e1s de 50 l\u00edderes en salud que est\u00e1n transformando la regi\u00f3n de m\u00e1s r\u00e1pido crecimiento en el mundo\u201d.<\/p>\n\n\n\n<p>A\u00f1adi\u00f3 que los enfoques de m\u00e1s relevancia cada a\u00f1o se vuelven m\u00e1s complementarios, entre estos: inteligencia artificial, colapso de los proveedores, falta de recursos, problemas de acceso y adopci\u00f3n de sistemas.<\/p>\n\n\n\n<p>El ejecutivo de Arium Salud Digital tambi\u00e9n particip\u00f3 en reuniones con l\u00edderes de HIMSS LATAM para la integraci\u00f3n de Rep\u00fablica Dominicana a la comunidad latinoamericana y traer al pa\u00eds el modelo de adopci\u00f3n de registros m\u00e9dicos electr\u00f3nicos (EMRAM), el est\u00e1ndar m\u00e1s elevado en certificaciones en salud digital.<\/p>\n\n\n\n<p>En la actividad en la que se dieron cita profesionales de todos los \u00e1mbitos del ecosistema global de atenci\u00f3n m\u00e9dica, incluidos CIO y altos ejecutivos, m\u00e1s de mil 1,000 suplidores de tecnolog\u00eda, exhibieron productos innovadores de tecnolog\u00eda de la salud para resolver los mayores desaf\u00edos del sector.<\/p>\n\n\n\n<p>The Healthcare Information and Management Systems Society (HIMSS) es una organizaci\u00f3n sin fines de lucro cuyo objetivo es promover el mejor uso de TI y sistemas de gesti\u00f3n en la industria de la salud. La organizaci\u00f3n proporciona liderazgo intelectual, desarrollo profesional, laboral y pol\u00edticas p\u00fablicas.<\/p>\n","protected":false},"excerpt":{"rendered":"<p>Experto dominicano particip\u00f3 en la cumbre de salud global HIMSS 2023; destaca la necesidad de la cooperaci\u00f3n para cambiar la forma en que se consume y utiliza la atenci\u00f3n m\u00e9dica.&hellip;<\/p>\n","protected":false},"author":1,"featured_media":48709,"comment_status":"open","ping_status":"open","sticky":false,"template":"","format":"standard","meta":{"content-type":"","jetpack_post_was_ever_published":false,"_jetpack_newsletter_access":"","_jetpack_dont_email_post_to_subs":false,"_jetpack_newsletter_tier_id":0,"_jetpack_memberships_contains_paywalled_content":false,"_jetpack_memberships_contains_paid_content":false,"footnotes":""},"categories":[1],"tags":[356],"class_list":["post-48708","post","type-post","status-publish","format-standard","has-post-thumbnail","hentry","category-sin-categoria","tag-transformacion-digital-en-salud"],"jetpack_featured_media_url":"","jetpack-related-posts":[{"id":101164,"url":"https:\/\/lasprimeras.com.do\/index.php\/2025\/06\/17\/salud-publica-impulsa-hoja-de-ruta-para-la-estrategia-nacional-de-salud-digital\/","url_meta":{"origin":48708,"position":0},"title":"Salud P\u00fablica impulsa hoja de ruta para la Estrategia Nacional de Salud Digital","author":"Nelson Feliz","date":"17 de junio de 2025","format":false,"excerpt":"El Ministerio de Salud, a trav\u00e9s de la Direcci\u00f3n General de Informaci\u00f3n y Estad\u00edsticas en Salud (DGIES), del viceministerio de Fortalecimiento y Desarrollo, llev\u00f3 a cabo el taller \u201cHoja de Ruta para la Implementaci\u00f3n de la Estrategia Nacional de Salud Digital 2024-2028\u201d, con el objetivo de establecer las l\u00edneas de\u2026","rel":"","context":"En \u00abSALUD\u00bb","block_context":{"text":"SALUD","link":"https:\/\/lasprimeras.com.do\/index.php\/category\/salud\/"},"img":{"alt_text":"","src":"https:\/\/i0.wp.com\/lasprimeras.com.do\/wp-content\/uploads\/2025\/06\/Salud-Publica.jpg?resize=350%2C200&ssl=1","width":350,"height":200,"srcset":"https:\/\/i0.wp.com\/lasprimeras.com.do\/wp-content\/uploads\/2025\/06\/Salud-Publica.jpg?resize=350%2C200&ssl=1 1x, https:\/\/i0.wp.com\/lasprimeras.com.do\/wp-content\/uploads\/2025\/06\/Salud-Publica.jpg?resize=525%2C300&ssl=1 1.5x, https:\/\/i0.wp.com\/lasprimeras.com.do\/wp-content\/uploads\/2025\/06\/Salud-Publica.jpg?resize=700%2C400&ssl=1 2x"},"classes":[]},{"id":50364,"url":"https:\/\/lasprimeras.com.do\/index.php\/2023\/05\/19\/la-digitalizacion-del-sector-salud-favoreceria-la-creacion-de-politicas-publicas-eficaces\/","url_meta":{"origin":48708,"position":1},"title":"La digitalizaci\u00f3n del sector salud favorecer\u00eda la creaci\u00f3n de pol\u00edticas p\u00fablicas eficaces","author":"prenxa100","date":"19 de mayo de 2023","format":false,"excerpt":"Experto en salud digital explica que los problemas del sector salud necesitan de la tecnolog\u00eda para impulsar soluciones integrales. Santo Domingo. - Uno de los grandes objetivos de la digitalizaci\u00f3n es generar data para impulsar pol\u00edticas p\u00fablicas, ya que permitir\u00eda identificar problemas de salud de forma m\u00e1s precisa en la\u2026","rel":"","context":"En \u00abSin categor\u00eda\u00bb","block_context":{"text":"Sin categor\u00eda","link":"https:\/\/lasprimeras.com.do\/index.php\/category\/sin-categoria\/"},"img":{"alt_text":"","src":"","width":0,"height":0},"classes":[]},{"id":52893,"url":"https:\/\/lasprimeras.com.do\/index.php\/2023\/06\/21\/la-digitalizacion-en-el-sector-salud-requiere-adopcion-de-estandares-internacionales\/","url_meta":{"origin":48708,"position":2},"title":"La digitalizaci\u00f3n en el sector salud requiere adopci\u00f3n de est\u00e1ndares internacionales","author":"Nelson Feliz","date":"21 de junio de 2023","format":false,"excerpt":"As\u00ed lo plantearon durante un panel sobre las nuevas formas de negocio que est\u00e1n impulsando la transformaci\u00f3n digital de la industria de la salud en Rep\u00fablica Dominicana. El experto internacional en tecnolog\u00eda y negocios de la salud, Fedor Vidal, expres\u00f3 que se requiere de voluntad pol\u00edtica, inversi\u00f3n de capital y\u2026","rel":"","context":"En \u00abSin categor\u00eda\u00bb","block_context":{"text":"Sin categor\u00eda","link":"https:\/\/lasprimeras.com.do\/index.php\/category\/sin-categoria\/"},"img":{"alt_text":"","src":"https:\/\/i0.wp.com\/lasprimeras.com.do\/wp-content\/uploads\/2023\/06\/Fedor-Vidal.jpg?resize=350%2C200&ssl=1","width":350,"height":200,"srcset":"https:\/\/i0.wp.com\/lasprimeras.com.do\/wp-content\/uploads\/2023\/06\/Fedor-Vidal.jpg?resize=350%2C200&ssl=1 1x, https:\/\/i0.wp.com\/lasprimeras.com.do\/wp-content\/uploads\/2023\/06\/Fedor-Vidal.jpg?resize=525%2C300&ssl=1 1.5x, https:\/\/i0.wp.com\/lasprimeras.com.do\/wp-content\/uploads\/2023\/06\/Fedor-Vidal.jpg?resize=700%2C400&ssl=1 2x"},"classes":[]},{"id":101801,"url":"https:\/\/lasprimeras.com.do\/index.php\/2025\/06\/26\/ministerio-de-salud-impulsa-transformacion-del-sistema-de-salud-dominicano-con-respaldo-del-banco-mundial\/","url_meta":{"origin":48708,"position":3},"title":"Ministerio de Salud impulsa transformaci\u00f3n del sistema de salud dominicano con respaldo del Banco Mundial","author":"Nelson Feliz","date":"26 de junio de 2025","format":false,"excerpt":"Realiza taller de lanzamiento del Proyecto de Apoyo al Fortalecimiento del Sistema Nacional de Salud El Ministerio de Salud, a trav\u00e9s del Viceministerio de Fortalecimiento y Desarrollo del Sector Salud y la Direcci\u00f3n de Conducci\u00f3n Sectorial - Unidad Ejecutora de Proyectos, realiz\u00f3 el taller de lanzamiento del \"Proyecto de Apoyo\u2026","rel":"","context":"En \u00abSALUD\u00bb","block_context":{"text":"SALUD","link":"https:\/\/lasprimeras.com.do\/index.php\/category\/salud\/"},"img":{"alt_text":"","src":"https:\/\/i0.wp.com\/lasprimeras.com.do\/wp-content\/uploads\/2025\/06\/victor-atallah.jpg?resize=350%2C200&ssl=1","width":350,"height":200,"srcset":"https:\/\/i0.wp.com\/lasprimeras.com.do\/wp-content\/uploads\/2025\/06\/victor-atallah.jpg?resize=350%2C200&ssl=1 1x, https:\/\/i0.wp.com\/lasprimeras.com.do\/wp-content\/uploads\/2025\/06\/victor-atallah.jpg?resize=525%2C300&ssl=1 1.5x, https:\/\/i0.wp.com\/lasprimeras.com.do\/wp-content\/uploads\/2025\/06\/victor-atallah.jpg?resize=700%2C400&ssl=1 2x"},"classes":[]},{"id":101840,"url":"https:\/\/lasprimeras.com.do\/index.php\/2025\/06\/27\/ministerio-de-salud-y-el-banco-mundial-impulsa-transformacion-del-sistema-de-salud-dominicano\/","url_meta":{"origin":48708,"position":4},"title":"Ministerio de Salud y el Banco Mundial impulsa transformaci\u00f3n del sistema de salud dominicano","author":"Nelson Feliz","date":"27 de junio de 2025","format":false,"excerpt":"Realiza taller de lanzamiento del Proyecto de Apoyo al Fortalecimiento del Sistema Nacional de Salud. El Ministerio de Salud, a trav\u00e9s del Viceministerio de Fortalecimiento y Desarrollo del Sector Salud y la Direcci\u00f3n de Conducci\u00f3n Sectorial - Unidad Ejecutora de Proyectos, realiz\u00f3 el taller de lanzamiento del \"Proyecto de Apoyo\u2026","rel":"","context":"En \u00abSALUD\u00bb","block_context":{"text":"SALUD","link":"https:\/\/lasprimeras.com.do\/index.php\/category\/salud\/"},"img":{"alt_text":"","src":"https:\/\/i0.wp.com\/lasprimeras.com.do\/wp-content\/uploads\/2025\/06\/taller-2.jpg?resize=350%2C200&ssl=1","width":350,"height":200,"srcset":"https:\/\/i0.wp.com\/lasprimeras.com.do\/wp-content\/uploads\/2025\/06\/taller-2.jpg?resize=350%2C200&ssl=1 1x, https:\/\/i0.wp.com\/lasprimeras.com.do\/wp-content\/uploads\/2025\/06\/taller-2.jpg?resize=525%2C300&ssl=1 1.5x, https:\/\/i0.wp.com\/lasprimeras.com.do\/wp-content\/uploads\/2025\/06\/taller-2.jpg?resize=700%2C400&ssl=1 2x"},"classes":[]},{"id":85597,"url":"https:\/\/lasprimeras.com.do\/index.php\/2024\/07\/03\/arium-salud-digital-obtiene-primer-lugar-como-mejor-plataforma-de-gestion-de-datos-medicos\/","url_meta":{"origin":48708,"position":5},"title":"Arium Salud Digital obtiene primer lugar como mejor plataforma de gesti\u00f3n de datos m\u00e9dicos","author":"Nelson Feliz","date":"3 de julio de 2024","format":false,"excerpt":"Arium Salud Digital, empresa dominicana, que brinda servicios y herramientas digitales para el sector salud, fue galardonada con el primer lugar como mejor plataforma de gesti\u00f3n de datos m\u00e9dicos en los premios Latam Digital 2024, celebrados en Colombia. Los premios Latam Digital reconocen las mejores campa\u00f1as, proyectos e iniciativas digitales\u2026","rel":"","context":"En \u00abSin categor\u00eda\u00bb","block_context":{"text":"Sin categor\u00eda","link":"https:\/\/lasprimeras.com.do\/index.php\/category\/sin-categoria\/"},"img":{"alt_text":"","src":"https:\/\/i0.wp.com\/lasprimeras.com.do\/wp-content\/uploads\/2024\/07\/Fedor-Vidal-exhibe-placa-de-reconocimiento-premios-Latam-Digital-2024.jpg?resize=350%2C200&ssl=1","width":350,"height":200,"srcset":"https:\/\/i0.wp.com\/lasprimeras.com.do\/wp-content\/uploads\/2024\/07\/Fedor-Vidal-exhibe-placa-de-reconocimiento-premios-Latam-Digital-2024.jpg?resize=350%2C200&ssl=1 1x, https:\/\/i0.wp.com\/lasprimeras.com.do\/wp-content\/uploads\/2024\/07\/Fedor-Vidal-exhibe-placa-de-reconocimiento-premios-Latam-Digital-2024.jpg?resize=525%2C300&ssl=1 1.5x, https:\/\/i0.wp.com\/lasprimeras.com.do\/wp-content\/uploads\/2024\/07\/Fedor-Vidal-exhibe-placa-de-reconocimiento-premios-Latam-Digital-2024.jpg?resize=700%2C400&ssl=1 2x"},"classes":[]}],"jetpack_sharing_enabled":true,"_links":{"self":[{"href":"https:\/\/lasprimeras.com.do\/index.php\/wp-json\/wp\/v2\/posts\/48708","targetHints":{"allow":["GET"]}}],"collection":[{"href":"https:\/\/lasprimeras.com.do\/index.php\/wp-json\/wp\/v2\/posts"}],"about":[{"href":"https:\/\/lasprimeras.com.do\/index.php\/wp-json\/wp\/v2\/types\/post"}],"author":[{"embeddable":true,"href":"https:\/\/lasprimeras.com.do\/index.php\/wp-json\/wp\/v2\/users\/1"}],"replies":[{"embeddable":true,"href":"https:\/\/lasprimeras.com.do\/index.php\/wp-json\/wp\/v2\/comments?post=48708"}],"version-history":[{"count":0,"href":"https:\/\/lasprimeras.com.do\/index.php\/wp-json\/wp\/v2\/posts\/48708\/revisions"}],"wp:featuredmedia":[{"embeddable":true,"href":"https:\/\/lasprimeras.com.do\/index.php\/wp-json\/"}],"wp:attachment":[{"href":"https:\/\/lasprimeras.com.do\/index.php\/wp-json\/wp\/v2\/media?parent=48708"}],"wp:term":[{"taxonomy":"category","embeddable":true,"href":"https:\/\/lasprimeras.com.do\/index.php\/wp-json\/wp\/v2\/categories?post=48708"},{"taxonomy":"post_tag","embeddable":true,"href":"https:\/\/lasprimeras.com.do\/index.php\/wp-json\/wp\/v2\/tags?post=48708"}],"curies":[{"name":"wp","href":"https:\/\/api.w.org\/{rel}","templated":true}]}}