{"id":48715,"date":"2023-05-03T17:25:58","date_gmt":"2023-05-03T21:25:58","guid":{"rendered":"https:\/\/atento.com.do\/?p=48715"},"modified":"2023-05-03T17:25:58","modified_gmt":"2023-05-03T21:25:58","slug":"crean-grupo-diplomatico-del-cigarro-en-estados-unidos","status":"publish","type":"post","link":"https:\/\/lasprimeras.com.do\/index.php\/2023\/05\/03\/crean-grupo-diplomatico-del-cigarro-en-estados-unidos\/","title":{"rendered":"Crean grupo Diplom\u00e1tico del Cigarro en Estados Unidos"},"content":{"rendered":"\n<p>\u00b7&nbsp;&nbsp; Embajada dominicana copresidir\u00e1 iniciativa<\/p>\n\n\n\n<p><strong>Washington.-.<\/strong> La Asociaci\u00f3n de Cigarros Premium de los Estados Unidos (PCA) anunci\u00f3 la creaci\u00f3n del Grupo Diplom\u00e1tico del Cigarro, un proyecto que busca reunir a las representaciones diplom\u00e1ticas de diversos pa\u00edses para promover y preservar la industria del cigarro Premium.<\/p>\n\n\n\n<p>La asociaci\u00f3n indic\u00f3 que esta iniciativa, pionera en los Estados Unidos, estar\u00e1 co-presidida por las embajadas de la Rep\u00fablica Dominicana y Honduras.<\/p>\n\n\n\n<p>El Grupo Diplom\u00e1tico del Cigarro fomentar\u00e1 la importancia cultural, social y econ\u00f3mica de la industria del cigarro Premium a trav\u00e9s de la coordinaci\u00f3n de encuentros, debates y eventos para estrechar la relaci\u00f3n entre embajadas de todo el mundo con legisladores y funcionarios estadounidenses, asociaciones empresariales y consumidores.<\/p>\n\n\n\n<p>El grupo tambi\u00e9n promover\u00e1 los beneficios de la industria en el desarrollo de sectores relacionados como el de dise\u00f1o, empaquetado y almacenamiento de esos productos.<\/p>\n\n\n\n<p>&#8220;Estamos entusiasmados con el lanzamiento del Grupo Diplom\u00e1tico del Cigarro y tenemos el privilegio de reunir a representantes de todo el mundo para celebrar la cultura \u00fanica y diversa de los cigarros Premium&#8221;, dijo Ryan Parada, gerente s\u00e9nior de Asuntos Gubernamentales y Pol\u00edtica Internacional de la PCA.<\/p>\n\n\n\n<p>&#8220;La Asociaci\u00f3n cree que este grupo ayudar\u00e1 a promover a\u00fan m\u00e1s las relaciones internacionales y mejorar la comunicaci\u00f3n y la cooperaci\u00f3n entre pa\u00edses&#8221;.<\/p>\n\n\n\n<p>La embajadora Sonia Guzm\u00e1n resalt\u00f3 la relevancia de esta iniciativa, ya que &#8220;crear\u00e1 sinergias entre los equipos comerciales de los diferentes pa\u00edses representados, en busca de la defensa y el fortalecimiento del cigarro Premium&#8221;.<\/p>\n\n\n\n<p>La inauguraci\u00f3n del Grupo Diplom\u00e1tico del Cigarro tuvo lugar en la sede de la PCA en Washington DC, donde los asistentes compartieron sobre la historia y cultura de los cigarros Premium y c\u00f3mo su producci\u00f3n ha impactado a pa\u00edses productores. En el evento se invit\u00f3 a otras embajadas a unirse a la iniciativa.<\/p>\n\n\n\n<p>Fundada en 1933, PCA es la asociaci\u00f3n comercial m\u00e1s importante y antigua que representa los intereses de minoristas, fabricantes y proveedores de productos de tabaco Premium en los Estados Unidos.<\/p>\n","protected":false},"excerpt":{"rendered":"<p>\u00b7&nbsp;&nbsp; Embajada dominicana copresidir\u00e1 iniciativa Washington.-. La Asociaci\u00f3n de Cigarros Premium de los Estados Unidos (PCA) anunci\u00f3 la creaci\u00f3n del Grupo Diplom\u00e1tico del Cigarro, un proyecto que busca reunir a&hellip;<\/p>\n","protected":false},"author":1,"featured_media":48716,"comment_status":"open","ping_status":"open","sticky":false,"template":"","format":"standard","meta":{"content-type":"","jetpack_post_was_ever_published":false,"_jetpack_newsletter_access":"","_jetpack_dont_email_post_to_subs":false,"_jetpack_newsletter_tier_id":0,"_jetpack_memberships_contains_paywalled_content":false,"_jetpack_memberships_contains_paid_content":false,"footnotes":""},"categories":[1],"tags":[358,359,98,360],"class_list":["post-48715","post","type-post","status-publish","format-standard","has-post-thumbnail","hentry","category-sin-categoria","tag-cigarro","tag-diplomatico","tag-estados-unidos","tag-grupo"],"jetpack_featured_media_url":"","jetpack-related-posts":[{"id":57748,"url":"https:\/\/lasprimeras.com.do\/index.php\/2023\/08\/15\/embajadora-sonia-guzman-califico-como-positiva-decision-de-restringir-comercio-de-cigarros-premium\/","url_meta":{"origin":48715,"position":0},"title":"Embajadora Sonia Guzm\u00e1n calific\u00f3 como positiva decisi\u00f3n de restringir comercio de cigarros premium","author":"Nelson Feliz","date":"15 de agosto de 2023","format":false,"excerpt":"Dicha medida iba a afectar a la industria del tabaco en RD cuyas exportaciones a los EEUU alcanzan los 1,000 millones d\u00f3lares anuales, seg\u00fan cifras oficiales. La embajadora dominicana en los Estados Unidos, Sonia Guzm\u00e1n, respald\u00f3 la decisi\u00f3n de la Corte del Distrito de Columbia de los EEUU de negar\u2026","rel":"","context":"En \u00abECONOM\u00cdA\u00bb","block_context":{"text":"ECONOM\u00cdA","link":"https:\/\/lasprimeras.com.do\/index.php\/category\/economia\/"},"img":{"alt_text":"Sonia Guzm\u00e1n","src":"https:\/\/i0.wp.com\/lasprimeras.com.do\/wp-content\/uploads\/2023\/08\/Sonia-Guzman.jpg?resize=350%2C200&ssl=1","width":350,"height":200,"srcset":"https:\/\/i0.wp.com\/lasprimeras.com.do\/wp-content\/uploads\/2023\/08\/Sonia-Guzman.jpg?resize=350%2C200&ssl=1 1x, https:\/\/i0.wp.com\/lasprimeras.com.do\/wp-content\/uploads\/2023\/08\/Sonia-Guzman.jpg?resize=525%2C300&ssl=1 1.5x, https:\/\/i0.wp.com\/lasprimeras.com.do\/wp-content\/uploads\/2023\/08\/Sonia-Guzman.jpg?resize=700%2C400&ssl=1 2x"},"classes":[]},{"id":128478,"url":"https:\/\/lasprimeras.com.do\/index.php\/2026\/04\/23\/rd-mantiene-liderazgo-mundial-en-elaboracion-y-exportacion-de-cigarros-premium\/","url_meta":{"origin":48715,"position":1},"title":"RD mantiene liderazgo mundial en elaboraci\u00f3n y exportaci\u00f3n de cigarros premium","author":"Nelson Feliz","date":"23 de abril de 2026","format":false,"excerpt":"En el pa\u00eds se elaboran m\u00e1s de 196 millones de cigarros premium al a\u00f1o, seg\u00fan inform\u00f3 el director de la entidad, al participar en una convenci\u00f3n internacional de cigarros en los Estados Unidos. NEW ORLEANS, Estados Unidos. \u2013El director del Instituto del Tabaco de la Rep\u00fablica Dominicana (INTABACO), Iv\u00e1n Hern\u00e1ndez\u2026","rel":"","context":"En \u00abECONOM\u00cdA\u00bb","block_context":{"text":"ECONOM\u00cdA","link":"https:\/\/lasprimeras.com.do\/index.php\/category\/economia\/"},"img":{"alt_text":"","src":"https:\/\/i0.wp.com\/lasprimeras.com.do\/wp-content\/uploads\/2026\/04\/ivan-Guzman.jpg?resize=350%2C200&ssl=1","width":350,"height":200,"srcset":"https:\/\/i0.wp.com\/lasprimeras.com.do\/wp-content\/uploads\/2026\/04\/ivan-Guzman.jpg?resize=350%2C200&ssl=1 1x, https:\/\/i0.wp.com\/lasprimeras.com.do\/wp-content\/uploads\/2026\/04\/ivan-Guzman.jpg?resize=525%2C300&ssl=1 1.5x, https:\/\/i0.wp.com\/lasprimeras.com.do\/wp-content\/uploads\/2026\/04\/ivan-Guzman.jpg?resize=700%2C400&ssl=1 2x"},"classes":[]},{"id":98698,"url":"https:\/\/lasprimeras.com.do\/index.php\/2025\/05\/11\/tabaco-dominicano-llega-a-148-paises-informo-intabaco\/","url_meta":{"origin":48715,"position":2},"title":"Tabaco dominicano llega a 148 pa\u00edses inform\u00f3 Intabaco","author":"Nelson Feliz","date":"11 de mayo de 2025","format":false,"excerpt":"Puros de RD son reconocidos como los principales del mundo por su alta calidad El tabaco dominicano es exportado a 148 pa\u00edses generando m\u00e1s de 1,340 millones de d\u00f3lares al a\u00f1o en exportaciones, inform\u00f3 Iv\u00e1n Hern\u00e1ndez Guzm\u00e1n, director del Instituto del Tabaco de Rep\u00fablica Dominicana (Intabaco). Hern\u00e1ndez Guzm\u00e1n indic\u00f3 que\u2026","rel":"","context":"En \u00abECONOM\u00cdA\u00bb","block_context":{"text":"ECONOM\u00cdA","link":"https:\/\/lasprimeras.com.do\/index.php\/category\/economia\/"},"img":{"alt_text":"Iv\u00e1n Hern\u00e1ndez","src":"https:\/\/i0.wp.com\/lasprimeras.com.do\/wp-content\/uploads\/2025\/05\/Ivan-Hernandez-2.jpg?resize=350%2C200&ssl=1","width":350,"height":200,"srcset":"https:\/\/i0.wp.com\/lasprimeras.com.do\/wp-content\/uploads\/2025\/05\/Ivan-Hernandez-2.jpg?resize=350%2C200&ssl=1 1x, https:\/\/i0.wp.com\/lasprimeras.com.do\/wp-content\/uploads\/2025\/05\/Ivan-Hernandez-2.jpg?resize=525%2C300&ssl=1 1.5x, https:\/\/i0.wp.com\/lasprimeras.com.do\/wp-content\/uploads\/2025\/05\/Ivan-Hernandez-2.jpg?resize=700%2C400&ssl=1 2x"},"classes":[]},{"id":96213,"url":"https:\/\/lasprimeras.com.do\/index.php\/2025\/03\/26\/embajada-dominicana-en-ee-uu-desarrollo-iniciativas-en-favor-de-dominicanos-en-el-exterior\/","url_meta":{"origin":48715,"position":3},"title":"Embajada Dominicana en EE.UU. desarroll\u00f3 iniciativas en favor de dominicanos en el exterior","author":"Nelson Feliz","date":"26 de marzo de 2025","format":false,"excerpt":"WASHINGTON, D.C. La Embajada Dominicana en los Estados Unidos encabezada por su representante, Sonia Guzm\u00e1n, desarroll\u00f3 cientos de iniciativas en 10 materias en favor de los dominicanos que residen en esa naci\u00f3n y en la Rep\u00fablica Dominicana, durante sus cuatro a\u00f1os de gesti\u00f3n. Sonia Guzm\u00e1n inform\u00f3 que junto a un\u2026","rel":"","context":"En \u00abINTERNACIONALES\u00bb","block_context":{"text":"INTERNACIONALES","link":"https:\/\/lasprimeras.com.do\/index.php\/category\/sin-categoria\/internacionales\/"},"img":{"alt_text":"","src":"https:\/\/i0.wp.com\/lasprimeras.com.do\/wp-content\/uploads\/2025\/03\/Sonia-Guzman-1.jpg?resize=350%2C200&ssl=1","width":350,"height":200},"classes":[]},{"id":77708,"url":"https:\/\/lasprimeras.com.do\/index.php\/2024\/02\/24\/productores-de-cigarros-valoran-apoyo-del-presidente-abinader-al-sector-tabaquero\/","url_meta":{"origin":48715,"position":4},"title":"Productores de Cigarros valoran apoyo del presidente Abinader al sector tabaquero","author":"BIMARY DE JES\u00daS Matos","date":"24 de febrero de 2024","format":false,"excerpt":"Santiago- La Asociaci\u00f3n de Productores de Cigarros de la Rep\u00fablica Dominicana, valor\u00f3 este viernes el apoyo incansable que el presidente Luis Abinader ha dado al sector tabacalero del pa\u00eds, afirmando que el mandatario ha trabajado incansablemente en su favor. Estas informaciones fueron ofrecidas por el presidente de PROCIGAR, Hendrick Kelner\u2026","rel":"","context":"En \u00abPORTADA\u00bb","block_context":{"text":"PORTADA","link":"https:\/\/lasprimeras.com.do\/index.php\/category\/portada\/"},"img":{"alt_text":"","src":"https:\/\/i0.wp.com\/lasprimeras.com.do\/wp-content\/uploads\/2024\/02\/IMG-20240224-WA0018.jpg.webp?resize=350%2C200&ssl=1","width":350,"height":200,"srcset":"https:\/\/i0.wp.com\/lasprimeras.com.do\/wp-content\/uploads\/2024\/02\/IMG-20240224-WA0018.jpg.webp?resize=350%2C200&ssl=1 1x, https:\/\/i0.wp.com\/lasprimeras.com.do\/wp-content\/uploads\/2024\/02\/IMG-20240224-WA0018.jpg.webp?resize=525%2C300&ssl=1 1.5x, https:\/\/i0.wp.com\/lasprimeras.com.do\/wp-content\/uploads\/2024\/02\/IMG-20240224-WA0018.jpg.webp?resize=700%2C400&ssl=1 2x, https:\/\/i0.wp.com\/lasprimeras.com.do\/wp-content\/uploads\/2024\/02\/IMG-20240224-WA0018.jpg.webp?resize=1050%2C600&ssl=1 3x"},"classes":[]},{"id":104130,"url":"https:\/\/lasprimeras.com.do\/index.php\/2025\/07\/21\/abinader-el-tabaco-dominicano-supera-los-us1340-millones-en-exportaciones-y-122-mil-empleos\/","url_meta":{"origin":48715,"position":5},"title":"Abinader : &#8220;El tabaco dominicano supera los US$1,340 millones en exportaciones y 122 mil empleos&#8221;","author":"Nelson Feliz","date":"21 de julio de 2025","format":false,"excerpt":"El mandatario tambi\u00e9n explic\u00f3 el sector tabacalero representa el 10\u202f% de todas las exportaciones nacionales, con m\u00e1s de 330 mil quintales producidos y liderazgo mundial en cigarros premium; motor clave de desarrollo en 15 provincias del pa\u00eds, siendo l\u00edderes mundiales en calidad y el mejor cigarro del mundo. El presidente\u2026","rel":"","context":"En \u00abECONOM\u00cdA\u00bb","block_context":{"text":"ECONOM\u00cdA","link":"https:\/\/lasprimeras.com.do\/index.php\/category\/economia\/"},"img":{"alt_text":"","src":"https:\/\/i0.wp.com\/lasprimeras.com.do\/wp-content\/uploads\/2025\/07\/Luis-Abinader-1-4.jpg?resize=350%2C200&ssl=1","width":350,"height":200,"srcset":"https:\/\/i0.wp.com\/lasprimeras.com.do\/wp-content\/uploads\/2025\/07\/Luis-Abinader-1-4.jpg?resize=350%2C200&ssl=1 1x, https:\/\/i0.wp.com\/lasprimeras.com.do\/wp-content\/uploads\/2025\/07\/Luis-Abinader-1-4.jpg?resize=525%2C300&ssl=1 1.5x, https:\/\/i0.wp.com\/lasprimeras.com.do\/wp-content\/uploads\/2025\/07\/Luis-Abinader-1-4.jpg?resize=700%2C400&ssl=1 2x"},"classes":[]}],"jetpack_sharing_enabled":true,"_links":{"self":[{"href":"https:\/\/lasprimeras.com.do\/index.php\/wp-json\/wp\/v2\/posts\/48715","targetHints":{"allow":["GET"]}}],"collection":[{"href":"https:\/\/lasprimeras.com.do\/index.php\/wp-json\/wp\/v2\/posts"}],"about":[{"href":"https:\/\/lasprimeras.com.do\/index.php\/wp-json\/wp\/v2\/types\/post"}],"author":[{"embeddable":true,"href":"https:\/\/lasprimeras.com.do\/index.php\/wp-json\/wp\/v2\/users\/1"}],"replies":[{"embeddable":true,"href":"https:\/\/lasprimeras.com.do\/index.php\/wp-json\/wp\/v2\/comments?post=48715"}],"version-history":[{"count":0,"href":"https:\/\/lasprimeras.com.do\/index.php\/wp-json\/wp\/v2\/posts\/48715\/revisions"}],"wp:featuredmedia":[{"embeddable":true,"href":"https:\/\/lasprimeras.com.do\/index.php\/wp-json\/"}],"wp:attachment":[{"href":"https:\/\/lasprimeras.com.do\/index.php\/wp-json\/wp\/v2\/media?parent=48715"}],"wp:term":[{"taxonomy":"category","embeddable":true,"href":"https:\/\/lasprimeras.com.do\/index.php\/wp-json\/wp\/v2\/categories?post=48715"},{"taxonomy":"post_tag","embeddable":true,"href":"https:\/\/lasprimeras.com.do\/index.php\/wp-json\/wp\/v2\/tags?post=48715"}],"curies":[{"name":"wp","href":"https:\/\/api.w.org\/{rel}","templated":true}]}}