{"id":48720,"date":"2023-05-03T17:38:16","date_gmt":"2023-05-03T21:38:16","guid":{"rendered":"https:\/\/atento.com.do\/?p=48720"},"modified":"2023-05-03T17:38:16","modified_gmt":"2023-05-03T21:38:16","slug":"gobierno-dominicano-y-naciones-unidas-avanzan-agenda-por-el-desarrollo-sostenible-del-pais","status":"publish","type":"post","link":"https:\/\/lasprimeras.com.do\/index.php\/2023\/05\/03\/gobierno-dominicano-y-naciones-unidas-avanzan-agenda-por-el-desarrollo-sostenible-del-pais\/","title":{"rendered":"Gobierno dominicano y Naciones Unidas avanzan agenda por el desarrollo sostenible del pa\u00eds"},"content":{"rendered":"\n<p><strong>Santo Domingo, RD.-. <\/strong>El Gobierno dominicanoy el Sistema de las Naciones Unidas (SNU) sostuvieron su III Di\u00e1logo Pol\u00edtico, en el que identificaron oportunidades y coordinaron esfuerzos para el cumplimiento del Marco de Cooperaci\u00f3n de las Naciones Unidas para el Desarrollo Sostenible 2023-2027, acordado por ambas partes.<\/p>\n\n\n\n<p>La reuni\u00f3n, encabezada por el canciller Roberto \u00c1lvarez; el ministro de Econom\u00eda, Planificaci\u00f3n y Desarrollo, P\u00e1vel Isa Contreras;y el coordinador residente de las Naciones Unidas, Mauricio Ram\u00edrez Villegas, sirvi\u00f3 para socializar las principales acciones contempladas bajo este Marco de Cooperaci\u00f3n en los temas \u201cIgualdad e Inclusi\u00f3n Social\u201d, \u201cCrecimiento Inclusivo y Prosperidad Compartida\u201d, \u201cCambio Clim\u00e1tico, Riesgos y Sostenibilidad Ambiental\u201d, y \u201cDerechos Humanos, Seguridad Ciudadana e Institucionalidad\u201d.<\/p>\n\n\n\n<p>El ministro de Relaciones Exteriores dijo que Rep\u00fablica Dominicana ha asumido los Objetivos de Desarrollo Sostenible (ODS), la Agenda 2030,como una prioridad nacional y compromiso de Estado, con la intenci\u00f3n de que los actores que se encuentran en los diferentes espacios multilaterales puedan, en la medida de sus posibilidades, apoyar en la consecuci\u00f3n de estas metas.<\/p>\n\n\n\n<p>\u201cReconocemos la importancia del multilateralismo y de trabajar de manera aunada con el Sistema de las Naciones Unidas y los diferentes entes involucrados, con miras a acelerar el proceso para alcanzar los ODS en el pa\u00eds.<\/p>\n\n\n\n<p>Desde el MIREX estamos comprometidos con trabajar por la piedra angular de la Constituci\u00f3n dominicana y los valores de nuestra naci\u00f3n, que es la dignidad humana\u201d, agreg\u00f3 el canciller.<\/p>\n\n\n\n<p>En tanto que el ministro de Econom\u00eda, Planificaci\u00f3n y Desarrollo, Isa Contreras, expres\u00f3 que elGobierno trabaja en mejorar la calidad de vida de la gente en el territorio, garantizando sus derechos fundamentales y generando oportunidades para su desarrollo.<\/p>\n\n\n\n<p>\u201cEn ese sentido, las \u00e1reas prioritarias en las que se ha enfocado el trabajo conjunto con el Sistema de Naciones Unidas, se destacan la reducci\u00f3n de la pobreza y la desigualdad, el fortalecimiento de la econom\u00eda, la protecci\u00f3n y gesti\u00f3n sostenible de los recursos naturales, la mejora del acceso a servicios b\u00e1sicos como la educaci\u00f3n, la salud y el agua potable, la promoci\u00f3n de la igualdad de g\u00e9nero y el empoderamiento de las mujeres, y la reducci\u00f3n de la violencia y la delincuencia\u201d, manifest\u00f3 Isa Contreras.<\/p>\n\n\n\n<p>Por su parte, el coordinador residente de las Naciones Unidas, Mauricio Ram\u00edrez,indic\u00f3 que \u201cel conjunto de agencias, fondos y programas de las Naciones Unidas es unaliado del Estado dominicano, del pa\u00eds y de su gente, y al firmar este documento, se unen esfuerzos con el Gobierno dominicano para trabajar juntos, generando alianzas y movilizando recursos para la efectiva implementaci\u00f3n y seguimiento del Marco de Cooperaci\u00f3n, poniendo en el centro el compromiso de no dejar a ninguna persona, grupo de poblaci\u00f3n y territorio atr\u00e1s\u201d.<\/p>\n\n\n\n<p>El Marco de Cooperaci\u00f3n de las Naciones Unidas para el Desarrollo Sostenible 2023-2027 fue negociadopor el Gobierno dominicanoy el Sistema de las Naciones Unidasen el a\u00f1o 2022, y contiene la estrategia y visi\u00f3n a largo plazo para que el pa\u00eds alcance el desarrollo inclusivo, resiliente y sostenible, que permitir\u00e1honrar la promesa del gobierno del presidente Luis Abinader de \u201cno dejar a nadie atr\u00e1s\u201d.<\/p>\n\n\n\n<p>Durante el di\u00e1logo,los actores se concentraron en alinear sus esfuerzos conel Marco de Cooperaci\u00f3n e identificar iniciativas que se puedan presentar en los espacios multilaterales en los que participa el pa\u00eds a nivel internacional.<\/p>\n\n\n\n<p>Asimismo, en el conversatorio se recordaron los grandes logros y resultados que se obtuvieron a ra\u00edz del \u201cMarco de Asistencia de las Naciones Unidas para el Desarrollo &#8211; Rep\u00fablica Dominicana 2018-2022\u201d, el cual defin\u00eda las \u00e1reas de intervenci\u00f3n de las agencias del Sistema de las Naciones Unidas en el pa\u00eds en base a su experiencia y capacidades.<\/p>\n\n\n\n<p>En el di\u00e1logo pol\u00edtico, un espacio de alto nivel para abordar temas de inter\u00e9s de las partes involucradas en el marco de la pol\u00edtica exterior, participaron el viceministro de Pol\u00edtica Exterior Multilateral, Rub\u00e9n Sili\u00e9;y la viceministra de Cooperaci\u00f3n Internacional del Ministerio de Econom\u00eda, Planificaci\u00f3n, Desarrollo, Olaya Dotel.<\/p>\n\n\n\n<p>Adem\u00e1s, el eventocont\u00f3 con la participaci\u00f3n de embajadores, representantes permanentes de las misiones dominicanas acreditadas ante organismos internacionales yrepresentantes de las diferentes agencias, fondos y programas del Sistema de las Naciones Unidas en el pa\u00eds.<\/p>\n","protected":false},"excerpt":{"rendered":"<p>Santo Domingo, RD.-. El Gobierno dominicanoy el Sistema de las Naciones Unidas (SNU) sostuvieron su III Di\u00e1logo Pol\u00edtico, en el que identificaron oportunidades y coordinaron esfuerzos para el cumplimiento del&hellip;<\/p>\n","protected":false},"author":1,"featured_media":48721,"comment_status":"open","ping_status":"open","sticky":false,"template":"","format":"standard","meta":{"content-type":"","jetpack_post_was_ever_published":false,"_jetpack_newsletter_access":"","_jetpack_dont_email_post_to_subs":false,"_jetpack_newsletter_tier_id":0,"_jetpack_memberships_contains_paywalled_content":false,"_jetpack_memberships_contains_paid_content":false,"footnotes":""},"categories":[35,25],"tags":[361,362,363,364,171,365,366],"class_list":["post-48720","post","type-post","status-publish","format-standard","has-post-thumbnail","hentry","category-nacionales","category-portada","tag-agenda","tag-avanzan","tag-desarrollo","tag-dominicano","tag-gobierno","tag-naciones-unidas","tag-sostenibles"],"jetpack_featured_media_url":"","jetpack-related-posts":[{"id":85345,"url":"https:\/\/lasprimeras.com.do\/index.php\/2024\/06\/28\/presidente-de-asamblea-general-de-onu-se-reunira-con-canciller-cubano\/","url_meta":{"origin":48720,"position":0},"title":"Presidente de Asamblea General de ONU se reunir\u00e1 con canciller cubano","author":"Nelson Feliz","date":"28 de junio de 2024","format":false,"excerpt":"La Habana, (Prensa Latina) El presidente de la 78 Asamblea General de las Naciones Unidas (AGNU), Dennis Francis, sostendr\u00e1 hoy conversaciones oficiales con el canciller de Cuba, Bruno Rodr\u00edguez, como parte de su visita de trabajo a la naci\u00f3n caribe\u00f1a. Este viernes, Francis rendir\u00e1 homenaje a Jos\u00e9 Mart\u00ed en el\u2026","rel":"","context":"En \u00abSin categor\u00eda\u00bb","block_context":{"text":"Sin categor\u00eda","link":"https:\/\/lasprimeras.com.do\/index.php\/category\/sin-categoria\/"},"img":{"alt_text":"Dennis Francis","src":"https:\/\/i0.wp.com\/lasprimeras.com.do\/wp-content\/uploads\/2024\/06\/Dennis-Francis.jpg?resize=350%2C200&ssl=1","width":350,"height":200,"srcset":"https:\/\/i0.wp.com\/lasprimeras.com.do\/wp-content\/uploads\/2024\/06\/Dennis-Francis.jpg?resize=350%2C200&ssl=1 1x, https:\/\/i0.wp.com\/lasprimeras.com.do\/wp-content\/uploads\/2024\/06\/Dennis-Francis.jpg?resize=525%2C300&ssl=1 1.5x, https:\/\/i0.wp.com\/lasprimeras.com.do\/wp-content\/uploads\/2024\/06\/Dennis-Francis.jpg?resize=700%2C400&ssl=1 2x"},"classes":[]},{"id":90342,"url":"https:\/\/lasprimeras.com.do\/index.php\/2024\/10\/19\/rd-ejecuta-mas-de-rd3000-millones-entre-2020-y-2024-con-escaso-avance-en-gobierno-electronico\/","url_meta":{"origin":48720,"position":1},"title":"RD ejecuta m\u00e1s de RD$3,000 millones entre 2020 y 2024 con escaso avance en Gobierno Electr\u00f3nico","author":"Nelson Feliz","date":"19 de octubre de 2024","format":false,"excerpt":"Por: Armando Garc\u00eda La Organizaci\u00f3n de las Naciones Unidas (ONU) public\u00f3 en septiembre de 2024 la 13\u00aa edici\u00f3n del estudio bianual de gobierno electr\u00f3nico de los 193 estados miembros, titulado \u201cAcelerar la transformaci\u00f3n digital para el desarrollo sostenible\u201d. Este informe destac\u00f3 que la brecha digital sigue siendo un obst\u00e1culo considerable\u2026","rel":"","context":"En \u00abECONOM\u00cdA\u00bb","block_context":{"text":"ECONOM\u00cdA","link":"https:\/\/lasprimeras.com.do\/index.php\/category\/economia\/"},"img":{"alt_text":"Armando Garc\u00eda","src":"https:\/\/i0.wp.com\/lasprimeras.com.do\/wp-content\/uploads\/2024\/10\/Armando-Garcia.jpg?resize=350%2C200&ssl=1","width":350,"height":200,"srcset":"https:\/\/i0.wp.com\/lasprimeras.com.do\/wp-content\/uploads\/2024\/10\/Armando-Garcia.jpg?resize=350%2C200&ssl=1 1x, https:\/\/i0.wp.com\/lasprimeras.com.do\/wp-content\/uploads\/2024\/10\/Armando-Garcia.jpg?resize=525%2C300&ssl=1 1.5x, https:\/\/i0.wp.com\/lasprimeras.com.do\/wp-content\/uploads\/2024\/10\/Armando-Garcia.jpg?resize=700%2C400&ssl=1 2x"},"classes":[]},{"id":89483,"url":"https:\/\/lasprimeras.com.do\/index.php\/2024\/09\/25\/abinader-afirma-gobierno-invierte-de-manera-sostenida-en-educacion\/","url_meta":{"origin":48720,"position":2},"title":"Abinader afirma gobierno invierte de manera sostenida en educaci\u00f3n","author":"Nelson Feliz","date":"25 de septiembre de 2024","format":false,"excerpt":"Mandatario dominicano dice su gobierno se caracteriza por hacer grandes inversiones, aumentar la cantidad de alumnos, mejorar la cantidad y vida de los docentes New York.- El presidente Luis Abinader afirm\u00f3 este martes que Rep\u00fablica Dominicana ha invertido de manera sostenida en la educaci\u00f3n dominicana, para as\u00ed convertir las escuelas\u2026","rel":"","context":"En \u00abNACIONALES\u00bb","block_context":{"text":"NACIONALES","link":"https:\/\/lasprimeras.com.do\/index.php\/category\/nacionales\/"},"img":{"alt_text":"","src":"https:\/\/i0.wp.com\/lasprimeras.com.do\/wp-content\/uploads\/2024\/09\/Luis-Abinader-ONU.jpg?resize=350%2C200&ssl=1","width":350,"height":200,"srcset":"https:\/\/i0.wp.com\/lasprimeras.com.do\/wp-content\/uploads\/2024\/09\/Luis-Abinader-ONU.jpg?resize=350%2C200&ssl=1 1x, https:\/\/i0.wp.com\/lasprimeras.com.do\/wp-content\/uploads\/2024\/09\/Luis-Abinader-ONU.jpg?resize=525%2C300&ssl=1 1.5x, https:\/\/i0.wp.com\/lasprimeras.com.do\/wp-content\/uploads\/2024\/09\/Luis-Abinader-ONU.jpg?resize=700%2C400&ssl=1 2x"},"classes":[]},{"id":89313,"url":"https:\/\/lasprimeras.com.do\/index.php\/2024\/09\/21\/presidente-del-senado-propone-ante-la-onu-pacto-global-parlamentario\/","url_meta":{"origin":48720,"position":3},"title":"Presidente del Senado propone ante la ONU Pacto Global Parlamentario","author":"Nelson Feliz","date":"21 de septiembre de 2024","format":false,"excerpt":"El presidente del Senado, Ricardo de los Santos, propuso ante la Organizaci\u00f3n de Naciones Unidas, ONU, un gran pacto parlamentario para garantizar un futuro sostenible. Al hablar ante la doctora Tulia Ackson, Presidente de la Uni\u00f3n Interparlamentaria; Martin Chungong, Secretario General y los miembros de Parlamentos y Organismos Internacionales, Ricardo\u2026","rel":"","context":"En \u00abNACIONALES\u00bb","block_context":{"text":"NACIONALES","link":"https:\/\/lasprimeras.com.do\/index.php\/category\/nacionales\/"},"img":{"alt_text":"Pacto Global Parlamentario","src":"https:\/\/i0.wp.com\/lasprimeras.com.do\/wp-content\/uploads\/2024\/09\/Pacto-Global-Parlamentario.jpg?resize=350%2C200&ssl=1","width":350,"height":200,"srcset":"https:\/\/i0.wp.com\/lasprimeras.com.do\/wp-content\/uploads\/2024\/09\/Pacto-Global-Parlamentario.jpg?resize=350%2C200&ssl=1 1x, https:\/\/i0.wp.com\/lasprimeras.com.do\/wp-content\/uploads\/2024\/09\/Pacto-Global-Parlamentario.jpg?resize=525%2C300&ssl=1 1.5x, https:\/\/i0.wp.com\/lasprimeras.com.do\/wp-content\/uploads\/2024\/09\/Pacto-Global-Parlamentario.jpg?resize=700%2C400&ssl=1 2x"},"classes":[]},{"id":85457,"url":"https:\/\/lasprimeras.com.do\/index.php\/2024\/06\/30\/presidente-jce-agota-reunion-de-trabajo-con-la-cepal-en-chile\/","url_meta":{"origin":48720,"position":4},"title":"Presidente JCE agota reuni\u00f3n de trabajo con la CEPAL en Chile","author":"Nelson Feliz","date":"30 de junio de 2024","format":false,"excerpt":"Una delegaci\u00f3n de la Junta Central Electoral (JCE) integrada por su presidente, Rom\u00e1n Andr\u00e9s J\u00e1quez Liranzo y por el director del Voto Dominicano en el Exterior, Well Sep\u00falveda, agot\u00f3 una agenda de trabajo en Chile, en la que sostuvo una reuni\u00f3n con la Comisi\u00f3n Econ\u00f3mica para Am\u00e9rica Latina y el\u2026","rel":"","context":"En \u00abNACIONALES\u00bb","block_context":{"text":"NACIONALES","link":"https:\/\/lasprimeras.com.do\/index.php\/category\/nacionales\/"},"img":{"alt_text":"Rom\u00e1n Andr\u00e9s J\u00e1quez Liranzo","src":"https:\/\/i0.wp.com\/lasprimeras.com.do\/wp-content\/uploads\/2024\/06\/Roman-Andres-Jaquez-Liranzo-1.jpg?resize=350%2C200&ssl=1","width":350,"height":200,"srcset":"https:\/\/i0.wp.com\/lasprimeras.com.do\/wp-content\/uploads\/2024\/06\/Roman-Andres-Jaquez-Liranzo-1.jpg?resize=350%2C200&ssl=1 1x, https:\/\/i0.wp.com\/lasprimeras.com.do\/wp-content\/uploads\/2024\/06\/Roman-Andres-Jaquez-Liranzo-1.jpg?resize=525%2C300&ssl=1 1.5x"},"classes":[]},{"id":61052,"url":"https:\/\/lasprimeras.com.do\/index.php\/2023\/09\/21\/presidente-solicita-a-secretario-general-onu-redoblar-esfuerzos-para-despliegue-mision-de-seguridad-en-haiti\/","url_meta":{"origin":48720,"position":5},"title":"Presidente solicita a Secretario General ONU redoblar esfuerzos para despliegue misi\u00f3n de seguridad en Hait\u00ed","author":"Nelson Feliz","date":"21 de septiembre de 2023","format":false,"excerpt":"Secretario General ONU reconoce liderazgo de RD en la regi\u00f3n. Nueva York. - El presidente Luis Abinader, durante un encuentro privado con el Secretario General de las Naciones Unidas, Antonio Guterres, le reiter\u00f3 su solicitud de redoblar los esfuerzos para el despliegue de una misi\u00f3n de seguridad en Hait\u00ed, que\u2026","rel":"","context":"En \u00abNACIONALES\u00bb","block_context":{"text":"NACIONALES","link":"https:\/\/lasprimeras.com.do\/index.php\/category\/nacionales\/"},"img":{"alt_text":"El presidente Luis Abinader junto al Secretario General de la ONU, Antonio Guterres.","src":"https:\/\/i0.wp.com\/lasprimeras.com.do\/wp-content\/uploads\/2023\/09\/El-presidente-Luis-Abinader-junto-al-Secretario-General-de-la-ONU-Antonio-Guterres.jpg?resize=350%2C200&ssl=1","width":350,"height":200,"srcset":"https:\/\/i0.wp.com\/lasprimeras.com.do\/wp-content\/uploads\/2023\/09\/El-presidente-Luis-Abinader-junto-al-Secretario-General-de-la-ONU-Antonio-Guterres.jpg?resize=350%2C200&ssl=1 1x, https:\/\/i0.wp.com\/lasprimeras.com.do\/wp-content\/uploads\/2023\/09\/El-presidente-Luis-Abinader-junto-al-Secretario-General-de-la-ONU-Antonio-Guterres.jpg?resize=525%2C300&ssl=1 1.5x, https:\/\/i0.wp.com\/lasprimeras.com.do\/wp-content\/uploads\/2023\/09\/El-presidente-Luis-Abinader-junto-al-Secretario-General-de-la-ONU-Antonio-Guterres.jpg?resize=700%2C400&ssl=1 2x"},"classes":[]}],"jetpack_sharing_enabled":true,"_links":{"self":[{"href":"https:\/\/lasprimeras.com.do\/index.php\/wp-json\/wp\/v2\/posts\/48720","targetHints":{"allow":["GET"]}}],"collection":[{"href":"https:\/\/lasprimeras.com.do\/index.php\/wp-json\/wp\/v2\/posts"}],"about":[{"href":"https:\/\/lasprimeras.com.do\/index.php\/wp-json\/wp\/v2\/types\/post"}],"author":[{"embeddable":true,"href":"https:\/\/lasprimeras.com.do\/index.php\/wp-json\/wp\/v2\/users\/1"}],"replies":[{"embeddable":true,"href":"https:\/\/lasprimeras.com.do\/index.php\/wp-json\/wp\/v2\/comments?post=48720"}],"version-history":[{"count":0,"href":"https:\/\/lasprimeras.com.do\/index.php\/wp-json\/wp\/v2\/posts\/48720\/revisions"}],"wp:featuredmedia":[{"embeddable":true,"href":"https:\/\/lasprimeras.com.do\/index.php\/wp-json\/"}],"wp:attachment":[{"href":"https:\/\/lasprimeras.com.do\/index.php\/wp-json\/wp\/v2\/media?parent=48720"}],"wp:term":[{"taxonomy":"category","embeddable":true,"href":"https:\/\/lasprimeras.com.do\/index.php\/wp-json\/wp\/v2\/categories?post=48720"},{"taxonomy":"post_tag","embeddable":true,"href":"https:\/\/lasprimeras.com.do\/index.php\/wp-json\/wp\/v2\/tags?post=48720"}],"curies":[{"name":"wp","href":"https:\/\/api.w.org\/{rel}","templated":true}]}}