{"id":48726,"date":"2023-05-03T21:47:27","date_gmt":"2023-05-04T01:47:27","guid":{"rendered":"https:\/\/atento.com.do\/?p=48726"},"modified":"2023-05-03T21:47:27","modified_gmt":"2023-05-04T01:47:27","slug":"nuria-piera-luego-de-ser-espiada-dijo-que-no-es-una-sorpresa","status":"publish","type":"post","link":"https:\/\/lasprimeras.com.do\/index.php\/2023\/05\/03\/nuria-piera-luego-de-ser-espiada-dijo-que-no-es-una-sorpresa\/","title":{"rendered":"Nuria Piera luego de ser espiada dijo que \u00abno es una sorpresa\u00bb"},"content":{"rendered":"\n<p>El tel\u00e9fono de Nuria Piera fue atacado con el software esp\u00eda Pegasus de NSO Group, siendo este el primer caso confirmado en el pa\u00eds, denunci\u00f3 este mi\u00e9rcoles Amnist\u00eda Internacional (AI). Luego de lo sucedido, en declaraciones a EFE la periodista dijo: &#8220;Uno se siente molesto, indignado, pero no es una sorpresa, uno vive con esa neurosis&#8221;.<\/p>\n\n\n\n<p>En una investigaci\u00f3n publicada este 3 de mayo con motivo del&nbsp;<strong>D\u00eda Mundial de la Libertad de Prensa<\/strong>, se revela que el an\u00e1lisis del Laboratorio sobre Seguridad de AI confirm\u00f3 que un dispositivo m\u00f3vil de Piera fue infectado por Pegasus en tres ocasiones, entre 2020 y 2021.<\/p>\n\n\n\n<p>En concreto, esta organizaci\u00f3n defensora de los derechos humanos&nbsp;<strong>encontr\u00f3 indicios de que el dispositivo hab\u00eda sido blanco de Pegasus<\/strong>&nbsp;por primera vez el 20 de julio de 2020, lo que se repiti\u00f3 en torno al 8 de septiembre de 2021 y el 1 de octubre, lo que confirm\u00f3 el laboratorio interdisciplinar Citizen Lab.<\/p>\n\n\n\n<p>Nuria Piera explic\u00f3 que en aquellos momentos investigaba posibles actos de corrupci\u00f3n por parte de miembros del Gobierno, como el ahora exministro Donald Guerrero, y de las fuerzas del orden y tambi\u00e9n denuncias sobre acoso sexual en la C\u00e1mara de Cuentas,<strong>&nbsp;unos trabajos period\u00edsticos que, seg\u00fan un comunicado de AI, eran &#8220;sensibles y de gran repercusi\u00f3n&#8221;.<\/strong><\/p>\n\n\n\n<p>En su caso, le lleg\u00f3 extraoficialmente la informaci\u00f3n de que hab\u00eda sido espiada y ahora, cuando Amnist\u00eda lo ha confirmado, &#8220;ves que la sospecha se convierte en realidad (&#8230;)&nbsp;<strong>y que se utiliza esa vigilancia para intereses muy particulares de las autoridades&#8221;<\/strong>, afirm\u00f3 la periodista, quien no ha decidido a\u00fan si tomar\u00e1 medidas debido a las dificultades para demostrar y obtener reparaci\u00f3n frente a estos hechos en Rep\u00fablica Dominicana.<\/p>\n\n\n\n<p>Al margen de la libertad de prensa y la seguridad personal, a Piera le preocupa mucho la &#8220;situaci\u00f3n dif\u00edcil&#8221; de las fuentes con las que se trabaja cuando un periodista es espiado y tambi\u00e9n de cara a futuros informantes.<\/p>\n","protected":false},"excerpt":{"rendered":"<p>El tel\u00e9fono de Nuria Piera fue atacado con el software esp\u00eda Pegasus de NSO Group, siendo este el primer caso confirmado en el pa\u00eds, denunci\u00f3 este mi\u00e9rcoles Amnist\u00eda Internacional (AI).&hellip;<\/p>\n","protected":false},"author":1,"featured_media":48733,"comment_status":"open","ping_status":"open","sticky":false,"template":"","format":"standard","meta":{"content-type":"","jetpack_post_was_ever_published":false,"_jetpack_newsletter_access":"","_jetpack_dont_email_post_to_subs":false,"_jetpack_newsletter_tier_id":0,"_jetpack_memberships_contains_paywalled_content":false,"_jetpack_memberships_contains_paid_content":false,"footnotes":""},"categories":[1],"tags":[377,378,379,380,381],"class_list":["post-48726","post","type-post","status-publish","format-standard","has-post-thumbnail","hentry","category-sin-categoria","tag-amnistia-internacional","tag-fabricante-de-pegasus","tag-nuria-piera","tag-pegasus","tag-software"],"jetpack_featured_media_url":"","jetpack-related-posts":[{"id":48843,"url":"https:\/\/lasprimeras.com.do\/index.php\/2023\/05\/04\/nuria-piera-dice-que-el-gobierno-actual-espio-su-telefono-con-pegasus-al-igual-que-danilo\/","url_meta":{"origin":48726,"position":0},"title":"Nuria Piera dice gobierno actual espi\u00f3 su tel\u00e9fono con Pegasus al igual que Danilo","author":"prenxa100","date":"4 de mayo de 2023","format":false,"excerpt":"La periodista\u00a0Nuria Piera\u00a0manifest\u00f3 este jueves que recibi\u00f3 la informaci\u00f3n de una fuente confiable de que habr\u00eda sido supuestamente el presidente\u00a0Danilo Medina quien autorizo la intervenci\u00f3n a su tel\u00e9fono con el software Pegasus. Pero \"Que si le sorprendi\u00f3 un poco que este gobierno lo estuvieran haciendo tambi\u00e9n\u201d\u00a0. \"Yo cheque\u00e9 las fechas\u2026","rel":"","context":"En \u00abNACIONALES\u00bb","block_context":{"text":"NACIONALES","link":"https:\/\/lasprimeras.com.do\/index.php\/category\/nacionales\/"},"img":{"alt_text":"","src":"","width":0,"height":0},"classes":[]},{"id":66048,"url":"https:\/\/lasprimeras.com.do\/index.php\/2023\/11\/02\/pegasus-dirigentes-politicos-y-periodistas-denuncian-intento-de-pinchar-sus-celulares\/","url_meta":{"origin":48726,"position":1},"title":"Pegasus: Dirigentes pol\u00edticos y periodistas denuncian intento de \u00abpinchar\u00bb sus celulares","author":"BIMARY DE JES\u00daS Matos","date":"2 de noviembre de 2023","format":false,"excerpt":"Santo Domingo.- En los \u00faltimos d\u00edas varios dirigentes pol\u00edticos de la oposici\u00f3n y comunicadores denunciaron que han intentado hackear sus celulares para \u00abinstalar Pegasus\u00bb, un software esp\u00eda utilizado para robar, exponer, alterar o destruir informaci\u00f3n. Los tel\u00e9fonos m\u00f3viles del diputado de Opci\u00f3n Democr\u00e1tica, Jos\u00e9 Horacio Rodr\u00edguez, el secretario jur\u00eddico del\u2026","rel":"","context":"En \u00abSin categor\u00eda\u00bb","block_context":{"text":"Sin categor\u00eda","link":"https:\/\/lasprimeras.com.do\/index.php\/category\/sin-categoria\/"},"img":{"alt_text":"","src":"https:\/\/i0.wp.com\/lasprimeras.com.do\/wp-content\/uploads\/2023\/11\/WhatsApp-Image-2023-11-01-at-8.19.34-PM-1.jpeg?resize=350%2C200&ssl=1","width":350,"height":200,"srcset":"https:\/\/i0.wp.com\/lasprimeras.com.do\/wp-content\/uploads\/2023\/11\/WhatsApp-Image-2023-11-01-at-8.19.34-PM-1.jpeg?resize=350%2C200&ssl=1 1x, https:\/\/i0.wp.com\/lasprimeras.com.do\/wp-content\/uploads\/2023\/11\/WhatsApp-Image-2023-11-01-at-8.19.34-PM-1.jpeg?resize=525%2C300&ssl=1 1.5x"},"classes":[]},{"id":108608,"url":"https:\/\/lasprimeras.com.do\/index.php\/2025\/09\/09\/el-caso-senasa-destapa-un-nuevo-escandalo-en-el-sector-salud\/","url_meta":{"origin":48726,"position":2},"title":"El caso Senasa destapa un nuevo esc\u00e1ndalo en el sector salud","author":"Nelson Feliz","date":"9 de septiembre de 2025","format":false,"excerpt":"Una red de corrupci\u00f3n y contratos irregulares ha puesto al Seguro Nacional de Salud (Senasa) en una crisis financiera sin precedentes, con un d\u00e9ficit creciente y servicios cada vez m\u00e1s deficientes para millones de afiliados. Investigaciones oficiales y reportajes period\u00edsticos coinciden en que durante al menos cuatro a\u00f1os se desarroll\u00f3\u2026","rel":"","context":"En \u00abSALUD\u00bb","block_context":{"text":"SALUD","link":"https:\/\/lasprimeras.com.do\/index.php\/category\/salud\/"},"img":{"alt_text":"SeNaSa","src":"https:\/\/i0.wp.com\/lasprimeras.com.do\/wp-content\/uploads\/2025\/07\/Fachada-SeNaSa.jpg?resize=350%2C200&ssl=1","width":350,"height":200,"srcset":"https:\/\/i0.wp.com\/lasprimeras.com.do\/wp-content\/uploads\/2025\/07\/Fachada-SeNaSa.jpg?resize=350%2C200&ssl=1 1x, https:\/\/i0.wp.com\/lasprimeras.com.do\/wp-content\/uploads\/2025\/07\/Fachada-SeNaSa.jpg?resize=525%2C300&ssl=1 1.5x, https:\/\/i0.wp.com\/lasprimeras.com.do\/wp-content\/uploads\/2025\/07\/Fachada-SeNaSa.jpg?resize=700%2C400&ssl=1 2x"},"classes":[]},{"id":50822,"url":"https:\/\/lasprimeras.com.do\/index.php\/2023\/05\/23\/salud-publica-se-querella-contra-elizabeth-silverio-la-directora-del-centro-kogland\/","url_meta":{"origin":48726,"position":3},"title":"Salud P\u00fablica se querella contra Elizabeth Silverio, la directora del centro Kogland","author":"prenxa100","date":"23 de mayo de 2023","format":false,"excerpt":"El centro Kogland fue clausurado por el Ministerio de Salud P\u00fablica el pasado jueves por violaci\u00f3n a la Ley 42-01. Santo Domingo, RD.-. El Departamento Jur\u00eddico del Ministerio de Salud P\u00fablica inform\u00f3 que este mi\u00e9rcoles someti\u00f3 ante la Fiscal\u00eda Especializada en Salud la querella en contra de Elizabeth Silverio, por\u2026","rel":"","context":"En \u00abSin categor\u00eda\u00bb","block_context":{"text":"Sin categor\u00eda","link":"https:\/\/lasprimeras.com.do\/index.php\/category\/sin-categoria\/"},"img":{"alt_text":"","src":"","width":0,"height":0},"classes":[]},{"id":117002,"url":"https:\/\/lasprimeras.com.do\/index.php\/2025\/12\/06\/arrestan-a-santiago-hazim-tras-mas-de-5-horas-de-interrogatorio-por-caso-senasa\/","url_meta":{"origin":48726,"position":4},"title":"Arrestan a Santiago Hazim tras m\u00e1s de 5 horas de interrogatorio por caso Senasa","author":"Nelson Feliz","date":"6 de diciembre de 2025","format":false,"excerpt":"De acuerdo a su representante legal, Miguel Valerio, su defendido fue \u201centrevistado\u201d y dejado bajo arresto y en un plazo de 48 horas, como estipula la norma, se le presentar\u00e1 medida de coerci\u00f3n. El exdirector del Seguro Nacional de Salud (Senasa), Santiago Haz\u00edm, quien estaba siendo interrogado por el caso\u2026","rel":"","context":"En \u00abJUSTICIA\u00bb","block_context":{"text":"JUSTICIA","link":"https:\/\/lasprimeras.com.do\/index.php\/category\/justicia\/"},"img":{"alt_text":"Santiago Hazim","src":"https:\/\/i0.wp.com\/lasprimeras.com.do\/wp-content\/uploads\/2025\/07\/Santiago-Hazim.jpg?resize=350%2C200&ssl=1","width":350,"height":200,"srcset":"https:\/\/i0.wp.com\/lasprimeras.com.do\/wp-content\/uploads\/2025\/07\/Santiago-Hazim.jpg?resize=350%2C200&ssl=1 1x, https:\/\/i0.wp.com\/lasprimeras.com.do\/wp-content\/uploads\/2025\/07\/Santiago-Hazim.jpg?resize=525%2C300&ssl=1 1.5x, https:\/\/i0.wp.com\/lasprimeras.com.do\/wp-content\/uploads\/2025\/07\/Santiago-Hazim.jpg?resize=700%2C400&ssl=1 2x"},"classes":[]},{"id":78096,"url":"https:\/\/lasprimeras.com.do\/index.php\/2024\/02\/28\/luis-gomez-gana-ii-etapa-de-la-vuelta-ciclistica-independencia\/","url_meta":{"origin":48726,"position":5},"title":"Luis G\u00f3mez gana II etapa de la Vuelta Cicl\u00edstica Independencia","author":"BIMARY DE JES\u00daS Matos","date":"28 de febrero de 2024","format":false,"excerpt":"SANTO DOMINGO. El venezolano Luis G\u00f3mez sac\u00f3 la cabeza en una cerrada llegada junto al pelot\u00f3n de la segunda etapa de la Vuelta Cicl\u00edstica Independencia Nacional, corrida en el Parque Mirador Sur. En la fecha que conmemora la independencia nacional, el giro dominicano continu\u00f3 con una competitiva carrera en circuito\u2026","rel":"","context":"En \u00abSin categor\u00eda\u00bb","block_context":{"text":"Sin categor\u00eda","link":"https:\/\/lasprimeras.com.do\/index.php\/category\/sin-categoria\/"},"img":{"alt_text":"","src":"https:\/\/i0.wp.com\/lasprimeras.com.do\/wp-content\/uploads\/2024\/02\/copain.jpg?resize=350%2C200&ssl=1","width":350,"height":200,"srcset":"https:\/\/i0.wp.com\/lasprimeras.com.do\/wp-content\/uploads\/2024\/02\/copain.jpg?resize=350%2C200&ssl=1 1x, https:\/\/i0.wp.com\/lasprimeras.com.do\/wp-content\/uploads\/2024\/02\/copain.jpg?resize=525%2C300&ssl=1 1.5x, https:\/\/i0.wp.com\/lasprimeras.com.do\/wp-content\/uploads\/2024\/02\/copain.jpg?resize=700%2C400&ssl=1 2x, https:\/\/i0.wp.com\/lasprimeras.com.do\/wp-content\/uploads\/2024\/02\/copain.jpg?resize=1050%2C600&ssl=1 3x, https:\/\/i0.wp.com\/lasprimeras.com.do\/wp-content\/uploads\/2024\/02\/copain.jpg?resize=1400%2C800&ssl=1 4x"},"classes":[]}],"jetpack_sharing_enabled":true,"_links":{"self":[{"href":"https:\/\/lasprimeras.com.do\/index.php\/wp-json\/wp\/v2\/posts\/48726","targetHints":{"allow":["GET"]}}],"collection":[{"href":"https:\/\/lasprimeras.com.do\/index.php\/wp-json\/wp\/v2\/posts"}],"about":[{"href":"https:\/\/lasprimeras.com.do\/index.php\/wp-json\/wp\/v2\/types\/post"}],"author":[{"embeddable":true,"href":"https:\/\/lasprimeras.com.do\/index.php\/wp-json\/wp\/v2\/users\/1"}],"replies":[{"embeddable":true,"href":"https:\/\/lasprimeras.com.do\/index.php\/wp-json\/wp\/v2\/comments?post=48726"}],"version-history":[{"count":0,"href":"https:\/\/lasprimeras.com.do\/index.php\/wp-json\/wp\/v2\/posts\/48726\/revisions"}],"wp:featuredmedia":[{"embeddable":true,"href":"https:\/\/lasprimeras.com.do\/index.php\/wp-json\/"}],"wp:attachment":[{"href":"https:\/\/lasprimeras.com.do\/index.php\/wp-json\/wp\/v2\/media?parent=48726"}],"wp:term":[{"taxonomy":"category","embeddable":true,"href":"https:\/\/lasprimeras.com.do\/index.php\/wp-json\/wp\/v2\/categories?post=48726"},{"taxonomy":"post_tag","embeddable":true,"href":"https:\/\/lasprimeras.com.do\/index.php\/wp-json\/wp\/v2\/tags?post=48726"}],"curies":[{"name":"wp","href":"https:\/\/api.w.org\/{rel}","templated":true}]}}