{"id":48732,"date":"2023-05-03T21:50:18","date_gmt":"2023-05-04T01:50:18","guid":{"rendered":"https:\/\/atento.com.do\/?p=48732"},"modified":"2023-05-03T21:50:18","modified_gmt":"2023-05-04T01:50:18","slug":"andres-cepeda-demuestra-se-gran-versatilidad-musical","status":"publish","type":"post","link":"https:\/\/lasprimeras.com.do\/index.php\/2023\/05\/03\/andres-cepeda-demuestra-se-gran-versatilidad-musical\/","title":{"rendered":"Andr\u00e9s Cepeda demuestra se gran versatilidad musical"},"content":{"rendered":"\n<p><strong>Miami, Florida.-. <\/strong>El \u00edcono colombiano Andr\u00e9s Cepeda contin\u00faa demostrando su notable versatilidad como artista y su gran popularidad entre los fan\u00e1ticos en Am\u00e9rica Latina, ofreciendo una serie de espect\u00e1culos incre\u00edbles la semana pasada, que lo confirman como una de las figuras m\u00e1s talentosas y visionarias de la m\u00fasica latina actual.<\/p>\n\n\n\n<p>El cantante y compositor, ganador de tres premios Grammy Latino, realiz\u00f3 presentaciones espectaculares en varias ciudades y en cuatro formatos distintos y muy especiales.<\/p>\n\n\n\n<p>En Santa Marta, Colombia, los fan\u00e1ticos disfrutaron de Cepeda Big Band, con un atractivo recorrido por el cat\u00e1logo de Cepeda, en este gran formato.<\/p>\n\n\n\n<p>En Santo Domingo, Rep\u00fablica Dominicana, cre\u00f3 una atm\u00f3sfera inmersiva en el Teatro Nacional con su espect\u00e1culo Cepeda Sinf\u00f3nico, con su orquesta filarm\u00f3nica.<\/p>\n\n\n\n<p>Tambi\u00e9n hizo la siguiente parada de su aclamada gira ac\u00fastica \u201cLa Ruta P\u00farpura\u201d en el Teatro Maldonado Tunja en Tunja, Colombia. Y, finalmente, volvi\u00f3 a sus ra\u00edces pop con una noche inolvidable en la capital colombiana de Bogot\u00e1.<\/p>\n\n\n\n<p>Cepeda est\u00e1 listo para hacer una aparici\u00f3n muy esperada en el Gran Arena Monticello en Santiago de Chile el 19 de agosto, marcando su primer espect\u00e1culo en ese pa\u00eds.<br>Mientras tanto, contin\u00faa llevando su gira \u201cLa Ruta P\u00farpura\u201d por Colombia, y se prepara para el estreno de la tercera temporada de su gran espect\u00e1culo \u201cCepeda en Tablas\u201d, en el Teatro Mayor Julio Mario Santodomingo de Bogot\u00e1, durante la cual volver\u00e1 a interpretar sus grandes \u00e9xitos, mientras fusiona la m\u00fasica con el humor, para compartir las historias reales que inspiraron sus canciones.<\/p>\n\n\n\n<p>Como si esta extensa agenda de presentaciones no lo mantuviera lo suficientemente ocupado, la reconocida estrella tambi\u00e9n se est\u00e1 preparando para una gira muy esperada en Europa; una oportunidad que le permitir\u00e1 compartir su sonido inconfundible, sus grandes canciones y una experiencia \u00fanica con sus fans en esta parte del continente.<\/p>\n\n\n\n<p>M\u00e1s adelante este a\u00f1o, Cepeda regresar\u00e1 con el lanzamiento de su pr\u00f3ximo \u00e1lbum de estudio, el primero desde el lanzamiento de &#8220;Me Est\u00e1s Haciendo Falta&#8221; en 2021.<\/p>\n\n\n\n<p>El proyecto, que sigue al lanzamiento de su \u00e1lbum en vivo \u201cGuitarra y Voz Desde el Teatro Col\u00f3n de Bogot\u00e1\u201d en 2021, promete mostrar a los fan\u00e1ticos otra faceta cautivadora de su arte, y con ella, seguramente seguir\u00e1 enamorando los corazones de sus oyentes por todo el mundo.<\/p>\n","protected":false},"excerpt":{"rendered":"<p>Miami, Florida.-. El \u00edcono colombiano Andr\u00e9s Cepeda contin\u00faa demostrando su notable versatilidad como artista y su gran popularidad entre los fan\u00e1ticos en Am\u00e9rica Latina, ofreciendo una serie de espect\u00e1culos incre\u00edbles&hellip;<\/p>\n","protected":false},"author":1,"featured_media":48736,"comment_status":"open","ping_status":"open","sticky":false,"template":"","format":"standard","meta":{"content-type":"","jetpack_post_was_ever_published":false,"_jetpack_newsletter_access":"","_jetpack_dont_email_post_to_subs":false,"_jetpack_newsletter_tier_id":0,"_jetpack_memberships_contains_paywalled_content":false,"_jetpack_memberships_contains_paid_content":false,"footnotes":""},"categories":[84],"tags":[385],"class_list":["post-48732","post","type-post","status-publish","format-standard","has-post-thumbnail","hentry","category-entretenimiento","tag-andres-cepeda"],"jetpack_featured_media_url":"","jetpack-related-posts":[{"id":60440,"url":"https:\/\/lasprimeras.com.do\/index.php\/2023\/09\/14\/andres-cepeda-lanza-el-video-le-viene-bien-junto-a-greeicy\/","url_meta":{"origin":48732,"position":0},"title":"Andr\u00e9s Cepeda lanza el v\u00eddeo &#8220;Le viene bi\u00e9n&#8221; junto a Greeicy","author":"Nelson Feliz","date":"14 de septiembre de 2023","format":false,"excerpt":"Andr\u00e9s Cepeda presenta el muy esperado video musical de su canci\u00f3n \u201cLe Viene Bien\u201d, una sincera colaboraci\u00f3n con Greeicy. El clip es el \u00faltimo lanzamiento del nuevo \u00e1lbum del ganador del Grammy Latino, \u201cD\u00e9cimo Cuarto\u201d, que sus fans han estado disfrutando desde mayo. La tierna canci\u00f3n, que fue coproducida por\u2026","rel":"","context":"En \u00abENTRETENIMIENTO\u00bb","block_context":{"text":"ENTRETENIMIENTO","link":"https:\/\/lasprimeras.com.do\/index.php\/category\/entretenimiento\/"},"img":{"alt_text":"andres cepeda","src":"https:\/\/i0.wp.com\/lasprimeras.com.do\/wp-content\/uploads\/2023\/09\/andres-cepeda.jpg?resize=350%2C200&ssl=1","width":350,"height":200,"srcset":"https:\/\/i0.wp.com\/lasprimeras.com.do\/wp-content\/uploads\/2023\/09\/andres-cepeda.jpg?resize=350%2C200&ssl=1 1x, https:\/\/i0.wp.com\/lasprimeras.com.do\/wp-content\/uploads\/2023\/09\/andres-cepeda.jpg?resize=525%2C300&ssl=1 1.5x, https:\/\/i0.wp.com\/lasprimeras.com.do\/wp-content\/uploads\/2023\/09\/andres-cepeda.jpg?resize=700%2C400&ssl=1 2x"},"classes":[]},{"id":63227,"url":"https:\/\/lasprimeras.com.do\/index.php\/2023\/10\/11\/andres-cepeda-ofrecera-gira-por-15-ciudades-de-estados-unidos\/","url_meta":{"origin":48732,"position":1},"title":"Andr\u00e9s Cepeda ofrecer\u00e1 gira por 15 ciudades de Estados Unidos","author":"BIMARY DE JES\u00daS Matos","date":"11 de octubre de 2023","format":false,"excerpt":"Miami.- El cantante y compositor colombiano Andr\u00e9s Cepeda iniciar\u00e1 en abril del pr\u00f3ximo a\u00f1o una gira por 15 ciudades de Estados Unidos, en la que estar\u00e1 acompa\u00f1ado de su compatriota Alejandro Santamar\u00eda. La gira \u00abTengo ganas 2024\u00bb arrancar\u00e1 el 13 de abril de 2024 en Chicago (Illinois) y concluir\u00e1 el\u2026","rel":"","context":"En \u00abENTRETENIMIENTO\u00bb","block_context":{"text":"ENTRETENIMIENTO","link":"https:\/\/lasprimeras.com.do\/index.php\/category\/entretenimiento\/"},"img":{"alt_text":"","src":"https:\/\/i0.wp.com\/lasprimeras.com.do\/wp-content\/uploads\/2023\/10\/IMG-20231010-WA0108-4.webp?resize=350%2C200&ssl=1","width":350,"height":200,"srcset":"https:\/\/i0.wp.com\/lasprimeras.com.do\/wp-content\/uploads\/2023\/10\/IMG-20231010-WA0108-4.webp?resize=350%2C200&ssl=1 1x, https:\/\/i0.wp.com\/lasprimeras.com.do\/wp-content\/uploads\/2023\/10\/IMG-20231010-WA0108-4.webp?resize=525%2C300&ssl=1 1.5x, https:\/\/i0.wp.com\/lasprimeras.com.do\/wp-content\/uploads\/2023\/10\/IMG-20231010-WA0108-4.webp?resize=700%2C400&ssl=1 2x, https:\/\/i0.wp.com\/lasprimeras.com.do\/wp-content\/uploads\/2023\/10\/IMG-20231010-WA0108-4.webp?resize=1050%2C600&ssl=1 3x"},"classes":[]},{"id":73483,"url":"https:\/\/lasprimeras.com.do\/index.php\/2024\/01\/11\/andres-cepeda-ofrece-gira-por-ee-uu\/","url_meta":{"origin":48732,"position":2},"title":"Andr\u00e9s Cepeda ofrece gira por EE.UU.","author":"BIMARY DE JES\u00daS Matos","date":"11 de enero de 2024","format":false,"excerpt":"Miam.- El cantautor colombiano Andr\u00e9s Cepeda se siente \u00abcon m\u00e1s caminos abiertos\u00bb que nunca a sus 50 a\u00f1os, seg\u00fan dijo este jueves en una entrevista con EFE en la que habl\u00f3 de su pr\u00f3xima gira por Estados Unidos y su nuevo \u00e1lbum \u2018Bogot\u00e1\u2019, una ciudad que lo ha inspirado. Uno\u2026","rel":"","context":"En \u00abENTRETENIMIENTO\u00bb","block_context":{"text":"ENTRETENIMIENTO","link":"https:\/\/lasprimeras.com.do\/index.php\/category\/entretenimiento\/"},"img":{"alt_text":"","src":"https:\/\/i0.wp.com\/lasprimeras.com.do\/wp-content\/uploads\/2024\/01\/RD-y-Haiti-reanudan-conversaciones-sobre-diferendo-por-canal-en-rio-DajabonMasacre-5.webp?resize=350%2C200&ssl=1","width":350,"height":200,"srcset":"https:\/\/i0.wp.com\/lasprimeras.com.do\/wp-content\/uploads\/2024\/01\/RD-y-Haiti-reanudan-conversaciones-sobre-diferendo-por-canal-en-rio-DajabonMasacre-5.webp?resize=350%2C200&ssl=1 1x, https:\/\/i0.wp.com\/lasprimeras.com.do\/wp-content\/uploads\/2024\/01\/RD-y-Haiti-reanudan-conversaciones-sobre-diferendo-por-canal-en-rio-DajabonMasacre-5.webp?resize=525%2C300&ssl=1 1.5x"},"classes":[]},{"id":112364,"url":"https:\/\/lasprimeras.com.do\/index.php\/2025\/10\/21\/luis-segura-lleva-a-los-tribunales-a-bonny-cepeda-por-su-tema-mas-emblematico\/","url_meta":{"origin":48732,"position":3},"title":"Luis Segura lleva a los tribunales a Bonny Cepeda por su tema m\u00e1s emblem\u00e1tico","author":"Nelson Feliz","date":"21 de octubre de 2025","format":false,"excerpt":"Tribunal conoce demanda por presunta infracci\u00f3n de derechos de autor sobre \"Pena por ti\" El reconocido merenguero y compositor Fernando Antonio Cruz Paz, art\u00edsticamente conocido como Bonny Cepeda, se presentar\u00e1 este martes ante la justicia dominicana para enfrentar la primera audiencia del juicio de fondo en su contra, por presunta\u2026","rel":"","context":"En \u00abENTRETENIMIENTO\u00bb","block_context":{"text":"ENTRETENIMIENTO","link":"https:\/\/lasprimeras.com.do\/index.php\/category\/entretenimiento\/"},"img":{"alt_text":"","src":"https:\/\/i0.wp.com\/lasprimeras.com.do\/wp-content\/uploads\/2025\/10\/Bonny-Cepeda-vs-Luis-Segura.jpg?resize=350%2C200&ssl=1","width":350,"height":200,"srcset":"https:\/\/i0.wp.com\/lasprimeras.com.do\/wp-content\/uploads\/2025\/10\/Bonny-Cepeda-vs-Luis-Segura.jpg?resize=350%2C200&ssl=1 1x, https:\/\/i0.wp.com\/lasprimeras.com.do\/wp-content\/uploads\/2025\/10\/Bonny-Cepeda-vs-Luis-Segura.jpg?resize=525%2C300&ssl=1 1.5x, https:\/\/i0.wp.com\/lasprimeras.com.do\/wp-content\/uploads\/2025\/10\/Bonny-Cepeda-vs-Luis-Segura.jpg?resize=700%2C400&ssl=1 2x"},"classes":[]},{"id":58710,"url":"https:\/\/lasprimeras.com.do\/index.php\/2023\/08\/27\/aderes-reconoce-a-andres-marranzini-por-sus-aportes-al-sector-gastronomico-de-la-rd\/","url_meta":{"origin":48732,"position":4},"title":"Aderes reconoce a Andr\u00e9s Marranzini por sus aportes al sector gastron\u00f3mico de la RD","author":"Nelson Feliz","date":"27 de agosto de 2023","format":false,"excerpt":"La Asociaci\u00f3n Dominicana de Restaurantes, Aderes, resalt\u00f3 los aportes de Andr\u00e9s Marranzini Grull\u00f3n, vicepresidente ejecutivo de la Asociaci\u00f3n de Hoteles y Turismo de la Rep\u00fablica Dominicana, Asonahores, por sus invaluables aportes al posicionamiento de la gastronom\u00eda como un elemento de promoci\u00f3n tur\u00edstica de la amplia y variada experiencia culinaria. Omar\u2026","rel":"","context":"En \u00abTURISMO\u00bb","block_context":{"text":"TURISMO","link":"https:\/\/lasprimeras.com.do\/index.php\/category\/turismo\/"},"img":{"alt_text":"Andr\u00e9s Marranzini Grull\u00f3n","src":"https:\/\/i0.wp.com\/lasprimeras.com.do\/wp-content\/uploads\/2023\/08\/Andres-Marranzini-Grullon-1.jpg?resize=350%2C200&ssl=1","width":350,"height":200,"srcset":"https:\/\/i0.wp.com\/lasprimeras.com.do\/wp-content\/uploads\/2023\/08\/Andres-Marranzini-Grullon-1.jpg?resize=350%2C200&ssl=1 1x, https:\/\/i0.wp.com\/lasprimeras.com.do\/wp-content\/uploads\/2023\/08\/Andres-Marranzini-Grullon-1.jpg?resize=525%2C300&ssl=1 1.5x, https:\/\/i0.wp.com\/lasprimeras.com.do\/wp-content\/uploads\/2023\/08\/Andres-Marranzini-Grullon-1.jpg?resize=700%2C400&ssl=1 2x"},"classes":[]},{"id":86186,"url":"https:\/\/lasprimeras.com.do\/index.php\/2024\/07\/20\/alcaldesa-wendy-cepeda-promueve-manejo-adecuado-de-desechos-hospitalarios-en-san-luis\/","url_meta":{"origin":48732,"position":5},"title":"Alcaldesa Wendy Cepeda promueve manejo adecuado de desechos hospitalarios en San Luis","author":"Nelson Feliz","date":"20 de julio de 2024","format":false,"excerpt":"La alcaldesa\u00a0 del distrito municipal San Luis, Wendy Cepeda, se reuni\u00f3 con los directores de la Unidad de Atenci\u00f3n Primaria, el Centro Cl\u00ednico y Diagn\u00f3stico de Atenci\u00f3n Primaria de San Luis, la Dra. Nunn del Centro Primer Nivel RALMA\u00a0 de Santo Domingo Este, y representantes de la Cruz Roja Dominicana,\u2026","rel":"","context":"En \u00abNACIONALES\u00bb","block_context":{"text":"NACIONALES","link":"https:\/\/lasprimeras.com.do\/index.php\/category\/nacionales\/"},"img":{"alt_text":"Wendy Cepeda","src":"https:\/\/i0.wp.com\/lasprimeras.com.do\/wp-content\/uploads\/2024\/07\/Wendy-Cepeda-1.jpg?resize=350%2C200&ssl=1","width":350,"height":200,"srcset":"https:\/\/i0.wp.com\/lasprimeras.com.do\/wp-content\/uploads\/2024\/07\/Wendy-Cepeda-1.jpg?resize=350%2C200&ssl=1 1x, https:\/\/i0.wp.com\/lasprimeras.com.do\/wp-content\/uploads\/2024\/07\/Wendy-Cepeda-1.jpg?resize=525%2C300&ssl=1 1.5x, https:\/\/i0.wp.com\/lasprimeras.com.do\/wp-content\/uploads\/2024\/07\/Wendy-Cepeda-1.jpg?resize=700%2C400&ssl=1 2x"},"classes":[]}],"jetpack_sharing_enabled":true,"_links":{"self":[{"href":"https:\/\/lasprimeras.com.do\/index.php\/wp-json\/wp\/v2\/posts\/48732","targetHints":{"allow":["GET"]}}],"collection":[{"href":"https:\/\/lasprimeras.com.do\/index.php\/wp-json\/wp\/v2\/posts"}],"about":[{"href":"https:\/\/lasprimeras.com.do\/index.php\/wp-json\/wp\/v2\/types\/post"}],"author":[{"embeddable":true,"href":"https:\/\/lasprimeras.com.do\/index.php\/wp-json\/wp\/v2\/users\/1"}],"replies":[{"embeddable":true,"href":"https:\/\/lasprimeras.com.do\/index.php\/wp-json\/wp\/v2\/comments?post=48732"}],"version-history":[{"count":0,"href":"https:\/\/lasprimeras.com.do\/index.php\/wp-json\/wp\/v2\/posts\/48732\/revisions"}],"wp:featuredmedia":[{"embeddable":true,"href":"https:\/\/lasprimeras.com.do\/index.php\/wp-json\/"}],"wp:attachment":[{"href":"https:\/\/lasprimeras.com.do\/index.php\/wp-json\/wp\/v2\/media?parent=48732"}],"wp:term":[{"taxonomy":"category","embeddable":true,"href":"https:\/\/lasprimeras.com.do\/index.php\/wp-json\/wp\/v2\/categories?post=48732"},{"taxonomy":"post_tag","embeddable":true,"href":"https:\/\/lasprimeras.com.do\/index.php\/wp-json\/wp\/v2\/tags?post=48732"}],"curies":[{"name":"wp","href":"https:\/\/api.w.org\/{rel}","templated":true}]}}