{"id":48739,"date":"2023-05-03T21:54:33","date_gmt":"2023-05-04T01:54:33","guid":{"rendered":"https:\/\/atento.com.do\/?p=48739"},"modified":"2023-05-03T21:54:33","modified_gmt":"2023-05-04T01:54:33","slug":"bandas-de-haitianos-desafian-llegada-del-ejercito-a-manzanillo-y-roban-dos-motocicletas","status":"publish","type":"post","link":"https:\/\/lasprimeras.com.do\/index.php\/2023\/05\/03\/bandas-de-haitianos-desafian-llegada-del-ejercito-a-manzanillo-y-roban-dos-motocicletas\/","title":{"rendered":"Bandas de haitianos desaf\u00edan llegada del ej\u00e9rcito a Manzanillo y roban dos motocicletas"},"content":{"rendered":"\n<p>Destacan incidente con la Prensa de Manzanillo.<\/p>\n\n\n\n<p>Por Frank Valenzuela<\/p>\n\n\n\n<p><strong>Manzanillo, Montecristi.-.<\/strong> En una clara demostraci\u00f3n de desaf\u00edo, delincuentes de bandas haitianas en combinaci\u00f3n con dominicanos robaron este mi\u00e9rcoles dos motocicletas en la empresa Plantaciones del Norte, localizada en el trayecto de la carretera Manzanillo-Copey, poniendo en duda la efectividad de la presencia militar en el municipio.<\/p>\n\n\n\n<p>Los empleados de la empresa exportadora de bananos que trabajan en la tanda diurna dejan sus motores en el parqueo de la empresa que es visible, el cual se ha considerado seguro y al donde los delincuentes rompieron la alambrada para penetrar y cargar con las motocicletas.<\/p>\n\n\n\n<p>La clara evidencia de que en el accionar de la ola de elocuencia que ocurre en Manzanillo hay participaci\u00f3n de delincuentes dominicanos que localizan donde robar, es el caso de que una de las motocicletas sustra\u00edda hoy, fue robada la semana pasada y tuvo que ser abandonada por ladrones haitianos cuando se dieron cuenta de que estaban siendo perseguidos por los residentes del sector Villa Raif de Manzanillo, quienes se han organizado en comit\u00e9s de vigilancia para prevenir los robos.<\/p>\n\n\n\n<p>Entre esa medida se destaca la necesidad de instalar en Manzanillo una Supervisor\u00eda de la Polic\u00eda Nacional ya que no es posible que con tres polic\u00edas existentes se pueda hablar de garant\u00eda de seguridad en el municipio.<\/p>\n\n\n\n<p>Ante esta situaci\u00f3n, es urgente la necesidad de fortalecer el patrullaje en la zona y hacerlo permanente, igualmente es importante que el ej\u00e9rcito y las autoridades correspondientes tomen medidas m\u00e1s contundentes para combatir el crimen organizado transfronterizo y garantizar la seguridad de la comunidad de Manzanillo.<\/p>\n\n\n\n<p>Asimismo, es fundamental la instalaci\u00f3n de c\u00e1maras de seguridad, la intensificaci\u00f3n del patrullaje en horas nocturnas y la cooperaci\u00f3n entre la poblaci\u00f3n y las autoridades son medidas necesarias para garantizar la seguridad en la zona.<\/p>\n\n\n\n<p>Igualmente se hace necesario que la direcci\u00f3n del Ejercito Nacional ordene que se detenga las acciones de peajes que se realizan en la desembocadura del rio Masacres sin existir Oficina de Aduana en ese lugar, acci\u00f3n que lleva tiempo realiz\u00e1ndose y conocida por la ciudadan\u00eda de Manzanillo.<\/p>\n\n\n\n<p>La comunidad de Manzanillo exige una respuesta inmediata de las autoridades y del ej\u00e9rcito ante la situaci\u00f3n de inseguridad que enfrentan d\u00eda a d\u00eda. Es necesario que se tome en serio esta problem\u00e1tica y se act\u00fae de manera efectiva para combatir el crimen organizado transfronterizo y garantizar la paz y tranquilidad de la poblaci\u00f3n.<\/p>\n\n\n\n<p>La falta de acci\u00f3n en este tema puede generar graves consecuencias para la seguridad y estabilidad de la zona, as\u00ed como para la econom\u00eda y desarrollo de la comunidad. Por lo tanto, es urgente la necesidad de tomar medidas inmediatas y efectivas para fortalecer el patrullaje en Manzanillo y garantizar la seguridad de sus habitantes.<\/p>\n\n\n\n<p><strong>Colocaci\u00f3n de punto de chequeo en lugares oscuro y peligroso<\/strong><\/p>\n\n\n\n<p>La situaci\u00f3n de inseguridad en Manzanillo ha llegado a niveles alarmantes, como se evidencia en el incidente ocurrido la noche de ayer. Un joven que se dirig\u00eda junto a su madre a dejar a su novia en su comunidad, fue v\u00edctima de un intento de detenci\u00f3n por parte de miembros del ej\u00e9rcito en una zona extremadamente oscura del trayecto Manzanillo-Copey.<\/p>\n\n\n\n<p>Ante la situaci\u00f3n de desconfianza y temor que impera en la comunidad, el joven asumi\u00f3 que se trataba de un atraco y decidi\u00f3 continuar la marcha, pensando que lo peor le iba a ocurrir. Este incidente deja en evidencia la necesidad de establecer protocolos claros para las fuerzas de seguridad, que garanticen la seguridad de los ciudadanos sin generar situaciones de p\u00e1nico o confusi\u00f3n.<\/p>\n\n\n\n<p><strong>Incidente con la Prensa<\/strong><\/p>\n\n\n\n<p>Dentro del contexto de la delincuencia que aqueja a Manzanillo y la presencia del ej\u00e9rcito para combatirla, es preocupante la actitud del coronel Sosa frente a los medios de comunicaci\u00f3n.<\/p>\n\n\n\n<p>Durante una pregunta realizada anoche por el comunicador Edward L\u00f3pez sobre la ubicaci\u00f3n de un detenido, su respuesta contundente fue &#8220;Yo no estoy aqu\u00ed para contestar a la prensa&#8221;, lo que denota una clara falta de respeto hacia la labor de los periodistas y comunicadores y la importancia de mantener una comunicaci\u00f3n fluida y transparente con la sociedad.<\/p>\n\n\n\n<p>Resulta fundamental que el ej\u00e9rcito en Manzanillo entienda que la prensa es un veh\u00edculo importante para mantener informada a la ciudadan\u00eda y para promover la colaboraci\u00f3n entre las fuerzas de seguridad y la comunidad en la lucha contra la delincuencia.<\/p>\n\n\n\n<p>En ese sentido, es necesario establecer una relaci\u00f3n de respeto mutuo y colaboraci\u00f3n, en la que los medios de comunicaci\u00f3n puedan realizar su trabajo de manera efectiva y el ej\u00e9rcito pueda contar con la colaboraci\u00f3n y el apoyo de la poblaci\u00f3n en la tarea de garantizar la seguridad en Manzanillo.<\/p>\n\n\n\n<p>La actitud del coronel Sosa es contraproducente y debe ser corregida para garantizar una colaboraci\u00f3n efectiva en la lucha contra la delincuencia.<\/p>\n","protected":false},"excerpt":{"rendered":"<p>Destacan incidente con la Prensa de Manzanillo. Por Frank Valenzuela Manzanillo, Montecristi.-. En una clara demostraci\u00f3n de desaf\u00edo, delincuentes de bandas haitianas en combinaci\u00f3n con dominicanos robaron este mi\u00e9rcoles dos&hellip;<\/p>\n","protected":false},"author":1,"featured_media":48740,"comment_status":"open","ping_status":"open","sticky":false,"template":"","format":"standard","meta":{"content-type":"","jetpack_post_was_ever_published":false,"_jetpack_newsletter_access":"","_jetpack_dont_email_post_to_subs":false,"_jetpack_newsletter_tier_id":0,"_jetpack_memberships_contains_paywalled_content":false,"_jetpack_memberships_contains_paid_content":false,"footnotes":""},"categories":[35,25],"tags":[386,73,263,387,388,389],"class_list":["post-48739","post","type-post","status-publish","format-standard","has-post-thumbnail","hentry","category-nacionales","category-portada","tag-bandas","tag-ejercito","tag-haitianos","tag-manzanillo","tag-motocicletas","tag-roban"],"jetpack_featured_media_url":"","jetpack-related-posts":[{"id":108881,"url":"https:\/\/lasprimeras.com.do\/index.php\/2025\/09\/11\/ejercito-detiene-a-152-haitianos-indocumentados-en-diferentes-operativos-en-la-linea-noroeste\/","url_meta":{"origin":48739,"position":0},"title":"Ej\u00e9rcito detiene a 152 haitianos indocumentados en diferentes operativos en la L\u00ednea Noroeste","author":"Nelson Feliz","date":"11 de septiembre de 2025","format":false,"excerpt":"El Ej\u00e9rcito de Rep\u00fablica Dominicana detuvo 152 nacionales haitianos en condici\u00f3n migratoria irregular en diferentes comunidades de la L\u00ednea Noroeste del pa\u00eds. Las detenciones de los extranjeros indocumentados fueron realizadas mediante patrullaje realizado en las comunidades de Loma de Cabrera, El Guanal, Mang\u00e1, Hatillo Palma, Manzanillo de Montecristi y Mao,\u2026","rel":"","context":"En \u00abMILITARES\u00bb","block_context":{"text":"MILITARES","link":"https:\/\/lasprimeras.com.do\/index.php\/category\/militares\/"},"img":{"alt_text":"","src":"https:\/\/i0.wp.com\/lasprimeras.com.do\/wp-content\/uploads\/2025\/09\/uno.jpg?resize=350%2C200&ssl=1","width":350,"height":200,"srcset":"https:\/\/i0.wp.com\/lasprimeras.com.do\/wp-content\/uploads\/2025\/09\/uno.jpg?resize=350%2C200&ssl=1 1x, https:\/\/i0.wp.com\/lasprimeras.com.do\/wp-content\/uploads\/2025\/09\/uno.jpg?resize=525%2C300&ssl=1 1.5x, https:\/\/i0.wp.com\/lasprimeras.com.do\/wp-content\/uploads\/2025\/09\/uno.jpg?resize=700%2C400&ssl=1 2x"},"classes":[]},{"id":107380,"url":"https:\/\/lasprimeras.com.do\/index.php\/2025\/08\/26\/ministro-de-defensa-de-rd-y-subsecretario-de-defensa-de-ee-uu-recorren-frontera-dominico-haitiana-de-manzanillo-a-dajabon\/","url_meta":{"origin":48739,"position":1},"title":"Ministro de Defensa de RD y Subsecretario de Defensa de EE.UU. recorren frontera dom\u00ednico-haitiana de Manzanillo a Dajab\u00f3n","author":"Nelson Feliz","date":"26 de agosto de 2025","format":false,"excerpt":"El ministro de Defensa de la Rep\u00fablica Dominicana, teniente general Carlos A. Fern\u00e1ndez Onofre y el Subsecretario de Defensa de los Estados Unidos para Asuntos del Hemisferio Occidental, Joseph M. Humire, realizaron un recorrido estrat\u00e9gico por las principales dotaciones militares en la frontera dom\u00ednico-haitiana, desde Manzanillo hasta Dajab\u00f3n. Durante la\u2026","rel":"","context":"En \u00abMILITARES\u00bb","block_context":{"text":"MILITARES","link":"https:\/\/lasprimeras.com.do\/index.php\/category\/militares\/"},"img":{"alt_text":"","src":"https:\/\/i0.wp.com\/lasprimeras.com.do\/wp-content\/uploads\/2025\/08\/frontera-1.jpg?resize=350%2C200&ssl=1","width":350,"height":200,"srcset":"https:\/\/i0.wp.com\/lasprimeras.com.do\/wp-content\/uploads\/2025\/08\/frontera-1.jpg?resize=350%2C200&ssl=1 1x, https:\/\/i0.wp.com\/lasprimeras.com.do\/wp-content\/uploads\/2025\/08\/frontera-1.jpg?resize=525%2C300&ssl=1 1.5x, https:\/\/i0.wp.com\/lasprimeras.com.do\/wp-content\/uploads\/2025\/08\/frontera-1.jpg?resize=700%2C400&ssl=1 2x"},"classes":[]},{"id":107746,"url":"https:\/\/lasprimeras.com.do\/index.php\/2025\/08\/30\/entregan-en-dajabon-a-dos-miembros-de-la-banda-haitiana-400-mawozo\/","url_meta":{"origin":48739,"position":2},"title":"Entregan en Dajab\u00f3n a dos miembros de la banda haitiana 400 Mawozo","author":"Nelson Feliz","date":"30 de agosto de 2025","format":false,"excerpt":"Residentes fronterizos preocupados por la facilidad con la que pandillas haitianas ingresan a Rep\u00fablica Dominicana. Dos presuntos integrantes de la temida banda haitiana 400 Mawozo, vinculada a hechos de violencia y criminalidad en Hait\u00ed, fueron entregados este s\u00e1bado por las autoridades dominicanas en la zona fronteriza de Dajab\u00f3n. Se trata\u2026","rel":"","context":"En \u00abMILITARES\u00bb","block_context":{"text":"MILITARES","link":"https:\/\/lasprimeras.com.do\/index.php\/category\/militares\/"},"img":{"alt_text":"","src":"https:\/\/i0.wp.com\/lasprimeras.com.do\/wp-content\/uploads\/2025\/08\/Miembros-de-la-banda-400-Mawozo-entregados-en-la-frontera.jpg?resize=350%2C200&ssl=1","width":350,"height":200,"srcset":"https:\/\/i0.wp.com\/lasprimeras.com.do\/wp-content\/uploads\/2025\/08\/Miembros-de-la-banda-400-Mawozo-entregados-en-la-frontera.jpg?resize=350%2C200&ssl=1 1x, https:\/\/i0.wp.com\/lasprimeras.com.do\/wp-content\/uploads\/2025\/08\/Miembros-de-la-banda-400-Mawozo-entregados-en-la-frontera.jpg?resize=525%2C300&ssl=1 1.5x, https:\/\/i0.wp.com\/lasprimeras.com.do\/wp-content\/uploads\/2025\/08\/Miembros-de-la-banda-400-Mawozo-entregados-en-la-frontera.jpg?resize=700%2C400&ssl=1 2x"},"classes":[]},{"id":48469,"url":"https:\/\/lasprimeras.com.do\/index.php\/2023\/05\/01\/comandante-del-ejercito-refuerza-seguridad-fronteriza\/","url_meta":{"origin":48739,"position":3},"title":"Comandante del Ej\u00e9rcito refuerza seguridad fronteriza","author":"prenxa100","date":"1 de mayo de 2023","format":false,"excerpt":"Por Wilson P\u00e9rez Montecristi.-. El comandante general del Ej\u00e9rcito de Rep\u00fablica Dominicana mayor general Carlos Antonio Fern\u00e1ndez Onofre, reforz\u00f3 la seguridad fronteriza mediante un recorrido por el Destacamento Militar de Manzanillo. Fern\u00e1ndez Onofre, realiz\u00f3 un recorrido por la frontera Sur, Norte y Sur-este del pa\u00eds, donde supervis\u00f3 personalmente las labores\u2026","rel":"","context":"En \u00abNACIONALES\u00bb","block_context":{"text":"NACIONALES","link":"https:\/\/lasprimeras.com.do\/index.php\/category\/nacionales\/"},"img":{"alt_text":"","src":"https:\/\/i0.wp.com\/atento.com.do\/wp-content\/uploads\/2023\/05\/WhatsApp-Image-2023-05-01-at-7.48.49-AM-1024x1018.jpeg?resize=350%2C200&ssl=1","width":350,"height":200,"srcset":"https:\/\/i0.wp.com\/atento.com.do\/wp-content\/uploads\/2023\/05\/WhatsApp-Image-2023-05-01-at-7.48.49-AM-1024x1018.jpeg?resize=350%2C200&ssl=1 1x, https:\/\/i0.wp.com\/atento.com.do\/wp-content\/uploads\/2023\/05\/WhatsApp-Image-2023-05-01-at-7.48.49-AM-1024x1018.jpeg?resize=525%2C300&ssl=1 1.5x, https:\/\/i0.wp.com\/atento.com.do\/wp-content\/uploads\/2023\/05\/WhatsApp-Image-2023-05-01-at-7.48.49-AM-1024x1018.jpeg?resize=700%2C400&ssl=1 2x"},"classes":[]},{"id":81182,"url":"https:\/\/lasprimeras.com.do\/index.php\/2024\/04\/17\/policia-desmantela-peligrosa-banda-dedicada-al-robo-de-motocicletas-en-la-provincia-independencia\/","url_meta":{"origin":48739,"position":4},"title":"Polic\u00eda desmantela peligrosa banda dedicada al robo de motocicletas en la provincia Independencia","author":"BIMARY DE JES\u00daS Matos","date":"17 de abril de 2024","format":false,"excerpt":"Santo Domingo.- Tres personas fueron detenidas y se han recuperado tres motocicletas robadas y que pretend\u00edan comercializar en el vecino pa\u00eds. Agentes policiales, adscritos a la Direcci\u00f3n Central de Investigaci\u00f3n (DICRIM), en compa\u00f1\u00eda de agentes de Prevenci\u00f3n, de servicio en la Direcci\u00f3n Regional Sur, lograron desmantelar una peligrosa banda delictiva\u2026","rel":"","context":"En \u00abNACIONALES\u00bb","block_context":{"text":"NACIONALES","link":"https:\/\/lasprimeras.com.do\/index.php\/category\/nacionales\/"},"img":{"alt_text":"","src":"https:\/\/i0.wp.com\/lasprimeras.com.do\/wp-content\/uploads\/2024\/04\/IMG-20240417-WA0032.jpg?resize=350%2C200&ssl=1","width":350,"height":200,"srcset":"https:\/\/i0.wp.com\/lasprimeras.com.do\/wp-content\/uploads\/2024\/04\/IMG-20240417-WA0032.jpg?resize=350%2C200&ssl=1 1x, https:\/\/i0.wp.com\/lasprimeras.com.do\/wp-content\/uploads\/2024\/04\/IMG-20240417-WA0032.jpg?resize=525%2C300&ssl=1 1.5x, https:\/\/i0.wp.com\/lasprimeras.com.do\/wp-content\/uploads\/2024\/04\/IMG-20240417-WA0032.jpg?resize=700%2C400&ssl=1 2x, https:\/\/i0.wp.com\/lasprimeras.com.do\/wp-content\/uploads\/2024\/04\/IMG-20240417-WA0032.jpg?resize=1050%2C600&ssl=1 3x"},"classes":[]},{"id":107830,"url":"https:\/\/lasprimeras.com.do\/index.php\/2025\/08\/31\/llega-al-pais-buque-que-alimentara-de-gas-natural-a-la-planta-termoelectrica-manzanillo-power-land\/","url_meta":{"origin":48739,"position":5},"title":"Llega al pa\u00eds buque que alimentar\u00e1 de gas natural a la planta termoel\u00e9ctrica Manzanillo Power Land","author":"Nelson Feliz","date":"31 de agosto de 2025","format":false,"excerpt":"La desarrolladora de la planta Manzanillo Power Land, Energ\u00eda 2000, comunic\u00f3 este domingo la llegada a la Bah\u00eda de Manzanillo del buque \"Energos Freeze\", una unidad flotante de almacenamiento y regasificaci\u00f3n de gas natural licuado (FSRU, por sus siglas en ingl\u00e9s), lo que contribuir\u00e1 \"mitigar los apagones\". Seg\u00fan una nota\u2026","rel":"","context":"En \u00abECONOM\u00cdA\u00bb","block_context":{"text":"ECONOM\u00cdA","link":"https:\/\/lasprimeras.com.do\/index.php\/category\/economia\/"},"img":{"alt_text":"","src":"https:\/\/i0.wp.com\/lasprimeras.com.do\/wp-content\/uploads\/2025\/08\/manzanillo-power-land-recibe-fsru-que-garantiza-gas-natural-dcf53f6d-focus-0-0-896-504.jpg?resize=350%2C200&ssl=1","width":350,"height":200,"srcset":"https:\/\/i0.wp.com\/lasprimeras.com.do\/wp-content\/uploads\/2025\/08\/manzanillo-power-land-recibe-fsru-que-garantiza-gas-natural-dcf53f6d-focus-0-0-896-504.jpg?resize=350%2C200&ssl=1 1x, https:\/\/i0.wp.com\/lasprimeras.com.do\/wp-content\/uploads\/2025\/08\/manzanillo-power-land-recibe-fsru-que-garantiza-gas-natural-dcf53f6d-focus-0-0-896-504.jpg?resize=525%2C300&ssl=1 1.5x, https:\/\/i0.wp.com\/lasprimeras.com.do\/wp-content\/uploads\/2025\/08\/manzanillo-power-land-recibe-fsru-que-garantiza-gas-natural-dcf53f6d-focus-0-0-896-504.jpg?resize=700%2C400&ssl=1 2x"},"classes":[]}],"jetpack_sharing_enabled":true,"_links":{"self":[{"href":"https:\/\/lasprimeras.com.do\/index.php\/wp-json\/wp\/v2\/posts\/48739","targetHints":{"allow":["GET"]}}],"collection":[{"href":"https:\/\/lasprimeras.com.do\/index.php\/wp-json\/wp\/v2\/posts"}],"about":[{"href":"https:\/\/lasprimeras.com.do\/index.php\/wp-json\/wp\/v2\/types\/post"}],"author":[{"embeddable":true,"href":"https:\/\/lasprimeras.com.do\/index.php\/wp-json\/wp\/v2\/users\/1"}],"replies":[{"embeddable":true,"href":"https:\/\/lasprimeras.com.do\/index.php\/wp-json\/wp\/v2\/comments?post=48739"}],"version-history":[{"count":0,"href":"https:\/\/lasprimeras.com.do\/index.php\/wp-json\/wp\/v2\/posts\/48739\/revisions"}],"wp:featuredmedia":[{"embeddable":true,"href":"https:\/\/lasprimeras.com.do\/index.php\/wp-json\/"}],"wp:attachment":[{"href":"https:\/\/lasprimeras.com.do\/index.php\/wp-json\/wp\/v2\/media?parent=48739"}],"wp:term":[{"taxonomy":"category","embeddable":true,"href":"https:\/\/lasprimeras.com.do\/index.php\/wp-json\/wp\/v2\/categories?post=48739"},{"taxonomy":"post_tag","embeddable":true,"href":"https:\/\/lasprimeras.com.do\/index.php\/wp-json\/wp\/v2\/tags?post=48739"}],"curies":[{"name":"wp","href":"https:\/\/api.w.org\/{rel}","templated":true}]}}