{"id":48743,"date":"2023-05-03T22:24:14","date_gmt":"2023-05-04T02:24:14","guid":{"rendered":"https:\/\/atento.com.do\/?p=48743"},"modified":"2023-05-03T22:24:14","modified_gmt":"2023-05-04T02:24:14","slug":"faride-se-ha-demostrado-que-hay-una-situacion-de-ingobernabilidad-y-procede-juicio-politico-contra-todos-los-miembros-de-camara-de-cuentas","status":"publish","type":"post","link":"https:\/\/lasprimeras.com.do\/index.php\/2023\/05\/03\/faride-se-ha-demostrado-que-hay-una-situacion-de-ingobernabilidad-y-procede-juicio-politico-contra-todos-los-miembros-de-camara-de-cuentas\/","title":{"rendered":"Faride: se ha demostrado que hay una situaci\u00f3n de ingobernabilidad y procede juicio pol\u00edtico contra todos los miembros de C\u00e1mara de Cuentas"},"content":{"rendered":"\n<p>Tras las graves declaraciones del presidente de la&nbsp;<strong>C\u00e1mara de Cuentas<\/strong>,&nbsp;<strong>Janel Andr\u00e9s Ram\u00edrez<\/strong>, la senadora del Distrito Nacional,&nbsp;<strong>Faride Raful<\/strong>, manifest\u00f3 este mi\u00e9rcoles que se ha demostrado que hay una situaci\u00f3n de ingobernabilidad y que apoya juicio pol\u00edtico contra todos sus miembros.<\/p>\n\n\n\n<p><strong>&#8220;Yo creo que traer, invitar no es lo que precisamente necesitamos, yo apoyo que se haga un juicio pol\u00edtico contra todos los miembros de la C\u00e1mara de Cuentas, porque se ha demostrado que hay una situaci\u00f3n de ingobernabilidad&#8221;,&nbsp;<\/strong>expres\u00f3. &nbsp;<\/p>\n\n\n\n<p>Explic\u00f3 que si en el juicio se determina que hay argumentos para la destituci\u00f3n definitiva de ellos, \u00e9stos tambi\u00e9n ser\u00e1n inhabilitados para ocupar sus cargos p\u00fablicos por m\u00e1s de 10 a\u00f1os como manda la Constituci\u00f3n dominicana.<\/p>\n\n\n\n<p>Desde ayer martes han causado revuelo las declaraciones de Ram\u00edrez en una entrevista que le concedi\u00f3 al programa \u201cEl D\u00eda\u201d, que se transmite en Telesistema, canal 11, en la que se autodefini\u00f3 como &#8220;un preso de confianza&#8221; porque se ha visto en la situaci\u00f3n de hacer cosas que van contra la ley aprobada por el&nbsp;<strong>pleno<\/strong>&nbsp;de la&nbsp;<strong>C\u00e1mara de Cuentas<\/strong>. <\/p>\n\n\n\n<p>A Raful le caus\u00f3 suspicacia que 11 auditor\u00edas &#8220;torpeadas&#8221; sean las que involucra a exfuncionarios del Partido de la Liberaci\u00f3n Dominicana.<\/p>\n\n\n\n<p>&#8220;En la denuncia del presidente de la&nbsp;<strong>C\u00e1mara de Cuentas<\/strong>&nbsp;sali\u00f3 a relucir que hay m\u00e1s de 11 auditor\u00edas que llevan m\u00e1s de 90 d\u00edas tratando de ponerse en agenda para ser conocidas por el&nbsp;<strong>pleno<\/strong>, pero est\u00e1n siendo torpedeadas. Estas auditor\u00edas son casualmente: del Ministerio de Educaci\u00f3n 2016-2018, del Ayuntamiento municipal de Santiago de los Caballeros 2016-2019, del estado financiero de la Direcci\u00f3n General de Aduanas 2016-2019, Infotep 2016-2020, Gabinete de Pol\u00edtica Social 2020, Ejecuci\u00f3n presupuestaria del Ministerio de Hacienda 2019-2020, Ministerio de Industria y Comercio 2015-2019 y Ministerio de Relaciones Exteriores 2015-2016&#8243;.<\/p>\n","protected":false},"excerpt":{"rendered":"<p>Tras las graves declaraciones del presidente de la&nbsp;C\u00e1mara de Cuentas,&nbsp;Janel Andr\u00e9s Ram\u00edrez, la senadora del Distrito Nacional,&nbsp;Faride Raful, manifest\u00f3 este mi\u00e9rcoles que se ha demostrado que hay una situaci\u00f3n de&hellip;<\/p>\n","protected":false},"author":1,"featured_media":45748,"comment_status":"open","ping_status":"open","sticky":false,"template":"","format":"standard","meta":{"content-type":"","jetpack_post_was_ever_published":false,"_jetpack_newsletter_access":"","_jetpack_dont_email_post_to_subs":false,"_jetpack_newsletter_tier_id":0,"_jetpack_memberships_contains_paywalled_content":false,"_jetpack_memberships_contains_paid_content":false,"footnotes":""},"categories":[1],"tags":[340,391,392],"class_list":["post-48743","post","type-post","status-publish","format-standard","has-post-thumbnail","hentry","category-sin-categoria","tag-camara-de-cuentas","tag-faride-rful","tag-juicio-politico"],"jetpack_featured_media_url":"","jetpack-related-posts":[{"id":54567,"url":"https:\/\/lasprimeras.com.do\/index.php\/2023\/07\/12\/prm-respalda-juicio-politico-a-los-miembros-de-la-camara-de-cuentas\/","url_meta":{"origin":48743,"position":0},"title":"PRM respalda juicio pol\u00edtico a los miembros de la C\u00e1mara de Cuentas","author":"Nelson Feliz","date":"12 de julio de 2023","format":false,"excerpt":"El Partido Revolucionario Moderno (PRM) respald\u00f3 la decisi\u00f3n de la Comisi\u00f3n Especial de la C\u00e1mara de Diputados de recomendar al Pleno de dicho \u00f3rgano legislativo proceder con la apertura de juicio pol\u00edtico a los miembros de la C\u00e1mara de Cuentas. \u201cNo estamos ajenos a que existen intentos de partidos opositores\u2026","rel":"","context":"En \u00abSin categor\u00eda\u00bb","block_context":{"text":"Sin categor\u00eda","link":"https:\/\/lasprimeras.com.do\/index.php\/category\/sin-categoria\/"},"img":{"alt_text":"Eddy Olivares","src":"https:\/\/i0.wp.com\/lasprimeras.com.do\/wp-content\/uploads\/2023\/07\/Eddy-Olivares.jpg?resize=350%2C200&ssl=1","width":350,"height":200,"srcset":"https:\/\/i0.wp.com\/lasprimeras.com.do\/wp-content\/uploads\/2023\/07\/Eddy-Olivares.jpg?resize=350%2C200&ssl=1 1x, https:\/\/i0.wp.com\/lasprimeras.com.do\/wp-content\/uploads\/2023\/07\/Eddy-Olivares.jpg?resize=525%2C300&ssl=1 1.5x, https:\/\/i0.wp.com\/lasprimeras.com.do\/wp-content\/uploads\/2023\/07\/Eddy-Olivares.jpg?resize=700%2C400&ssl=1 2x"},"classes":[]},{"id":51713,"url":"https:\/\/lasprimeras.com.do\/index.php\/2023\/06\/02\/diputados-entrevistan-miembros-camara-cuentas-por-crisis-interna\/","url_meta":{"origin":48743,"position":1},"title":"Diputados entrevistan miembros C\u00e1mara Cuentas por crisis interna","author":"prenxa100","date":"2 de junio de 2023","format":false,"excerpt":"SANTO DOMINGO.- La comisi\u00f3n de la C\u00e1mara de Diputados designada para investigar la crisis interna en la C\u00e1mara de Cuentas comenz\u00f3 este viernes a entrevistar, a puertas cerradas, a los miembros del pleno de la entidad fiscalizadora. Est\u00e1 previsto que a lo largo del d\u00eda sean entrevistados los cinco miembros\u2026","rel":"","context":"En \u00abNACIONALES\u00bb","block_context":{"text":"NACIONALES","link":"https:\/\/lasprimeras.com.do\/index.php\/category\/nacionales\/"},"img":{"alt_text":"","src":"","width":0,"height":0},"classes":[]},{"id":53671,"url":"https:\/\/lasprimeras.com.do\/index.php\/2023\/06\/29\/camara-de-cuentas-escondio-auditorias-y-alteraba-actas\/","url_meta":{"origin":48743,"position":2},"title":"C\u00e1mara de Cuentas escondi\u00f3 auditor\u00edas y alteraba actas","author":"Nelson Feliz","date":"29 de junio de 2023","format":false,"excerpt":"Pacheco confirm\u00f3 que el informe acusa a miembros del pleno fiscalizador de usurpar funciones, entregar informes incompletos y nombrar personal de forma irregular. Miembros titulares de la C\u00e1mara de Cuentas cometieron m\u00e1s de cinco faltas graves que pudieran llevarlos a un juicio pol\u00edtico en el Senado, seg\u00fan hizo constar un\u2026","rel":"","context":"En \u00abECONOM\u00cdA\u00bb","block_context":{"text":"ECONOM\u00cdA","link":"https:\/\/lasprimeras.com.do\/index.php\/category\/economia\/"},"img":{"alt_text":"La C\u00e1mara de Diputados investiga desde el 10 de mayo a los cinco funcionarios por supuestas faltas.","src":"https:\/\/i0.wp.com\/lasprimeras.com.do\/wp-content\/uploads\/2023\/06\/cc.jpg?resize=350%2C200&ssl=1","width":350,"height":200,"srcset":"https:\/\/i0.wp.com\/lasprimeras.com.do\/wp-content\/uploads\/2023\/06\/cc.jpg?resize=350%2C200&ssl=1 1x, https:\/\/i0.wp.com\/lasprimeras.com.do\/wp-content\/uploads\/2023\/06\/cc.jpg?resize=525%2C300&ssl=1 1.5x, https:\/\/i0.wp.com\/lasprimeras.com.do\/wp-content\/uploads\/2023\/06\/cc.jpg?resize=700%2C400&ssl=1 2x"},"classes":[]},{"id":53674,"url":"https:\/\/lasprimeras.com.do\/index.php\/2023\/06\/29\/pacheco-deplora-oposicion-para-hacer-juicio-politico\/","url_meta":{"origin":48743,"position":3},"title":"Pacheco deplora oposici\u00f3n para hacer juicio pol\u00edtico","author":"Nelson Feliz","date":"29 de junio de 2023","format":false,"excerpt":"El presidente de la C\u00e1mara de Diputados, Alfredo Pacheco rechaz\u00f3 que ha externado la oposici\u00f3n para aplicar un juicio pol\u00edtico al Pleno de la C\u00e1mara de Cuentas por las faltas encontradas. Desde que se aprob\u00f3 el informe que sugiere un juicio pol\u00edtico, los principales partidos de oposici\u00f3n representados en la\u2026","rel":"","context":"En \u00abPORTADA\u00bb","block_context":{"text":"PORTADA","link":"https:\/\/lasprimeras.com.do\/index.php\/category\/portada\/"},"img":{"alt_text":"Alfredo Pacheco","src":"https:\/\/i0.wp.com\/lasprimeras.com.do\/wp-content\/uploads\/2023\/06\/Alfredo-Pacheco.jpg?resize=350%2C200&ssl=1","width":350,"height":200,"srcset":"https:\/\/i0.wp.com\/lasprimeras.com.do\/wp-content\/uploads\/2023\/06\/Alfredo-Pacheco.jpg?resize=350%2C200&ssl=1 1x, https:\/\/i0.wp.com\/lasprimeras.com.do\/wp-content\/uploads\/2023\/06\/Alfredo-Pacheco.jpg?resize=525%2C300&ssl=1 1.5x, https:\/\/i0.wp.com\/lasprimeras.com.do\/wp-content\/uploads\/2023\/06\/Alfredo-Pacheco.jpg?resize=700%2C400&ssl=1 2x"},"classes":[]},{"id":49315,"url":"https:\/\/lasprimeras.com.do\/index.php\/2023\/05\/10\/diputada-priscila-d-oleo-responde-a-faride-sobre-camara-de-cuentas\/","url_meta":{"origin":48743,"position":4},"title":"Diputada Priscila D \u2018Oleo responde a Faride sobre C\u00e1mara de Cuentas","author":"prenxa100","date":"10 de mayo de 2023","format":false,"excerpt":"\u201cLa incapacidad para gobernar y resolver asuntos de Estado los lleva a buscar culpables en lugar de soluciones\u201d. SANTO DOMINGO.- La diputada por el Partido de la Liberaci\u00f3n Dominicana (PLD) por la provincia Mar\u00eda Trinidad S\u00e1nchez, Priscila D \u2018Oleo, rechaz\u00f3 las declaraciones de la senadora del Distrito Nacional, Faride Raful,\u2026","rel":"","context":"En \u00abPORTADA\u00bb","block_context":{"text":"PORTADA","link":"https:\/\/lasprimeras.com.do\/index.php\/category\/portada\/"},"img":{"alt_text":"","src":"","width":0,"height":0},"classes":[]},{"id":55495,"url":"https:\/\/lasprimeras.com.do\/index.php\/2023\/07\/21\/legisladores-opinan-sobre-decision-de-la-pgr-de-archivar-expediente-contra-janel-ramirez\/","url_meta":{"origin":48743,"position":5},"title":"Legisladores opinan sobre decisi\u00f3n de la PGR de archivar expediente contra Janel Ram\u00edrez","author":"Nelson Feliz","date":"21 de julio de 2023","format":false,"excerpt":"Varios legisladores de diferentes partidos pol\u00edticos no tienen la misma opini\u00f3n sobre la decisi\u00f3n de la Procuradur\u00eda General de la Rep\u00fablica, de archivar el expediente de acoso laboral y sexual contra el presidente de la C\u00e1mara de Cuentas, Janel Ram\u00edrez. El diputado reformista, M\u00e1ximo Castro, aprovech\u00f3 lo que decidi\u00f3 el\u2026","rel":"","context":"En \u00abJUSTICIA\u00bb","block_context":{"text":"JUSTICIA","link":"https:\/\/lasprimeras.com.do\/index.php\/category\/justicia\/"},"img":{"alt_text":"Janel Andr\u00e9s Ram\u00edrez S\u00e1nchez","src":"https:\/\/i0.wp.com\/lasprimeras.com.do\/wp-content\/uploads\/2023\/07\/Janel-Andres-Ramirez-Sanchez.jpg?resize=350%2C200&ssl=1","width":350,"height":200,"srcset":"https:\/\/i0.wp.com\/lasprimeras.com.do\/wp-content\/uploads\/2023\/07\/Janel-Andres-Ramirez-Sanchez.jpg?resize=350%2C200&ssl=1 1x, https:\/\/i0.wp.com\/lasprimeras.com.do\/wp-content\/uploads\/2023\/07\/Janel-Andres-Ramirez-Sanchez.jpg?resize=525%2C300&ssl=1 1.5x"},"classes":[]}],"jetpack_sharing_enabled":true,"_links":{"self":[{"href":"https:\/\/lasprimeras.com.do\/index.php\/wp-json\/wp\/v2\/posts\/48743","targetHints":{"allow":["GET"]}}],"collection":[{"href":"https:\/\/lasprimeras.com.do\/index.php\/wp-json\/wp\/v2\/posts"}],"about":[{"href":"https:\/\/lasprimeras.com.do\/index.php\/wp-json\/wp\/v2\/types\/post"}],"author":[{"embeddable":true,"href":"https:\/\/lasprimeras.com.do\/index.php\/wp-json\/wp\/v2\/users\/1"}],"replies":[{"embeddable":true,"href":"https:\/\/lasprimeras.com.do\/index.php\/wp-json\/wp\/v2\/comments?post=48743"}],"version-history":[{"count":0,"href":"https:\/\/lasprimeras.com.do\/index.php\/wp-json\/wp\/v2\/posts\/48743\/revisions"}],"wp:featuredmedia":[{"embeddable":true,"href":"https:\/\/lasprimeras.com.do\/index.php\/wp-json\/"}],"wp:attachment":[{"href":"https:\/\/lasprimeras.com.do\/index.php\/wp-json\/wp\/v2\/media?parent=48743"}],"wp:term":[{"taxonomy":"category","embeddable":true,"href":"https:\/\/lasprimeras.com.do\/index.php\/wp-json\/wp\/v2\/categories?post=48743"},{"taxonomy":"post_tag","embeddable":true,"href":"https:\/\/lasprimeras.com.do\/index.php\/wp-json\/wp\/v2\/tags?post=48743"}],"curies":[{"name":"wp","href":"https:\/\/api.w.org\/{rel}","templated":true}]}}