{"id":48761,"date":"2023-05-03T22:42:08","date_gmt":"2023-05-04T02:42:08","guid":{"rendered":"https:\/\/atento.com.do\/?p=48761"},"modified":"2023-05-03T22:42:08","modified_gmt":"2023-05-04T02:42:08","slug":"messi-dejara-el-psg-al-final-de-la-temporada-asegura-reconocido-periodista","status":"publish","type":"post","link":"https:\/\/lasprimeras.com.do\/index.php\/2023\/05\/03\/messi-dejara-el-psg-al-final-de-la-temporada-asegura-reconocido-periodista\/","title":{"rendered":"Messi dejar\u00e1 el PSG al final de la temporada, asegura reconocido periodista"},"content":{"rendered":"\n<p>La situaci\u00f3n alrededor del viaje de Leo a Arabia Saudita esta semana ha sido un &#8220;punto de quiebre&#8221; y, a partir de ahora, las cosas con el PSG van a ser &#8220;realmente complicadas&#8221;, asegura Fabrizio Romano.<\/p>\n\n\n\n<p>&#8220;Messi dejar\u00e1 el Par\u00eds Saint-Germain al final de la temporada. Ya no hay dudas al respecto&#8221;, afirma el reconocido periodista deportivo Fabrizio Romano. Seg\u00fan el italiano, ahora queda claro que Jorge, el padre del astro argentino, le comunic\u00f3 la decisi\u00f3n al club franc\u00e9s &#8220;hace ya un mes debido al proyecto&#8221;, escribi\u00f3 este mi\u00e9rcoles en Twitter.<\/p>\n\n\n\n<p>Romano ya hab\u00eda comentado en abril que Messi segu\u00eda sin aceptar la oferta del PSG para continuar en sus filas por falta de &#8220;garant\u00edas en el proyecto deportivo&#8221; del equipo para la pr\u00f3xima temporada. &#8220;Fue el punto de ruptura definitivo&#8221;, asegur\u00f3 al respecto hoy en la red social.<\/p>\n\n\n\n<p>Las declaraciones de Romano se producen un d\u00eda despu\u00e9s de conocerse la decisi\u00f3n del PSG de suspender a Leo por dos semanas debido a un viaje no autorizado que hizo este lunes a Arabia Saudita.<\/p>\n\n\n\n<p>El club calific\u00f3 su acci\u00f3n como una falta interna grave y le ha impedido jugar, entrenar y recibir su paga durante ese periodo.<\/p>\n\n\n\n<p>&#8220;Punto de quiebre&#8221;<\/p>\n\n\n\n<p>El comunicador europeo se refiri\u00f3 en esta jornada a este asunto en su canal de YouTube y ofreci\u00f3 una versi\u00f3n de los hechos desde el lado de Messi.<\/p>\n\n\n\n<p>Seg\u00fan explic\u00f3, el PSG hab\u00eda otorgado dos d\u00edas libres a sus jugadores, en los que Messi quiso viajar al pa\u00eds \u00e1rabe, donde ejerce como embajador de Turismo. Sin embargo, en pleno vuelo, el equipo decidi\u00f3 cambiar de opini\u00f3n y colocar una sesi\u00f3n de entrenamiento.<\/p>\n\n\n\n<p>&#8220;En ese momento era imposible para Leo regresar y modificar sus planes&#8221;, comenta.<\/p>\n\n\n\n<p>Romano considera que la situaci\u00f3n alrededor del viaje de Leo a Arabia Saudita ha sido un &#8220;punto de quiebre&#8221; y que, a partir de ahora, las cosas con el PSG van a ser &#8220;realmente complicadas&#8221;.<\/p>\n\n\n\n<p>&#8220;La sensaci\u00f3n es clara. Parece que todo est\u00e1 casi terminado entre Leo Messi y el PSG despu\u00e9s de este tipo de situaci\u00f3n (\u2026) En este caso, es algo que va a crear un gran problema a la imagen de Leo Messi y no es algo que esperamos ver a su alrededor. Es por eso que, honestamente, no veo que Leo Messi vaya a continuar en el PSG&#8221;, concluye.<\/p>\n\n\n\n<p>Fuente RT<\/p>\n","protected":false},"excerpt":{"rendered":"<p>La situaci\u00f3n alrededor del viaje de Leo a Arabia Saudita esta semana ha sido un &#8220;punto de quiebre&#8221; y, a partir de ahora, las cosas con el PSG van a&hellip;<\/p>\n","protected":false},"author":1,"featured_media":48762,"comment_status":"open","ping_status":"open","sticky":false,"template":"","format":"standard","meta":{"content-type":"","jetpack_post_was_ever_published":false,"_jetpack_newsletter_access":"","_jetpack_dont_email_post_to_subs":false,"_jetpack_newsletter_tier_id":0,"_jetpack_memberships_contains_paywalled_content":false,"_jetpack_memberships_contains_paid_content":false,"footnotes":""},"categories":[1],"tags":[406],"class_list":["post-48761","post","type-post","status-publish","format-standard","has-post-thumbnail","hentry","category-sin-categoria","tag-messi-dejara-el-psg"],"jetpack_featured_media_url":"","jetpack-related-posts":[{"id":76958,"url":"https:\/\/lasprimeras.com.do\/index.php\/2024\/02\/16\/mbappe-anuncia-no-seguira-en-la-proxima-temporada-con-el-psg\/","url_meta":{"origin":48761,"position":0},"title":"Mbapp\u00e9 anuncia no seguir\u00e1 en la pr\u00f3xima temporada con el PSG","author":"BIMARY DE JES\u00daS Matos","date":"16 de febrero de 2024","format":false,"excerpt":"Par\u00eds.- Kylian Mbapp\u00e9 ha comunicado a los dirigentes del Paris Saint Germain (PSG) que se marchar\u00e1 este verano, seg\u00fan ha informado este jueves\u00a0la prensa francesa, en un nuevo episodio de la gesti\u00f3n sobre el futuro del deportista. Tras largos meses, Kylian Mbapp\u00e9 ha anunciado a la directiva del PSG que\u2026","rel":"","context":"En \u00abSin categor\u00eda\u00bb","block_context":{"text":"Sin categor\u00eda","link":"https:\/\/lasprimeras.com.do\/index.php\/category\/sin-categoria\/"},"img":{"alt_text":"","src":"https:\/\/i0.wp.com\/lasprimeras.com.do\/wp-content\/uploads\/2024\/02\/Kilyan-Mbappe-768x432-1.webp?resize=350%2C200&ssl=1","width":350,"height":200,"srcset":"https:\/\/i0.wp.com\/lasprimeras.com.do\/wp-content\/uploads\/2024\/02\/Kilyan-Mbappe-768x432-1.webp?resize=350%2C200&ssl=1 1x, https:\/\/i0.wp.com\/lasprimeras.com.do\/wp-content\/uploads\/2024\/02\/Kilyan-Mbappe-768x432-1.webp?resize=525%2C300&ssl=1 1.5x, https:\/\/i0.wp.com\/lasprimeras.com.do\/wp-content\/uploads\/2024\/02\/Kilyan-Mbappe-768x432-1.webp?resize=700%2C400&ssl=1 2x"},"classes":[]},{"id":83143,"url":"https:\/\/lasprimeras.com.do\/index.php\/2024\/05\/12\/mbappe-recibe-una-acogida-mixta-por-parte-de-la-aficion-en-su-ultimo-partido-en-casa-con-el-psg\/","url_meta":{"origin":48761,"position":1},"title":"Mbapp\u00e9 recibe una acogida mixta por parte de la afici\u00f3n en su \u00faltimo partido en casa con el PSG","author":"Nelson Feliz","date":"12 de mayo de 2024","format":false,"excerpt":"POR JEROME PUGMIRE PAR\u00cdS (AP) \u2014 Kylian Mbapp\u00e9 recibi\u00f3 una recepci\u00f3n mixta por parte de los fan\u00e1ticos del Paris Saint-Germain en su \u00faltimo partido en casa con el club contra Toulouse en la liga francesa el domingo. Cuando se anunciaron las alineaciones en el Parque de los Pr\u00edncipes, hubo fuertes\u2026","rel":"","context":"En \u00abSin categor\u00eda\u00bb","block_context":{"text":"Sin categor\u00eda","link":"https:\/\/lasprimeras.com.do\/index.php\/category\/sin-categoria\/"},"img":{"alt_text":"Mbapp\u00e9","src":"https:\/\/i0.wp.com\/lasprimeras.com.do\/wp-content\/uploads\/2024\/05\/Mbappe.jpg?resize=350%2C200&ssl=1","width":350,"height":200,"srcset":"https:\/\/i0.wp.com\/lasprimeras.com.do\/wp-content\/uploads\/2024\/05\/Mbappe.jpg?resize=350%2C200&ssl=1 1x, https:\/\/i0.wp.com\/lasprimeras.com.do\/wp-content\/uploads\/2024\/05\/Mbappe.jpg?resize=525%2C300&ssl=1 1.5x, https:\/\/i0.wp.com\/lasprimeras.com.do\/wp-content\/uploads\/2024\/05\/Mbappe.jpg?resize=700%2C400&ssl=1 2x"},"classes":[]},{"id":95307,"url":"https:\/\/lasprimeras.com.do\/index.php\/2025\/03\/12\/la-eliminacion-del-liverpool-en-la-liga-de-campeones-revela-un-defecto-del-nuevo-formato\/","url_meta":{"origin":48761,"position":2},"title":"\u00bfLa eliminaci\u00f3n del Liverpool en la Liga de Campeones revela un defecto del nuevo formato?","author":"Nelson Feliz","date":"12 de marzo de 2025","format":false,"excerpt":"POR JAMES ROBSON LIVERPOOL, Inglaterra (AP) \u2014 En la cima de Europa en enero. Fuera de la Liga de Campeones a principios de marzo. La recompensa de Liverpool tras dominar el nuevo formato de la competici\u00f3n fue encontrarse con un obst\u00e1culo en forma del Paris Saint-Germain en los octavos de\u2026","rel":"","context":"En \u00abDEPORTES\u00bb","block_context":{"text":"DEPORTES","link":"https:\/\/lasprimeras.com.do\/index.php\/category\/deportes\/"},"img":{"alt_text":"","src":"https:\/\/i0.wp.com\/lasprimeras.com.do\/wp-content\/uploads\/2025\/03\/Liverpool.png?resize=350%2C200&ssl=1","width":350,"height":200,"srcset":"https:\/\/i0.wp.com\/lasprimeras.com.do\/wp-content\/uploads\/2025\/03\/Liverpool.png?resize=350%2C200&ssl=1 1x, https:\/\/i0.wp.com\/lasprimeras.com.do\/wp-content\/uploads\/2025\/03\/Liverpool.png?resize=525%2C300&ssl=1 1.5x, https:\/\/i0.wp.com\/lasprimeras.com.do\/wp-content\/uploads\/2025\/03\/Liverpool.png?resize=700%2C400&ssl=1 2x"},"classes":[]},{"id":117813,"url":"https:\/\/lasprimeras.com.do\/index.php\/2025\/12\/16\/tribunal-ordena-al-psg-pagar-mas-de-70-millones-de-dolares-a-mbappe-por-salarios-impagos\/","url_meta":{"origin":48761,"position":3},"title":"Tribunal ordena al PSG pagar m\u00e1s de 70 millones de d\u00f3lares a Mbapp\u00e9 por salarios impagos","author":"Nelson Feliz","date":"16 de diciembre de 2025","format":false,"excerpt":"POR SAMUEL PETREQUIN Un tribunal laboral de Par\u00eds dictamin\u00f3 que el Paris Saint-Germain debe pagar m\u00e1s de 60 millones de euros (70 millones de d\u00f3lares) a Kylian Mbapp\u00e9 en una disputa sobre salarios y bonificaciones que se le deb\u00edan al final de su contrato antes de fichar con el Real\u2026","rel":"","context":"En \u00abDEPORTES\u00bb","block_context":{"text":"DEPORTES","link":"https:\/\/lasprimeras.com.do\/index.php\/category\/deportes\/"},"img":{"alt_text":"El presidente del Paris Saint-Germain Nasser Al-Khelaifi (izquierda) charla con Kylian Mbapp\u00e9 al ser presentado en el estadio Parque de los Pr\u00edncipes, el 21 de mayo de 2022, en Par\u00eds. (AP Foto\/Michel Spingler)","src":"https:\/\/i0.wp.com\/lasprimeras.com.do\/wp-content\/uploads\/2025\/12\/Kylian-Mbappe-1.jpg?resize=350%2C200&ssl=1","width":350,"height":200,"srcset":"https:\/\/i0.wp.com\/lasprimeras.com.do\/wp-content\/uploads\/2025\/12\/Kylian-Mbappe-1.jpg?resize=350%2C200&ssl=1 1x, https:\/\/i0.wp.com\/lasprimeras.com.do\/wp-content\/uploads\/2025\/12\/Kylian-Mbappe-1.jpg?resize=525%2C300&ssl=1 1.5x, https:\/\/i0.wp.com\/lasprimeras.com.do\/wp-content\/uploads\/2025\/12\/Kylian-Mbappe-1.jpg?resize=700%2C400&ssl=1 2x"},"classes":[]},{"id":100065,"url":"https:\/\/lasprimeras.com.do\/index.php\/2025\/06\/01\/dos-aficionados-mueren-y-un-policia-esta-en-coma-tras-celebraciones-del-titulo-de-la-champions\/","url_meta":{"origin":48761,"position":4},"title":"Dos aficionados mueren y un polic\u00eda est\u00e1 en coma tras celebraciones del t\u00edtulo de la Champions","author":"Nelson Feliz","date":"1 de junio de 2025","format":false,"excerpt":"PAR\u00cdS (AP) \u2014 Dos aficionados murieron y un agente de polic\u00eda est\u00e1 en coma tras las celebraciones masivas en todo el pa\u00eds por la hist\u00f3rica victoria del Paris Saint-Germain en la Liga de Campeones, el mayor premio del f\u00fatbol europeo, seg\u00fan informaron el domingo las autoridades francesas. Las muertes empa\u00f1aron\u2026","rel":"","context":"En \u00abDEPORTES\u00bb","block_context":{"text":"DEPORTES","link":"https:\/\/lasprimeras.com.do\/index.php\/category\/deportes\/"},"img":{"alt_text":"","src":"https:\/\/i0.wp.com\/lasprimeras.com.do\/wp-content\/uploads\/2025\/06\/francia.jpg?resize=350%2C200&ssl=1","width":350,"height":200,"srcset":"https:\/\/i0.wp.com\/lasprimeras.com.do\/wp-content\/uploads\/2025\/06\/francia.jpg?resize=350%2C200&ssl=1 1x, https:\/\/i0.wp.com\/lasprimeras.com.do\/wp-content\/uploads\/2025\/06\/francia.jpg?resize=525%2C300&ssl=1 1.5x, https:\/\/i0.wp.com\/lasprimeras.com.do\/wp-content\/uploads\/2025\/06\/francia.jpg?resize=700%2C400&ssl=1 2x"},"classes":[]},{"id":117311,"url":"https:\/\/lasprimeras.com.do\/index.php\/2025\/12\/09\/lionel-messi-primer-ganador-consecutivo-del-mvp-de-la-mls\/","url_meta":{"origin":48761,"position":5},"title":"Lionel Messi, primer ganador consecutivo del MVP de la MLS","author":"Nelson Feliz","date":"9 de diciembre de 2025","format":false,"excerpt":"POR TIM REYNOLDS FORT LAUDERDALE, Florida, EE.UU. (AP) \u2014 Mejor jugador. Mejor equipo. Hoy por hoy, Lionel Messi del Inter Miami es la figura indiscutible en la MLS. El astro argentino de 38 a\u00f1os y capit\u00e1n de los flamantes campeones se convirti\u00f3 en el primer MVP consecutivo en la historia\u2026","rel":"","context":"En \u00abDEPORTES\u00bb","block_context":{"text":"DEPORTES","link":"https:\/\/lasprimeras.com.do\/index.php\/category\/deportes\/"},"img":{"alt_text":"","src":"https:\/\/i0.wp.com\/lasprimeras.com.do\/wp-content\/uploads\/2025\/12\/Lionel-Messi.jpg?resize=350%2C200&ssl=1","width":350,"height":200,"srcset":"https:\/\/i0.wp.com\/lasprimeras.com.do\/wp-content\/uploads\/2025\/12\/Lionel-Messi.jpg?resize=350%2C200&ssl=1 1x, https:\/\/i0.wp.com\/lasprimeras.com.do\/wp-content\/uploads\/2025\/12\/Lionel-Messi.jpg?resize=525%2C300&ssl=1 1.5x, https:\/\/i0.wp.com\/lasprimeras.com.do\/wp-content\/uploads\/2025\/12\/Lionel-Messi.jpg?resize=700%2C400&ssl=1 2x"},"classes":[]}],"jetpack_sharing_enabled":true,"_links":{"self":[{"href":"https:\/\/lasprimeras.com.do\/index.php\/wp-json\/wp\/v2\/posts\/48761","targetHints":{"allow":["GET"]}}],"collection":[{"href":"https:\/\/lasprimeras.com.do\/index.php\/wp-json\/wp\/v2\/posts"}],"about":[{"href":"https:\/\/lasprimeras.com.do\/index.php\/wp-json\/wp\/v2\/types\/post"}],"author":[{"embeddable":true,"href":"https:\/\/lasprimeras.com.do\/index.php\/wp-json\/wp\/v2\/users\/1"}],"replies":[{"embeddable":true,"href":"https:\/\/lasprimeras.com.do\/index.php\/wp-json\/wp\/v2\/comments?post=48761"}],"version-history":[{"count":0,"href":"https:\/\/lasprimeras.com.do\/index.php\/wp-json\/wp\/v2\/posts\/48761\/revisions"}],"wp:featuredmedia":[{"embeddable":true,"href":"https:\/\/lasprimeras.com.do\/index.php\/wp-json\/"}],"wp:attachment":[{"href":"https:\/\/lasprimeras.com.do\/index.php\/wp-json\/wp\/v2\/media?parent=48761"}],"wp:term":[{"taxonomy":"category","embeddable":true,"href":"https:\/\/lasprimeras.com.do\/index.php\/wp-json\/wp\/v2\/categories?post=48761"},{"taxonomy":"post_tag","embeddable":true,"href":"https:\/\/lasprimeras.com.do\/index.php\/wp-json\/wp\/v2\/tags?post=48761"}],"curies":[{"name":"wp","href":"https:\/\/api.w.org\/{rel}","templated":true}]}}