{"id":48764,"date":"2023-05-03T22:45:57","date_gmt":"2023-05-04T02:45:57","guid":{"rendered":"https:\/\/atento.com.do\/?p=48764"},"modified":"2023-05-03T22:45:57","modified_gmt":"2023-05-04T02:45:57","slug":"venezuela-condena-el-intento-de-magnicidio-contra-putin","status":"publish","type":"post","link":"https:\/\/lasprimeras.com.do\/index.php\/2023\/05\/03\/venezuela-condena-el-intento-de-magnicidio-contra-putin\/","title":{"rendered":"Venezuela condena el intento de magnicidio contra Putin"},"content":{"rendered":"\n<p>La noche del martes al mi\u00e9rcoles, Ucrania intent\u00f3 atacar el Kremlin con dos drones. Nadie result\u00f3 herido.<\/p>\n\n\n\n<p><strong>Caracas, RT.-. <\/strong>El presidente de Venezuela, Nicol\u00e1s Maduro, expres\u00f3 &#8220;su total condena al intento de magnicidio&#8221; que se llev\u00f3 a cabo contra el presidente de Rusia, Vlad\u00edmir Putin, reza un comunicado de la Canciller\u00eda venezolana.<\/p>\n\n\n\n<p>Caracas resalt\u00f3 &#8220;la efectiva acci\u00f3n de los cuerpos de seguridad rusos que oportunamente lograron neutralizar dos veh\u00edculos a\u00e9reos no tripulados dirigidos hacia el palacio del Kremlin, cuya infame intenci\u00f3n era atentar contra la vida del presidente Putin&#8221;.<\/p>\n\n\n\n<p>&#8220;Venezuela reafirma su hist\u00f3rica posici\u00f3n de rechazo a todo acto de agresi\u00f3n y repudia a todas las formas, expresiones y manifestaciones que atenten contra la seguridad internacional y la paz&#8221;, reiter\u00f3 el comunicado.<\/p>\n\n\n\n<p>En ese contexto, Venezuela manifiesta su solidaridad con Rusia &#8220;ante estos hechos y hace votos para que las autoridades competentes lleven ante la Justicia a los autores materiales e intelectuales que organizaron, financiaron y patrocinaron este condenable intento de magnicidio&#8221;.<\/p>\n\n\n\n<p>Ucrania intent\u00f3 atacar el Kremlin con drones la noche del martes al mi\u00e9rcoles. El Kremlin se\u00f1al\u00f3 que considera el ataque como un intento de asesinato contra el presidente Vlad\u00edmir Putin. Calific\u00f3 lo ocurrido como un acto terrorista planificado.<\/p>\n\n\n\n<p>&#8220;Como resultado de las acciones oportunas tomadas por los servicios militares y especiales con el uso de sistemas de guerra por radar, los veh\u00edculos quedaron fuera de servicio&#8221;, precis\u00f3.<\/p>\n\n\n\n<p>Ni Putin ni ninguna otra persona result\u00f3 herida. &#8220;La parte rusa se reserva el derecho de responder donde y cuando lo considere oportuno&#8221;, declar\u00f3 el Kremlin.<\/p>\n\n\n\n<p>Fuente RT<\/p>\n","protected":false},"excerpt":{"rendered":"<p>La noche del martes al mi\u00e9rcoles, Ucrania intent\u00f3 atacar el Kremlin con dos drones. Nadie result\u00f3 herido. Caracas, RT.-. El presidente de Venezuela, Nicol\u00e1s Maduro, expres\u00f3 &#8220;su total condena al&hellip;<\/p>\n","protected":false},"author":1,"featured_media":48765,"comment_status":"open","ping_status":"open","sticky":false,"template":"","format":"standard","meta":{"content-type":"","jetpack_post_was_ever_published":false,"_jetpack_newsletter_access":"","_jetpack_dont_email_post_to_subs":false,"_jetpack_newsletter_tier_id":0,"_jetpack_memberships_contains_paywalled_content":false,"_jetpack_memberships_contains_paid_content":false,"footnotes":""},"categories":[1],"tags":[417,418,419,420,421],"class_list":["post-48764","post","type-post","status-publish","format-standard","has-post-thumbnail","hentry","category-sin-categoria","tag-condena","tag-intento","tag-magnicidio","tag-venezuela","tag-vladimir-putin"],"jetpack_featured_media_url":"","jetpack-related-posts":[{"id":119119,"url":"https:\/\/lasprimeras.com.do\/index.php\/2026\/01\/07\/que-significa-la-captura-de-maduro-para-putin-y-la-guerra-en-ucrania\/","url_meta":{"origin":48764,"position":0},"title":"\u00bfQu\u00e9 significa la captura de Maduro para Putin y la guerra en Ucrania?","author":"Nelson Feliz","date":"7 de enero de 2026","format":false,"excerpt":"POR THE ASSOCIATED PRESS La operaci\u00f3n rel\u00e1mpago de Estados Unidos para capturar al l\u00edder venezolano Nicol\u00e1s Maduro puede verse tanto como un beneficio como una carga para el presidente ruso Vlad\u00edmir Putin, cuyas fuerzas fracasaron en un intento de capturar la capital de Ucrania y derrocar a su l\u00edder al\u2026","rel":"","context":"En \u00abINTERNACIONALES\u00bb","block_context":{"text":"INTERNACIONALES","link":"https:\/\/lasprimeras.com.do\/index.php\/category\/sin-categoria\/internacionales\/"},"img":{"alt_text":"","src":"https:\/\/i0.wp.com\/lasprimeras.com.do\/wp-content\/uploads\/2026\/01\/petroleo-de-Venezuela-1-1.jpg?resize=350%2C200&ssl=1","width":350,"height":200,"srcset":"https:\/\/i0.wp.com\/lasprimeras.com.do\/wp-content\/uploads\/2026\/01\/petroleo-de-Venezuela-1-1.jpg?resize=350%2C200&ssl=1 1x, https:\/\/i0.wp.com\/lasprimeras.com.do\/wp-content\/uploads\/2026\/01\/petroleo-de-Venezuela-1-1.jpg?resize=525%2C300&ssl=1 1.5x, https:\/\/i0.wp.com\/lasprimeras.com.do\/wp-content\/uploads\/2026\/01\/petroleo-de-Venezuela-1-1.jpg?resize=700%2C400&ssl=1 2x"},"classes":[]},{"id":78609,"url":"https:\/\/lasprimeras.com.do\/index.php\/2024\/03\/18\/putin-seguira-en-el-kremlin-hasta-2030-tras-lograr-un-historico-875-de-los-votos\/","url_meta":{"origin":48764,"position":1},"title":"Putin seguir\u00e1 en el Kremlin hasta 2030 tras lograr un hist\u00f3rico 87,5 % de los votos","author":"BIMARY DE JES\u00daS Matos","date":"18 de marzo de 2024","format":false,"excerpt":"Mosc\u00fa.- El presidente ruso, Vlad\u00edmir Putin, seguir\u00e1 en el Kremlin hasta 2030 tras lograr el 87,5 % de los votos seg\u00fan el escrutinio del 32 % de los sufragios, inform\u00f3 la Comisi\u00f3n Electoral Central (CEC) al t\u00e9rmino de los tres d\u00edas de votaci\u00f3n. Putin, de 71 a\u00f1os, logr\u00f3 su mayor\u2026","rel":"","context":"En \u00abSin categor\u00eda\u00bb","block_context":{"text":"Sin categor\u00eda","link":"https:\/\/lasprimeras.com.do\/index.php\/category\/sin-categoria\/"},"img":{"alt_text":"","src":"","width":0,"height":0},"classes":[]},{"id":53245,"url":"https:\/\/lasprimeras.com.do\/index.php\/2023\/06\/24\/maduro-condena-amenaza-irracional-del-grupo-wagner-de-promover-una-insurreccion-armada-en-rusia\/","url_meta":{"origin":48764,"position":2},"title":"Maduro condena &#8220;amenaza irracional&#8221; del grupo Wagner de &#8220;promover una insurrecci\u00f3n armada&#8221; en Rusia","author":"Nelson Feliz","date":"24 de junio de 2023","format":false,"excerpt":"El presidente de Venezuela, Nicol\u00e1s Maduro, ha condenado la \"amenaza irracional\" del grupo Wagner y de su dirigente, Yevgueni Prigozhin, de \"promover una insurrecci\u00f3n armada\" en Rusia \"a trav\u00e9s de m\u00e9todos terroristas\", seg\u00fan un comunicado publicado este s\u00e1bado por el Ministerio del Poder Popular para la Comunicaci\u00f3n y la Informaci\u00f3n\u2026","rel":"","context":"En \u00abSin categor\u00eda\u00bb","block_context":{"text":"Sin categor\u00eda","link":"https:\/\/lasprimeras.com.do\/index.php\/category\/sin-categoria\/"},"img":{"alt_text":"","src":"https:\/\/i0.wp.com\/lasprimeras.com.do\/wp-content\/uploads\/2023\/06\/Nicolas-Maduro.jpg?resize=350%2C200&ssl=1","width":350,"height":200,"srcset":"https:\/\/i0.wp.com\/lasprimeras.com.do\/wp-content\/uploads\/2023\/06\/Nicolas-Maduro.jpg?resize=350%2C200&ssl=1 1x, https:\/\/i0.wp.com\/lasprimeras.com.do\/wp-content\/uploads\/2023\/06\/Nicolas-Maduro.jpg?resize=525%2C300&ssl=1 1.5x, https:\/\/i0.wp.com\/lasprimeras.com.do\/wp-content\/uploads\/2023\/06\/Nicolas-Maduro.jpg?resize=700%2C400&ssl=1 2x"},"classes":[]},{"id":64986,"url":"https:\/\/lasprimeras.com.do\/index.php\/2023\/10\/25\/rusia-el-kremlin-desmiente-que-el-presidente-putin-este-enfermo\/","url_meta":{"origin":48764,"position":3},"title":"RUSIA: El Kremlin desmiente que el Presidente Putin est\u00e9 enfermo","author":"BIMARY DE JES\u00daS Matos","date":"25 de octubre de 2023","format":false,"excerpt":"MOSCU.- El Kremlin desminti\u00f3 que el presidente de Rusia, Vladimir Putin, est\u00e9 enfermo y dijo que todos los rumores sobre su mal estado de salud son \u00abbulos\u00bb, al igual que las informaciones de que utiliza dobles. \u00abTodo est\u00e1 bien con \u00e9l, esto es absolutamente otra farsa\u00bb, dijo el portavoz de\u2026","rel":"","context":"En \u00abSin categor\u00eda\u00bb","block_context":{"text":"Sin categor\u00eda","link":"https:\/\/lasprimeras.com.do\/index.php\/category\/sin-categoria\/"},"img":{"alt_text":"","src":"","width":0,"height":0},"classes":[]},{"id":94767,"url":"https:\/\/lasprimeras.com.do\/index.php\/2025\/03\/05\/el-kremlin-afirma-que-una-ley-ucraniana-de-2022-prohibe-a-zelenski-conversar-con-putin\/","url_meta":{"origin":48764,"position":4},"title":"El Kremlin afirma que una ley ucraniana de 2022 proh\u00edbe a Zelenski conversar con Putin","author":"Nelson Feliz","date":"5 de marzo de 2025","format":false,"excerpt":"Por LA PRENSA ASOCIADA Un decreto ucraniano de 2022 que descarta las negociaciones con el presidente ruso, Vladimir Putin, plantea la cuesti\u00f3n de qui\u00e9n podr\u00eda sentarse a la mesa en posibles conversaciones de paz destinadas a poner fin a su guerra de tres a\u00f1os , dijo el mi\u00e9rcoles el portavoz\u2026","rel":"","context":"En \u00abINTERNACIONALES\u00bb","block_context":{"text":"INTERNACIONALES","link":"https:\/\/lasprimeras.com.do\/index.php\/category\/sin-categoria\/internacionales\/"},"img":{"alt_text":"","src":"https:\/\/i0.wp.com\/lasprimeras.com.do\/wp-content\/uploads\/2025\/03\/decreto-ucraniano.png?resize=350%2C200&ssl=1","width":350,"height":200,"srcset":"https:\/\/i0.wp.com\/lasprimeras.com.do\/wp-content\/uploads\/2025\/03\/decreto-ucraniano.png?resize=350%2C200&ssl=1 1x, https:\/\/i0.wp.com\/lasprimeras.com.do\/wp-content\/uploads\/2025\/03\/decreto-ucraniano.png?resize=525%2C300&ssl=1 1.5x, https:\/\/i0.wp.com\/lasprimeras.com.do\/wp-content\/uploads\/2025\/03\/decreto-ucraniano.png?resize=700%2C400&ssl=1 2x"},"classes":[]},{"id":65022,"url":"https:\/\/lasprimeras.com.do\/index.php\/2023\/10\/25\/rusia-maniobra-con-cautela-sobre-la-guerra-entre-israel-y-hamas\/","url_meta":{"origin":48764,"position":5},"title":"Rusia maniobra con cautela sobre la guerra entre Israel y Hamas","author":"Nelson Feliz","date":"25 de octubre de 2023","format":false,"excerpt":"POR LA PRENSA ASOCIADA Rusia ha emitido cr\u00edticas cuidadosamente calibradas a ambos bandos en la guerra entre Israel y Ham\u00e1s. Pero el conflicto tambi\u00e9n est\u00e1 brindando a Mosc\u00fa nuevas y audaces oportunidades: avanzar en su papel como intermediario de poder global y desafiar los esfuerzos occidentales por aislarlo en Ucrania.\u2026","rel":"","context":"En \u00abSin categor\u00eda\u00bb","block_context":{"text":"Sin categor\u00eda","link":"https:\/\/lasprimeras.com.do\/index.php\/category\/sin-categoria\/"},"img":{"alt_text":"Vladimir Putin","src":"https:\/\/i0.wp.com\/lasprimeras.com.do\/wp-content\/uploads\/2023\/10\/Vladimir-Putin.jpg?resize=350%2C200&ssl=1","width":350,"height":200,"srcset":"https:\/\/i0.wp.com\/lasprimeras.com.do\/wp-content\/uploads\/2023\/10\/Vladimir-Putin.jpg?resize=350%2C200&ssl=1 1x, https:\/\/i0.wp.com\/lasprimeras.com.do\/wp-content\/uploads\/2023\/10\/Vladimir-Putin.jpg?resize=525%2C300&ssl=1 1.5x, https:\/\/i0.wp.com\/lasprimeras.com.do\/wp-content\/uploads\/2023\/10\/Vladimir-Putin.jpg?resize=700%2C400&ssl=1 2x"},"classes":[]}],"jetpack_sharing_enabled":true,"_links":{"self":[{"href":"https:\/\/lasprimeras.com.do\/index.php\/wp-json\/wp\/v2\/posts\/48764","targetHints":{"allow":["GET"]}}],"collection":[{"href":"https:\/\/lasprimeras.com.do\/index.php\/wp-json\/wp\/v2\/posts"}],"about":[{"href":"https:\/\/lasprimeras.com.do\/index.php\/wp-json\/wp\/v2\/types\/post"}],"author":[{"embeddable":true,"href":"https:\/\/lasprimeras.com.do\/index.php\/wp-json\/wp\/v2\/users\/1"}],"replies":[{"embeddable":true,"href":"https:\/\/lasprimeras.com.do\/index.php\/wp-json\/wp\/v2\/comments?post=48764"}],"version-history":[{"count":0,"href":"https:\/\/lasprimeras.com.do\/index.php\/wp-json\/wp\/v2\/posts\/48764\/revisions"}],"wp:featuredmedia":[{"embeddable":true,"href":"https:\/\/lasprimeras.com.do\/index.php\/wp-json\/"}],"wp:attachment":[{"href":"https:\/\/lasprimeras.com.do\/index.php\/wp-json\/wp\/v2\/media?parent=48764"}],"wp:term":[{"taxonomy":"category","embeddable":true,"href":"https:\/\/lasprimeras.com.do\/index.php\/wp-json\/wp\/v2\/categories?post=48764"},{"taxonomy":"post_tag","embeddable":true,"href":"https:\/\/lasprimeras.com.do\/index.php\/wp-json\/wp\/v2\/tags?post=48764"}],"curies":[{"name":"wp","href":"https:\/\/api.w.org\/{rel}","templated":true}]}}