{"id":48767,"date":"2023-05-03T22:50:39","date_gmt":"2023-05-04T02:50:39","guid":{"rendered":"https:\/\/atento.com.do\/?p=48767"},"modified":"2023-05-03T22:50:39","modified_gmt":"2023-05-04T02:50:39","slug":"arrestan-al-boxeador-deontay-wilder-en-ee-uu-por-posesion-de-un-arma-de-fuego","status":"publish","type":"post","link":"https:\/\/lasprimeras.com.do\/index.php\/2023\/05\/03\/arrestan-al-boxeador-deontay-wilder-en-ee-uu-por-posesion-de-un-arma-de-fuego\/","title":{"rendered":"Arrestan al boxeador Deontay Wilder en EE.UU. por posesi\u00f3n de un arma de fuego"},"content":{"rendered":"\n<p>La detenci\u00f3n del excampe\u00f3n de los pesos pesados se dio despu\u00e9s de una parada de tr\u00e1nsito de rutina en la ciudad de Los \u00c1ngeles.<\/p>\n\n\n\n<p><strong>Los \u00c1ngeles.-. <\/strong>El boxeador estadounidense Deontay Wilder fue arrestado por autoridades de la ciudad estadounidense de Los \u00c1ngeles despu\u00e9s de una revisi\u00f3n de tr\u00e1fico de rutina, informa el medio TMZ.<\/p>\n\n\n\n<p>De acuerdo a los reportes, agentes de tr\u00e1nsito detuvieron al excampe\u00f3n de los pesos pesados del Consejo Mundial de Boxeo debido a que las ventanas de su Rolls-Royce estaban tintadas y su matr\u00edcula obstruida.<\/p>\n\n\n\n<p>Seg\u00fan ha trascendido, al acercarse al veh\u00edculo, los oficiales detectaron un olor a mariguana, por lo que procedieron a revisar el veh\u00edculo, encontrando cannabis y una pistola calibre 9 mil\u00edmetros.<\/p>\n\n\n\n<p>El p\u00fagil fue arrestado y acusado de posesi\u00f3n de un arma de fuego, y lo pusieron en libertad unas cinco horas despu\u00e9s de su detenci\u00f3n luego de pagar una fianza de 35.000 d\u00f3lares.<\/p>\n\n\n\n<p>&#8220;Prefiero prevenir que lamentar. Fin&#8221;, escribi\u00f3 el peleador en sus redes sociales tras su arresto.<\/p>\n\n\n\n<p>Wilder, quien ostenta un r\u00e9cord de 43 victorias, dos derrotas y un empate, se perfilaba para ser el pr\u00f3ximo rival de Anthony Joshua; sin embargo, se desconoce si su detenci\u00f3n podr\u00eda afectar las negociaciones para el combate.<\/p>\n","protected":false},"excerpt":{"rendered":"<p>La detenci\u00f3n del excampe\u00f3n de los pesos pesados se dio despu\u00e9s de una parada de tr\u00e1nsito de rutina en la ciudad de Los \u00c1ngeles. Los \u00c1ngeles.-. El boxeador estadounidense Deontay&hellip;<\/p>\n","protected":false},"author":1,"featured_media":48768,"comment_status":"open","ping_status":"open","sticky":false,"template":"","format":"standard","meta":{"content-type":"","jetpack_post_was_ever_published":false,"_jetpack_newsletter_access":"","_jetpack_dont_email_post_to_subs":false,"_jetpack_newsletter_tier_id":0,"_jetpack_memberships_contains_paywalled_content":false,"_jetpack_memberships_contains_paid_content":false,"footnotes":""},"categories":[1],"tags":[422,399,423,424,206],"class_list":["post-48767","post","type-post","status-publish","format-standard","has-post-thumbnail","hentry","category-sin-categoria","tag-arma-de-fuego","tag-arrestan","tag-boxeador","tag-deontay-wilder","tag-ee-uu"],"jetpack_featured_media_url":"","jetpack-related-posts":[{"id":102396,"url":"https:\/\/lasprimeras.com.do\/index.php\/2025\/07\/04\/el-boxeador-mexicano-julio-cesar-chavez-jr-arrestado-por-ingreso-ilegal-a-eeuu-sera-deportado\/","url_meta":{"origin":48767,"position":0},"title":"El boxeador mexicano Julio C\u00e9sar Ch\u00e1vez Jr. arrestado por ingreso ilegal a EEUU. Ser\u00e1 deportado","author":"Nelson Feliz","date":"4 de julio de 2025","format":false,"excerpt":"POR JAIMIE DING and JULIE WATSON LOS \u00c1NGELES (AP) \u2014 Julio C\u00e9sar Ch\u00e1vez Jr., el hijo del hom\u00f3nimo y legendario boxeador mexicano, fue arrestado por exceder la duraci\u00f3n de su visa y mentir en una solicitud de \u201cgreen card\u201d, y ser\u00e1 deportado a M\u00e9xico, donde enfrenta cargos de crimen organizado,\u2026","rel":"","context":"En \u00abDEPORTES\u00bb","block_context":{"text":"DEPORTES","link":"https:\/\/lasprimeras.com.do\/index.php\/category\/deportes\/"},"img":{"alt_text":"","src":"https:\/\/i0.wp.com\/lasprimeras.com.do\/wp-content\/uploads\/2025\/07\/Julio-Cesar-Chavez-Jr.jpg?resize=350%2C200&ssl=1","width":350,"height":200,"srcset":"https:\/\/i0.wp.com\/lasprimeras.com.do\/wp-content\/uploads\/2025\/07\/Julio-Cesar-Chavez-Jr.jpg?resize=350%2C200&ssl=1 1x, https:\/\/i0.wp.com\/lasprimeras.com.do\/wp-content\/uploads\/2025\/07\/Julio-Cesar-Chavez-Jr.jpg?resize=525%2C300&ssl=1 1.5x, https:\/\/i0.wp.com\/lasprimeras.com.do\/wp-content\/uploads\/2025\/07\/Julio-Cesar-Chavez-Jr.jpg?resize=700%2C400&ssl=1 2x"},"classes":[]},{"id":91885,"url":"https:\/\/lasprimeras.com.do\/index.php\/2024\/12\/05\/mexico-llora-la-muerte-del-campeon-mundial-de-boxeo-israel-vazquez\/","url_meta":{"origin":48767,"position":1},"title":"M\u00e9xico llora la muerte del campe\u00f3n mundial de boxeo Israel V\u00e1zquez","author":"Nelson Feliz","date":"5 de diciembre de 2024","format":false,"excerpt":"Historia de sportsunlimitednews.com El excampe\u00f3n mundial de peso Bantam y originario de M\u00e9xico, Israel V\u00e1zquez, ha fallecido a la edad de 46 a\u00f1os. V\u00e1zquez fue diagnosticado recientemente con un sarcoma en estadio 4. \"Descansa en paz\" El presidente del Consejo Mundial de Boxeo, Mauricio Sulaiman confirm\u00f3 la triste noticia con\u2026","rel":"","context":"En \u00abDEPORTES\u00bb","block_context":{"text":"DEPORTES","link":"https:\/\/lasprimeras.com.do\/index.php\/category\/deportes\/"},"img":{"alt_text":"","src":"https:\/\/i0.wp.com\/lasprimeras.com.do\/wp-content\/uploads\/2024\/12\/dos.jpg?resize=350%2C200&ssl=1","width":350,"height":200,"srcset":"https:\/\/i0.wp.com\/lasprimeras.com.do\/wp-content\/uploads\/2024\/12\/dos.jpg?resize=350%2C200&ssl=1 1x, https:\/\/i0.wp.com\/lasprimeras.com.do\/wp-content\/uploads\/2024\/12\/dos.jpg?resize=525%2C300&ssl=1 1.5x"},"classes":[]},{"id":107207,"url":"https:\/\/lasprimeras.com.do\/index.php\/2025\/08\/24\/boxeador-julio-cesar-chavez-jr-abandona-carcel-del-norte-de-mexico-para-seguir-proceso-en-libertad\/","url_meta":{"origin":48767,"position":2},"title":"Boxeador Julio C\u00e9sar Ch\u00e1vez Jr. abandona c\u00e1rcel del norte de M\u00e9xico para seguir proceso en libertad","author":"Nelson Feliz","date":"24 de agosto de 2025","format":false,"excerpt":"POR FABIOLA S\u00c1NCHEZ CIUDAD DE M\u00c9XICO (AP) \u2014 El boxeador Julio C\u00e9sar Ch\u00e1vez Jr., hijo del legendario exp\u00fagil mexicano del mismo nombre, abandon\u00f3 el domingo una c\u00e1rcel federal en el estado de Sonora, en el norte del pa\u00eds, a donde ingres\u00f3 esta semana luego de ser deportado de Estados Unidos.\u2026","rel":"","context":"En \u00abDEPORTES\u00bb","block_context":{"text":"DEPORTES","link":"https:\/\/lasprimeras.com.do\/index.php\/category\/deportes\/"},"img":{"alt_text":"","src":"https:\/\/i0.wp.com\/lasprimeras.com.do\/wp-content\/uploads\/2025\/08\/chavez.jpg?resize=350%2C200&ssl=1","width":350,"height":200,"srcset":"https:\/\/i0.wp.com\/lasprimeras.com.do\/wp-content\/uploads\/2025\/08\/chavez.jpg?resize=350%2C200&ssl=1 1x, https:\/\/i0.wp.com\/lasprimeras.com.do\/wp-content\/uploads\/2025\/08\/chavez.jpg?resize=525%2C300&ssl=1 1.5x, https:\/\/i0.wp.com\/lasprimeras.com.do\/wp-content\/uploads\/2025\/08\/chavez.jpg?resize=700%2C400&ssl=1 2x"},"classes":[]},{"id":95295,"url":"https:\/\/lasprimeras.com.do\/index.php\/2025\/03\/12\/mujer-que-acuso-al-boxeador-mike-tyson-de-violacion-en-1991-retira-la-demanda\/","url_meta":{"origin":48767,"position":3},"title":"Mujer que acus\u00f3 al boxeador Mike Tyson de violaci\u00f3n en 1991, retira la demanda","author":"Nelson Feliz","date":"12 de marzo de 2025","format":false,"excerpt":"SYRACUSE, Nueva York, EE.UU. (AP) \u2014 Una mujer que acus\u00f3 a Mike Tyson de violarla en una limusina en 1991 retir\u00f3 su demanda contra el ex campe\u00f3n de boxeo de peso pesado, seg\u00fan una carta presentada ante el Tribunal de Distrito de Estados Unidos. La carta del abogado de Tyson,\u2026","rel":"","context":"En \u00abDEPORTES\u00bb","block_context":{"text":"DEPORTES","link":"https:\/\/lasprimeras.com.do\/index.php\/category\/deportes\/"},"img":{"alt_text":"","src":"https:\/\/i0.wp.com\/lasprimeras.com.do\/wp-content\/uploads\/2025\/03\/Mike-Tyson.png?resize=350%2C200&ssl=1","width":350,"height":200,"srcset":"https:\/\/i0.wp.com\/lasprimeras.com.do\/wp-content\/uploads\/2025\/03\/Mike-Tyson.png?resize=350%2C200&ssl=1 1x, https:\/\/i0.wp.com\/lasprimeras.com.do\/wp-content\/uploads\/2025\/03\/Mike-Tyson.png?resize=525%2C300&ssl=1 1.5x, https:\/\/i0.wp.com\/lasprimeras.com.do\/wp-content\/uploads\/2025\/03\/Mike-Tyson.png?resize=700%2C400&ssl=1 2x"},"classes":[]},{"id":52858,"url":"https:\/\/lasprimeras.com.do\/index.php\/2023\/06\/21\/ordenan-arresto-7-agentes-pn-agredieron-fiscalizadora-de-la-romana\/","url_meta":{"origin":48767,"position":4},"title":"Ordenan arresto 7 agentes PN agredieron fiscalizadora de La Romana","author":"Nelson Feliz","date":"21 de junio de 2023","format":false,"excerpt":"El Ministerio P\u00fablico obtuvo orden de arresto para siete agentes de la Polic\u00eda Nacional que recientemente agredieron a la fiscal de La Romana, Carol Morla Rodr\u00edguez, en Hig\u00fcey. La orden fue emitida por el Juzgado de la Oficina Jur\u00eddica de Atenci\u00f3n Permanente de La Altagracia contra el sargento mayor Miguel\u2026","rel":"","context":"En \u00abJUSTICIA\u00bb","block_context":{"text":"JUSTICIA","link":"https:\/\/lasprimeras.com.do\/index.php\/category\/justicia\/"},"img":{"alt_text":"","src":"https:\/\/i0.wp.com\/lasprimeras.com.do\/wp-content\/uploads\/2023\/06\/Arrestan-fiscal-1.png?resize=350%2C200&ssl=1","width":350,"height":200,"srcset":"https:\/\/i0.wp.com\/lasprimeras.com.do\/wp-content\/uploads\/2023\/06\/Arrestan-fiscal-1.png?resize=350%2C200&ssl=1 1x, https:\/\/i0.wp.com\/lasprimeras.com.do\/wp-content\/uploads\/2023\/06\/Arrestan-fiscal-1.png?resize=525%2C300&ssl=1 1.5x, https:\/\/i0.wp.com\/lasprimeras.com.do\/wp-content\/uploads\/2023\/06\/Arrestan-fiscal-1.png?resize=700%2C400&ssl=1 2x"},"classes":[]},{"id":91217,"url":"https:\/\/lasprimeras.com.do\/index.php\/2024\/11\/14\/preocupa-la-imagen-de-mike-tyson-de-cara-a-su-pelea-contra-jake-paul\/","url_meta":{"origin":48767,"position":5},"title":"Preocupa la imagen de Mike Tyson de cara a su pelea contra Jake Paul","author":"Nelson Feliz","date":"14 de noviembre de 2024","format":false,"excerpt":"Historia de Carlos Bola\u00f1os A poco de 24 horas para una pelea hist\u00f3rica, Jake Paul y Mike Tyson cumplieron con el pesaje para lo que ser\u00e1 la pugna de ocho asaltos en el AT&T Arena en Texas. Un detalle que muchos se percataron es el nivel f\u00edsico del excampe\u00f3n de\u2026","rel":"","context":"En \u00abSin categor\u00eda\u00bb","block_context":{"text":"Sin categor\u00eda","link":"https:\/\/lasprimeras.com.do\/index.php\/category\/sin-categoria\/"},"img":{"alt_text":"","src":"https:\/\/i0.wp.com\/lasprimeras.com.do\/wp-content\/uploads\/2024\/11\/Mike-Tyson.jpg?resize=350%2C200&ssl=1","width":350,"height":200,"srcset":"https:\/\/i0.wp.com\/lasprimeras.com.do\/wp-content\/uploads\/2024\/11\/Mike-Tyson.jpg?resize=350%2C200&ssl=1 1x, https:\/\/i0.wp.com\/lasprimeras.com.do\/wp-content\/uploads\/2024\/11\/Mike-Tyson.jpg?resize=525%2C300&ssl=1 1.5x"},"classes":[]}],"jetpack_sharing_enabled":true,"_links":{"self":[{"href":"https:\/\/lasprimeras.com.do\/index.php\/wp-json\/wp\/v2\/posts\/48767","targetHints":{"allow":["GET"]}}],"collection":[{"href":"https:\/\/lasprimeras.com.do\/index.php\/wp-json\/wp\/v2\/posts"}],"about":[{"href":"https:\/\/lasprimeras.com.do\/index.php\/wp-json\/wp\/v2\/types\/post"}],"author":[{"embeddable":true,"href":"https:\/\/lasprimeras.com.do\/index.php\/wp-json\/wp\/v2\/users\/1"}],"replies":[{"embeddable":true,"href":"https:\/\/lasprimeras.com.do\/index.php\/wp-json\/wp\/v2\/comments?post=48767"}],"version-history":[{"count":0,"href":"https:\/\/lasprimeras.com.do\/index.php\/wp-json\/wp\/v2\/posts\/48767\/revisions"}],"wp:featuredmedia":[{"embeddable":true,"href":"https:\/\/lasprimeras.com.do\/index.php\/wp-json\/"}],"wp:attachment":[{"href":"https:\/\/lasprimeras.com.do\/index.php\/wp-json\/wp\/v2\/media?parent=48767"}],"wp:term":[{"taxonomy":"category","embeddable":true,"href":"https:\/\/lasprimeras.com.do\/index.php\/wp-json\/wp\/v2\/categories?post=48767"},{"taxonomy":"post_tag","embeddable":true,"href":"https:\/\/lasprimeras.com.do\/index.php\/wp-json\/wp\/v2\/tags?post=48767"}],"curies":[{"name":"wp","href":"https:\/\/api.w.org\/{rel}","templated":true}]}}