{"id":48770,"date":"2023-05-03T22:54:02","date_gmt":"2023-05-04T02:54:02","guid":{"rendered":"https:\/\/atento.com.do\/?p=48770"},"modified":"2023-05-03T22:54:02","modified_gmt":"2023-05-04T02:54:02","slug":"fallece-medallista-olimpica-estadounidense-tori-bowie-a-los-32-anos","status":"publish","type":"post","link":"https:\/\/lasprimeras.com.do\/index.php\/2023\/05\/03\/fallece-medallista-olimpica-estadounidense-tori-bowie-a-los-32-anos\/","title":{"rendered":"Fallece medallista ol\u00edmpica estadounidense Tori Bowie a los 32 a\u00f1os"},"content":{"rendered":"\n<p><strong>Florida, EE.UU., RT.-.<\/strong>La corredora estadounidense que fue tres veces medallista ol\u00edmpica y dos veces campeona del mundo Tori Bowie falleci\u00f3 a los 32 a\u00f1os, seg\u00fan anunci\u00f3 este mi\u00e9rcoles su empresa de gesti\u00f3n USA Track &amp; Field (USATF).<\/p>\n\n\n\n<p>&#8220;La USATF lamenta profundamente el fallecimiento de Tori Bowie, tres veces medallista ol\u00edmpica y dos veces campeona del mundo. Su aportaci\u00f3n en el deporte es inconmensurable y la echaremos mucho de menos&#8221;, escribi\u00f3 la compa\u00f1\u00eda en su cuenta de Twitter.<\/p>\n\n\n\n<p>Bowie fue encontrada muerta en su casa de la ciudad de Winter Garden (el estado de Florida, EE.UU.), despu\u00e9s de que polic\u00edas del condado de Orange fueran requeridos este martes &#8220;para llevar a cabo una comprobaci\u00f3n sobre el bienestar de una mujer de unos 30 a\u00f1os que no hab\u00eda sido vista ni se sab\u00eda nada de ella desde hac\u00eda varios d\u00edas&#8221;, inform\u00f3 el portavoz de la Oficina del Sheriff del condado de Orange.<\/p>\n\n\n\n<p>La Polic\u00eda afirm\u00f3 que no estaba considerando la muerte como sospechosa. El jefe forense del condado de Orange, Joshua Stephany, declar\u00f3 que los expertos a\u00fan estaban estableciendo la causa y la forma de la muerte de la deportista.<\/p>\n\n\n\n<p>La estadounidense gan\u00f3 tres medallas de oro en competiciones a nivel mundial. Su primera medalla de oro fue en los Juegos Ol\u00edmpicos de R\u00edo de Janeiro 2016.<\/p>\n\n\n\n<p>En el Campeonato Mundial de Atletismo de Londres en 2017, la corredora gan\u00f3 otras dos medallas de oro.<\/p>\n\n\n\n<p>Adem\u00e1s, Bowie obtuvo otras dos medallas ol\u00edmpicas: una de plata y otra de bronce en los 100 metros y los 200 metros, respectivamente, en R\u00edo de Janeiro en 2016.<\/p>\n\n\n\n<p>Fuente RT<\/p>\n","protected":false},"excerpt":{"rendered":"<p>Florida, EE.UU., RT.-.La corredora estadounidense que fue tres veces medallista ol\u00edmpica y dos veces campeona del mundo Tori Bowie falleci\u00f3 a los 32 a\u00f1os, seg\u00fan anunci\u00f3 este mi\u00e9rcoles su empresa&hellip;<\/p>\n","protected":false},"author":1,"featured_media":48771,"comment_status":"open","ping_status":"open","sticky":false,"template":"","format":"standard","meta":{"content-type":"","jetpack_post_was_ever_published":false,"_jetpack_newsletter_access":"","_jetpack_dont_email_post_to_subs":false,"_jetpack_newsletter_tier_id":0,"_jetpack_memberships_contains_paywalled_content":false,"_jetpack_memberships_contains_paid_content":false,"footnotes":""},"categories":[1],"tags":[425],"class_list":["post-48770","post","type-post","status-publish","format-standard","has-post-thumbnail","hentry","category-sin-categoria","tag-tori-bowie"],"jetpack_featured_media_url":"","jetpack-related-posts":[{"id":63821,"url":"https:\/\/lasprimeras.com.do\/index.php\/2023\/10\/16\/marileidy-paulino-entre-grandes-estrellas-de-panamericanos-2023\/","url_meta":{"origin":48770,"position":0},"title":"Marileidy Paulino entre grandes estrellas de Panamericanos 2023","author":"BIMARY DE JES\u00daS Matos","date":"16 de octubre de 2023","format":false,"excerpt":"CHILE.- Los vaticinios no pueden ser mejores, seg\u00fan los organizadores. \u00abSantiago 2023 ser\u00e1n unos Juegos muy competidos, espero que quede en el recuerdo como una gran fiesta\u00bb, seg\u00fan Jaime Pizarro, presidente del Comit\u00e9 Organizador de los Panamericanos 2023. A ello ayuda la presencia de grandes campeones ol\u00edmpicos y mundiales que\u2026","rel":"","context":"En \u00abSin categor\u00eda\u00bb","block_context":{"text":"Sin categor\u00eda","link":"https:\/\/lasprimeras.com.do\/index.php\/category\/sin-categoria\/"},"img":{"alt_text":"","src":"https:\/\/i0.wp.com\/lasprimeras.com.do\/wp-content\/uploads\/2023\/10\/WhatsApp-Image-2023-10-15-at-8.04.52-PM-5.jpeg?resize=350%2C200&ssl=1","width":350,"height":200,"srcset":"https:\/\/i0.wp.com\/lasprimeras.com.do\/wp-content\/uploads\/2023\/10\/WhatsApp-Image-2023-10-15-at-8.04.52-PM-5.jpeg?resize=350%2C200&ssl=1 1x, https:\/\/i0.wp.com\/lasprimeras.com.do\/wp-content\/uploads\/2023\/10\/WhatsApp-Image-2023-10-15-at-8.04.52-PM-5.jpeg?resize=525%2C300&ssl=1 1.5x, https:\/\/i0.wp.com\/lasprimeras.com.do\/wp-content\/uploads\/2023\/10\/WhatsApp-Image-2023-10-15-at-8.04.52-PM-5.jpeg?resize=700%2C400&ssl=1 2x"},"classes":[]},{"id":87361,"url":"https:\/\/lasprimeras.com.do\/index.php\/2024\/08\/11\/las-esperanzas-colombianas-de-otra-medalla-en-paris-2024-naufragan-en-el-velodromo-olimpico\/","url_meta":{"origin":48770,"position":1},"title":"Las esperanzas colombianas de otra medalla en Par\u00eds 2024 naufragan en el vel\u00f3dromo ol\u00edmpico","author":"Nelson Feliz","date":"11 de agosto de 2024","format":false,"excerpt":"By CARLOS RODR\u00cdGUEZ SAINT-QUENTIN-EN-YVELINES, Francia (AP) \u2014 Las esperanzas de Colombia de sumar una \u00faltima medalla en los Juegos Ol\u00edmpicos de Par\u00eds se esfumaron el domingo en el vel\u00f3dromo nacional, donde tres de sus ciclistas no pudieron acceder a la pelea por las medallas, entre ellos el campe\u00f3n mundial de\u2026","rel":"","context":"En \u00abSin categor\u00eda\u00bb","block_context":{"text":"Sin categor\u00eda","link":"https:\/\/lasprimeras.com.do\/index.php\/category\/sin-categoria\/"},"img":{"alt_text":"Martha Bayona","src":"https:\/\/i0.wp.com\/lasprimeras.com.do\/wp-content\/uploads\/2024\/08\/Martha-Bayona.jpg?resize=350%2C200&ssl=1","width":350,"height":200,"srcset":"https:\/\/i0.wp.com\/lasprimeras.com.do\/wp-content\/uploads\/2024\/08\/Martha-Bayona.jpg?resize=350%2C200&ssl=1 1x, https:\/\/i0.wp.com\/lasprimeras.com.do\/wp-content\/uploads\/2024\/08\/Martha-Bayona.jpg?resize=525%2C300&ssl=1 1.5x, https:\/\/i0.wp.com\/lasprimeras.com.do\/wp-content\/uploads\/2024\/08\/Martha-Bayona.jpg?resize=700%2C400&ssl=1 2x"},"classes":[]},{"id":87367,"url":"https:\/\/lasprimeras.com.do\/index.php\/2024\/08\/11\/italia-vence-a-estados-unidos-y-se-lleva-el-oro-en-voleibol-femenino\/","url_meta":{"origin":48770,"position":2},"title":"Italia vence a Estados Unidos y se lleva el oro en voleibol femenino","author":"Nelson Feliz","date":"11 de agosto de 2024","format":false,"excerpt":"By KRISTIE RIEKEN PAR\u00cdS (AP) \u2014 Italia venci\u00f3 a Estados Unidos en sets corridos 25-18, 25-20, 25-17, para adjudicarse el domingo la medalla de oro en el voleibol femenino de los Juegos Ol\u00edmpicos de Par\u00eds. A lo largo del torneo, las italianas apenas perdieron un set, lo que reflej\u00f3 lo\u2026","rel":"","context":"En \u00abSin categor\u00eda\u00bb","block_context":{"text":"Sin categor\u00eda","link":"https:\/\/lasprimeras.com.do\/index.php\/category\/sin-categoria\/"},"img":{"alt_text":"voleibol femenino","src":"https:\/\/i0.wp.com\/lasprimeras.com.do\/wp-content\/uploads\/2024\/08\/voleibol-femenino.jpg?resize=350%2C200&ssl=1","width":350,"height":200,"srcset":"https:\/\/i0.wp.com\/lasprimeras.com.do\/wp-content\/uploads\/2024\/08\/voleibol-femenino.jpg?resize=350%2C200&ssl=1 1x, https:\/\/i0.wp.com\/lasprimeras.com.do\/wp-content\/uploads\/2024\/08\/voleibol-femenino.jpg?resize=525%2C300&ssl=1 1.5x, https:\/\/i0.wp.com\/lasprimeras.com.do\/wp-content\/uploads\/2024\/08\/voleibol-femenino.jpg?resize=700%2C400&ssl=1 2x"},"classes":[]},{"id":87494,"url":"https:\/\/lasprimeras.com.do\/index.php\/2024\/08\/10\/antonio-carbone-donara-una-vivienda-amueblada-a-la-medallista-olimpica-marileidy-paulino\/","url_meta":{"origin":48770,"position":3},"title":"Antonio Carbone donar\u00e1 una vivienda amueblada a la medallista ol\u00edmpica Marileidy Paulino","author":"Nelson Feliz","date":"10 de agosto de 2024","format":false,"excerpt":"Por Martin Restituyo El empresario canadiense Antonio Carbone, en colaboraci\u00f3n con la Fundaci\u00f3n Carolina Denis, ha anunciado este viernes la donaci\u00f3n de una vivienda totalmente amueblada y equipada a la campeona ol\u00edmpica dominicana Marileidy Paulino. En una reuni\u00f3n privada con ingenieros y arquitectos, Carbone dio instrucciones para reparar la casa\u2026","rel":"","context":"En \u00abSin categor\u00eda\u00bb","block_context":{"text":"Sin categor\u00eda","link":"https:\/\/lasprimeras.com.do\/index.php\/category\/sin-categoria\/"},"img":{"alt_text":"Antonio Carbone","src":"https:\/\/i0.wp.com\/lasprimeras.com.do\/wp-content\/uploads\/2024\/08\/Antonio-Carbone.jpg?resize=350%2C200&ssl=1","width":350,"height":200,"srcset":"https:\/\/i0.wp.com\/lasprimeras.com.do\/wp-content\/uploads\/2024\/08\/Antonio-Carbone.jpg?resize=350%2C200&ssl=1 1x, https:\/\/i0.wp.com\/lasprimeras.com.do\/wp-content\/uploads\/2024\/08\/Antonio-Carbone.jpg?resize=525%2C300&ssl=1 1.5x, https:\/\/i0.wp.com\/lasprimeras.com.do\/wp-content\/uploads\/2024\/08\/Antonio-Carbone.jpg?resize=700%2C400&ssl=1 2x"},"classes":[]},{"id":86935,"url":"https:\/\/lasprimeras.com.do\/index.php\/2024\/08\/04\/francisca-crovetto-se-consagra-en-el-skeet-olimpico-primer-oro-de-chile-en-20-anos\/","url_meta":{"origin":48770,"position":4},"title":"Francisca Crovetto se consagra en el skeet ol\u00edmpico, primer oro de Chile en 20 a\u00f1os","author":"Nelson Feliz","date":"4 de agosto de 2024","format":false,"excerpt":"CHATEAUROUX, Francia (AP) \u2014 Chile se adjudic\u00f3 su primera medalla ol\u00edmpica de oro en 20 a\u00f1os cuando Francisca Crovetto se llev\u00f3 el domingo la victoria en la modalidad de skeet femenino del tiro deportivo. Se trata de la primera medalla de oro conquistada por una mujer chilena en la historia\u2026","rel":"","context":"En \u00abSin categor\u00eda\u00bb","block_context":{"text":"Sin categor\u00eda","link":"https:\/\/lasprimeras.com.do\/index.php\/category\/sin-categoria\/"},"img":{"alt_text":"Francisca Crovetto","src":"https:\/\/i0.wp.com\/lasprimeras.com.do\/wp-content\/uploads\/2024\/08\/Francisca-Crovetto.png?resize=350%2C200&ssl=1","width":350,"height":200,"srcset":"https:\/\/i0.wp.com\/lasprimeras.com.do\/wp-content\/uploads\/2024\/08\/Francisca-Crovetto.png?resize=350%2C200&ssl=1 1x, https:\/\/i0.wp.com\/lasprimeras.com.do\/wp-content\/uploads\/2024\/08\/Francisca-Crovetto.png?resize=525%2C300&ssl=1 1.5x, https:\/\/i0.wp.com\/lasprimeras.com.do\/wp-content\/uploads\/2024\/08\/Francisca-Crovetto.png?resize=700%2C400&ssl=1 2x"},"classes":[]},{"id":86608,"url":"https:\/\/lasprimeras.com.do\/index.php\/2024\/07\/28\/estados-unidos-vence-a-serbia-110-84-en-el-partido-inaugural-de-los-juegos-olimpicos-de-paris\/","url_meta":{"origin":48770,"position":5},"title":"Estados Unidos vence a Serbia 110-84 en el partido inaugural de los Juegos Ol\u00edmpicos de Par\u00eds","author":"Nelson Feliz","date":"28 de julio de 2024","format":false,"excerpt":"VILLENEUVE-D\u2019ASCQ, Francia (AP) \u2014 LeBron James sent\u00eda algo de nerviosismo, mariposas en el est\u00f3mago, tal vez incluso un poco de angustia mientras escuchaba el himno nacional antes de su primer juego ol\u00edmpico en 12 a\u00f1os. Todo se disip\u00f3 r\u00e1pidamente. James y Kevin Durant \u2014los dos atletas ol\u00edmpicos m\u00e1s experimentados de\u2026","rel":"","context":"En \u00abSin categor\u00eda\u00bb","block_context":{"text":"Sin categor\u00eda","link":"https:\/\/lasprimeras.com.do\/index.php\/category\/sin-categoria\/"},"img":{"alt_text":"LeBron James","src":"https:\/\/i0.wp.com\/lasprimeras.com.do\/wp-content\/uploads\/2024\/07\/LeBron-James.png?resize=350%2C200&ssl=1","width":350,"height":200,"srcset":"https:\/\/i0.wp.com\/lasprimeras.com.do\/wp-content\/uploads\/2024\/07\/LeBron-James.png?resize=350%2C200&ssl=1 1x, https:\/\/i0.wp.com\/lasprimeras.com.do\/wp-content\/uploads\/2024\/07\/LeBron-James.png?resize=525%2C300&ssl=1 1.5x, https:\/\/i0.wp.com\/lasprimeras.com.do\/wp-content\/uploads\/2024\/07\/LeBron-James.png?resize=700%2C400&ssl=1 2x"},"classes":[]}],"jetpack_sharing_enabled":true,"_links":{"self":[{"href":"https:\/\/lasprimeras.com.do\/index.php\/wp-json\/wp\/v2\/posts\/48770","targetHints":{"allow":["GET"]}}],"collection":[{"href":"https:\/\/lasprimeras.com.do\/index.php\/wp-json\/wp\/v2\/posts"}],"about":[{"href":"https:\/\/lasprimeras.com.do\/index.php\/wp-json\/wp\/v2\/types\/post"}],"author":[{"embeddable":true,"href":"https:\/\/lasprimeras.com.do\/index.php\/wp-json\/wp\/v2\/users\/1"}],"replies":[{"embeddable":true,"href":"https:\/\/lasprimeras.com.do\/index.php\/wp-json\/wp\/v2\/comments?post=48770"}],"version-history":[{"count":0,"href":"https:\/\/lasprimeras.com.do\/index.php\/wp-json\/wp\/v2\/posts\/48770\/revisions"}],"wp:featuredmedia":[{"embeddable":true,"href":"https:\/\/lasprimeras.com.do\/index.php\/wp-json\/"}],"wp:attachment":[{"href":"https:\/\/lasprimeras.com.do\/index.php\/wp-json\/wp\/v2\/media?parent=48770"}],"wp:term":[{"taxonomy":"category","embeddable":true,"href":"https:\/\/lasprimeras.com.do\/index.php\/wp-json\/wp\/v2\/categories?post=48770"},{"taxonomy":"post_tag","embeddable":true,"href":"https:\/\/lasprimeras.com.do\/index.php\/wp-json\/wp\/v2\/tags?post=48770"}],"curies":[{"name":"wp","href":"https:\/\/api.w.org\/{rel}","templated":true}]}}